{"id":963742,"date":"2025-12-21T14:00:55","date_gmt":"2025-12-21T12:00:55","guid":{"rendered":"https:\/\/www.rri.ro\/?p=963742"},"modified":"2025-12-23T16:11:42","modified_gmt":"2025-12-23T14:11:42","slug":"the-return-home-a-conversation-with-mihai-ghyka","status":"publish","type":"post","link":"https:\/\/www.rri.ro\/en\/our-shows\/sunday-show\/the-return-home-a-conversation-with-mihai-ghyka-id963742.html","title":{"rendered":"The return home &#8211; A conversation with Mihai Ghyka"},"content":{"rendered":"<p>Today&#8217;s <em>Sunday Show<\/em> features a special interview with Mihai Ghyka, great-grandson of Grigore Alexandru Ghyka V, the last ruler of Moldavia. The conversation highlights the repatriation of the prince\u2019s remains, more than 170 years after his exile in France.<\/p>\n<p>Mihai Ghyka recalls how the initiative began, the support received from Romanian and French authorities, and the crucial role of the Gendarmerie, an institution founded by his ancestor. The interview revisits Grigore Ghyka\u2019s bold reforms\u2014from abolishing censorship and the death penalty to introducing compulsory education and freeing the last enslaved Roma. Listeners will also discover the cultural and spiritual legacy he left behind, as well as the emotion of the ceremonies that welcomed his coffin to Ia\u0219i.<\/p>\n<p>A tribute to memory, patriotism and the values that shaped modern Romania.<\/p>\n<p><iframe loading=\"lazy\" src=\"https:\/\/w.soundcloud.com\/player\/?url=https%3A\/\/api.soundcloud.com\/tracks\/soundcloud%3Atracks%3A2231814662%3Fsecret_token%3Ds-bOk0r1tkDes&amp;color=%23ff5500&amp;auto_play=false&amp;hide_related=false&amp;show_comments=true&amp;show_user=true&amp;show_reposts=false&amp;show_teaser=true&amp;visual=true\" width=\"100%\" height=\"300\" frameborder=\"no\" scrolling=\"no\"><\/iframe><\/p>\n<div style=\"font-size: 10px; color: #cccccc; line-break: anywhere; word-break: normal; overflow: hidden; white-space: nowrap; text-overflow: ellipsis; font-family: Interstate,Lucida Grande,Lucida Sans Unicode,Lucida Sans,Garuda,Verdana,Tahoma,sans-serif; font-weight: 100;\"><a style=\"color: #cccccc; text-decoration: none;\" title=\"RadioRomaniaInternational\" href=\"https:\/\/soundcloud.com\/radioromaniainternational\" target=\"_blank\" rel=\"noopener\">RadioRomaniaInternational<\/a> \u00b7 <a style=\"color: #cccccc; text-decoration: none;\" title=\"Sunday Show: The return home - A conversation with Mihai Ghyka\" href=\"https:\/\/soundcloud.com\/radioromaniainternational\/sunday-show-the-return-home-a-conversation-with-mihai-ghyka\/s-bOk0r1tkDes\" target=\"_blank\" rel=\"noopener\">Sunday Show: The return home &#8211; A conversation with Mihai Ghyka<\/a><\/div>\n<p>&nbsp;<\/p>\n<p><iframe loading=\"lazy\" title=\"Grigore Ghyka s-a \u00eentors acas\u0103\" width=\"500\" height=\"281\" src=\"https:\/\/www.youtube.com\/embed\/TBKzxtj8KrA?feature=oembed\" frameborder=\"0\" allow=\"accelerometer; autoplay; clipboard-write; encrypted-media; gyroscope; picture-in-picture; web-share\" referrerpolicy=\"strict-origin-when-cross-origin\" allowfullscreen><\/iframe><\/p>\n","protected":false},"excerpt":{"rendered":"<p>Today&#8217;s Sunday Show features a special interview with Mihai Ghyka, great-grandson of Grigore Alexandru Ghyka V, the last ruler of Moldavia. The conversation highlights the repatriation of the prince\u2019s remains, more than 170 years after his exile in France. Mihai Ghyka recalls how the initiative began, the support received from Romanian and French authorities, and [&hellip;]<\/p>\n","protected":false},"author":41,"featured_media":950162,"comment_status":"closed","ping_status":"closed","sticky":false,"template":"","format":"audio","meta":{"_acf_changed":false,"footnotes":""},"categories":[46216],"tags":[179924,180933],"coauthors":[114947],"class_list":["post-963742","post","type-post","status-publish","format-audio","has-post-thumbnail","hentry","category-sunday-show","tag-grigore-alexandru-ghyka","tag-mihai-ghyka","post_format-post-format-audio"],"acf":[],"yoast_head":"<!-- This site is optimized with the Yoast SEO plugin v27.5 - https:\/\/yoast.com\/product\/yoast-seo-wordpress\/ -->\n<title>The return home - A conversation with Mihai Ghyka - Radio Romania International<\/title>\n<meta name=\"robots\" content=\"index, follow, max-snippet:-1, max-image-preview:large, max-video-preview:-1\" \/>\n<link rel=\"canonical\" href=\"https:\/\/www.rri.ro\/en\/our-shows\/sunday-show\/the-return-home-a-conversation-with-mihai-ghyka-id963742.html\" \/>\n<meta property=\"og:locale\" content=\"en_US\" \/>\n<meta property=\"og:type\" content=\"article\" \/>\n<meta property=\"og:title\" content=\"The return home - A conversation with Mihai Ghyka - Radio Romania International\" \/>\n<meta property=\"og:description\" content=\"Today&#8217;s Sunday Show features a special interview with Mihai Ghyka, great-grandson of Grigore Alexandru Ghyka V, the last ruler of Moldavia. The conversation highlights the repatriation of the prince\u2019s remains, more than 170 years after his exile in France. Mihai Ghyka recalls how the initiative began, the support received from Romanian and French authorities, and [&hellip;]\" \/>\n<meta property=\"og:url\" content=\"https:\/\/www.rri.ro\/en\/our-shows\/sunday-show\/the-return-home-a-conversation-with-mihai-ghyka-id963742.html\" \/>\n<meta property=\"og:site_name\" content=\"Radio Romania International\" \/>\n<meta property=\"article:published_time\" content=\"2025-12-21T12:00:55+00:00\" \/>\n<meta property=\"article:modified_time\" content=\"2025-12-23T14:11:42+00:00\" \/>\n<meta property=\"og:image\" content=\"https:\/\/www.rri.ro\/wp-content\/uploads\/2025\/11\/ceremonie_Grigore-Alexandru-Ghyka_la-cotroceni-foto-presidency_16x9.jpg\" \/>\n\t<meta property=\"og:image:width\" content=\"1200\" \/>\n\t<meta property=\"og:image:height\" content=\"675\" \/>\n\t<meta property=\"og:image:type\" content=\"image\/jpeg\" \/>\n<meta name=\"author\" content=\"Vlad Palcu\" \/>\n<meta name=\"twitter:card\" content=\"summary_large_image\" \/>\n<meta name=\"twitter:label1\" content=\"Written by\" \/>\n\t<meta name=\"twitter:data1\" content=\"Vlad Palcu\" \/>\n\t<meta name=\"twitter:label2\" content=\"Est. reading time\" \/>\n\t<meta name=\"twitter:data2\" content=\"1 minute\" \/>\n<script type=\"application\/ld+json\" class=\"yoast-schema-graph\">{\"@context\":\"https:\\\/\\\/schema.org\",\"@graph\":[{\"@type\":\"Article\",\"@id\":\"https:\\\/\\\/www.rri.ro\\\/en\\\/our-shows\\\/sunday-show\\\/the-return-home-a-conversation-with-mihai-ghyka-id963742.html#article\",\"isPartOf\":{\"@id\":\"https:\\\/\\\/www.rri.ro\\\/en\\\/our-shows\\\/sunday-show\\\/the-return-home-a-conversation-with-mihai-ghyka-id963742.html\"},\"author\":{\"name\":\"Vlad Palcu\",\"@id\":\"https:\\\/\\\/www.rri.ro\\\/#\\\/schema\\\/person\\\/57e12498d0ad57cabe707aad1a4094d4\"},\"headline\":\"The return home &#8211; A conversation with Mihai Ghyka\",\"datePublished\":\"2025-12-21T12:00:55+00:00\",\"dateModified\":\"2025-12-23T14:11:42+00:00\",\"mainEntityOfPage\":{\"@id\":\"https:\\\/\\\/www.rri.ro\\\/en\\\/our-shows\\\/sunday-show\\\/the-return-home-a-conversation-with-mihai-ghyka-id963742.html\"},\"wordCount\":164,\"image\":{\"@id\":\"https:\\\/\\\/www.rri.ro\\\/en\\\/our-shows\\\/sunday-show\\\/the-return-home-a-conversation-with-mihai-ghyka-id963742.html#primaryimage\"},\"thumbnailUrl\":\"https:\\\/\\\/www.rri.ro\\\/wp-content\\\/uploads\\\/2025\\\/11\\\/ceremonie_Grigore-Alexandru-Ghyka_la-cotroceni-foto-presidency_16x9.jpg\",\"keywords\":[\"Grigore Alexandru Ghyka\",\"Mihai Ghyka\"],\"articleSection\":[\"Sunday Show\"],\"inLanguage\":\"en-US\"},{\"@type\":\"WebPage\",\"@id\":\"https:\\\/\\\/www.rri.ro\\\/en\\\/our-shows\\\/sunday-show\\\/the-return-home-a-conversation-with-mihai-ghyka-id963742.html\",\"url\":\"https:\\\/\\\/www.rri.ro\\\/en\\\/our-shows\\\/sunday-show\\\/the-return-home-a-conversation-with-mihai-ghyka-id963742.html\",\"name\":\"The return home - A conversation with Mihai Ghyka - Radio Romania International\",\"isPartOf\":{\"@id\":\"https:\\\/\\\/www.rri.ro\\\/#website\"},\"primaryImageOfPage\":{\"@id\":\"https:\\\/\\\/www.rri.ro\\\/en\\\/our-shows\\\/sunday-show\\\/the-return-home-a-conversation-with-mihai-ghyka-id963742.html#primaryimage\"},\"image\":{\"@id\":\"https:\\\/\\\/www.rri.ro\\\/en\\\/our-shows\\\/sunday-show\\\/the-return-home-a-conversation-with-mihai-ghyka-id963742.html#primaryimage\"},\"thumbnailUrl\":\"https:\\\/\\\/www.rri.ro\\\/wp-content\\\/uploads\\\/2025\\\/11\\\/ceremonie_Grigore-Alexandru-Ghyka_la-cotroceni-foto-presidency_16x9.jpg\",\"datePublished\":\"2025-12-21T12:00:55+00:00\",\"dateModified\":\"2025-12-23T14:11:42+00:00\",\"author\":{\"@id\":\"https:\\\/\\\/www.rri.ro\\\/#\\\/schema\\\/person\\\/57e12498d0ad57cabe707aad1a4094d4\"},\"breadcrumb\":{\"@id\":\"https:\\\/\\\/www.rri.ro\\\/en\\\/our-shows\\\/sunday-show\\\/the-return-home-a-conversation-with-mihai-ghyka-id963742.html#breadcrumb\"},\"inLanguage\":\"en-US\",\"potentialAction\":[{\"@type\":\"ReadAction\",\"target\":[\"https:\\\/\\\/www.rri.ro\\\/en\\\/our-shows\\\/sunday-show\\\/the-return-home-a-conversation-with-mihai-ghyka-id963742.html\"]}]},{\"@type\":\"ImageObject\",\"inLanguage\":\"en-US\",\"@id\":\"https:\\\/\\\/www.rri.ro\\\/en\\\/our-shows\\\/sunday-show\\\/the-return-home-a-conversation-with-mihai-ghyka-id963742.html#primaryimage\",\"url\":\"https:\\\/\\\/www.rri.ro\\\/wp-content\\\/uploads\\\/2025\\\/11\\\/ceremonie_Grigore-Alexandru-Ghyka_la-cotroceni-foto-presidency_16x9.jpg\",\"contentUrl\":\"https:\\\/\\\/www.rri.ro\\\/wp-content\\\/uploads\\\/2025\\\/11\\\/ceremonie_Grigore-Alexandru-Ghyka_la-cotroceni-foto-presidency_16x9.jpg\",\"width\":1200,\"height\":675,\"caption\":\"Ceremonie Grigore Alexandru Ghyka (Foto: presidency.ro)\"},{\"@type\":\"BreadcrumbList\",\"@id\":\"https:\\\/\\\/www.rri.ro\\\/en\\\/our-shows\\\/sunday-show\\\/the-return-home-a-conversation-with-mihai-ghyka-id963742.html#breadcrumb\",\"itemListElement\":[{\"@type\":\"ListItem\",\"position\":1,\"name\":\"Homepage\",\"item\":\"https:\\\/\\\/www.rri.ro\\\/en\"},{\"@type\":\"ListItem\",\"position\":2,\"name\":\"Our Shows\",\"item\":\"https:\\\/\\\/www.rri.ro\\\/en\\\/our-shows\"},{\"@type\":\"ListItem\",\"position\":3,\"name\":\"Sunday Show\",\"item\":\"https:\\\/\\\/www.rri.ro\\\/en\\\/our-shows\\\/sunday-show\"},{\"@type\":\"ListItem\",\"position\":4,\"name\":\"The return home &#8211; A conversation with Mihai Ghyka\"}]},{\"@type\":\"WebSite\",\"@id\":\"https:\\\/\\\/www.rri.ro\\\/#website\",\"url\":\"https:\\\/\\\/www.rri.ro\\\/\",\"name\":\"Radio Romania International\",\"description\":\"Totul despre Rom\u00e2nia \u015fi rom\u00e2ni, \u00een 13 limbi\\\/dialecte!\",\"inLanguage\":\"en-US\"},{\"@type\":\"Person\",\"@id\":\"https:\\\/\\\/www.rri.ro\\\/#\\\/schema\\\/person\\\/57e12498d0ad57cabe707aad1a4094d4\",\"name\":\"Vlad Palcu\",\"url\":\"https:\\\/\\\/www.rri.ro\\\/author\\\/vlad-palcu\"}]}<\/script>\n<!-- \/ Yoast SEO plugin. -->","yoast_head_json":{"title":"The return home - A conversation with Mihai Ghyka - Radio Romania International","robots":{"index":"index","follow":"follow","max-snippet":"max-snippet:-1","max-image-preview":"max-image-preview:large","max-video-preview":"max-video-preview:-1"},"canonical":"https:\/\/www.rri.ro\/en\/our-shows\/sunday-show\/the-return-home-a-conversation-with-mihai-ghyka-id963742.html","og_locale":"en_US","og_type":"article","og_title":"The return home - A conversation with Mihai Ghyka - Radio Romania International","og_description":"Today&#8217;s Sunday Show features a special interview with Mihai Ghyka, great-grandson of Grigore Alexandru Ghyka V, the last ruler of Moldavia. The conversation highlights the repatriation of the prince\u2019s remains, more than 170 years after his exile in France. Mihai Ghyka recalls how the initiative began, the support received from Romanian and French authorities, and [&hellip;]","og_url":"https:\/\/www.rri.ro\/en\/our-shows\/sunday-show\/the-return-home-a-conversation-with-mihai-ghyka-id963742.html","og_site_name":"Radio Romania International","article_published_time":"2025-12-21T12:00:55+00:00","article_modified_time":"2025-12-23T14:11:42+00:00","og_image":[{"width":1200,"height":675,"url":"https:\/\/www.rri.ro\/wp-content\/uploads\/2025\/11\/ceremonie_Grigore-Alexandru-Ghyka_la-cotroceni-foto-presidency_16x9.jpg","type":"image\/jpeg"}],"author":"Vlad Palcu","twitter_card":"summary_large_image","twitter_misc":{"Written by":"Vlad Palcu","Est. reading time":"1 minute"},"schema":{"@context":"https:\/\/schema.org","@graph":[{"@type":"Article","@id":"https:\/\/www.rri.ro\/en\/our-shows\/sunday-show\/the-return-home-a-conversation-with-mihai-ghyka-id963742.html#article","isPartOf":{"@id":"https:\/\/www.rri.ro\/en\/our-shows\/sunday-show\/the-return-home-a-conversation-with-mihai-ghyka-id963742.html"},"author":{"name":"Vlad Palcu","@id":"https:\/\/www.rri.ro\/#\/schema\/person\/57e12498d0ad57cabe707aad1a4094d4"},"headline":"The return home &#8211; A conversation with Mihai Ghyka","datePublished":"2025-12-21T12:00:55+00:00","dateModified":"2025-12-23T14:11:42+00:00","mainEntityOfPage":{"@id":"https:\/\/www.rri.ro\/en\/our-shows\/sunday-show\/the-return-home-a-conversation-with-mihai-ghyka-id963742.html"},"wordCount":164,"image":{"@id":"https:\/\/www.rri.ro\/en\/our-shows\/sunday-show\/the-return-home-a-conversation-with-mihai-ghyka-id963742.html#primaryimage"},"thumbnailUrl":"https:\/\/www.rri.ro\/wp-content\/uploads\/2025\/11\/ceremonie_Grigore-Alexandru-Ghyka_la-cotroceni-foto-presidency_16x9.jpg","keywords":["Grigore Alexandru Ghyka","Mihai Ghyka"],"articleSection":["Sunday Show"],"inLanguage":"en-US"},{"@type":"WebPage","@id":"https:\/\/www.rri.ro\/en\/our-shows\/sunday-show\/the-return-home-a-conversation-with-mihai-ghyka-id963742.html","url":"https:\/\/www.rri.ro\/en\/our-shows\/sunday-show\/the-return-home-a-conversation-with-mihai-ghyka-id963742.html","name":"The return home - A conversation with Mihai Ghyka - Radio Romania International","isPartOf":{"@id":"https:\/\/www.rri.ro\/#website"},"primaryImageOfPage":{"@id":"https:\/\/www.rri.ro\/en\/our-shows\/sunday-show\/the-return-home-a-conversation-with-mihai-ghyka-id963742.html#primaryimage"},"image":{"@id":"https:\/\/www.rri.ro\/en\/our-shows\/sunday-show\/the-return-home-a-conversation-with-mihai-ghyka-id963742.html#primaryimage"},"thumbnailUrl":"https:\/\/www.rri.ro\/wp-content\/uploads\/2025\/11\/ceremonie_Grigore-Alexandru-Ghyka_la-cotroceni-foto-presidency_16x9.jpg","datePublished":"2025-12-21T12:00:55+00:00","dateModified":"2025-12-23T14:11:42+00:00","author":{"@id":"https:\/\/www.rri.ro\/#\/schema\/person\/57e12498d0ad57cabe707aad1a4094d4"},"breadcrumb":{"@id":"https:\/\/www.rri.ro\/en\/our-shows\/sunday-show\/the-return-home-a-conversation-with-mihai-ghyka-id963742.html#breadcrumb"},"inLanguage":"en-US","potentialAction":[{"@type":"ReadAction","target":["https:\/\/www.rri.ro\/en\/our-shows\/sunday-show\/the-return-home-a-conversation-with-mihai-ghyka-id963742.html"]}]},{"@type":"ImageObject","inLanguage":"en-US","@id":"https:\/\/www.rri.ro\/en\/our-shows\/sunday-show\/the-return-home-a-conversation-with-mihai-ghyka-id963742.html#primaryimage","url":"https:\/\/www.rri.ro\/wp-content\/uploads\/2025\/11\/ceremonie_Grigore-Alexandru-Ghyka_la-cotroceni-foto-presidency_16x9.jpg","contentUrl":"https:\/\/www.rri.ro\/wp-content\/uploads\/2025\/11\/ceremonie_Grigore-Alexandru-Ghyka_la-cotroceni-foto-presidency_16x9.jpg","width":1200,"height":675,"caption":"Ceremonie Grigore Alexandru Ghyka (Foto: presidency.ro)"},{"@type":"BreadcrumbList","@id":"https:\/\/www.rri.ro\/en\/our-shows\/sunday-show\/the-return-home-a-conversation-with-mihai-ghyka-id963742.html#breadcrumb","itemListElement":[{"@type":"ListItem","position":1,"name":"Homepage","item":"https:\/\/www.rri.ro\/en"},{"@type":"ListItem","position":2,"name":"Our Shows","item":"https:\/\/www.rri.ro\/en\/our-shows"},{"@type":"ListItem","position":3,"name":"Sunday Show","item":"https:\/\/www.rri.ro\/en\/our-shows\/sunday-show"},{"@type":"ListItem","position":4,"name":"The return home &#8211; A conversation with Mihai Ghyka"}]},{"@type":"WebSite","@id":"https:\/\/www.rri.ro\/#website","url":"https:\/\/www.rri.ro\/","name":"Radio Romania International","description":"Totul despre Rom\u00e2nia \u015fi rom\u00e2ni, \u00een 13 limbi\/dialecte!","inLanguage":"en-US"},{"@type":"Person","@id":"https:\/\/www.rri.ro\/#\/schema\/person\/57e12498d0ad57cabe707aad1a4094d4","name":"Vlad Palcu","url":"https:\/\/www.rri.ro\/author\/vlad-palcu"}]}},"_links":{"self":[{"href":"https:\/\/www.rri.ro\/en\/wp-json\/wp\/v2\/posts\/963742","targetHints":{"allow":["GET"]}}],"collection":[{"href":"https:\/\/www.rri.ro\/en\/wp-json\/wp\/v2\/posts"}],"about":[{"href":"https:\/\/www.rri.ro\/en\/wp-json\/wp\/v2\/types\/post"}],"author":[{"embeddable":true,"href":"https:\/\/www.rri.ro\/en\/wp-json\/wp\/v2\/users\/41"}],"replies":[{"embeddable":true,"href":"https:\/\/www.rri.ro\/en\/wp-json\/wp\/v2\/comments?post=963742"}],"version-history":[{"count":0,"href":"https:\/\/www.rri.ro\/en\/wp-json\/wp\/v2\/posts\/963742\/revisions"}],"wp:featuredmedia":[{"embeddable":true,"href":"https:\/\/www.rri.ro\/en\/wp-json\/wp\/v2\/media\/950162"}],"wp:attachment":[{"href":"https:\/\/www.rri.ro\/en\/wp-json\/wp\/v2\/media?parent=963742"}],"wp:term":[{"taxonomy":"category","embeddable":true,"href":"https:\/\/www.rri.ro\/en\/wp-json\/wp\/v2\/categories?post=963742"},{"taxonomy":"post_tag","embeddable":true,"href":"https:\/\/www.rri.ro\/en\/wp-json\/wp\/v2\/tags?post=963742"},{"taxonomy":"author","embeddable":true,"href":"https:\/\/www.rri.ro\/en\/wp-json\/wp\/v2\/coauthors?post=963742"}],"curies":[{"name":"wp","href":"https:\/\/api.w.org\/{rel}","templated":true}]}}