{"id":964904,"date":"2025-12-22T14:00:07","date_gmt":"2025-12-22T12:00:07","guid":{"rendered":"https:\/\/www.rri.ro\/?p=964904"},"modified":"2025-12-22T12:42:33","modified_gmt":"2025-12-22T10:42:33","slug":"on-this-day-36-years-ago-the-romanian-revolution","status":"publish","type":"post","link":"https:\/\/www.rri.ro\/en\/news-and-current-affairs\/today-in-the-news\/on-this-day-36-years-ago-the-romanian-revolution-id964904.html","title":{"rendered":"On this day 36 years ago: the Romanian Revolution"},"content":{"rendered":"<p>&nbsp;<\/p>\n<p>In 1989, the communist dictatorships in Eastern Europe, based on terror, deceit and propaganda, started to collapse one after another. The domino effect that caused the Eastern regimes to disappear in less than 11 months, was triggered by reforms proposed by Mikhail Gorbachev in the Soviet Union.<\/p>\n<p>&nbsp;<\/p>\n<p>Communist Romania was not at all eager to listen to the new advice from Moscow, at a time when it was going through one of the most difficult periods in history: a serious economic crisis compounded by repressive terror. Romanians were struggling with hunger and cold. Bread was rationed, as were milk, oil and meat.<\/p>\n<p>&nbsp;<\/p>\n<p>The first sparks of an uprising occurred during the Bra\u0219ov workers&#8217; riots of 1987, but the movement was quickly stifled by the repressive arm of the Romanian Communist Party (PCR). The dictator Nicolae Ceau\u0219escu planned to stay in power, despite his age and the major changes taking place in the Eastern Bloc. His main goal was to stop the spread of potential reformist movements by all means possible.<\/p>\n<p>&nbsp;<\/p>\n<p>During preparations for Ceau\u0219escu\u2019s visit to Iran, the political police, officially called the State Security Department and known as the \u201cSecuritate\u201d ordered the arrest of the Hungarian ethnic Protestant pastor L\u00e1szl\u00f3 T\u0151k\u00e9s on December 16, for sermons he had delivered against the regime. This was one of the key moments of the Revolution. The residents of Timi\u0219oara were the first to rise against this decision, and it was there, in western Romania, that the first protests against the communist regime broke out, to later spread to all the cities of the country, including Bucharest.<\/p>\n<p>&nbsp;<\/p>\n<p>After returning from Tehran, Nicolae Ceau\u0219escu organised a large public gathering at the Communist Party\u2019s headquarters. But things spiralled out of control, and the anti-communist Revolution culminated, on December 22, with the flight from power of the dictators Nicolae and Elena Ceau\u0219escu.<\/p>\n<p>&nbsp;<\/p>\n<p>Three days later, a summary trial was held by a military court. This remains a particularly controversial event to this day, as the 1989 Revolution has been widely discussed by historians, journalists and political scientists. Nicolae and Elena Ceau\u0219escu were sentenced to death by the authorities, and executed in T\u00e2rgovi\u0219te on December 25. This was to be the last execution in Romania\u2019s recent history.<\/p>\n<p>&nbsp;<\/p>\n<p>Over 1,000 people died and several thousand were wounded in the clashes that took place in the only country in Eastern Europe where the regime change was violent. Many historians believe that, although it started out as a grassroots anti-communist movement, the uprising was quickly hijacked by members of the old Romanian Communist Party, who quickly grabbed power. After these tragic events, Romania began a lengthy transition to a democratic system and a free market economy, dubbed \u201cthe post-December period.\u201d (AMP)<\/p>\n","protected":false},"excerpt":{"rendered":"<p>&nbsp; In 1989, the communist dictatorships in Eastern Europe, based on terror, deceit and propaganda, started to collapse one after another. The domino effect that caused the Eastern regimes to disappear in less than 11 months, was triggered by reforms proposed by Mikhail Gorbachev in the Soviet Union. &nbsp; Communist Romania was not at all [&hellip;]<\/p>\n","protected":false},"author":106,"featured_media":964833,"comment_status":"closed","ping_status":"closed","sticky":false,"template":"","format":"standard","meta":{"_acf_changed":false,"footnotes":""},"categories":[37738],"tags":[160406,35248,34299,38692,29661],"coauthors":[113311],"class_list":["post-964904","post","type-post","status-publish","format-standard","has-post-thumbnail","hentry","category-today-in-the-news","tag-1989-en","tag-ceausescu","tag-communist","tag-december","tag-revolution"],"acf":[],"yoast_head":"<!-- This site is optimized with the Yoast SEO plugin v27.3 - https:\/\/yoast.com\/product\/yoast-seo-wordpress\/ -->\n<title>On this day 36 years ago: the Romanian Revolution - Radio Romania International<\/title>\n<meta name=\"robots\" content=\"index, follow, max-snippet:-1, max-image-preview:large, max-video-preview:-1\" \/>\n<link rel=\"canonical\" href=\"https:\/\/www.rri.ro\/en\/news-and-current-affairs\/today-in-the-news\/on-this-day-36-years-ago-the-romanian-revolution-id964904.html\" \/>\n<meta property=\"og:locale\" content=\"en_US\" \/>\n<meta property=\"og:type\" content=\"article\" \/>\n<meta property=\"og:title\" content=\"On this day 36 years ago: the Romanian Revolution - Radio Romania International\" \/>\n<meta property=\"og:description\" content=\"&nbsp; In 1989, the communist dictatorships in Eastern Europe, based on terror, deceit and propaganda, started to collapse one after another. The domino effect that caused the Eastern regimes to disappear in less than 11 months, was triggered by reforms proposed by Mikhail Gorbachev in the Soviet Union. &nbsp; Communist Romania was not at all [&hellip;]\" \/>\n<meta property=\"og:url\" content=\"https:\/\/www.rri.ro\/en\/news-and-current-affairs\/today-in-the-news\/on-this-day-36-years-ago-the-romanian-revolution-id964904.html\" \/>\n<meta property=\"og:site_name\" content=\"Radio Romania International\" \/>\n<meta property=\"article:published_time\" content=\"2025-12-22T12:00:07+00:00\" \/>\n<meta property=\"og:image\" content=\"https:\/\/www.rri.ro\/wp-content\/uploads\/2025\/12\/lumanari-foto-pixabay.jpg\" \/>\n\t<meta property=\"og:image:width\" content=\"1280\" \/>\n\t<meta property=\"og:image:height\" content=\"853\" \/>\n\t<meta property=\"og:image:type\" content=\"image\/jpeg\" \/>\n<meta name=\"author\" content=\"Mihai Pelin\" \/>\n<meta name=\"twitter:card\" content=\"summary_large_image\" \/>\n<meta name=\"twitter:label1\" content=\"Written by\" \/>\n\t<meta name=\"twitter:data1\" content=\"Mihai Pelin\" \/>\n\t<meta name=\"twitter:label2\" content=\"Est. reading time\" \/>\n\t<meta name=\"twitter:data2\" content=\"2 minutes\" \/>\n<script type=\"application\/ld+json\" class=\"yoast-schema-graph\">{\"@context\":\"https:\\\/\\\/schema.org\",\"@graph\":[{\"@type\":\"Article\",\"@id\":\"https:\\\/\\\/www.rri.ro\\\/en\\\/news-and-current-affairs\\\/today-in-the-news\\\/on-this-day-36-years-ago-the-romanian-revolution-id964904.html#article\",\"isPartOf\":{\"@id\":\"https:\\\/\\\/www.rri.ro\\\/en\\\/news-and-current-affairs\\\/today-in-the-news\\\/on-this-day-36-years-ago-the-romanian-revolution-id964904.html\"},\"author\":{\"name\":\"Mihai Pelin\",\"@id\":\"https:\\\/\\\/www.rri.ro\\\/#\\\/schema\\\/person\\\/c6036c822534c855dc3aad41a484f05d\"},\"headline\":\"On this day 36 years ago: the Romanian Revolution\",\"datePublished\":\"2025-12-22T12:00:07+00:00\",\"mainEntityOfPage\":{\"@id\":\"https:\\\/\\\/www.rri.ro\\\/en\\\/news-and-current-affairs\\\/today-in-the-news\\\/on-this-day-36-years-ago-the-romanian-revolution-id964904.html\"},\"wordCount\":473,\"image\":{\"@id\":\"https:\\\/\\\/www.rri.ro\\\/en\\\/news-and-current-affairs\\\/today-in-the-news\\\/on-this-day-36-years-ago-the-romanian-revolution-id964904.html#primaryimage\"},\"thumbnailUrl\":\"https:\\\/\\\/www.rri.ro\\\/wp-content\\\/uploads\\\/2025\\\/12\\\/lumanari-foto-pixabay.jpg\",\"keywords\":[\"1989\",\"Ceausescu\",\"communist\",\"December\",\"Revolution\"],\"articleSection\":[\"Today in the News\"],\"inLanguage\":\"en-US\"},{\"@type\":\"WebPage\",\"@id\":\"https:\\\/\\\/www.rri.ro\\\/en\\\/news-and-current-affairs\\\/today-in-the-news\\\/on-this-day-36-years-ago-the-romanian-revolution-id964904.html\",\"url\":\"https:\\\/\\\/www.rri.ro\\\/en\\\/news-and-current-affairs\\\/today-in-the-news\\\/on-this-day-36-years-ago-the-romanian-revolution-id964904.html\",\"name\":\"On this day 36 years ago: the Romanian Revolution - Radio Romania International\",\"isPartOf\":{\"@id\":\"https:\\\/\\\/www.rri.ro\\\/#website\"},\"primaryImageOfPage\":{\"@id\":\"https:\\\/\\\/www.rri.ro\\\/en\\\/news-and-current-affairs\\\/today-in-the-news\\\/on-this-day-36-years-ago-the-romanian-revolution-id964904.html#primaryimage\"},\"image\":{\"@id\":\"https:\\\/\\\/www.rri.ro\\\/en\\\/news-and-current-affairs\\\/today-in-the-news\\\/on-this-day-36-years-ago-the-romanian-revolution-id964904.html#primaryimage\"},\"thumbnailUrl\":\"https:\\\/\\\/www.rri.ro\\\/wp-content\\\/uploads\\\/2025\\\/12\\\/lumanari-foto-pixabay.jpg\",\"datePublished\":\"2025-12-22T12:00:07+00:00\",\"author\":{\"@id\":\"https:\\\/\\\/www.rri.ro\\\/#\\\/schema\\\/person\\\/c6036c822534c855dc3aad41a484f05d\"},\"breadcrumb\":{\"@id\":\"https:\\\/\\\/www.rri.ro\\\/en\\\/news-and-current-affairs\\\/today-in-the-news\\\/on-this-day-36-years-ago-the-romanian-revolution-id964904.html#breadcrumb\"},\"inLanguage\":\"en-US\",\"potentialAction\":[{\"@type\":\"ReadAction\",\"target\":[\"https:\\\/\\\/www.rri.ro\\\/en\\\/news-and-current-affairs\\\/today-in-the-news\\\/on-this-day-36-years-ago-the-romanian-revolution-id964904.html\"]}]},{\"@type\":\"ImageObject\",\"inLanguage\":\"en-US\",\"@id\":\"https:\\\/\\\/www.rri.ro\\\/en\\\/news-and-current-affairs\\\/today-in-the-news\\\/on-this-day-36-years-ago-the-romanian-revolution-id964904.html#primaryimage\",\"url\":\"https:\\\/\\\/www.rri.ro\\\/wp-content\\\/uploads\\\/2025\\\/12\\\/lumanari-foto-pixabay.jpg\",\"contentUrl\":\"https:\\\/\\\/www.rri.ro\\\/wp-content\\\/uploads\\\/2025\\\/12\\\/lumanari-foto-pixabay.jpg\",\"width\":1280,\"height\":853,\"caption\":\"Photo: pixabay.com\"},{\"@type\":\"BreadcrumbList\",\"@id\":\"https:\\\/\\\/www.rri.ro\\\/en\\\/news-and-current-affairs\\\/today-in-the-news\\\/on-this-day-36-years-ago-the-romanian-revolution-id964904.html#breadcrumb\",\"itemListElement\":[{\"@type\":\"ListItem\",\"position\":1,\"name\":\"Homepage\",\"item\":\"https:\\\/\\\/www.rri.ro\\\/en\"},{\"@type\":\"ListItem\",\"position\":2,\"name\":\"Actualitate\",\"item\":\"https:\\\/\\\/www.rri.ro\\\/actualitate\"},{\"@type\":\"ListItem\",\"position\":3,\"name\":\"Today in the News\",\"item\":\"https:\\\/\\\/www.rri.ro\\\/en\\\/news-and-current-affairs\\\/today-in-the-news\"},{\"@type\":\"ListItem\",\"position\":4,\"name\":\"On this day 36 years ago: the Romanian Revolution\"}]},{\"@type\":\"WebSite\",\"@id\":\"https:\\\/\\\/www.rri.ro\\\/#website\",\"url\":\"https:\\\/\\\/www.rri.ro\\\/\",\"name\":\"Radio Romania International\",\"description\":\"Totul despre Rom\u00e2nia \u015fi rom\u00e2ni, \u00een 13 limbi\\\/dialecte!\",\"inLanguage\":\"en-US\"},{\"@type\":\"Person\",\"@id\":\"https:\\\/\\\/www.rri.ro\\\/#\\\/schema\\\/person\\\/c6036c822534c855dc3aad41a484f05d\",\"name\":\"Mihai Pelin\",\"url\":\"https:\\\/\\\/www.rri.ro\\\/en\\\/author\\\/mihai-pelin\"}]}<\/script>\n<!-- \/ Yoast SEO plugin. -->","yoast_head_json":{"title":"On this day 36 years ago: the Romanian Revolution - Radio Romania International","robots":{"index":"index","follow":"follow","max-snippet":"max-snippet:-1","max-image-preview":"max-image-preview:large","max-video-preview":"max-video-preview:-1"},"canonical":"https:\/\/www.rri.ro\/en\/news-and-current-affairs\/today-in-the-news\/on-this-day-36-years-ago-the-romanian-revolution-id964904.html","og_locale":"en_US","og_type":"article","og_title":"On this day 36 years ago: the Romanian Revolution - Radio Romania International","og_description":"&nbsp; In 1989, the communist dictatorships in Eastern Europe, based on terror, deceit and propaganda, started to collapse one after another. The domino effect that caused the Eastern regimes to disappear in less than 11 months, was triggered by reforms proposed by Mikhail Gorbachev in the Soviet Union. &nbsp; Communist Romania was not at all [&hellip;]","og_url":"https:\/\/www.rri.ro\/en\/news-and-current-affairs\/today-in-the-news\/on-this-day-36-years-ago-the-romanian-revolution-id964904.html","og_site_name":"Radio Romania International","article_published_time":"2025-12-22T12:00:07+00:00","og_image":[{"width":1280,"height":853,"url":"https:\/\/www.rri.ro\/wp-content\/uploads\/2025\/12\/lumanari-foto-pixabay.jpg","type":"image\/jpeg"}],"author":"Mihai Pelin","twitter_card":"summary_large_image","twitter_misc":{"Written by":"Mihai Pelin","Est. reading time":"2 minutes"},"schema":{"@context":"https:\/\/schema.org","@graph":[{"@type":"Article","@id":"https:\/\/www.rri.ro\/en\/news-and-current-affairs\/today-in-the-news\/on-this-day-36-years-ago-the-romanian-revolution-id964904.html#article","isPartOf":{"@id":"https:\/\/www.rri.ro\/en\/news-and-current-affairs\/today-in-the-news\/on-this-day-36-years-ago-the-romanian-revolution-id964904.html"},"author":{"name":"Mihai Pelin","@id":"https:\/\/www.rri.ro\/#\/schema\/person\/c6036c822534c855dc3aad41a484f05d"},"headline":"On this day 36 years ago: the Romanian Revolution","datePublished":"2025-12-22T12:00:07+00:00","mainEntityOfPage":{"@id":"https:\/\/www.rri.ro\/en\/news-and-current-affairs\/today-in-the-news\/on-this-day-36-years-ago-the-romanian-revolution-id964904.html"},"wordCount":473,"image":{"@id":"https:\/\/www.rri.ro\/en\/news-and-current-affairs\/today-in-the-news\/on-this-day-36-years-ago-the-romanian-revolution-id964904.html#primaryimage"},"thumbnailUrl":"https:\/\/www.rri.ro\/wp-content\/uploads\/2025\/12\/lumanari-foto-pixabay.jpg","keywords":["1989","Ceausescu","communist","December","Revolution"],"articleSection":["Today in the News"],"inLanguage":"en-US"},{"@type":"WebPage","@id":"https:\/\/www.rri.ro\/en\/news-and-current-affairs\/today-in-the-news\/on-this-day-36-years-ago-the-romanian-revolution-id964904.html","url":"https:\/\/www.rri.ro\/en\/news-and-current-affairs\/today-in-the-news\/on-this-day-36-years-ago-the-romanian-revolution-id964904.html","name":"On this day 36 years ago: the Romanian Revolution - Radio Romania International","isPartOf":{"@id":"https:\/\/www.rri.ro\/#website"},"primaryImageOfPage":{"@id":"https:\/\/www.rri.ro\/en\/news-and-current-affairs\/today-in-the-news\/on-this-day-36-years-ago-the-romanian-revolution-id964904.html#primaryimage"},"image":{"@id":"https:\/\/www.rri.ro\/en\/news-and-current-affairs\/today-in-the-news\/on-this-day-36-years-ago-the-romanian-revolution-id964904.html#primaryimage"},"thumbnailUrl":"https:\/\/www.rri.ro\/wp-content\/uploads\/2025\/12\/lumanari-foto-pixabay.jpg","datePublished":"2025-12-22T12:00:07+00:00","author":{"@id":"https:\/\/www.rri.ro\/#\/schema\/person\/c6036c822534c855dc3aad41a484f05d"},"breadcrumb":{"@id":"https:\/\/www.rri.ro\/en\/news-and-current-affairs\/today-in-the-news\/on-this-day-36-years-ago-the-romanian-revolution-id964904.html#breadcrumb"},"inLanguage":"en-US","potentialAction":[{"@type":"ReadAction","target":["https:\/\/www.rri.ro\/en\/news-and-current-affairs\/today-in-the-news\/on-this-day-36-years-ago-the-romanian-revolution-id964904.html"]}]},{"@type":"ImageObject","inLanguage":"en-US","@id":"https:\/\/www.rri.ro\/en\/news-and-current-affairs\/today-in-the-news\/on-this-day-36-years-ago-the-romanian-revolution-id964904.html#primaryimage","url":"https:\/\/www.rri.ro\/wp-content\/uploads\/2025\/12\/lumanari-foto-pixabay.jpg","contentUrl":"https:\/\/www.rri.ro\/wp-content\/uploads\/2025\/12\/lumanari-foto-pixabay.jpg","width":1280,"height":853,"caption":"Photo: pixabay.com"},{"@type":"BreadcrumbList","@id":"https:\/\/www.rri.ro\/en\/news-and-current-affairs\/today-in-the-news\/on-this-day-36-years-ago-the-romanian-revolution-id964904.html#breadcrumb","itemListElement":[{"@type":"ListItem","position":1,"name":"Homepage","item":"https:\/\/www.rri.ro\/en"},{"@type":"ListItem","position":2,"name":"Actualitate","item":"https:\/\/www.rri.ro\/actualitate"},{"@type":"ListItem","position":3,"name":"Today in the News","item":"https:\/\/www.rri.ro\/en\/news-and-current-affairs\/today-in-the-news"},{"@type":"ListItem","position":4,"name":"On this day 36 years ago: the Romanian Revolution"}]},{"@type":"WebSite","@id":"https:\/\/www.rri.ro\/#website","url":"https:\/\/www.rri.ro\/","name":"Radio Romania International","description":"Totul despre Rom\u00e2nia \u015fi rom\u00e2ni, \u00een 13 limbi\/dialecte!","inLanguage":"en-US"},{"@type":"Person","@id":"https:\/\/www.rri.ro\/#\/schema\/person\/c6036c822534c855dc3aad41a484f05d","name":"Mihai Pelin","url":"https:\/\/www.rri.ro\/en\/author\/mihai-pelin"}]}},"_links":{"self":[{"href":"https:\/\/www.rri.ro\/en\/wp-json\/wp\/v2\/posts\/964904","targetHints":{"allow":["GET"]}}],"collection":[{"href":"https:\/\/www.rri.ro\/en\/wp-json\/wp\/v2\/posts"}],"about":[{"href":"https:\/\/www.rri.ro\/en\/wp-json\/wp\/v2\/types\/post"}],"author":[{"embeddable":true,"href":"https:\/\/www.rri.ro\/en\/wp-json\/wp\/v2\/users\/106"}],"replies":[{"embeddable":true,"href":"https:\/\/www.rri.ro\/en\/wp-json\/wp\/v2\/comments?post=964904"}],"version-history":[{"count":0,"href":"https:\/\/www.rri.ro\/en\/wp-json\/wp\/v2\/posts\/964904\/revisions"}],"wp:featuredmedia":[{"embeddable":true,"href":"https:\/\/www.rri.ro\/en\/wp-json\/wp\/v2\/media\/964833"}],"wp:attachment":[{"href":"https:\/\/www.rri.ro\/en\/wp-json\/wp\/v2\/media?parent=964904"}],"wp:term":[{"taxonomy":"category","embeddable":true,"href":"https:\/\/www.rri.ro\/en\/wp-json\/wp\/v2\/categories?post=964904"},{"taxonomy":"post_tag","embeddable":true,"href":"https:\/\/www.rri.ro\/en\/wp-json\/wp\/v2\/tags?post=964904"},{"taxonomy":"author","embeddable":true,"href":"https:\/\/www.rri.ro\/en\/wp-json\/wp\/v2\/coauthors?post=964904"}],"curies":[{"name":"wp","href":"https:\/\/api.w.org\/{rel}","templated":true}]}}