{"id":967316,"date":"2026-01-03T12:57:38","date_gmt":"2026-01-03T10:57:38","guid":{"rendered":"https:\/\/www.rri.ro\/?p=967316"},"modified":"2025-12-31T15:03:20","modified_gmt":"2025-12-31T13:03:20","slug":"a-look-back-at-the-year-2025-in-romania","status":"publish","type":"post","link":"https:\/\/www.rri.ro\/en\/news-and-current-affairs\/the-week-in-review\/a-look-back-at-the-year-2025-in-romania-id967316.html","title":{"rendered":"A look back at the year 2025 in Romania"},"content":{"rendered":"<p><strong>A turbulent political year<\/strong><\/p>\n<p>On January 1, 2025, Klaus Iohannis was still the president of Romania, even though he had already completed his second and final term in office. The executive branch was made up of the PSD (Social Democratic Party), PNL (National Liberal Party), and UDMR (Democratic Union of Ethnic Hungarians in Romania) parties. This was despite the fact that all types of elections had been scheduled for 2024\u2014for the European Parliament, local, parliamentary, and presidential\u2014and Romanians seemed to want change. However, the cancellation, in the middle of the campaign, of the December 2024 presidential elections, due to alleged Russian interference in favour of the independent sovereignist C\u0103lin Georgescu, who was leading in the polls, profoundly disrupted domestic political life. With the cancellation of the election, the Constitutional Court ruled that President Iohannis, although he should have left office on December 21, 2024, could remain in office until a successor was elected. In mid-February 2025, however, he announced his resignation, saying he wanted to avoid a crisis that could have been caused by his suspension from office, a procedure initiated by the nationalist opposition. According to the Constitution, the then-president of the Senate, Ilie Bolojan, took over as interim president of the country. Meanwhile, the presidential elections were rescheduled for two rounds, on May 4 and 18, 2025. The election campaign was marked by political instability and protests against the cancellation of the December vote, and C\u0103lin Georgescu was banned from running again, with several criminal cases opened against him. Instead, the leader of the nationalist AUR party, George Simion, ran for office, but did not achieve the success he had hoped for in the wake of C\u0103lin Georgescu&#8217;s campaign. The second round, on May 18, was won by the mayor of Bucharest, the pro-European independent Nicu\u0219or Dan, who became the new president of Romania with over 53% of the vote. About a month after the presidential election, a new government coalition was formed, consisting of the same parties that had been in power until then \u2013 PSD, PNL and UDMR \u2013 joined by USR (Save Romania Union), previously in opposition. And the Liberal Ilie Bolojan became prime minister of a cabinet that, in just half a year of existence, was not   spared from scandals. One of the deputy prime ministers, businessman Drago\u0219 Anastasiu, resigned amid accusations of past involvement in a corruption case, Defense Minister Ionu\u021b Mo\u0219teanu resigned due to uncertainties surrounding his university studies, and Education Minister Daniel David decided to leave the government team just before Christmas. It should also be noted that the position of Mayor of Bucharest, which had been vacant since the presidential elections, was filled by the Liberal Ciprian Ciucu following local by-elections held on December 7. <\/p>\n<p><strong><br \/>\nReforms, austerity, and protests<\/strong><\/p>\n<p>After all elections in 2024 and 2025 had been completed, the governing program with which Ilie Bolojan&#8217;s cabinet set out in June 2025 was developed in response to the fiscal and budgetary crisis that Romanians had come to realize they were facing. The main goal is still to restore the state budget by reducing the largest deficit in the European Union. As a result, since last summer, among many other measures, the government has increased VAT rates and fuel excise duties, seniors with pensions of over 3,000 lei (equivalent to about 600 euros) have been taken 10% for health insurance, the workload of teachers has increased, and the number of school and student scholarships has been reduced. A 10% reduction in central government spending has also been agreed, and in local government, a 30% reduction in the number of jobs. At the same time, new local taxes and fees, almost double the current level, have been decided, which the population will have to pay from 2026. Also to save money, the PSD-PNL-USR-UDMR government managed to assume responsibility in Parliament for a reform of the special pensions benefiting judges and prosecutors\u2014a milestone in the NRRP\u2014through a law that would reduce their privileges. Almost in parallel with discussions about the privileged status of judges and prosecutors upon retirement, which have antagonized a large part of Romanians against this profession, a documentary by the online publication Recorder added fuel to the fire. Resignations and a new reform of the justice system were demanded after the documentary discussed how acts of corruption had been time-barred.<\/p>\n<p><strong>Rahova&#8230; Paltinu&#8230; or disasters that could have been avoided<\/strong><\/p>\n<p>A series of major negative social events marked Romanians in 2025. In Bucharest, in the fall, an explosion, most likely caused by a natural gas distribution company, destroyed an apartment building. Three people died, 15 were injured, and hundreds were left homeless. Meanwhile, in the south of the country, over 100,000 people were left without drinking water for days after the Paltinu dam in the area was emptied for repairs. The crisis, which also affected the energy system, was attributed to delayed decisions and a lack of institutional coordination at the highest levels. Let us also remember the catastrophic floods in the summer caused by heavy rainfall in the counties of Suceava and Neam\u021b in north-eastern Romania. In Suceava, the hardest hit area, three people died and over 2,500 were affected. Approximately 600 houses were destroyed or damaged, cars were swept away by the waters, and there was major damage to the road, electrical, and water and sewage infrastructure.<\/p>\n<p><strong>All  borders in Schengen<\/strong><\/p>\n<p>On January 1, 2025, the external border of the European free movement area changed completely, with Romania and Bulgaria joining Schengen also with their land borders. Air and sea borders had already been open since March 2024. This finally marked a return to normality, as Romania had been meeting the technical conditions for Schengen membership for more than a decade.   <\/p>\n<p><strong>The Great Consecration of the National Cathedral in Bucharest<\/strong><\/p>\n<p>October 26, 2025, was the day of the grand consecration of the National Cathedral in Bucharest. It was the culmination of events through which the Orthodox Church celebrated 140 years since the recognition of its autocephaly and 100 years since its elevation to the rank of Patriarchate. A symbol of the national and spiritual identity of Romanians, the Cathedral is one of the largest in the Orthodox world, boasting the largest iconostasis on the globe and the largest interior collection of mosaic paintings. <\/p>\n<p><strong>Sports achievements<\/strong><\/p>\n<p>For Romania, 2025 was one of the best years in the last three decades in individual sports. David Popovici won gold at the World Championships in Singapore in both the 100-meter freestyle and the 200-meter freestyle. Weightlifter Mihaela Cambei won gold in all three events (snatch, clean and jerk, total) at the European Senior Championships in Chi\u0219in\u0103u, and at the World Championships in Norway, she won gold in the snatch event, setting a new European record. She won silver in the clean and jerk, as well as in the total. Gymnast Ana B\u0103rbosu won no less than four medals at the European Championships in Leipzig: one gold, one silver, and two bronze. In team sports, Romanian rowing continued to prove its worth in 2025, table tennis remained at a high level, and the national football team is in the World Cup play-offs. (MI)<\/p>\n","protected":false},"excerpt":{"rendered":"<p>A turbulent political year On January 1, 2025, Klaus Iohannis was still the president of Romania, even though he had already completed his second and final term in office. The executive branch was made up of the PSD (Social Democratic Party), PNL (National Liberal Party), and UDMR (Democratic Union of Ethnic Hungarians in Romania) parties. [&hellip;]<\/p>\n","protected":false},"author":109,"featured_media":892495,"comment_status":"closed","ping_status":"closed","sticky":false,"template":"","format":"standard","meta":{"_acf_changed":false,"footnotes":""},"categories":[40944],"tags":[],"coauthors":[115219],"class_list":["post-967316","post","type-post","status-publish","format-standard","has-post-thumbnail","hentry","category-the-week-in-review"],"acf":[],"yoast_head":"<!-- This site is optimized with the Yoast SEO plugin v27.3 - https:\/\/yoast.com\/product\/yoast-seo-wordpress\/ -->\n<title>A look back at the year 2025 in Romania - Radio Romania International<\/title>\n<meta name=\"robots\" content=\"index, follow, max-snippet:-1, max-image-preview:large, max-video-preview:-1\" \/>\n<link rel=\"canonical\" href=\"https:\/\/www.rri.ro\/en\/news-and-current-affairs\/the-week-in-review\/a-look-back-at-the-year-2025-in-romania-id967316.html\" \/>\n<meta property=\"og:locale\" content=\"en_US\" \/>\n<meta property=\"og:type\" content=\"article\" \/>\n<meta property=\"og:title\" content=\"A look back at the year 2025 in Romania - Radio Romania International\" \/>\n<meta property=\"og:description\" content=\"A turbulent political year On January 1, 2025, Klaus Iohannis was still the president of Romania, even though he had already completed his second and final term in office. The executive branch was made up of the PSD (Social Democratic Party), PNL (National Liberal Party), and UDMR (Democratic Union of Ethnic Hungarians in Romania) parties. [&hellip;]\" \/>\n<meta property=\"og:url\" content=\"https:\/\/www.rri.ro\/en\/news-and-current-affairs\/the-week-in-review\/a-look-back-at-the-year-2025-in-romania-id967316.html\" \/>\n<meta property=\"og:site_name\" content=\"Radio Romania International\" \/>\n<meta property=\"article:published_time\" content=\"2026-01-03T10:57:38+00:00\" \/>\n<meta property=\"og:image\" content=\"https:\/\/www.rri.ro\/wp-content\/uploads\/2025\/05\/eveniment-top-ND-2025-16x9-1.jpg\" \/>\n\t<meta property=\"og:image:width\" content=\"1280\" \/>\n\t<meta property=\"og:image:height\" content=\"720\" \/>\n\t<meta property=\"og:image:type\" content=\"image\/jpeg\" \/>\n<meta name=\"author\" content=\"Roxana Vasile\" \/>\n<meta name=\"twitter:card\" content=\"summary_large_image\" \/>\n<meta name=\"twitter:label1\" content=\"Written by\" \/>\n\t<meta name=\"twitter:data1\" content=\"Roxana Vasile\" \/>\n\t<meta name=\"twitter:label2\" content=\"Est. reading time\" \/>\n\t<meta name=\"twitter:data2\" content=\"6 minutes\" \/>\n<script type=\"application\/ld+json\" class=\"yoast-schema-graph\">{\"@context\":\"https:\\\/\\\/schema.org\",\"@graph\":[{\"@type\":\"Article\",\"@id\":\"https:\\\/\\\/www.rri.ro\\\/en\\\/news-and-current-affairs\\\/the-week-in-review\\\/a-look-back-at-the-year-2025-in-romania-id967316.html#article\",\"isPartOf\":{\"@id\":\"https:\\\/\\\/www.rri.ro\\\/en\\\/news-and-current-affairs\\\/the-week-in-review\\\/a-look-back-at-the-year-2025-in-romania-id967316.html\"},\"author\":{\"name\":\"Roxana Vasile\",\"@id\":\"https:\\\/\\\/www.rri.ro\\\/#\\\/schema\\\/person\\\/0745b519f2d1287783422f162c4112af\"},\"headline\":\"A look back at the year 2025 in Romania\",\"datePublished\":\"2026-01-03T10:57:38+00:00\",\"mainEntityOfPage\":{\"@id\":\"https:\\\/\\\/www.rri.ro\\\/en\\\/news-and-current-affairs\\\/the-week-in-review\\\/a-look-back-at-the-year-2025-in-romania-id967316.html\"},\"wordCount\":1173,\"image\":{\"@id\":\"https:\\\/\\\/www.rri.ro\\\/en\\\/news-and-current-affairs\\\/the-week-in-review\\\/a-look-back-at-the-year-2025-in-romania-id967316.html#primaryimage\"},\"thumbnailUrl\":\"https:\\\/\\\/www.rri.ro\\\/wp-content\\\/uploads\\\/2025\\\/05\\\/eveniment-top-ND-2025-16x9-1.jpg\",\"articleSection\":[\"The Week in Review\"],\"inLanguage\":\"en-US\"},{\"@type\":\"WebPage\",\"@id\":\"https:\\\/\\\/www.rri.ro\\\/en\\\/news-and-current-affairs\\\/the-week-in-review\\\/a-look-back-at-the-year-2025-in-romania-id967316.html\",\"url\":\"https:\\\/\\\/www.rri.ro\\\/en\\\/news-and-current-affairs\\\/the-week-in-review\\\/a-look-back-at-the-year-2025-in-romania-id967316.html\",\"name\":\"A look back at the year 2025 in Romania - Radio Romania International\",\"isPartOf\":{\"@id\":\"https:\\\/\\\/www.rri.ro\\\/#website\"},\"primaryImageOfPage\":{\"@id\":\"https:\\\/\\\/www.rri.ro\\\/en\\\/news-and-current-affairs\\\/the-week-in-review\\\/a-look-back-at-the-year-2025-in-romania-id967316.html#primaryimage\"},\"image\":{\"@id\":\"https:\\\/\\\/www.rri.ro\\\/en\\\/news-and-current-affairs\\\/the-week-in-review\\\/a-look-back-at-the-year-2025-in-romania-id967316.html#primaryimage\"},\"thumbnailUrl\":\"https:\\\/\\\/www.rri.ro\\\/wp-content\\\/uploads\\\/2025\\\/05\\\/eveniment-top-ND-2025-16x9-1.jpg\",\"datePublished\":\"2026-01-03T10:57:38+00:00\",\"author\":{\"@id\":\"https:\\\/\\\/www.rri.ro\\\/#\\\/schema\\\/person\\\/0745b519f2d1287783422f162c4112af\"},\"breadcrumb\":{\"@id\":\"https:\\\/\\\/www.rri.ro\\\/en\\\/news-and-current-affairs\\\/the-week-in-review\\\/a-look-back-at-the-year-2025-in-romania-id967316.html#breadcrumb\"},\"inLanguage\":\"en-US\",\"potentialAction\":[{\"@type\":\"ReadAction\",\"target\":[\"https:\\\/\\\/www.rri.ro\\\/en\\\/news-and-current-affairs\\\/the-week-in-review\\\/a-look-back-at-the-year-2025-in-romania-id967316.html\"]}]},{\"@type\":\"ImageObject\",\"inLanguage\":\"en-US\",\"@id\":\"https:\\\/\\\/www.rri.ro\\\/en\\\/news-and-current-affairs\\\/the-week-in-review\\\/a-look-back-at-the-year-2025-in-romania-id967316.html#primaryimage\",\"url\":\"https:\\\/\\\/www.rri.ro\\\/wp-content\\\/uploads\\\/2025\\\/05\\\/eveniment-top-ND-2025-16x9-1.jpg\",\"contentUrl\":\"https:\\\/\\\/www.rri.ro\\\/wp-content\\\/uploads\\\/2025\\\/05\\\/eveniment-top-ND-2025-16x9-1.jpg\",\"width\":1280,\"height\":720,\"caption\":\"The Week in Review\"},{\"@type\":\"BreadcrumbList\",\"@id\":\"https:\\\/\\\/www.rri.ro\\\/en\\\/news-and-current-affairs\\\/the-week-in-review\\\/a-look-back-at-the-year-2025-in-romania-id967316.html#breadcrumb\",\"itemListElement\":[{\"@type\":\"ListItem\",\"position\":1,\"name\":\"Homepage\",\"item\":\"https:\\\/\\\/www.rri.ro\\\/en\"},{\"@type\":\"ListItem\",\"position\":2,\"name\":\"Actualitate\",\"item\":\"https:\\\/\\\/www.rri.ro\\\/actualitate\"},{\"@type\":\"ListItem\",\"position\":3,\"name\":\"The Week in Review\",\"item\":\"https:\\\/\\\/www.rri.ro\\\/en\\\/news-and-current-affairs\\\/the-week-in-review\"},{\"@type\":\"ListItem\",\"position\":4,\"name\":\"A look back at the year 2025 in Romania\"}]},{\"@type\":\"WebSite\",\"@id\":\"https:\\\/\\\/www.rri.ro\\\/#website\",\"url\":\"https:\\\/\\\/www.rri.ro\\\/\",\"name\":\"Radio Romania International\",\"description\":\"Totul despre Rom\u00e2nia \u015fi rom\u00e2ni, \u00een 13 limbi\\\/dialecte!\",\"inLanguage\":\"en-US\"},{\"@type\":\"Person\",\"@id\":\"https:\\\/\\\/www.rri.ro\\\/#\\\/schema\\\/person\\\/0745b519f2d1287783422f162c4112af\",\"name\":\"Roxana Vasile\",\"url\":\"https:\\\/\\\/www.rri.ro\\\/en\\\/author\\\/roxana-vasile\"}]}<\/script>\n<!-- \/ Yoast SEO plugin. -->","yoast_head_json":{"title":"A look back at the year 2025 in Romania - Radio Romania International","robots":{"index":"index","follow":"follow","max-snippet":"max-snippet:-1","max-image-preview":"max-image-preview:large","max-video-preview":"max-video-preview:-1"},"canonical":"https:\/\/www.rri.ro\/en\/news-and-current-affairs\/the-week-in-review\/a-look-back-at-the-year-2025-in-romania-id967316.html","og_locale":"en_US","og_type":"article","og_title":"A look back at the year 2025 in Romania - Radio Romania International","og_description":"A turbulent political year On January 1, 2025, Klaus Iohannis was still the president of Romania, even though he had already completed his second and final term in office. The executive branch was made up of the PSD (Social Democratic Party), PNL (National Liberal Party), and UDMR (Democratic Union of Ethnic Hungarians in Romania) parties. [&hellip;]","og_url":"https:\/\/www.rri.ro\/en\/news-and-current-affairs\/the-week-in-review\/a-look-back-at-the-year-2025-in-romania-id967316.html","og_site_name":"Radio Romania International","article_published_time":"2026-01-03T10:57:38+00:00","og_image":[{"width":1280,"height":720,"url":"https:\/\/www.rri.ro\/wp-content\/uploads\/2025\/05\/eveniment-top-ND-2025-16x9-1.jpg","type":"image\/jpeg"}],"author":"Roxana Vasile","twitter_card":"summary_large_image","twitter_misc":{"Written by":"Roxana Vasile","Est. reading time":"6 minutes"},"schema":{"@context":"https:\/\/schema.org","@graph":[{"@type":"Article","@id":"https:\/\/www.rri.ro\/en\/news-and-current-affairs\/the-week-in-review\/a-look-back-at-the-year-2025-in-romania-id967316.html#article","isPartOf":{"@id":"https:\/\/www.rri.ro\/en\/news-and-current-affairs\/the-week-in-review\/a-look-back-at-the-year-2025-in-romania-id967316.html"},"author":{"name":"Roxana Vasile","@id":"https:\/\/www.rri.ro\/#\/schema\/person\/0745b519f2d1287783422f162c4112af"},"headline":"A look back at the year 2025 in Romania","datePublished":"2026-01-03T10:57:38+00:00","mainEntityOfPage":{"@id":"https:\/\/www.rri.ro\/en\/news-and-current-affairs\/the-week-in-review\/a-look-back-at-the-year-2025-in-romania-id967316.html"},"wordCount":1173,"image":{"@id":"https:\/\/www.rri.ro\/en\/news-and-current-affairs\/the-week-in-review\/a-look-back-at-the-year-2025-in-romania-id967316.html#primaryimage"},"thumbnailUrl":"https:\/\/www.rri.ro\/wp-content\/uploads\/2025\/05\/eveniment-top-ND-2025-16x9-1.jpg","articleSection":["The Week in Review"],"inLanguage":"en-US"},{"@type":"WebPage","@id":"https:\/\/www.rri.ro\/en\/news-and-current-affairs\/the-week-in-review\/a-look-back-at-the-year-2025-in-romania-id967316.html","url":"https:\/\/www.rri.ro\/en\/news-and-current-affairs\/the-week-in-review\/a-look-back-at-the-year-2025-in-romania-id967316.html","name":"A look back at the year 2025 in Romania - Radio Romania International","isPartOf":{"@id":"https:\/\/www.rri.ro\/#website"},"primaryImageOfPage":{"@id":"https:\/\/www.rri.ro\/en\/news-and-current-affairs\/the-week-in-review\/a-look-back-at-the-year-2025-in-romania-id967316.html#primaryimage"},"image":{"@id":"https:\/\/www.rri.ro\/en\/news-and-current-affairs\/the-week-in-review\/a-look-back-at-the-year-2025-in-romania-id967316.html#primaryimage"},"thumbnailUrl":"https:\/\/www.rri.ro\/wp-content\/uploads\/2025\/05\/eveniment-top-ND-2025-16x9-1.jpg","datePublished":"2026-01-03T10:57:38+00:00","author":{"@id":"https:\/\/www.rri.ro\/#\/schema\/person\/0745b519f2d1287783422f162c4112af"},"breadcrumb":{"@id":"https:\/\/www.rri.ro\/en\/news-and-current-affairs\/the-week-in-review\/a-look-back-at-the-year-2025-in-romania-id967316.html#breadcrumb"},"inLanguage":"en-US","potentialAction":[{"@type":"ReadAction","target":["https:\/\/www.rri.ro\/en\/news-and-current-affairs\/the-week-in-review\/a-look-back-at-the-year-2025-in-romania-id967316.html"]}]},{"@type":"ImageObject","inLanguage":"en-US","@id":"https:\/\/www.rri.ro\/en\/news-and-current-affairs\/the-week-in-review\/a-look-back-at-the-year-2025-in-romania-id967316.html#primaryimage","url":"https:\/\/www.rri.ro\/wp-content\/uploads\/2025\/05\/eveniment-top-ND-2025-16x9-1.jpg","contentUrl":"https:\/\/www.rri.ro\/wp-content\/uploads\/2025\/05\/eveniment-top-ND-2025-16x9-1.jpg","width":1280,"height":720,"caption":"The Week in Review"},{"@type":"BreadcrumbList","@id":"https:\/\/www.rri.ro\/en\/news-and-current-affairs\/the-week-in-review\/a-look-back-at-the-year-2025-in-romania-id967316.html#breadcrumb","itemListElement":[{"@type":"ListItem","position":1,"name":"Homepage","item":"https:\/\/www.rri.ro\/en"},{"@type":"ListItem","position":2,"name":"Actualitate","item":"https:\/\/www.rri.ro\/actualitate"},{"@type":"ListItem","position":3,"name":"The Week in Review","item":"https:\/\/www.rri.ro\/en\/news-and-current-affairs\/the-week-in-review"},{"@type":"ListItem","position":4,"name":"A look back at the year 2025 in Romania"}]},{"@type":"WebSite","@id":"https:\/\/www.rri.ro\/#website","url":"https:\/\/www.rri.ro\/","name":"Radio Romania International","description":"Totul despre Rom\u00e2nia \u015fi rom\u00e2ni, \u00een 13 limbi\/dialecte!","inLanguage":"en-US"},{"@type":"Person","@id":"https:\/\/www.rri.ro\/#\/schema\/person\/0745b519f2d1287783422f162c4112af","name":"Roxana Vasile","url":"https:\/\/www.rri.ro\/en\/author\/roxana-vasile"}]}},"_links":{"self":[{"href":"https:\/\/www.rri.ro\/en\/wp-json\/wp\/v2\/posts\/967316","targetHints":{"allow":["GET"]}}],"collection":[{"href":"https:\/\/www.rri.ro\/en\/wp-json\/wp\/v2\/posts"}],"about":[{"href":"https:\/\/www.rri.ro\/en\/wp-json\/wp\/v2\/types\/post"}],"author":[{"embeddable":true,"href":"https:\/\/www.rri.ro\/en\/wp-json\/wp\/v2\/users\/109"}],"replies":[{"embeddable":true,"href":"https:\/\/www.rri.ro\/en\/wp-json\/wp\/v2\/comments?post=967316"}],"version-history":[{"count":0,"href":"https:\/\/www.rri.ro\/en\/wp-json\/wp\/v2\/posts\/967316\/revisions"}],"wp:featuredmedia":[{"embeddable":true,"href":"https:\/\/www.rri.ro\/en\/wp-json\/wp\/v2\/media\/892495"}],"wp:attachment":[{"href":"https:\/\/www.rri.ro\/en\/wp-json\/wp\/v2\/media?parent=967316"}],"wp:term":[{"taxonomy":"category","embeddable":true,"href":"https:\/\/www.rri.ro\/en\/wp-json\/wp\/v2\/categories?post=967316"},{"taxonomy":"post_tag","embeddable":true,"href":"https:\/\/www.rri.ro\/en\/wp-json\/wp\/v2\/tags?post=967316"},{"taxonomy":"author","embeddable":true,"href":"https:\/\/www.rri.ro\/en\/wp-json\/wp\/v2\/coauthors?post=967316"}],"curies":[{"name":"wp","href":"https:\/\/api.w.org\/{rel}","templated":true}]}}