{"id":971362,"date":"2026-01-15T14:00:41","date_gmt":"2026-01-15T12:00:41","guid":{"rendered":"https:\/\/www.rri.ro\/?p=971362"},"modified":"2026-01-15T13:34:06","modified_gmt":"2026-01-15T11:34:06","slug":"national-culture-day-4","status":"publish","type":"post","link":"https:\/\/www.rri.ro\/en\/news-and-current-affairs\/today-in-the-news\/national-culture-day-4-id971362.html","title":{"rendered":"National Culture Day"},"content":{"rendered":"<p class=\"western\" align=\"justify\">For some time now, January 15 has been dedicated to the celebration of Romanian culture, both in Romania, in the neighboring Republic of Moldova (a country with a majority Romanian-speaking population), in the historical Romanian communities in other neighbouring states, as well as elsewhere in the diaspora. <span lang=\"en-US\">Established <\/span>by Parliament in 2010, at the proposal of the then president of the Romanian Academy, university professor and literary critic Eugen Simion, Culture Day <span lang=\"en-US\">is celebrated<\/span> on January 15, <span lang=\"en-US\">on the <\/span>birth date of the national poet Mihai Eminescu (1850-1889).<span lang=\"en-US\"> The latter is <\/span>considered the last great representative of European romanticism, <span lang=\"en-US\">but also left behind a considerable body of work as a journalist with<\/span> conservative <span lang=\"en-US\">views<\/span>. <span lang=\"en-US\">Eminescu is in fact the focus of a literary event held by the Romanian Institute of Culture and Humanistic Research in Venice, Italy. In Bucharest, Paris, New York, Warsaw, Vienna, Stockholm, Lisbon, Madrid, Brussels, Budapest, Istanbul and Beijing, all the branches of the Romanian Cultural Institute are these days hosting concerts, recitals, book launches and graphic exhibitions. Romania\u2019s biggest cities, from Constan\u021ba (southeast) to Timi\u0219oara (west), and from Ia\u0219i (east) to Craiova (southwest), are playing host to special cultural events.<\/span><\/p>\n<p class=\"western\" align=\"justify\"><span lang=\"en-US\">Radio Romania, the only radio network in the country that has two stations dedicated exclusively to culture, namely Radio Romania Cultural and Radio Romania Muzical, is also celebrating January 15th through a marathon of news bulletins, interviews, special events and reports from events dedicated to National Culture Day around the country and abroad. Radio Romania Music dedicates the entire day to Romanian composers and musicians, with an emphasis on musicians who have become famous abroad. There is also no shortage of forays into the archives, with recordings from the Radio Romania sound library. The stations Radio Romania Regional, Radio Romania Antena Satelor, Radio Romania International, Redac\u021bia Minorit\u0103\u021bi, Radio 3Net and Radio Chi\u015fin\u0103u have also prepared special programs dedicated to National Culture holiday.<\/span><\/p>\n<p class=\"western\" align=\"justify\"><span lang=\"en-US\">January 15 is also the launch date of the largest on-demand radio theater collection in Romania. The new version of the platform provides a streamlined digital experience and real-time access to thousands of productions from the National Radio Theater archive, from classic shows and legendary stagings to contemporary works and recent productions. The new eteatru.ro also has an interface specially designed for children, the section offering the most beautiful stories and plays staged for the radio.<\/span><\/p>\n","protected":false},"excerpt":{"rendered":"<p>For some time now, January 15 has been dedicated to the celebration of Romanian culture, both in Romania, in the neighboring Republic of Moldova (a country with a majority Romanian-speaking population), in the historical Romanian communities in other neighbouring states, as well as elsewhere in the diaspora. Established by Parliament in 2010, at the proposal [&hellip;]<\/p>\n","protected":false},"author":105,"featured_media":969597,"comment_status":"closed","ping_status":"closed","sticky":false,"template":"","format":"standard","meta":{"_acf_changed":false,"footnotes":""},"categories":[37738],"tags":[37950],"coauthors":[113297],"class_list":["post-971362","post","type-post","status-publish","format-standard","has-post-thumbnail","hentry","category-today-in-the-news","tag-romanian-culture-day"],"acf":[],"yoast_head":"<!-- This site is optimized with the Yoast SEO plugin v27.5 - https:\/\/yoast.com\/product\/yoast-seo-wordpress\/ -->\n<title>National Culture Day - Radio Romania International<\/title>\n<meta name=\"robots\" content=\"index, follow, max-snippet:-1, max-image-preview:large, max-video-preview:-1\" \/>\n<link rel=\"canonical\" href=\"https:\/\/www.rri.ro\/en\/news-and-current-affairs\/today-in-the-news\/national-culture-day-4-id971362.html\" \/>\n<meta property=\"og:locale\" content=\"en_US\" \/>\n<meta property=\"og:type\" content=\"article\" \/>\n<meta property=\"og:title\" content=\"National Culture Day - Radio Romania International\" \/>\n<meta property=\"og:description\" content=\"For some time now, January 15 has been dedicated to the celebration of Romanian culture, both in Romania, in the neighboring Republic of Moldova (a country with a majority Romanian-speaking population), in the historical Romanian communities in other neighbouring states, as well as elsewhere in the diaspora. Established by Parliament in 2010, at the proposal [&hellip;]\" \/>\n<meta property=\"og:url\" content=\"https:\/\/www.rri.ro\/en\/news-and-current-affairs\/today-in-the-news\/national-culture-day-4-id971362.html\" \/>\n<meta property=\"og:site_name\" content=\"Radio Romania International\" \/>\n<meta property=\"article:published_time\" content=\"2026-01-15T12:00:41+00:00\" \/>\n<meta property=\"og:image\" content=\"https:\/\/www.rri.ro\/wp-content\/uploads\/2026\/01\/drapel-steag-romania-ziua-culturii-nationale-15-ianuarie_16x9.jpg\" \/>\n\t<meta property=\"og:image:width\" content=\"960\" \/>\n\t<meta property=\"og:image:height\" content=\"540\" \/>\n\t<meta property=\"og:image:type\" content=\"image\/jpeg\" \/>\n<meta name=\"author\" content=\"Bogdan Matei\" \/>\n<meta name=\"twitter:card\" content=\"summary_large_image\" \/>\n<meta name=\"twitter:label1\" content=\"Written by\" \/>\n\t<meta name=\"twitter:data1\" content=\"Bogdan Matei\" \/>\n\t<meta name=\"twitter:label2\" content=\"Est. reading time\" \/>\n\t<meta name=\"twitter:data2\" content=\"2 minutes\" \/>\n<script type=\"application\/ld+json\" class=\"yoast-schema-graph\">{\"@context\":\"https:\\\/\\\/schema.org\",\"@graph\":[{\"@type\":\"Article\",\"@id\":\"https:\\\/\\\/www.rri.ro\\\/en\\\/news-and-current-affairs\\\/today-in-the-news\\\/national-culture-day-4-id971362.html#article\",\"isPartOf\":{\"@id\":\"https:\\\/\\\/www.rri.ro\\\/en\\\/news-and-current-affairs\\\/today-in-the-news\\\/national-culture-day-4-id971362.html\"},\"author\":{\"name\":\"Bogdan Matei\",\"@id\":\"https:\\\/\\\/www.rri.ro\\\/#\\\/schema\\\/person\\\/0ed327d40678578e6dbb840527e3ba32\"},\"headline\":\"National Culture Day\",\"datePublished\":\"2026-01-15T12:00:41+00:00\",\"mainEntityOfPage\":{\"@id\":\"https:\\\/\\\/www.rri.ro\\\/en\\\/news-and-current-affairs\\\/today-in-the-news\\\/national-culture-day-4-id971362.html\"},\"wordCount\":400,\"image\":{\"@id\":\"https:\\\/\\\/www.rri.ro\\\/en\\\/news-and-current-affairs\\\/today-in-the-news\\\/national-culture-day-4-id971362.html#primaryimage\"},\"thumbnailUrl\":\"https:\\\/\\\/www.rri.ro\\\/wp-content\\\/uploads\\\/2026\\\/01\\\/drapel-steag-romania-ziua-culturii-nationale-15-ianuarie_16x9.jpg\",\"keywords\":[\"Romanian Culture Day\"],\"articleSection\":[\"Today in the News\"],\"inLanguage\":\"en-US\"},{\"@type\":\"WebPage\",\"@id\":\"https:\\\/\\\/www.rri.ro\\\/en\\\/news-and-current-affairs\\\/today-in-the-news\\\/national-culture-day-4-id971362.html\",\"url\":\"https:\\\/\\\/www.rri.ro\\\/en\\\/news-and-current-affairs\\\/today-in-the-news\\\/national-culture-day-4-id971362.html\",\"name\":\"National Culture Day - Radio Romania International\",\"isPartOf\":{\"@id\":\"https:\\\/\\\/www.rri.ro\\\/#website\"},\"primaryImageOfPage\":{\"@id\":\"https:\\\/\\\/www.rri.ro\\\/en\\\/news-and-current-affairs\\\/today-in-the-news\\\/national-culture-day-4-id971362.html#primaryimage\"},\"image\":{\"@id\":\"https:\\\/\\\/www.rri.ro\\\/en\\\/news-and-current-affairs\\\/today-in-the-news\\\/national-culture-day-4-id971362.html#primaryimage\"},\"thumbnailUrl\":\"https:\\\/\\\/www.rri.ro\\\/wp-content\\\/uploads\\\/2026\\\/01\\\/drapel-steag-romania-ziua-culturii-nationale-15-ianuarie_16x9.jpg\",\"datePublished\":\"2026-01-15T12:00:41+00:00\",\"author\":{\"@id\":\"https:\\\/\\\/www.rri.ro\\\/#\\\/schema\\\/person\\\/0ed327d40678578e6dbb840527e3ba32\"},\"breadcrumb\":{\"@id\":\"https:\\\/\\\/www.rri.ro\\\/en\\\/news-and-current-affairs\\\/today-in-the-news\\\/national-culture-day-4-id971362.html#breadcrumb\"},\"inLanguage\":\"en-US\",\"potentialAction\":[{\"@type\":\"ReadAction\",\"target\":[\"https:\\\/\\\/www.rri.ro\\\/en\\\/news-and-current-affairs\\\/today-in-the-news\\\/national-culture-day-4-id971362.html\"]}]},{\"@type\":\"ImageObject\",\"inLanguage\":\"en-US\",\"@id\":\"https:\\\/\\\/www.rri.ro\\\/en\\\/news-and-current-affairs\\\/today-in-the-news\\\/national-culture-day-4-id971362.html#primaryimage\",\"url\":\"https:\\\/\\\/www.rri.ro\\\/wp-content\\\/uploads\\\/2026\\\/01\\\/drapel-steag-romania-ziua-culturii-nationale-15-ianuarie_16x9.jpg\",\"contentUrl\":\"https:\\\/\\\/www.rri.ro\\\/wp-content\\\/uploads\\\/2026\\\/01\\\/drapel-steag-romania-ziua-culturii-nationale-15-ianuarie_16x9.jpg\",\"width\":960,\"height\":540,\"caption\":\"\u0645\u0635\u062f\u0631 \u0627\u0644\u0635\u0648\u0631\u0629:\"},{\"@type\":\"BreadcrumbList\",\"@id\":\"https:\\\/\\\/www.rri.ro\\\/en\\\/news-and-current-affairs\\\/today-in-the-news\\\/national-culture-day-4-id971362.html#breadcrumb\",\"itemListElement\":[{\"@type\":\"ListItem\",\"position\":1,\"name\":\"Homepage\",\"item\":\"https:\\\/\\\/www.rri.ro\\\/en\"},{\"@type\":\"ListItem\",\"position\":2,\"name\":\"Actualitate\",\"item\":\"https:\\\/\\\/www.rri.ro\\\/actualitate\"},{\"@type\":\"ListItem\",\"position\":3,\"name\":\"Today in the News\",\"item\":\"https:\\\/\\\/www.rri.ro\\\/en\\\/news-and-current-affairs\\\/today-in-the-news\"},{\"@type\":\"ListItem\",\"position\":4,\"name\":\"National Culture Day\"}]},{\"@type\":\"WebSite\",\"@id\":\"https:\\\/\\\/www.rri.ro\\\/#website\",\"url\":\"https:\\\/\\\/www.rri.ro\\\/\",\"name\":\"Radio Romania International\",\"description\":\"Totul despre Rom\u00e2nia \u015fi rom\u00e2ni, \u00een 13 limbi\\\/dialecte!\",\"inLanguage\":\"en-US\"},{\"@type\":\"Person\",\"@id\":\"https:\\\/\\\/www.rri.ro\\\/#\\\/schema\\\/person\\\/0ed327d40678578e6dbb840527e3ba32\",\"name\":\"Bogdan Matei\",\"url\":\"https:\\\/\\\/www.rri.ro\\\/en\\\/author\\\/bogdan-matei\"}]}<\/script>\n<!-- \/ Yoast SEO plugin. -->","yoast_head_json":{"title":"National Culture Day - Radio Romania International","robots":{"index":"index","follow":"follow","max-snippet":"max-snippet:-1","max-image-preview":"max-image-preview:large","max-video-preview":"max-video-preview:-1"},"canonical":"https:\/\/www.rri.ro\/en\/news-and-current-affairs\/today-in-the-news\/national-culture-day-4-id971362.html","og_locale":"en_US","og_type":"article","og_title":"National Culture Day - Radio Romania International","og_description":"For some time now, January 15 has been dedicated to the celebration of Romanian culture, both in Romania, in the neighboring Republic of Moldova (a country with a majority Romanian-speaking population), in the historical Romanian communities in other neighbouring states, as well as elsewhere in the diaspora. Established by Parliament in 2010, at the proposal [&hellip;]","og_url":"https:\/\/www.rri.ro\/en\/news-and-current-affairs\/today-in-the-news\/national-culture-day-4-id971362.html","og_site_name":"Radio Romania International","article_published_time":"2026-01-15T12:00:41+00:00","og_image":[{"width":960,"height":540,"url":"https:\/\/www.rri.ro\/wp-content\/uploads\/2026\/01\/drapel-steag-romania-ziua-culturii-nationale-15-ianuarie_16x9.jpg","type":"image\/jpeg"}],"author":"Bogdan Matei","twitter_card":"summary_large_image","twitter_misc":{"Written by":"Bogdan Matei","Est. reading time":"2 minutes"},"schema":{"@context":"https:\/\/schema.org","@graph":[{"@type":"Article","@id":"https:\/\/www.rri.ro\/en\/news-and-current-affairs\/today-in-the-news\/national-culture-day-4-id971362.html#article","isPartOf":{"@id":"https:\/\/www.rri.ro\/en\/news-and-current-affairs\/today-in-the-news\/national-culture-day-4-id971362.html"},"author":{"name":"Bogdan Matei","@id":"https:\/\/www.rri.ro\/#\/schema\/person\/0ed327d40678578e6dbb840527e3ba32"},"headline":"National Culture Day","datePublished":"2026-01-15T12:00:41+00:00","mainEntityOfPage":{"@id":"https:\/\/www.rri.ro\/en\/news-and-current-affairs\/today-in-the-news\/national-culture-day-4-id971362.html"},"wordCount":400,"image":{"@id":"https:\/\/www.rri.ro\/en\/news-and-current-affairs\/today-in-the-news\/national-culture-day-4-id971362.html#primaryimage"},"thumbnailUrl":"https:\/\/www.rri.ro\/wp-content\/uploads\/2026\/01\/drapel-steag-romania-ziua-culturii-nationale-15-ianuarie_16x9.jpg","keywords":["Romanian Culture Day"],"articleSection":["Today in the News"],"inLanguage":"en-US"},{"@type":"WebPage","@id":"https:\/\/www.rri.ro\/en\/news-and-current-affairs\/today-in-the-news\/national-culture-day-4-id971362.html","url":"https:\/\/www.rri.ro\/en\/news-and-current-affairs\/today-in-the-news\/national-culture-day-4-id971362.html","name":"National Culture Day - Radio Romania International","isPartOf":{"@id":"https:\/\/www.rri.ro\/#website"},"primaryImageOfPage":{"@id":"https:\/\/www.rri.ro\/en\/news-and-current-affairs\/today-in-the-news\/national-culture-day-4-id971362.html#primaryimage"},"image":{"@id":"https:\/\/www.rri.ro\/en\/news-and-current-affairs\/today-in-the-news\/national-culture-day-4-id971362.html#primaryimage"},"thumbnailUrl":"https:\/\/www.rri.ro\/wp-content\/uploads\/2026\/01\/drapel-steag-romania-ziua-culturii-nationale-15-ianuarie_16x9.jpg","datePublished":"2026-01-15T12:00:41+00:00","author":{"@id":"https:\/\/www.rri.ro\/#\/schema\/person\/0ed327d40678578e6dbb840527e3ba32"},"breadcrumb":{"@id":"https:\/\/www.rri.ro\/en\/news-and-current-affairs\/today-in-the-news\/national-culture-day-4-id971362.html#breadcrumb"},"inLanguage":"en-US","potentialAction":[{"@type":"ReadAction","target":["https:\/\/www.rri.ro\/en\/news-and-current-affairs\/today-in-the-news\/national-culture-day-4-id971362.html"]}]},{"@type":"ImageObject","inLanguage":"en-US","@id":"https:\/\/www.rri.ro\/en\/news-and-current-affairs\/today-in-the-news\/national-culture-day-4-id971362.html#primaryimage","url":"https:\/\/www.rri.ro\/wp-content\/uploads\/2026\/01\/drapel-steag-romania-ziua-culturii-nationale-15-ianuarie_16x9.jpg","contentUrl":"https:\/\/www.rri.ro\/wp-content\/uploads\/2026\/01\/drapel-steag-romania-ziua-culturii-nationale-15-ianuarie_16x9.jpg","width":960,"height":540,"caption":"\u0645\u0635\u062f\u0631 \u0627\u0644\u0635\u0648\u0631\u0629:"},{"@type":"BreadcrumbList","@id":"https:\/\/www.rri.ro\/en\/news-and-current-affairs\/today-in-the-news\/national-culture-day-4-id971362.html#breadcrumb","itemListElement":[{"@type":"ListItem","position":1,"name":"Homepage","item":"https:\/\/www.rri.ro\/en"},{"@type":"ListItem","position":2,"name":"Actualitate","item":"https:\/\/www.rri.ro\/actualitate"},{"@type":"ListItem","position":3,"name":"Today in the News","item":"https:\/\/www.rri.ro\/en\/news-and-current-affairs\/today-in-the-news"},{"@type":"ListItem","position":4,"name":"National Culture Day"}]},{"@type":"WebSite","@id":"https:\/\/www.rri.ro\/#website","url":"https:\/\/www.rri.ro\/","name":"Radio Romania International","description":"Totul despre Rom\u00e2nia \u015fi rom\u00e2ni, \u00een 13 limbi\/dialecte!","inLanguage":"en-US"},{"@type":"Person","@id":"https:\/\/www.rri.ro\/#\/schema\/person\/0ed327d40678578e6dbb840527e3ba32","name":"Bogdan Matei","url":"https:\/\/www.rri.ro\/en\/author\/bogdan-matei"}]}},"_links":{"self":[{"href":"https:\/\/www.rri.ro\/en\/wp-json\/wp\/v2\/posts\/971362","targetHints":{"allow":["GET"]}}],"collection":[{"href":"https:\/\/www.rri.ro\/en\/wp-json\/wp\/v2\/posts"}],"about":[{"href":"https:\/\/www.rri.ro\/en\/wp-json\/wp\/v2\/types\/post"}],"author":[{"embeddable":true,"href":"https:\/\/www.rri.ro\/en\/wp-json\/wp\/v2\/users\/105"}],"replies":[{"embeddable":true,"href":"https:\/\/www.rri.ro\/en\/wp-json\/wp\/v2\/comments?post=971362"}],"version-history":[{"count":0,"href":"https:\/\/www.rri.ro\/en\/wp-json\/wp\/v2\/posts\/971362\/revisions"}],"wp:featuredmedia":[{"embeddable":true,"href":"https:\/\/www.rri.ro\/en\/wp-json\/wp\/v2\/media\/969597"}],"wp:attachment":[{"href":"https:\/\/www.rri.ro\/en\/wp-json\/wp\/v2\/media?parent=971362"}],"wp:term":[{"taxonomy":"category","embeddable":true,"href":"https:\/\/www.rri.ro\/en\/wp-json\/wp\/v2\/categories?post=971362"},{"taxonomy":"post_tag","embeddable":true,"href":"https:\/\/www.rri.ro\/en\/wp-json\/wp\/v2\/tags?post=971362"},{"taxonomy":"author","embeddable":true,"href":"https:\/\/www.rri.ro\/en\/wp-json\/wp\/v2\/coauthors?post=971362"}],"curies":[{"name":"wp","href":"https:\/\/api.w.org\/{rel}","templated":true}]}}