{"id":973499,"date":"2026-01-26T14:00:25","date_gmt":"2026-01-26T12:00:25","guid":{"rendered":"https:\/\/www.rri.ro\/?p=973499"},"modified":"2026-01-21T15:54:00","modified_gmt":"2026-01-21T13:54:00","slug":"the-war-in-transnistria","status":"publish","type":"post","link":"https:\/\/www.rri.ro\/en\/features-and-reports\/the-history-show\/the-war-in-transnistria-id973499.html","title":{"rendered":"The war in Transnistria"},"content":{"rendered":"<p><strong>The collapse of the Soviet Union in 1991 opened the way for the independence of all its former members, with the Republic of Moldova becoming an independent state on August 27, 1991.<\/strong> However, in the regions on the left bank of Dniester River, which would soon proclaim themselves as the Dniester Moldovan Republic or Transnistria, politicians and paramilitary groups, supported by Russia, were preparing secession. An armed conflict between the legitimate troops of the Republic of Moldova and the separatist guards would follow between March and July 1992, a conflict as a result of which Moldova lost control over Transnistria.<\/p>\n<p>&nbsp;<\/p>\n<p>Jurist and professor Adrian N\u0103stase was Romania&#8217;s foreign minister between 1990 and 1992, during the conflict between Moldova and Transnistria. At the launch of the volume \u201cThe Moldovan-Russian War on the Dniester in the spring-summer of 1992\u201d, signed by historian Mihai Gribincea, N\u0103stase said that, legally, Russia was a party to the conflict, although it always denied involvement. Adrian Nastase: \u201cThis conflict, the war, was between the leaders in Chisinau and the leaders in Tiraspol. Or, as it results from documents signed perhaps more easily by the Russians, the Russians admitted that they were a party to the conflict when it reached its end. The fact that they signed that document regarding the end of the conflict, speaking of <em>parties<\/em>, is clear evidence of the fact that Russia was involved in this war.\u201d<\/p>\n<p>&nbsp;<\/p>\n<p>History is always complicated and often contradicts our opinions. Adrian N\u0103stase pointed out that, as regards the conflict in Transnistria, not only Russia should be held responsible for Moldova\u2019s destabilization: &#8220;Ukraine, at that time, tried to benefit from the war by having the opportunity to block the arrival of the Cossacks. It kept hoping that, in the end, it would gain something from this conflict, possibly territories. Let me say one more thing that we should keep in mind. We are talking about hypersonic weapons, about all kinds of sophisticated military equipment, about fighter jets and so on, when often, wars are won through betrayal. And, in my opinion, the Republic of Moldova, from a military point of view at that time, had no chance of winning. First of all, the army was full of people who had studied in Moscow and had been part of the Soviet Union\u2019s army. Mixed families were the ones in charge of the country, to a large extent, such as President Mircea Snegur, but not only him. Most of them also had Russian wives. In this environment, the Republic of Moldova, from a military point of view, was defeated very easily because a lot of the information related to troops dispatchment, in Bender and beyond, were known in advance. Those who participated in the fighting, however, had no experience in terms of intelligence and counterintelligence. And, in addition, the Russian army obviously knew very well the location of the Moldovan troops, the intentions of the attack, and so on.&#8221;<\/p>\n<p>&nbsp;<\/p>\n<p>Author Mihai Gribincea said that the secession of Transnistria is something of a recent date: &#8220;If we study the history of the regions on the left bank of Moldova\u2019s Dniester River, including the Moldovan Autonomous Soviet Socialist Republic, we will see that a separatist movement or a movement for self-determination of that territory has never existed. Moreover, in 1924, when the Moldovan Autonomous Soviet Socialist Republic was created, it was supposed to be a bridgehead for Soviet Russia in Bessarabia. The local population was against the creation of this republic. There are many documents, including the ones in my archive, which come from some localities that demanded that this republic not be formed, the locals considering that they would be discriminated against. People calmed down only when the authorities said that the Ukrainian and Russian languages would be used on an equal footing with the Moldovan language. So this was in 1924. The question arises: if in the interwar period or during the existence of the Moldovan ASSR there was no autonomy movement or separatist movement, how is it that during the perestroika years this separatist movement and the idea of forming a separatist republic with the capital in Tiraspol emerged?\u201d<\/p>\n<p>&nbsp;<\/p>\n<p>The orchestration of the war in Transnistria by Russia has been obvious since then. But Mihai Gribincea\u2019s current volume provides unrefutable evidence: &#8220;In fact, such a republic could not have been formed unless fully supported by Moscow. Also, the purpose of this republic was to create an instrument, an obstacle to the unification of the Republic of Moldova with Romania. Transnistria, on the other hand, was a reason for Russia to keep its troops in that territory. For example, General Lebed spoke of Transnistria as the as <em>the key to the Balkans<\/em>. Other politicians spoke of it as the territory from which the restoration of the USSR would begin. And other politicians spoke of Transnistria as the second Kaliningrad on the southern borders of the former USSR. In fact, this conflict did not have the local ingredients to spark a conflict between Chisinau and Tiraspol.&#8221;<\/p>\n<p>The war in Transnistria is today a frozen conflict. The prospects for its resolution are unclear, as is the future itself. (EE)<\/p>\n","protected":false},"excerpt":{"rendered":"<p>The collapse of the Soviet Union in 1991 opened the way for the independence of all its former members, with the Republic of Moldova becoming an independent state on August 27, 1991. However, in the regions on the left bank of Dniester River, which would soon proclaim themselves as the Dniester Moldovan Republic or Transnistria, [&hellip;]<\/p>\n","protected":false},"author":127,"featured_media":780259,"comment_status":"closed","ping_status":"closed","sticky":false,"template":"","format":"standard","meta":{"_acf_changed":false,"footnotes":""},"categories":[41141],"tags":[34131,29130,116464,29310,36439,36832],"coauthors":[113318],"class_list":["post-973499","post","type-post","status-publish","format-standard","has-post-thumbnail","hentry","category-the-history-show","tag-conflict","tag-moldova","tag-romania-en","tag-russia","tag-transnistria","tag-ussr"],"acf":[],"yoast_head":"<!-- This site is optimized with the Yoast SEO plugin v27.3 - https:\/\/yoast.com\/product\/yoast-seo-wordpress\/ -->\n<title>The war in Transnistria - Radio Romania International<\/title>\n<meta name=\"robots\" content=\"index, follow, max-snippet:-1, max-image-preview:large, max-video-preview:-1\" \/>\n<link rel=\"canonical\" href=\"https:\/\/www.rri.ro\/en\/features-and-reports\/the-history-show\/the-war-in-transnistria-id973499.html\" \/>\n<meta property=\"og:locale\" content=\"en_US\" \/>\n<meta property=\"og:type\" content=\"article\" \/>\n<meta property=\"og:title\" content=\"The war in Transnistria - Radio Romania International\" \/>\n<meta property=\"og:description\" content=\"The collapse of the Soviet Union in 1991 opened the way for the independence of all its former members, with the Republic of Moldova becoming an independent state on August 27, 1991. However, in the regions on the left bank of Dniester River, which would soon proclaim themselves as the Dniester Moldovan Republic or Transnistria, [&hellip;]\" \/>\n<meta property=\"og:url\" content=\"https:\/\/www.rri.ro\/en\/features-and-reports\/the-history-show\/the-war-in-transnistria-id973499.html\" \/>\n<meta property=\"og:site_name\" content=\"Radio Romania International\" \/>\n<meta property=\"article:published_time\" content=\"2026-01-26T12:00:25+00:00\" \/>\n<meta property=\"og:image\" content=\"https:\/\/www.rri.ro\/wp-content\/uploads\/2024\/06\/banner-Pro-Memoria.-960x540-2.jpg\" \/>\n\t<meta property=\"og:image:width\" content=\"960\" \/>\n\t<meta property=\"og:image:height\" content=\"540\" \/>\n\t<meta property=\"og:image:type\" content=\"image\/jpeg\" \/>\n<meta name=\"author\" content=\"Steliu Lambru\" \/>\n<meta name=\"twitter:card\" content=\"summary_large_image\" \/>\n<meta name=\"twitter:label1\" content=\"Written by\" \/>\n\t<meta name=\"twitter:data1\" content=\"Steliu Lambru\" \/>\n\t<meta name=\"twitter:label2\" content=\"Est. reading time\" \/>\n\t<meta name=\"twitter:data2\" content=\"4 minutes\" \/>\n<script type=\"application\/ld+json\" class=\"yoast-schema-graph\">{\"@context\":\"https:\\\/\\\/schema.org\",\"@graph\":[{\"@type\":\"Article\",\"@id\":\"https:\\\/\\\/www.rri.ro\\\/en\\\/features-and-reports\\\/the-history-show\\\/the-war-in-transnistria-id973499.html#article\",\"isPartOf\":{\"@id\":\"https:\\\/\\\/www.rri.ro\\\/en\\\/features-and-reports\\\/the-history-show\\\/the-war-in-transnistria-id973499.html\"},\"author\":{\"name\":\"Steliu Lambru\",\"@id\":\"https:\\\/\\\/www.rri.ro\\\/#\\\/schema\\\/person\\\/32dfff47877fea659b3b498015876c1d\"},\"headline\":\"The war in Transnistria\",\"datePublished\":\"2026-01-26T12:00:25+00:00\",\"mainEntityOfPage\":{\"@id\":\"https:\\\/\\\/www.rri.ro\\\/en\\\/features-and-reports\\\/the-history-show\\\/the-war-in-transnistria-id973499.html\"},\"wordCount\":863,\"image\":{\"@id\":\"https:\\\/\\\/www.rri.ro\\\/en\\\/features-and-reports\\\/the-history-show\\\/the-war-in-transnistria-id973499.html#primaryimage\"},\"thumbnailUrl\":\"https:\\\/\\\/www.rri.ro\\\/wp-content\\\/uploads\\\/2024\\\/06\\\/banner-Pro-Memoria.-960x540-2.jpg\",\"keywords\":[\"conflict\",\"Moldova\",\"Romania\",\"Russia\",\"Transnistria\",\"USSR\"],\"articleSection\":[\"The History Show\"],\"inLanguage\":\"en-US\"},{\"@type\":\"WebPage\",\"@id\":\"https:\\\/\\\/www.rri.ro\\\/en\\\/features-and-reports\\\/the-history-show\\\/the-war-in-transnistria-id973499.html\",\"url\":\"https:\\\/\\\/www.rri.ro\\\/en\\\/features-and-reports\\\/the-history-show\\\/the-war-in-transnistria-id973499.html\",\"name\":\"The war in Transnistria - Radio Romania International\",\"isPartOf\":{\"@id\":\"https:\\\/\\\/www.rri.ro\\\/#website\"},\"primaryImageOfPage\":{\"@id\":\"https:\\\/\\\/www.rri.ro\\\/en\\\/features-and-reports\\\/the-history-show\\\/the-war-in-transnistria-id973499.html#primaryimage\"},\"image\":{\"@id\":\"https:\\\/\\\/www.rri.ro\\\/en\\\/features-and-reports\\\/the-history-show\\\/the-war-in-transnistria-id973499.html#primaryimage\"},\"thumbnailUrl\":\"https:\\\/\\\/www.rri.ro\\\/wp-content\\\/uploads\\\/2024\\\/06\\\/banner-Pro-Memoria.-960x540-2.jpg\",\"datePublished\":\"2026-01-26T12:00:25+00:00\",\"author\":{\"@id\":\"https:\\\/\\\/www.rri.ro\\\/#\\\/schema\\\/person\\\/32dfff47877fea659b3b498015876c1d\"},\"breadcrumb\":{\"@id\":\"https:\\\/\\\/www.rri.ro\\\/en\\\/features-and-reports\\\/the-history-show\\\/the-war-in-transnistria-id973499.html#breadcrumb\"},\"inLanguage\":\"en-US\",\"potentialAction\":[{\"@type\":\"ReadAction\",\"target\":[\"https:\\\/\\\/www.rri.ro\\\/en\\\/features-and-reports\\\/the-history-show\\\/the-war-in-transnistria-id973499.html\"]}]},{\"@type\":\"ImageObject\",\"inLanguage\":\"en-US\",\"@id\":\"https:\\\/\\\/www.rri.ro\\\/en\\\/features-and-reports\\\/the-history-show\\\/the-war-in-transnistria-id973499.html#primaryimage\",\"url\":\"https:\\\/\\\/www.rri.ro\\\/wp-content\\\/uploads\\\/2024\\\/06\\\/banner-Pro-Memoria.-960x540-2.jpg\",\"contentUrl\":\"https:\\\/\\\/www.rri.ro\\\/wp-content\\\/uploads\\\/2024\\\/06\\\/banner-Pro-Memoria.-960x540-2.jpg\",\"width\":960,\"height\":540,\"caption\":\"1960-\u0442\u0456 \u0440\u043e\u043a\u0438 \u0442\u0430 \u0432\u0456\u0434\u0440\u043e\u0434\u0436\u0435\u043d\u043d\u044f \u0440\u0443\u043c\u0443\u043d\u0441\u044c\u043a\u043e\u0457 \u0434\u0438\u043f\u043b\u043e\u043c\u0430\u0442\u0456\u0457\"},{\"@type\":\"BreadcrumbList\",\"@id\":\"https:\\\/\\\/www.rri.ro\\\/en\\\/features-and-reports\\\/the-history-show\\\/the-war-in-transnistria-id973499.html#breadcrumb\",\"itemListElement\":[{\"@type\":\"ListItem\",\"position\":1,\"name\":\"Homepage\",\"item\":\"https:\\\/\\\/www.rri.ro\\\/en\"},{\"@type\":\"ListItem\",\"position\":2,\"name\":\"Panoramice\",\"item\":\"https:\\\/\\\/www.rri.ro\\\/panoramice\"},{\"@type\":\"ListItem\",\"position\":3,\"name\":\"The History Show\",\"item\":\"https:\\\/\\\/www.rri.ro\\\/en\\\/features-and-reports\\\/the-history-show\"},{\"@type\":\"ListItem\",\"position\":4,\"name\":\"The war in Transnistria\"}]},{\"@type\":\"WebSite\",\"@id\":\"https:\\\/\\\/www.rri.ro\\\/#website\",\"url\":\"https:\\\/\\\/www.rri.ro\\\/\",\"name\":\"Radio Romania International\",\"description\":\"Totul despre Rom\u00e2nia \u015fi rom\u00e2ni, \u00een 13 limbi\\\/dialecte!\",\"inLanguage\":\"en-US\"},{\"@type\":\"Person\",\"@id\":\"https:\\\/\\\/www.rri.ro\\\/#\\\/schema\\\/person\\\/32dfff47877fea659b3b498015876c1d\",\"name\":\"Steliu Lambru\",\"url\":\"https:\\\/\\\/www.rri.ro\\\/en\\\/author\\\/steliu-lambru\"}]}<\/script>\n<!-- \/ Yoast SEO plugin. -->","yoast_head_json":{"title":"The war in Transnistria - Radio Romania International","robots":{"index":"index","follow":"follow","max-snippet":"max-snippet:-1","max-image-preview":"max-image-preview:large","max-video-preview":"max-video-preview:-1"},"canonical":"https:\/\/www.rri.ro\/en\/features-and-reports\/the-history-show\/the-war-in-transnistria-id973499.html","og_locale":"en_US","og_type":"article","og_title":"The war in Transnistria - Radio Romania International","og_description":"The collapse of the Soviet Union in 1991 opened the way for the independence of all its former members, with the Republic of Moldova becoming an independent state on August 27, 1991. However, in the regions on the left bank of Dniester River, which would soon proclaim themselves as the Dniester Moldovan Republic or Transnistria, [&hellip;]","og_url":"https:\/\/www.rri.ro\/en\/features-and-reports\/the-history-show\/the-war-in-transnistria-id973499.html","og_site_name":"Radio Romania International","article_published_time":"2026-01-26T12:00:25+00:00","og_image":[{"width":960,"height":540,"url":"https:\/\/www.rri.ro\/wp-content\/uploads\/2024\/06\/banner-Pro-Memoria.-960x540-2.jpg","type":"image\/jpeg"}],"author":"Steliu Lambru","twitter_card":"summary_large_image","twitter_misc":{"Written by":"Steliu Lambru","Est. reading time":"4 minutes"},"schema":{"@context":"https:\/\/schema.org","@graph":[{"@type":"Article","@id":"https:\/\/www.rri.ro\/en\/features-and-reports\/the-history-show\/the-war-in-transnistria-id973499.html#article","isPartOf":{"@id":"https:\/\/www.rri.ro\/en\/features-and-reports\/the-history-show\/the-war-in-transnistria-id973499.html"},"author":{"name":"Steliu Lambru","@id":"https:\/\/www.rri.ro\/#\/schema\/person\/32dfff47877fea659b3b498015876c1d"},"headline":"The war in Transnistria","datePublished":"2026-01-26T12:00:25+00:00","mainEntityOfPage":{"@id":"https:\/\/www.rri.ro\/en\/features-and-reports\/the-history-show\/the-war-in-transnistria-id973499.html"},"wordCount":863,"image":{"@id":"https:\/\/www.rri.ro\/en\/features-and-reports\/the-history-show\/the-war-in-transnistria-id973499.html#primaryimage"},"thumbnailUrl":"https:\/\/www.rri.ro\/wp-content\/uploads\/2024\/06\/banner-Pro-Memoria.-960x540-2.jpg","keywords":["conflict","Moldova","Romania","Russia","Transnistria","USSR"],"articleSection":["The History Show"],"inLanguage":"en-US"},{"@type":"WebPage","@id":"https:\/\/www.rri.ro\/en\/features-and-reports\/the-history-show\/the-war-in-transnistria-id973499.html","url":"https:\/\/www.rri.ro\/en\/features-and-reports\/the-history-show\/the-war-in-transnistria-id973499.html","name":"The war in Transnistria - Radio Romania International","isPartOf":{"@id":"https:\/\/www.rri.ro\/#website"},"primaryImageOfPage":{"@id":"https:\/\/www.rri.ro\/en\/features-and-reports\/the-history-show\/the-war-in-transnistria-id973499.html#primaryimage"},"image":{"@id":"https:\/\/www.rri.ro\/en\/features-and-reports\/the-history-show\/the-war-in-transnistria-id973499.html#primaryimage"},"thumbnailUrl":"https:\/\/www.rri.ro\/wp-content\/uploads\/2024\/06\/banner-Pro-Memoria.-960x540-2.jpg","datePublished":"2026-01-26T12:00:25+00:00","author":{"@id":"https:\/\/www.rri.ro\/#\/schema\/person\/32dfff47877fea659b3b498015876c1d"},"breadcrumb":{"@id":"https:\/\/www.rri.ro\/en\/features-and-reports\/the-history-show\/the-war-in-transnistria-id973499.html#breadcrumb"},"inLanguage":"en-US","potentialAction":[{"@type":"ReadAction","target":["https:\/\/www.rri.ro\/en\/features-and-reports\/the-history-show\/the-war-in-transnistria-id973499.html"]}]},{"@type":"ImageObject","inLanguage":"en-US","@id":"https:\/\/www.rri.ro\/en\/features-and-reports\/the-history-show\/the-war-in-transnistria-id973499.html#primaryimage","url":"https:\/\/www.rri.ro\/wp-content\/uploads\/2024\/06\/banner-Pro-Memoria.-960x540-2.jpg","contentUrl":"https:\/\/www.rri.ro\/wp-content\/uploads\/2024\/06\/banner-Pro-Memoria.-960x540-2.jpg","width":960,"height":540,"caption":"1960-\u0442\u0456 \u0440\u043e\u043a\u0438 \u0442\u0430 \u0432\u0456\u0434\u0440\u043e\u0434\u0436\u0435\u043d\u043d\u044f \u0440\u0443\u043c\u0443\u043d\u0441\u044c\u043a\u043e\u0457 \u0434\u0438\u043f\u043b\u043e\u043c\u0430\u0442\u0456\u0457"},{"@type":"BreadcrumbList","@id":"https:\/\/www.rri.ro\/en\/features-and-reports\/the-history-show\/the-war-in-transnistria-id973499.html#breadcrumb","itemListElement":[{"@type":"ListItem","position":1,"name":"Homepage","item":"https:\/\/www.rri.ro\/en"},{"@type":"ListItem","position":2,"name":"Panoramice","item":"https:\/\/www.rri.ro\/panoramice"},{"@type":"ListItem","position":3,"name":"The History Show","item":"https:\/\/www.rri.ro\/en\/features-and-reports\/the-history-show"},{"@type":"ListItem","position":4,"name":"The war in Transnistria"}]},{"@type":"WebSite","@id":"https:\/\/www.rri.ro\/#website","url":"https:\/\/www.rri.ro\/","name":"Radio Romania International","description":"Totul despre Rom\u00e2nia \u015fi rom\u00e2ni, \u00een 13 limbi\/dialecte!","inLanguage":"en-US"},{"@type":"Person","@id":"https:\/\/www.rri.ro\/#\/schema\/person\/32dfff47877fea659b3b498015876c1d","name":"Steliu Lambru","url":"https:\/\/www.rri.ro\/en\/author\/steliu-lambru"}]}},"_links":{"self":[{"href":"https:\/\/www.rri.ro\/en\/wp-json\/wp\/v2\/posts\/973499","targetHints":{"allow":["GET"]}}],"collection":[{"href":"https:\/\/www.rri.ro\/en\/wp-json\/wp\/v2\/posts"}],"about":[{"href":"https:\/\/www.rri.ro\/en\/wp-json\/wp\/v2\/types\/post"}],"author":[{"embeddable":true,"href":"https:\/\/www.rri.ro\/en\/wp-json\/wp\/v2\/users\/127"}],"replies":[{"embeddable":true,"href":"https:\/\/www.rri.ro\/en\/wp-json\/wp\/v2\/comments?post=973499"}],"version-history":[{"count":0,"href":"https:\/\/www.rri.ro\/en\/wp-json\/wp\/v2\/posts\/973499\/revisions"}],"wp:featuredmedia":[{"embeddable":true,"href":"https:\/\/www.rri.ro\/en\/wp-json\/wp\/v2\/media\/780259"}],"wp:attachment":[{"href":"https:\/\/www.rri.ro\/en\/wp-json\/wp\/v2\/media?parent=973499"}],"wp:term":[{"taxonomy":"category","embeddable":true,"href":"https:\/\/www.rri.ro\/en\/wp-json\/wp\/v2\/categories?post=973499"},{"taxonomy":"post_tag","embeddable":true,"href":"https:\/\/www.rri.ro\/en\/wp-json\/wp\/v2\/tags?post=973499"},{"taxonomy":"author","embeddable":true,"href":"https:\/\/www.rri.ro\/en\/wp-json\/wp\/v2\/coauthors?post=973499"}],"curies":[{"name":"wp","href":"https:\/\/api.w.org\/{rel}","templated":true}]}}