{"id":980870,"date":"2026-02-10T14:00:45","date_gmt":"2026-02-10T12:00:45","guid":{"rendered":"https:\/\/www.rri.ro\/?p=980870"},"modified":"2026-02-10T12:47:34","modified_gmt":"2026-02-10T10:47:34","slug":"the-romanian-foreign-minister-visits-london","status":"publish","type":"post","link":"https:\/\/www.rri.ro\/en\/news-and-current-affairs\/today-in-the-news\/the-romanian-foreign-minister-visits-london-id980870.html","title":{"rendered":"The Romanian Foreign Minister visits London"},"content":{"rendered":"<p>Romania believes in a more competitive Europe and, in this regard, supports solid partnerships with the United Kingdom, said the Romanian Foreign Minister, Oana \u0162oiu, during a meeting in London with the Secretary of State for Foreign, Commonwealth and Development Affairs, Yvette Cooper. Boosting economic cooperation with the United Kingdom of Great Britain and Northern Ireland, one of Romania&#8217;s most valuable strategic partners, was a priority of Minister Oana \u0162oiu during the discussions in the United Kingdom.<\/p>\n<p>&nbsp;<\/p>\n<p>Official data shows that in the first 10 months of 2025, trade in goods amounted to 3.48 billion euros, with the United Kingdom ranking 11<sup>th<\/sup> in the top of direct foreign investors. &#8220;Today, we have agreed to launch, by this summer, the joint Romania-UK working group for trade and investment, as well as the path for Romania&#8217;s accession to the OECD in 2026. Two excellent pieces of news confirm our concrete actions for business-friendly reforms: today, we have published in the Official Gazette the last step to avoid double taxation between companies in Romania and the United Kingdom, the order of the Minister of Foreign Affairs, and, also today, the fiscal policy milestone necessary for accession to the OECD was approved,&#8221; Minister Oana \u021aoiu said on Monday.<\/p>\n<p>&nbsp;<\/p>\n<p>The Working Group&#8217;s initiative is part of efforts dedicated to stimulating strategic investments in areas such as renewable energy, retail, health, technology or IT, while the new Convention for the elimination of double taxation with respect to taxes on income and on capital gains, which has already taken effect since January, offers a multitude of advantages. At the same time, alignment with OECD standards offers British and Romanian investors increased fiscal stability and predictability, transparent rules, anti-abuse protection, essential conditions for attracting investments and developing economic cooperation.<\/p>\n<p>&nbsp;<\/p>\n<p>Oana \u021aoiu also discussed with Yvette Cooper about the safety of citizens, the fight against organized crime, the theme of the Romanian Lectorate at the University of Oxford and the expansion of access to Romanian language courses in British schools. At the same time, interest was expressed in continuing to capitalize on the remarkable contribution to the strengthening of the bilateral relationship of the over 1.3 million Romanian citizens living in the United Kingdom.<\/p>\n<p>&nbsp;<\/p>\n<p>The two ministers reconfirmed the common vision on peace and security, as well as the firm commitment to Euro-Atlantic security, materialized including through the participation of the United Kingdom, within NATO, in missions carried out on Romania\u2019s territory. In the context of discussions related to European and Euro-Atlantic security, the head of Romanian diplomacy pointed out that Romania would prioritize building capabilities, improving interoperability, stimulating defense production and capitalizing on innovation, while ensuring complementarity between EU and NATO processes. (LS)<\/p>\n","protected":false},"excerpt":{"rendered":"<p>Romania believes in a more competitive Europe and, in this regard, supports solid partnerships with the United Kingdom, said the Romanian Foreign Minister, Oana \u0162oiu, during a meeting in London with the Secretary of State for Foreign, Commonwealth and Development Affairs, Yvette Cooper. Boosting economic cooperation with the United Kingdom of Great Britain and Northern [&hellip;]<\/p>\n","protected":false},"author":108,"featured_media":980777,"comment_status":"closed","ping_status":"closed","sticky":false,"template":"","format":"standard","meta":{"_acf_changed":false,"footnotes":""},"categories":[37738],"tags":[29546,173743,29295,185264],"coauthors":[113249],"class_list":["post-980870","post","type-post","status-publish","format-standard","has-post-thumbnail","hentry","category-today-in-the-news","tag-london","tag-oana-toiu-en","tag-visit","tag-yvette-cooper-en"],"acf":[],"yoast_head":"<!-- This site is optimized with the Yoast SEO plugin v27.5 - https:\/\/yoast.com\/product\/yoast-seo-wordpress\/ -->\n<title>The Romanian Foreign Minister visits London - Radio Romania International<\/title>\n<meta name=\"robots\" content=\"index, follow, max-snippet:-1, max-image-preview:large, max-video-preview:-1\" \/>\n<link rel=\"canonical\" href=\"https:\/\/www.rri.ro\/en\/news-and-current-affairs\/today-in-the-news\/the-romanian-foreign-minister-visits-london-id980870.html\" \/>\n<meta property=\"og:locale\" content=\"en_US\" \/>\n<meta property=\"og:type\" content=\"article\" \/>\n<meta property=\"og:title\" content=\"The Romanian Foreign Minister visits London - Radio Romania International\" \/>\n<meta property=\"og:description\" content=\"Romania believes in a more competitive Europe and, in this regard, supports solid partnerships with the United Kingdom, said the Romanian Foreign Minister, Oana \u0162oiu, during a meeting in London with the Secretary of State for Foreign, Commonwealth and Development Affairs, Yvette Cooper. Boosting economic cooperation with the United Kingdom of Great Britain and Northern [&hellip;]\" \/>\n<meta property=\"og:url\" content=\"https:\/\/www.rri.ro\/en\/news-and-current-affairs\/today-in-the-news\/the-romanian-foreign-minister-visits-london-id980870.html\" \/>\n<meta property=\"og:site_name\" content=\"Radio Romania International\" \/>\n<meta property=\"article:published_time\" content=\"2026-02-10T12:00:45+00:00\" \/>\n<meta property=\"og:image\" content=\"https:\/\/www.rri.ro\/wp-content\/uploads\/2026\/02\/Oana-Toiu-si-Yvette-Cooper-foto-mae-ro.jpg\" \/>\n\t<meta property=\"og:image:width\" content=\"960\" \/>\n\t<meta property=\"og:image:height\" content=\"540\" \/>\n\t<meta property=\"og:image:type\" content=\"image\/jpeg\" \/>\n<meta name=\"author\" content=\"Corina Cristea\" \/>\n<meta name=\"twitter:card\" content=\"summary_large_image\" \/>\n<meta name=\"twitter:label1\" content=\"Written by\" \/>\n\t<meta name=\"twitter:data1\" content=\"Corina Cristea\" \/>\n\t<meta name=\"twitter:label2\" content=\"Est. reading time\" \/>\n\t<meta name=\"twitter:data2\" content=\"2 minutes\" \/>\n<script type=\"application\/ld+json\" class=\"yoast-schema-graph\">{\"@context\":\"https:\\\/\\\/schema.org\",\"@graph\":[{\"@type\":\"Article\",\"@id\":\"https:\\\/\\\/www.rri.ro\\\/en\\\/news-and-current-affairs\\\/today-in-the-news\\\/the-romanian-foreign-minister-visits-london-id980870.html#article\",\"isPartOf\":{\"@id\":\"https:\\\/\\\/www.rri.ro\\\/en\\\/news-and-current-affairs\\\/today-in-the-news\\\/the-romanian-foreign-minister-visits-london-id980870.html\"},\"author\":{\"name\":\"Corina Cristea\",\"@id\":\"https:\\\/\\\/www.rri.ro\\\/#\\\/schema\\\/person\\\/f9ab1cb3569dee1b2c033a814bb7f0fc\"},\"headline\":\"The Romanian Foreign Minister visits London\",\"datePublished\":\"2026-02-10T12:00:45+00:00\",\"mainEntityOfPage\":{\"@id\":\"https:\\\/\\\/www.rri.ro\\\/en\\\/news-and-current-affairs\\\/today-in-the-news\\\/the-romanian-foreign-minister-visits-london-id980870.html\"},\"wordCount\":454,\"image\":{\"@id\":\"https:\\\/\\\/www.rri.ro\\\/en\\\/news-and-current-affairs\\\/today-in-the-news\\\/the-romanian-foreign-minister-visits-london-id980870.html#primaryimage\"},\"thumbnailUrl\":\"https:\\\/\\\/www.rri.ro\\\/wp-content\\\/uploads\\\/2026\\\/02\\\/Oana-Toiu-si-Yvette-Cooper-foto-mae-ro.jpg\",\"keywords\":[\"London\",\"Oana Toiu\",\"visit\",\"Yvette Cooper\"],\"articleSection\":[\"Today in the News\"],\"inLanguage\":\"en-US\"},{\"@type\":\"WebPage\",\"@id\":\"https:\\\/\\\/www.rri.ro\\\/en\\\/news-and-current-affairs\\\/today-in-the-news\\\/the-romanian-foreign-minister-visits-london-id980870.html\",\"url\":\"https:\\\/\\\/www.rri.ro\\\/en\\\/news-and-current-affairs\\\/today-in-the-news\\\/the-romanian-foreign-minister-visits-london-id980870.html\",\"name\":\"The Romanian Foreign Minister visits London - Radio Romania International\",\"isPartOf\":{\"@id\":\"https:\\\/\\\/www.rri.ro\\\/#website\"},\"primaryImageOfPage\":{\"@id\":\"https:\\\/\\\/www.rri.ro\\\/en\\\/news-and-current-affairs\\\/today-in-the-news\\\/the-romanian-foreign-minister-visits-london-id980870.html#primaryimage\"},\"image\":{\"@id\":\"https:\\\/\\\/www.rri.ro\\\/en\\\/news-and-current-affairs\\\/today-in-the-news\\\/the-romanian-foreign-minister-visits-london-id980870.html#primaryimage\"},\"thumbnailUrl\":\"https:\\\/\\\/www.rri.ro\\\/wp-content\\\/uploads\\\/2026\\\/02\\\/Oana-Toiu-si-Yvette-Cooper-foto-mae-ro.jpg\",\"datePublished\":\"2026-02-10T12:00:45+00:00\",\"author\":{\"@id\":\"https:\\\/\\\/www.rri.ro\\\/#\\\/schema\\\/person\\\/f9ab1cb3569dee1b2c033a814bb7f0fc\"},\"breadcrumb\":{\"@id\":\"https:\\\/\\\/www.rri.ro\\\/en\\\/news-and-current-affairs\\\/today-in-the-news\\\/the-romanian-foreign-minister-visits-london-id980870.html#breadcrumb\"},\"inLanguage\":\"en-US\",\"potentialAction\":[{\"@type\":\"ReadAction\",\"target\":[\"https:\\\/\\\/www.rri.ro\\\/en\\\/news-and-current-affairs\\\/today-in-the-news\\\/the-romanian-foreign-minister-visits-london-id980870.html\"]}]},{\"@type\":\"ImageObject\",\"inLanguage\":\"en-US\",\"@id\":\"https:\\\/\\\/www.rri.ro\\\/en\\\/news-and-current-affairs\\\/today-in-the-news\\\/the-romanian-foreign-minister-visits-london-id980870.html#primaryimage\",\"url\":\"https:\\\/\\\/www.rri.ro\\\/wp-content\\\/uploads\\\/2026\\\/02\\\/Oana-Toiu-si-Yvette-Cooper-foto-mae-ro.jpg\",\"contentUrl\":\"https:\\\/\\\/www.rri.ro\\\/wp-content\\\/uploads\\\/2026\\\/02\\\/Oana-Toiu-si-Yvette-Cooper-foto-mae-ro.jpg\",\"width\":960,\"height\":540,\"caption\":\"Romanian Foreign Minister , Oana \u021aoiu, and British Secretary of State for Foreign, Commonwealth and Development Affairs, Yvette Cooper\"},{\"@type\":\"BreadcrumbList\",\"@id\":\"https:\\\/\\\/www.rri.ro\\\/en\\\/news-and-current-affairs\\\/today-in-the-news\\\/the-romanian-foreign-minister-visits-london-id980870.html#breadcrumb\",\"itemListElement\":[{\"@type\":\"ListItem\",\"position\":1,\"name\":\"Homepage\",\"item\":\"https:\\\/\\\/www.rri.ro\\\/en\"},{\"@type\":\"ListItem\",\"position\":2,\"name\":\"Actualitate\",\"item\":\"https:\\\/\\\/www.rri.ro\\\/actualitate\"},{\"@type\":\"ListItem\",\"position\":3,\"name\":\"Today in the News\",\"item\":\"https:\\\/\\\/www.rri.ro\\\/en\\\/news-and-current-affairs\\\/today-in-the-news\"},{\"@type\":\"ListItem\",\"position\":4,\"name\":\"The Romanian Foreign Minister visits London\"}]},{\"@type\":\"WebSite\",\"@id\":\"https:\\\/\\\/www.rri.ro\\\/#website\",\"url\":\"https:\\\/\\\/www.rri.ro\\\/\",\"name\":\"Radio Romania International\",\"description\":\"Totul despre Rom\u00e2nia \u015fi rom\u00e2ni, \u00een 13 limbi\\\/dialecte!\",\"inLanguage\":\"en-US\"},{\"@type\":\"Person\",\"@id\":\"https:\\\/\\\/www.rri.ro\\\/#\\\/schema\\\/person\\\/f9ab1cb3569dee1b2c033a814bb7f0fc\",\"name\":\"Corina Cristea\",\"url\":\"https:\\\/\\\/www.rri.ro\\\/en\\\/author\\\/corina-cristea\"}]}<\/script>\n<!-- \/ Yoast SEO plugin. -->","yoast_head_json":{"title":"The Romanian Foreign Minister visits London - Radio Romania International","robots":{"index":"index","follow":"follow","max-snippet":"max-snippet:-1","max-image-preview":"max-image-preview:large","max-video-preview":"max-video-preview:-1"},"canonical":"https:\/\/www.rri.ro\/en\/news-and-current-affairs\/today-in-the-news\/the-romanian-foreign-minister-visits-london-id980870.html","og_locale":"en_US","og_type":"article","og_title":"The Romanian Foreign Minister visits London - Radio Romania International","og_description":"Romania believes in a more competitive Europe and, in this regard, supports solid partnerships with the United Kingdom, said the Romanian Foreign Minister, Oana \u0162oiu, during a meeting in London with the Secretary of State for Foreign, Commonwealth and Development Affairs, Yvette Cooper. Boosting economic cooperation with the United Kingdom of Great Britain and Northern [&hellip;]","og_url":"https:\/\/www.rri.ro\/en\/news-and-current-affairs\/today-in-the-news\/the-romanian-foreign-minister-visits-london-id980870.html","og_site_name":"Radio Romania International","article_published_time":"2026-02-10T12:00:45+00:00","og_image":[{"width":960,"height":540,"url":"https:\/\/www.rri.ro\/wp-content\/uploads\/2026\/02\/Oana-Toiu-si-Yvette-Cooper-foto-mae-ro.jpg","type":"image\/jpeg"}],"author":"Corina Cristea","twitter_card":"summary_large_image","twitter_misc":{"Written by":"Corina Cristea","Est. reading time":"2 minutes"},"schema":{"@context":"https:\/\/schema.org","@graph":[{"@type":"Article","@id":"https:\/\/www.rri.ro\/en\/news-and-current-affairs\/today-in-the-news\/the-romanian-foreign-minister-visits-london-id980870.html#article","isPartOf":{"@id":"https:\/\/www.rri.ro\/en\/news-and-current-affairs\/today-in-the-news\/the-romanian-foreign-minister-visits-london-id980870.html"},"author":{"name":"Corina Cristea","@id":"https:\/\/www.rri.ro\/#\/schema\/person\/f9ab1cb3569dee1b2c033a814bb7f0fc"},"headline":"The Romanian Foreign Minister visits London","datePublished":"2026-02-10T12:00:45+00:00","mainEntityOfPage":{"@id":"https:\/\/www.rri.ro\/en\/news-and-current-affairs\/today-in-the-news\/the-romanian-foreign-minister-visits-london-id980870.html"},"wordCount":454,"image":{"@id":"https:\/\/www.rri.ro\/en\/news-and-current-affairs\/today-in-the-news\/the-romanian-foreign-minister-visits-london-id980870.html#primaryimage"},"thumbnailUrl":"https:\/\/www.rri.ro\/wp-content\/uploads\/2026\/02\/Oana-Toiu-si-Yvette-Cooper-foto-mae-ro.jpg","keywords":["London","Oana Toiu","visit","Yvette Cooper"],"articleSection":["Today in the News"],"inLanguage":"en-US"},{"@type":"WebPage","@id":"https:\/\/www.rri.ro\/en\/news-and-current-affairs\/today-in-the-news\/the-romanian-foreign-minister-visits-london-id980870.html","url":"https:\/\/www.rri.ro\/en\/news-and-current-affairs\/today-in-the-news\/the-romanian-foreign-minister-visits-london-id980870.html","name":"The Romanian Foreign Minister visits London - Radio Romania International","isPartOf":{"@id":"https:\/\/www.rri.ro\/#website"},"primaryImageOfPage":{"@id":"https:\/\/www.rri.ro\/en\/news-and-current-affairs\/today-in-the-news\/the-romanian-foreign-minister-visits-london-id980870.html#primaryimage"},"image":{"@id":"https:\/\/www.rri.ro\/en\/news-and-current-affairs\/today-in-the-news\/the-romanian-foreign-minister-visits-london-id980870.html#primaryimage"},"thumbnailUrl":"https:\/\/www.rri.ro\/wp-content\/uploads\/2026\/02\/Oana-Toiu-si-Yvette-Cooper-foto-mae-ro.jpg","datePublished":"2026-02-10T12:00:45+00:00","author":{"@id":"https:\/\/www.rri.ro\/#\/schema\/person\/f9ab1cb3569dee1b2c033a814bb7f0fc"},"breadcrumb":{"@id":"https:\/\/www.rri.ro\/en\/news-and-current-affairs\/today-in-the-news\/the-romanian-foreign-minister-visits-london-id980870.html#breadcrumb"},"inLanguage":"en-US","potentialAction":[{"@type":"ReadAction","target":["https:\/\/www.rri.ro\/en\/news-and-current-affairs\/today-in-the-news\/the-romanian-foreign-minister-visits-london-id980870.html"]}]},{"@type":"ImageObject","inLanguage":"en-US","@id":"https:\/\/www.rri.ro\/en\/news-and-current-affairs\/today-in-the-news\/the-romanian-foreign-minister-visits-london-id980870.html#primaryimage","url":"https:\/\/www.rri.ro\/wp-content\/uploads\/2026\/02\/Oana-Toiu-si-Yvette-Cooper-foto-mae-ro.jpg","contentUrl":"https:\/\/www.rri.ro\/wp-content\/uploads\/2026\/02\/Oana-Toiu-si-Yvette-Cooper-foto-mae-ro.jpg","width":960,"height":540,"caption":"Romanian Foreign Minister , Oana \u021aoiu, and British Secretary of State for Foreign, Commonwealth and Development Affairs, Yvette Cooper"},{"@type":"BreadcrumbList","@id":"https:\/\/www.rri.ro\/en\/news-and-current-affairs\/today-in-the-news\/the-romanian-foreign-minister-visits-london-id980870.html#breadcrumb","itemListElement":[{"@type":"ListItem","position":1,"name":"Homepage","item":"https:\/\/www.rri.ro\/en"},{"@type":"ListItem","position":2,"name":"Actualitate","item":"https:\/\/www.rri.ro\/actualitate"},{"@type":"ListItem","position":3,"name":"Today in the News","item":"https:\/\/www.rri.ro\/en\/news-and-current-affairs\/today-in-the-news"},{"@type":"ListItem","position":4,"name":"The Romanian Foreign Minister visits London"}]},{"@type":"WebSite","@id":"https:\/\/www.rri.ro\/#website","url":"https:\/\/www.rri.ro\/","name":"Radio Romania International","description":"Totul despre Rom\u00e2nia \u015fi rom\u00e2ni, \u00een 13 limbi\/dialecte!","inLanguage":"en-US"},{"@type":"Person","@id":"https:\/\/www.rri.ro\/#\/schema\/person\/f9ab1cb3569dee1b2c033a814bb7f0fc","name":"Corina Cristea","url":"https:\/\/www.rri.ro\/en\/author\/corina-cristea"}]}},"_links":{"self":[{"href":"https:\/\/www.rri.ro\/en\/wp-json\/wp\/v2\/posts\/980870","targetHints":{"allow":["GET"]}}],"collection":[{"href":"https:\/\/www.rri.ro\/en\/wp-json\/wp\/v2\/posts"}],"about":[{"href":"https:\/\/www.rri.ro\/en\/wp-json\/wp\/v2\/types\/post"}],"author":[{"embeddable":true,"href":"https:\/\/www.rri.ro\/en\/wp-json\/wp\/v2\/users\/108"}],"replies":[{"embeddable":true,"href":"https:\/\/www.rri.ro\/en\/wp-json\/wp\/v2\/comments?post=980870"}],"version-history":[{"count":0,"href":"https:\/\/www.rri.ro\/en\/wp-json\/wp\/v2\/posts\/980870\/revisions"}],"wp:featuredmedia":[{"embeddable":true,"href":"https:\/\/www.rri.ro\/en\/wp-json\/wp\/v2\/media\/980777"}],"wp:attachment":[{"href":"https:\/\/www.rri.ro\/en\/wp-json\/wp\/v2\/media?parent=980870"}],"wp:term":[{"taxonomy":"category","embeddable":true,"href":"https:\/\/www.rri.ro\/en\/wp-json\/wp\/v2\/categories?post=980870"},{"taxonomy":"post_tag","embeddable":true,"href":"https:\/\/www.rri.ro\/en\/wp-json\/wp\/v2\/tags?post=980870"},{"taxonomy":"author","embeddable":true,"href":"https:\/\/www.rri.ro\/en\/wp-json\/wp\/v2\/coauthors?post=980870"}],"curies":[{"name":"wp","href":"https:\/\/api.w.org\/{rel}","templated":true}]}}