{"id":983563,"date":"2026-02-23T12:56:58","date_gmt":"2026-02-23T10:56:58","guid":{"rendered":"https:\/\/www.rri.ro\/?p=983563"},"modified":"2026-02-20T19:05:20","modified_gmt":"2026-02-20T17:05:20","slug":"150-since-the-birth-of-constantin-brancusi","status":"publish","type":"post","link":"https:\/\/www.rri.ro\/en\/features-and-reports\/the-history-show\/150-since-the-birth-of-constantin-brancusi-id983563.html","title":{"rendered":"150 years since the birth of  Constantin Br\u00e2ncu\u0219i"},"content":{"rendered":"<p>For Romanian culture, February 19, 2026, is a very important date, as it marked the 150th anniversary of the birth of Constantin Br\u00e2ncu\u0219i, a world-renowned sculptor. To mark the occasion, we invited art critic Erwin Kessler, manager of the National Museum of Art of Romania, to summarize what makes Br\u00e2ncu\u0219i so remarkable.<\/p>\n<p>&#8220;For us, Br\u00e2ncu\u0219i is great because he is Romanian, and that is a problem. For others, Br\u00e2ncu\u0219i is great because he is from Paris, from the School of Paris. The School of Paris, in the first half of the 20th century, is classical modernity, it is a good part of the avant-garde and represents the period when the gods walked the earth. Let&#8217;s say he is Hephaestus among the gods of the Paris School. To us, he is Zeus, to others he is Hephaestus. There are two kinds of greatness or ways of measuring Br\u00e2ncu\u0219i&#8217;s stature: from a national perspective and from an international perspective. From an international perspective, Br\u00e2ncu\u0219i&#8217;s greatness is not a national greatness. From a national perspective, Br\u00e2ncu\u0219i&#8217;s international greatness is a national greatness.&#8221;<\/p>\n<p>Although art is a liberal field, value has standards here too, just as gold is a benchmark of value in the material world. Erwin Kessler:<\/p>\n<p>&#8220;Speaking of gold, the metal called gold, it has a quality, like other metals, but first and foremost: it has been recognized and valued by everyone, in all corners of the world, at all times, without anyone consulting anyone else. It is a standard of value, it is a standard of wealth, it is probably a standard of beauty. As far as Br\u00e2ncu\u0219i is concerned, his golden side, his quality as a standard of value, is largely due, in addition to the concept through which he enrolled in the Paris School of Modernity and Avant-Garde, to his strictly original contribution, that of stone and wood sculpture, sculpture directly \u201cen taille\u201d: that is, replacement not in form but largely in technique. Of course, form matters a lot, but technique matters just as much to him. It is a perfect, abstract form, apparently rigorously geometric, but in fact it is not rigorously geometric. There is a lot of intuition in Br\u00e2ncu\u0219i\u2019s craft. So we have this perfect form that corresponds to modernity in its almost aseptic sense. But this perfect form is not achieved as it was by his good friend Marcel Duchamp, who came up with a concept even stronger than Br\u00e2ncu\u0219i&#8217;s, which is readymade. That is, we are talking about taking a strictly industrial product, which is perfect and rigorously made because it is industrial. The artist places it in another context and then makes it art, and this gives it meaning. Br\u00e2ncu\u0219i did not go that far. Everything he did was non-readymade, it was anti-readymade, it was hyperrmade.<\/p>\n<p>Br\u00e2ncu\u0219i&#8217;s excellence meant originality. Erwin Kessler: <\/p>\n<p>&#8220;Br\u00e2ncu\u0219i did not and could not reach the readymade because he was, and here again we find ourselves in the so-called Romanian spiritual matrix, extremely attached to craftsmanship, to everything that means the actual creation of works: from the tools, which he made himself in order to create his works, to the materials he used, especially the effort he put into carving the stone directly. It was the effort he put into creating the works and the effort he put in afterwards to make them as brilliant as possible, as attractive as possible to the eye and, through this, to the public.&#8221;<\/p>\n<p>In Romania, Br\u00e2ncu\u0219i&#8217;s most famous work is located in T\u00e2rgu Jiu. Erwin Kessler:<\/p>\n<p>&#8220;The monumental ensemble in T\u00e2rgu Jiu was a commission, and Br\u00e2ncu\u0219i&#8217;s desire to create monuments dates back much earlier. He made funerary monuments in Buz\u0103u for the lawyer St\u0103nescu long before that, which he delivered around 1914. Immediately after delivering that monument in 1914, he wanted to make one in Bucharest, and at the same time he was asked by Minister Mor\u021bun to make a monument for University Square. He was supposed to make it for Spiru Haret, but it would not have been the Spiru Haret we have now. The project he made for Spiru Haret, the minister of public education and its founder, was rejected and he never made it. After the war, around 1920, his fellow villagers from Pe\u0219ti\u0219ani and Hobi\u021ba proposed that he create a monument for the soldiers from Pe\u0219ti\u0219ani who had died in World War I. He did not create this either, because he made a proposal and it was rejected. So two rejected proposals. In the 1930s, he proposed a large column in Bucharest. This was not wanted either. The commission for the monument in T\u00e2rgu Jiu was not addressed to him. Initially, the commission was for his student Mili\u021ba Petra\u0219cu, who had already made the monument to Ecaterina Teodoroiu in T\u00e2rgu Jiu, a kind of small mausoleum. It was proposed to him by Aretia T\u0103t\u0103rescu in 1935, the wife of Gheorghe T\u0103t\u0103rescu, who was, not coincidentally, the liberal prime minister of Romania. These liberals proposed that he create a monument. Mili\u021ba declined the offer and proposed Br\u00e2ncu\u0219i instead, who accepted.<\/p>\n<p>Today, the history of universal sculpture includes the name of a Romanian, Constantin Br\u00e2ncu\u0219i. However, we must not forget that he is a Romanian who belongs to the whole world. (MI)<\/p>\n","protected":false},"excerpt":{"rendered":"<p>For Romanian culture, February 19, 2026, is a very important date, as it marked the 150th anniversary of the birth of Constantin Br\u00e2ncu\u0219i, a world-renowned sculptor. To mark the occasion, we invited art critic Erwin Kessler, manager of the National Museum of Art of Romania, to summarize what makes Br\u00e2ncu\u0219i so remarkable. &#8220;For us, Br\u00e2ncu\u0219i [&hellip;]<\/p>\n","protected":false},"author":127,"featured_media":780220,"comment_status":"closed","ping_status":"closed","sticky":false,"template":"","format":"standard","meta":{"_acf_changed":false,"footnotes":""},"categories":[41141],"tags":[],"coauthors":[113318],"class_list":["post-983563","post","type-post","status-publish","format-standard","has-post-thumbnail","hentry","category-the-history-show"],"acf":[],"yoast_head":"<!-- This site is optimized with the Yoast SEO plugin v27.3 - https:\/\/yoast.com\/product\/yoast-seo-wordpress\/ -->\n<title>150 years since the birth of Constantin Br\u00e2ncu\u0219i - Radio Romania International<\/title>\n<meta name=\"robots\" content=\"index, follow, max-snippet:-1, max-image-preview:large, max-video-preview:-1\" \/>\n<link rel=\"canonical\" href=\"https:\/\/www.rri.ro\/en\/features-and-reports\/the-history-show\/150-since-the-birth-of-constantin-brancusi-id983563.html\" \/>\n<meta property=\"og:locale\" content=\"en_US\" \/>\n<meta property=\"og:type\" content=\"article\" \/>\n<meta property=\"og:title\" content=\"150 years since the birth of Constantin Br\u00e2ncu\u0219i - Radio Romania International\" \/>\n<meta property=\"og:description\" content=\"For Romanian culture, February 19, 2026, is a very important date, as it marked the 150th anniversary of the birth of Constantin Br\u00e2ncu\u0219i, a world-renowned sculptor. To mark the occasion, we invited art critic Erwin Kessler, manager of the National Museum of Art of Romania, to summarize what makes Br\u00e2ncu\u0219i so remarkable. &#8220;For us, Br\u00e2ncu\u0219i [&hellip;]\" \/>\n<meta property=\"og:url\" content=\"https:\/\/www.rri.ro\/en\/features-and-reports\/the-history-show\/150-since-the-birth-of-constantin-brancusi-id983563.html\" \/>\n<meta property=\"og:site_name\" content=\"Radio Romania International\" \/>\n<meta property=\"article:published_time\" content=\"2026-02-23T10:56:58+00:00\" \/>\n<meta property=\"og:image\" content=\"https:\/\/www.rri.ro\/wp-content\/uploads\/2024\/06\/banner-Enciclopedia-RRI.-960x540-2.jpg\" \/>\n\t<meta property=\"og:image:width\" content=\"960\" \/>\n\t<meta property=\"og:image:height\" content=\"540\" \/>\n\t<meta property=\"og:image:type\" content=\"image\/jpeg\" \/>\n<meta name=\"author\" content=\"Steliu Lambru\" \/>\n<meta name=\"twitter:card\" content=\"summary_large_image\" \/>\n<meta name=\"twitter:label1\" content=\"Written by\" \/>\n\t<meta name=\"twitter:data1\" content=\"Steliu Lambru\" \/>\n\t<meta name=\"twitter:label2\" content=\"Est. reading time\" \/>\n\t<meta name=\"twitter:data2\" content=\"5 minutes\" \/>\n<script type=\"application\/ld+json\" class=\"yoast-schema-graph\">{\"@context\":\"https:\\\/\\\/schema.org\",\"@graph\":[{\"@type\":\"Article\",\"@id\":\"https:\\\/\\\/www.rri.ro\\\/en\\\/features-and-reports\\\/the-history-show\\\/150-since-the-birth-of-constantin-brancusi-id983563.html#article\",\"isPartOf\":{\"@id\":\"https:\\\/\\\/www.rri.ro\\\/en\\\/features-and-reports\\\/the-history-show\\\/150-since-the-birth-of-constantin-brancusi-id983563.html\"},\"author\":{\"name\":\"Steliu Lambru\",\"@id\":\"https:\\\/\\\/www.rri.ro\\\/#\\\/schema\\\/person\\\/32dfff47877fea659b3b498015876c1d\"},\"headline\":\"150 years since the birth of Constantin Br\u00e2ncu\u0219i\",\"datePublished\":\"2026-02-23T10:56:58+00:00\",\"mainEntityOfPage\":{\"@id\":\"https:\\\/\\\/www.rri.ro\\\/en\\\/features-and-reports\\\/the-history-show\\\/150-since-the-birth-of-constantin-brancusi-id983563.html\"},\"wordCount\":938,\"image\":{\"@id\":\"https:\\\/\\\/www.rri.ro\\\/en\\\/features-and-reports\\\/the-history-show\\\/150-since-the-birth-of-constantin-brancusi-id983563.html#primaryimage\"},\"thumbnailUrl\":\"https:\\\/\\\/www.rri.ro\\\/wp-content\\\/uploads\\\/2024\\\/06\\\/banner-Enciclopedia-RRI.-960x540-2.jpg\",\"articleSection\":[\"The History Show\"],\"inLanguage\":\"en-US\"},{\"@type\":\"WebPage\",\"@id\":\"https:\\\/\\\/www.rri.ro\\\/en\\\/features-and-reports\\\/the-history-show\\\/150-since-the-birth-of-constantin-brancusi-id983563.html\",\"url\":\"https:\\\/\\\/www.rri.ro\\\/en\\\/features-and-reports\\\/the-history-show\\\/150-since-the-birth-of-constantin-brancusi-id983563.html\",\"name\":\"150 years since the birth of Constantin Br\u00e2ncu\u0219i - Radio Romania International\",\"isPartOf\":{\"@id\":\"https:\\\/\\\/www.rri.ro\\\/#website\"},\"primaryImageOfPage\":{\"@id\":\"https:\\\/\\\/www.rri.ro\\\/en\\\/features-and-reports\\\/the-history-show\\\/150-since-the-birth-of-constantin-brancusi-id983563.html#primaryimage\"},\"image\":{\"@id\":\"https:\\\/\\\/www.rri.ro\\\/en\\\/features-and-reports\\\/the-history-show\\\/150-since-the-birth-of-constantin-brancusi-id983563.html#primaryimage\"},\"thumbnailUrl\":\"https:\\\/\\\/www.rri.ro\\\/wp-content\\\/uploads\\\/2024\\\/06\\\/banner-Enciclopedia-RRI.-960x540-2.jpg\",\"datePublished\":\"2026-02-23T10:56:58+00:00\",\"author\":{\"@id\":\"https:\\\/\\\/www.rri.ro\\\/#\\\/schema\\\/person\\\/32dfff47877fea659b3b498015876c1d\"},\"breadcrumb\":{\"@id\":\"https:\\\/\\\/www.rri.ro\\\/en\\\/features-and-reports\\\/the-history-show\\\/150-since-the-birth-of-constantin-brancusi-id983563.html#breadcrumb\"},\"inLanguage\":\"en-US\",\"potentialAction\":[{\"@type\":\"ReadAction\",\"target\":[\"https:\\\/\\\/www.rri.ro\\\/en\\\/features-and-reports\\\/the-history-show\\\/150-since-the-birth-of-constantin-brancusi-id983563.html\"]}]},{\"@type\":\"ImageObject\",\"inLanguage\":\"en-US\",\"@id\":\"https:\\\/\\\/www.rri.ro\\\/en\\\/features-and-reports\\\/the-history-show\\\/150-since-the-birth-of-constantin-brancusi-id983563.html#primaryimage\",\"url\":\"https:\\\/\\\/www.rri.ro\\\/wp-content\\\/uploads\\\/2024\\\/06\\\/banner-Enciclopedia-RRI.-960x540-2.jpg\",\"contentUrl\":\"https:\\\/\\\/www.rri.ro\\\/wp-content\\\/uploads\\\/2024\\\/06\\\/banner-Enciclopedia-RRI.-960x540-2.jpg\",\"width\":960,\"height\":540},{\"@type\":\"BreadcrumbList\",\"@id\":\"https:\\\/\\\/www.rri.ro\\\/en\\\/features-and-reports\\\/the-history-show\\\/150-since-the-birth-of-constantin-brancusi-id983563.html#breadcrumb\",\"itemListElement\":[{\"@type\":\"ListItem\",\"position\":1,\"name\":\"Homepage\",\"item\":\"https:\\\/\\\/www.rri.ro\\\/en\"},{\"@type\":\"ListItem\",\"position\":2,\"name\":\"Panoramice\",\"item\":\"https:\\\/\\\/www.rri.ro\\\/panoramice\"},{\"@type\":\"ListItem\",\"position\":3,\"name\":\"The History Show\",\"item\":\"https:\\\/\\\/www.rri.ro\\\/en\\\/features-and-reports\\\/the-history-show\"},{\"@type\":\"ListItem\",\"position\":4,\"name\":\"150 years since the birth of Constantin Br\u00e2ncu\u0219i\"}]},{\"@type\":\"WebSite\",\"@id\":\"https:\\\/\\\/www.rri.ro\\\/#website\",\"url\":\"https:\\\/\\\/www.rri.ro\\\/\",\"name\":\"Radio Romania International\",\"description\":\"Totul despre Rom\u00e2nia \u015fi rom\u00e2ni, \u00een 13 limbi\\\/dialecte!\",\"inLanguage\":\"en-US\"},{\"@type\":\"Person\",\"@id\":\"https:\\\/\\\/www.rri.ro\\\/#\\\/schema\\\/person\\\/32dfff47877fea659b3b498015876c1d\",\"name\":\"Steliu Lambru\",\"url\":\"https:\\\/\\\/www.rri.ro\\\/en\\\/author\\\/steliu-lambru\"}]}<\/script>\n<!-- \/ Yoast SEO plugin. -->","yoast_head_json":{"title":"150 years since the birth of Constantin Br\u00e2ncu\u0219i - Radio Romania International","robots":{"index":"index","follow":"follow","max-snippet":"max-snippet:-1","max-image-preview":"max-image-preview:large","max-video-preview":"max-video-preview:-1"},"canonical":"https:\/\/www.rri.ro\/en\/features-and-reports\/the-history-show\/150-since-the-birth-of-constantin-brancusi-id983563.html","og_locale":"en_US","og_type":"article","og_title":"150 years since the birth of Constantin Br\u00e2ncu\u0219i - Radio Romania International","og_description":"For Romanian culture, February 19, 2026, is a very important date, as it marked the 150th anniversary of the birth of Constantin Br\u00e2ncu\u0219i, a world-renowned sculptor. To mark the occasion, we invited art critic Erwin Kessler, manager of the National Museum of Art of Romania, to summarize what makes Br\u00e2ncu\u0219i so remarkable. &#8220;For us, Br\u00e2ncu\u0219i [&hellip;]","og_url":"https:\/\/www.rri.ro\/en\/features-and-reports\/the-history-show\/150-since-the-birth-of-constantin-brancusi-id983563.html","og_site_name":"Radio Romania International","article_published_time":"2026-02-23T10:56:58+00:00","og_image":[{"width":960,"height":540,"url":"https:\/\/www.rri.ro\/wp-content\/uploads\/2024\/06\/banner-Enciclopedia-RRI.-960x540-2.jpg","type":"image\/jpeg"}],"author":"Steliu Lambru","twitter_card":"summary_large_image","twitter_misc":{"Written by":"Steliu Lambru","Est. reading time":"5 minutes"},"schema":{"@context":"https:\/\/schema.org","@graph":[{"@type":"Article","@id":"https:\/\/www.rri.ro\/en\/features-and-reports\/the-history-show\/150-since-the-birth-of-constantin-brancusi-id983563.html#article","isPartOf":{"@id":"https:\/\/www.rri.ro\/en\/features-and-reports\/the-history-show\/150-since-the-birth-of-constantin-brancusi-id983563.html"},"author":{"name":"Steliu Lambru","@id":"https:\/\/www.rri.ro\/#\/schema\/person\/32dfff47877fea659b3b498015876c1d"},"headline":"150 years since the birth of Constantin Br\u00e2ncu\u0219i","datePublished":"2026-02-23T10:56:58+00:00","mainEntityOfPage":{"@id":"https:\/\/www.rri.ro\/en\/features-and-reports\/the-history-show\/150-since-the-birth-of-constantin-brancusi-id983563.html"},"wordCount":938,"image":{"@id":"https:\/\/www.rri.ro\/en\/features-and-reports\/the-history-show\/150-since-the-birth-of-constantin-brancusi-id983563.html#primaryimage"},"thumbnailUrl":"https:\/\/www.rri.ro\/wp-content\/uploads\/2024\/06\/banner-Enciclopedia-RRI.-960x540-2.jpg","articleSection":["The History Show"],"inLanguage":"en-US"},{"@type":"WebPage","@id":"https:\/\/www.rri.ro\/en\/features-and-reports\/the-history-show\/150-since-the-birth-of-constantin-brancusi-id983563.html","url":"https:\/\/www.rri.ro\/en\/features-and-reports\/the-history-show\/150-since-the-birth-of-constantin-brancusi-id983563.html","name":"150 years since the birth of Constantin Br\u00e2ncu\u0219i - Radio Romania International","isPartOf":{"@id":"https:\/\/www.rri.ro\/#website"},"primaryImageOfPage":{"@id":"https:\/\/www.rri.ro\/en\/features-and-reports\/the-history-show\/150-since-the-birth-of-constantin-brancusi-id983563.html#primaryimage"},"image":{"@id":"https:\/\/www.rri.ro\/en\/features-and-reports\/the-history-show\/150-since-the-birth-of-constantin-brancusi-id983563.html#primaryimage"},"thumbnailUrl":"https:\/\/www.rri.ro\/wp-content\/uploads\/2024\/06\/banner-Enciclopedia-RRI.-960x540-2.jpg","datePublished":"2026-02-23T10:56:58+00:00","author":{"@id":"https:\/\/www.rri.ro\/#\/schema\/person\/32dfff47877fea659b3b498015876c1d"},"breadcrumb":{"@id":"https:\/\/www.rri.ro\/en\/features-and-reports\/the-history-show\/150-since-the-birth-of-constantin-brancusi-id983563.html#breadcrumb"},"inLanguage":"en-US","potentialAction":[{"@type":"ReadAction","target":["https:\/\/www.rri.ro\/en\/features-and-reports\/the-history-show\/150-since-the-birth-of-constantin-brancusi-id983563.html"]}]},{"@type":"ImageObject","inLanguage":"en-US","@id":"https:\/\/www.rri.ro\/en\/features-and-reports\/the-history-show\/150-since-the-birth-of-constantin-brancusi-id983563.html#primaryimage","url":"https:\/\/www.rri.ro\/wp-content\/uploads\/2024\/06\/banner-Enciclopedia-RRI.-960x540-2.jpg","contentUrl":"https:\/\/www.rri.ro\/wp-content\/uploads\/2024\/06\/banner-Enciclopedia-RRI.-960x540-2.jpg","width":960,"height":540},{"@type":"BreadcrumbList","@id":"https:\/\/www.rri.ro\/en\/features-and-reports\/the-history-show\/150-since-the-birth-of-constantin-brancusi-id983563.html#breadcrumb","itemListElement":[{"@type":"ListItem","position":1,"name":"Homepage","item":"https:\/\/www.rri.ro\/en"},{"@type":"ListItem","position":2,"name":"Panoramice","item":"https:\/\/www.rri.ro\/panoramice"},{"@type":"ListItem","position":3,"name":"The History Show","item":"https:\/\/www.rri.ro\/en\/features-and-reports\/the-history-show"},{"@type":"ListItem","position":4,"name":"150 years since the birth of Constantin Br\u00e2ncu\u0219i"}]},{"@type":"WebSite","@id":"https:\/\/www.rri.ro\/#website","url":"https:\/\/www.rri.ro\/","name":"Radio Romania International","description":"Totul despre Rom\u00e2nia \u015fi rom\u00e2ni, \u00een 13 limbi\/dialecte!","inLanguage":"en-US"},{"@type":"Person","@id":"https:\/\/www.rri.ro\/#\/schema\/person\/32dfff47877fea659b3b498015876c1d","name":"Steliu Lambru","url":"https:\/\/www.rri.ro\/en\/author\/steliu-lambru"}]}},"_links":{"self":[{"href":"https:\/\/www.rri.ro\/en\/wp-json\/wp\/v2\/posts\/983563","targetHints":{"allow":["GET"]}}],"collection":[{"href":"https:\/\/www.rri.ro\/en\/wp-json\/wp\/v2\/posts"}],"about":[{"href":"https:\/\/www.rri.ro\/en\/wp-json\/wp\/v2\/types\/post"}],"author":[{"embeddable":true,"href":"https:\/\/www.rri.ro\/en\/wp-json\/wp\/v2\/users\/127"}],"replies":[{"embeddable":true,"href":"https:\/\/www.rri.ro\/en\/wp-json\/wp\/v2\/comments?post=983563"}],"version-history":[{"count":0,"href":"https:\/\/www.rri.ro\/en\/wp-json\/wp\/v2\/posts\/983563\/revisions"}],"wp:featuredmedia":[{"embeddable":true,"href":"https:\/\/www.rri.ro\/en\/wp-json\/wp\/v2\/media\/780220"}],"wp:attachment":[{"href":"https:\/\/www.rri.ro\/en\/wp-json\/wp\/v2\/media?parent=983563"}],"wp:term":[{"taxonomy":"category","embeddable":true,"href":"https:\/\/www.rri.ro\/en\/wp-json\/wp\/v2\/categories?post=983563"},{"taxonomy":"post_tag","embeddable":true,"href":"https:\/\/www.rri.ro\/en\/wp-json\/wp\/v2\/tags?post=983563"},{"taxonomy":"author","embeddable":true,"href":"https:\/\/www.rri.ro\/en\/wp-json\/wp\/v2\/coauthors?post=983563"}],"curies":[{"name":"wp","href":"https:\/\/api.w.org\/{rel}","templated":true}]}}