{"id":98870,"date":"2013-08-23T12:05:00","date_gmt":"2013-08-23T09:05:00","guid":{"rendered":"http:\/\/devrri.freshlemon.ro\/news-and-current-affairs\/newsflash\/august-23-2013-98870.html"},"modified":"2024-02-15T19:08:49","modified_gmt":"2024-02-15T17:08:49","slug":"august-23-2013","status":"publish","type":"post","link":"https:\/\/www.rri.ro\/en\/news-and-current-affairs\/newsflash\/august-23-2013-id98870.html","title":{"rendered":"August 23, 2013"},"content":{"rendered":"<p>The Romanian Ministry of Economy has submitted to the European Commission a pre-notification on the amendments to the legislation in the field of renewable energy, but it has not received any request from Brussels regarding the investors\u2019 complaint. The Romanian government has decided to postpone until March 2017 the granting of green certificates for hydropower and solar stations and until 2018 for wind power stations. The decision has dissatisified the energy giant CEZ, the biggest investor in renewable energy in Romania, that said it had filed a complaint to the European Commission in the wake of Romania\u2019s decision, which might bring it losses worth as many as 66 million Euros a year. The Czech group entered the Romanian market in 2005, investing over 1 billion euros.<\/p>\n<p>&#13;<br \/>\n&#13;<\/p>\n<p>&#13;<br \/>\n&#13;<\/p>\n<p>&#13;<br \/>\n&#13;<\/p>\n<p>The Romanian make Dacia belonging to the French group Renault boasts the biggest increase in sales in Europe, despite the crisis, says the Financial Times. According to the British paper, the main strength of the Dacia cars is their price. In Great Britain for instance, a Dacia Duster car costs 9,000 pounds, nearly 4000 pounds less than rival makes cost. Renault has reported that its Romanian make provided 24% of the group\u2019s sales in Europe in the first half of the year. In Romania, the group\u2019s production capacity stands at 350,000 cars a year; car nr.5 million will be made at the beginning of 2014. In 2012, the Dacia plant\u2019s activity provided 7.7% of Romania\u2019s exports. The performance ranks Dacia first in the chart of this country\u2019s exporting companies.<\/p>\n<p>&#13;<br \/>\n&#13;<\/p>\n<p>&#13;<br \/>\n&#13;<\/p>\n<p>&#13;<br \/>\n&#13;<\/p>\n<p>A memorial to the victims of Stalinist deportations was inaugurated on Friday in Chisinau, the capital of the ex-Soviet Republic of Moldova with a predominantly Romanian-speaking population. According to documents, over 60,000 people were deported in several waves to Siberia and Kazahstan in the 1940s and 1950s in a crackdown campaign against Romanians in Bessarabia, the historical name of the Republic of Moldova after it was occupied by the Soviet Union. The event has a symbolic significance given that in the Republic of Moldova, even after the proclamation of its independence in 1991, there were forces trying to deny the crimes of the Soviet regime.<\/p>\n<p>&#13;<br \/>\n&#13;<\/p>\n<p>&#13;<br \/>\n&#13;<\/p>\n<p>&#13;<br \/>\n&#13;<\/p>\n<p>The EU foreign affairs head Catherine Ashton said &#8220;the international community must now act with a sense of urgency and responsibility&#8221; to end the violence in Syria. The increasing loss of life in this country and the possible use of chemical weapons makes it urgent that the international community find a political solution to the conflict. The UN Secretary general Ban Ki-moon has said in Seoul that any use of chemical weapons would constitute a &#8220;crime against humanity&#8221; and urged the regime to co-operate with an immediate investigation.  Russia has joined international calls for the inspectors to be given access to the site of the alleged massacre. The Russian Foreign Minister Serghei Lavrov and his American counterpart John Kerry discussed the issue over the phone and said they want an objective investigation conducted by the UN. The Syrian opposition has accused the government of having used chemical weapons that killed 1,300 people near Damascus, after lots of footage with civilian victims were posted on the Internet. The Syrian government denied the allegations.<\/p>\n<p>&#13;<br \/>\n&#13;<\/p>\n<p>&#13;<br \/>\n&#13;<\/p>\n<p>&#13;<br \/>\n&#13;<\/p>\n<p>The supporters of ousted Islamist president Mohamed Morsi have called for mass demonstrations on \u201cFriday of martyrs\u2019\u201d against the military power. FP reports that that is a test of the Brotherhood\u2019s ability to mobilize the masses of supporters after the dismantling of their leadership and the death of hundreds of supporters of the ousted president during heavy clashes over the last week. The army and the police go ahead with the bloody crackdown on pro-Morsi protesters ; Mohamed Morsi is the first democratically elected president coming from the Muslim Brotherhood. Morsi is detained in a secret place by the army, being accused of accessory to murders.<\/p>\n<p>&#13;<br \/>\n&#13;<\/p>\n<p>&#13;<br \/>\n&#13;<\/p>\n<p>&#13;<br \/>\n&#13;<\/p>\n<p>Tens of people were killed hundreads were wounded in two explosions on Friday in the northern Lebanese city of Tripoli. Twin car bombs exploded outside mosks at the end of the religious service on Friday. The blasts hit amid soaring tensions in Lebanon as a result of Syria\u2019s civil war, which has sharply polarized the country along sectarian lines and between supporters and opponents of the regime of Syrian President Bashar al-Assad. On August 15, a car bomb rocked a Shiite stronghold of Hezbollah in the southern suburbs of Beirut, also killing 27 people and wounding over 300.<\/p>\n<p>&#13;<br \/>\n&#13;<\/p>\n<p>&#13;<br \/>\n&#13;<\/p>\n<p>&#13;<br \/>\n&#13;<\/p>\n<p>Early elections will be held in the Czech Republic on October 25 and 26, the country\u2019s president Milos Zeman announced on Friday, Reuters and Associated Press report. The ballot will end a period of political stalemate triggered by a corruption and spying scandal that unseated the previous centre-right cabinet, headed by Petr Necas. According to pinion polls  the center-left Social Democrats will be the biggest party in the new parliament. The leader of the Social Democrats , Bohuslav Sobotka, told Reuters that his party could rule in a minority government supported by the Communist party or other factions in parliament.  It would be the first time since the 1989 Velvet revolution that the Communist party could have a direct impact on government policies.<\/p>\n<p>&#13;<\/p>\n","protected":false},"excerpt":{"rendered":"<p>For a roundup of domestic and international news, click here.<\/p>\n","protected":false},"author":110,"featured_media":49223,"comment_status":"closed","ping_status":"closed","sticky":false,"template":"","format":"standard","meta":{"_acf_changed":false,"footnotes":""},"categories":[22],"tags":[],"coauthors":[],"class_list":["post-98870","post","type-post","status-publish","format-standard","has-post-thumbnail","hentry","category-newsflash"],"acf":[],"yoast_head":"<!-- This site is optimized with the Yoast SEO plugin v27.3 - https:\/\/yoast.com\/product\/yoast-seo-wordpress\/ -->\n<title>August 23, 2013 - Radio Romania International<\/title>\n<meta name=\"robots\" content=\"index, follow, max-snippet:-1, max-image-preview:large, max-video-preview:-1\" \/>\n<link rel=\"canonical\" href=\"https:\/\/www.rri.ro\/en\/news-and-current-affairs\/newsflash\/august-23-2013-id98870.html\" \/>\n<meta property=\"og:locale\" content=\"en_US\" \/>\n<meta property=\"og:type\" content=\"article\" \/>\n<meta property=\"og:title\" content=\"August 23, 2013 - Radio Romania International\" \/>\n<meta property=\"og:description\" content=\"For a roundup of domestic and international news, click here.\" \/>\n<meta property=\"og:url\" content=\"https:\/\/www.rri.ro\/en\/news-and-current-affairs\/newsflash\/august-23-2013-id98870.html\" \/>\n<meta property=\"og:site_name\" content=\"Radio Romania International\" \/>\n<meta property=\"article:published_time\" content=\"2013-08-23T09:05:00+00:00\" \/>\n<meta property=\"article:modified_time\" content=\"2024-02-15T17:08:49+00:00\" \/>\n<meta property=\"og:image\" content=\"https:\/\/www.rri.ro\/wp-content\/uploads\/2023\/10\/NEWSFLASH-ENG2.png\" \/>\n\t<meta property=\"og:image:width\" content=\"450\" \/>\n\t<meta property=\"og:image:height\" content=\"304\" \/>\n\t<meta property=\"og:image:type\" content=\"image\/png\" \/>\n<meta name=\"author\" content=\"\u015etefan Stoica\" \/>\n<meta name=\"twitter:card\" content=\"summary_large_image\" \/>\n<meta name=\"twitter:label1\" content=\"Written by\" \/>\n\t<meta name=\"twitter:data1\" content=\"\u015etefan Stoica\" \/>\n\t<meta name=\"twitter:label2\" content=\"Est. reading time\" \/>\n\t<meta name=\"twitter:data2\" content=\"4 minutes\" \/>\n<script type=\"application\/ld+json\" class=\"yoast-schema-graph\">{\"@context\":\"https:\\\/\\\/schema.org\",\"@graph\":[{\"@type\":\"Article\",\"@id\":\"https:\\\/\\\/www.rri.ro\\\/en\\\/news-and-current-affairs\\\/newsflash\\\/august-23-2013-id98870.html#article\",\"isPartOf\":{\"@id\":\"https:\\\/\\\/www.rri.ro\\\/en\\\/news-and-current-affairs\\\/newsflash\\\/august-23-2013-id98870.html\"},\"author\":{\"name\":\"\u015etefan Stoica\",\"@id\":\"https:\\\/\\\/www.rri.ro\\\/#\\\/schema\\\/person\\\/2d81d5dc94d44190d13245f64551d334\"},\"headline\":\"August 23, 2013\",\"datePublished\":\"2013-08-23T09:05:00+00:00\",\"dateModified\":\"2024-02-15T17:08:49+00:00\",\"mainEntityOfPage\":{\"@id\":\"https:\\\/\\\/www.rri.ro\\\/en\\\/news-and-current-affairs\\\/newsflash\\\/august-23-2013-id98870.html\"},\"wordCount\":846,\"image\":{\"@id\":\"https:\\\/\\\/www.rri.ro\\\/en\\\/news-and-current-affairs\\\/newsflash\\\/august-23-2013-id98870.html#primaryimage\"},\"thumbnailUrl\":\"https:\\\/\\\/www.rri.ro\\\/wp-content\\\/uploads\\\/2023\\\/10\\\/NEWSFLASH-ENG2.png\",\"articleSection\":[\"Newsflash\"],\"inLanguage\":\"en-US\"},{\"@type\":\"WebPage\",\"@id\":\"https:\\\/\\\/www.rri.ro\\\/en\\\/news-and-current-affairs\\\/newsflash\\\/august-23-2013-id98870.html\",\"url\":\"https:\\\/\\\/www.rri.ro\\\/en\\\/news-and-current-affairs\\\/newsflash\\\/august-23-2013-id98870.html\",\"name\":\"August 23, 2013 - Radio Romania International\",\"isPartOf\":{\"@id\":\"https:\\\/\\\/www.rri.ro\\\/#website\"},\"primaryImageOfPage\":{\"@id\":\"https:\\\/\\\/www.rri.ro\\\/en\\\/news-and-current-affairs\\\/newsflash\\\/august-23-2013-id98870.html#primaryimage\"},\"image\":{\"@id\":\"https:\\\/\\\/www.rri.ro\\\/en\\\/news-and-current-affairs\\\/newsflash\\\/august-23-2013-id98870.html#primaryimage\"},\"thumbnailUrl\":\"https:\\\/\\\/www.rri.ro\\\/wp-content\\\/uploads\\\/2023\\\/10\\\/NEWSFLASH-ENG2.png\",\"datePublished\":\"2013-08-23T09:05:00+00:00\",\"dateModified\":\"2024-02-15T17:08:49+00:00\",\"author\":{\"@id\":\"https:\\\/\\\/www.rri.ro\\\/#\\\/schema\\\/person\\\/2d81d5dc94d44190d13245f64551d334\"},\"breadcrumb\":{\"@id\":\"https:\\\/\\\/www.rri.ro\\\/en\\\/news-and-current-affairs\\\/newsflash\\\/august-23-2013-id98870.html#breadcrumb\"},\"inLanguage\":\"en-US\",\"potentialAction\":[{\"@type\":\"ReadAction\",\"target\":[\"https:\\\/\\\/www.rri.ro\\\/en\\\/news-and-current-affairs\\\/newsflash\\\/august-23-2013-id98870.html\"]}]},{\"@type\":\"ImageObject\",\"inLanguage\":\"en-US\",\"@id\":\"https:\\\/\\\/www.rri.ro\\\/en\\\/news-and-current-affairs\\\/newsflash\\\/august-23-2013-id98870.html#primaryimage\",\"url\":\"https:\\\/\\\/www.rri.ro\\\/wp-content\\\/uploads\\\/2023\\\/10\\\/NEWSFLASH-ENG2.png\",\"contentUrl\":\"https:\\\/\\\/www.rri.ro\\\/wp-content\\\/uploads\\\/2023\\\/10\\\/NEWSFLASH-ENG2.png\",\"width\":450,\"height\":304},{\"@type\":\"BreadcrumbList\",\"@id\":\"https:\\\/\\\/www.rri.ro\\\/en\\\/news-and-current-affairs\\\/newsflash\\\/august-23-2013-id98870.html#breadcrumb\",\"itemListElement\":[{\"@type\":\"ListItem\",\"position\":1,\"name\":\"Homepage\",\"item\":\"https:\\\/\\\/www.rri.ro\\\/en\"},{\"@type\":\"ListItem\",\"position\":2,\"name\":\"News and Current Affairs\",\"item\":\"https:\\\/\\\/www.rri.ro\\\/en\\\/news-and-current-affairs\"},{\"@type\":\"ListItem\",\"position\":3,\"name\":\"Newsflash\",\"item\":\"https:\\\/\\\/www.rri.ro\\\/en\\\/news-and-current-affairs\\\/newsflash\"},{\"@type\":\"ListItem\",\"position\":4,\"name\":\"August 23, 2013\"}]},{\"@type\":\"WebSite\",\"@id\":\"https:\\\/\\\/www.rri.ro\\\/#website\",\"url\":\"https:\\\/\\\/www.rri.ro\\\/\",\"name\":\"Radio Romania International\",\"description\":\"Totul despre Rom\u00e2nia \u015fi rom\u00e2ni, \u00een 13 limbi\\\/dialecte!\",\"inLanguage\":\"en-US\"},{\"@type\":\"Person\",\"@id\":\"https:\\\/\\\/www.rri.ro\\\/#\\\/schema\\\/person\\\/2d81d5dc94d44190d13245f64551d334\",\"name\":\"\u015etefan Stoica\",\"url\":\"https:\\\/\\\/www.rri.ro\\\/en\\\/author\\\/stefan-stoica\"}]}<\/script>\n<!-- \/ Yoast SEO plugin. -->","yoast_head_json":{"title":"August 23, 2013 - Radio Romania International","robots":{"index":"index","follow":"follow","max-snippet":"max-snippet:-1","max-image-preview":"max-image-preview:large","max-video-preview":"max-video-preview:-1"},"canonical":"https:\/\/www.rri.ro\/en\/news-and-current-affairs\/newsflash\/august-23-2013-id98870.html","og_locale":"en_US","og_type":"article","og_title":"August 23, 2013 - Radio Romania International","og_description":"For a roundup of domestic and international news, click here.","og_url":"https:\/\/www.rri.ro\/en\/news-and-current-affairs\/newsflash\/august-23-2013-id98870.html","og_site_name":"Radio Romania International","article_published_time":"2013-08-23T09:05:00+00:00","article_modified_time":"2024-02-15T17:08:49+00:00","og_image":[{"width":450,"height":304,"url":"https:\/\/www.rri.ro\/wp-content\/uploads\/2023\/10\/NEWSFLASH-ENG2.png","type":"image\/png"}],"author":"\u015etefan Stoica","twitter_card":"summary_large_image","twitter_misc":{"Written by":"\u015etefan Stoica","Est. reading time":"4 minutes"},"schema":{"@context":"https:\/\/schema.org","@graph":[{"@type":"Article","@id":"https:\/\/www.rri.ro\/en\/news-and-current-affairs\/newsflash\/august-23-2013-id98870.html#article","isPartOf":{"@id":"https:\/\/www.rri.ro\/en\/news-and-current-affairs\/newsflash\/august-23-2013-id98870.html"},"author":{"name":"\u015etefan Stoica","@id":"https:\/\/www.rri.ro\/#\/schema\/person\/2d81d5dc94d44190d13245f64551d334"},"headline":"August 23, 2013","datePublished":"2013-08-23T09:05:00+00:00","dateModified":"2024-02-15T17:08:49+00:00","mainEntityOfPage":{"@id":"https:\/\/www.rri.ro\/en\/news-and-current-affairs\/newsflash\/august-23-2013-id98870.html"},"wordCount":846,"image":{"@id":"https:\/\/www.rri.ro\/en\/news-and-current-affairs\/newsflash\/august-23-2013-id98870.html#primaryimage"},"thumbnailUrl":"https:\/\/www.rri.ro\/wp-content\/uploads\/2023\/10\/NEWSFLASH-ENG2.png","articleSection":["Newsflash"],"inLanguage":"en-US"},{"@type":"WebPage","@id":"https:\/\/www.rri.ro\/en\/news-and-current-affairs\/newsflash\/august-23-2013-id98870.html","url":"https:\/\/www.rri.ro\/en\/news-and-current-affairs\/newsflash\/august-23-2013-id98870.html","name":"August 23, 2013 - Radio Romania International","isPartOf":{"@id":"https:\/\/www.rri.ro\/#website"},"primaryImageOfPage":{"@id":"https:\/\/www.rri.ro\/en\/news-and-current-affairs\/newsflash\/august-23-2013-id98870.html#primaryimage"},"image":{"@id":"https:\/\/www.rri.ro\/en\/news-and-current-affairs\/newsflash\/august-23-2013-id98870.html#primaryimage"},"thumbnailUrl":"https:\/\/www.rri.ro\/wp-content\/uploads\/2023\/10\/NEWSFLASH-ENG2.png","datePublished":"2013-08-23T09:05:00+00:00","dateModified":"2024-02-15T17:08:49+00:00","author":{"@id":"https:\/\/www.rri.ro\/#\/schema\/person\/2d81d5dc94d44190d13245f64551d334"},"breadcrumb":{"@id":"https:\/\/www.rri.ro\/en\/news-and-current-affairs\/newsflash\/august-23-2013-id98870.html#breadcrumb"},"inLanguage":"en-US","potentialAction":[{"@type":"ReadAction","target":["https:\/\/www.rri.ro\/en\/news-and-current-affairs\/newsflash\/august-23-2013-id98870.html"]}]},{"@type":"ImageObject","inLanguage":"en-US","@id":"https:\/\/www.rri.ro\/en\/news-and-current-affairs\/newsflash\/august-23-2013-id98870.html#primaryimage","url":"https:\/\/www.rri.ro\/wp-content\/uploads\/2023\/10\/NEWSFLASH-ENG2.png","contentUrl":"https:\/\/www.rri.ro\/wp-content\/uploads\/2023\/10\/NEWSFLASH-ENG2.png","width":450,"height":304},{"@type":"BreadcrumbList","@id":"https:\/\/www.rri.ro\/en\/news-and-current-affairs\/newsflash\/august-23-2013-id98870.html#breadcrumb","itemListElement":[{"@type":"ListItem","position":1,"name":"Homepage","item":"https:\/\/www.rri.ro\/en"},{"@type":"ListItem","position":2,"name":"News and Current Affairs","item":"https:\/\/www.rri.ro\/en\/news-and-current-affairs"},{"@type":"ListItem","position":3,"name":"Newsflash","item":"https:\/\/www.rri.ro\/en\/news-and-current-affairs\/newsflash"},{"@type":"ListItem","position":4,"name":"August 23, 2013"}]},{"@type":"WebSite","@id":"https:\/\/www.rri.ro\/#website","url":"https:\/\/www.rri.ro\/","name":"Radio Romania International","description":"Totul despre Rom\u00e2nia \u015fi rom\u00e2ni, \u00een 13 limbi\/dialecte!","inLanguage":"en-US"},{"@type":"Person","@id":"https:\/\/www.rri.ro\/#\/schema\/person\/2d81d5dc94d44190d13245f64551d334","name":"\u015etefan Stoica","url":"https:\/\/www.rri.ro\/en\/author\/stefan-stoica"}]}},"_links":{"self":[{"href":"https:\/\/www.rri.ro\/en\/wp-json\/wp\/v2\/posts\/98870","targetHints":{"allow":["GET"]}}],"collection":[{"href":"https:\/\/www.rri.ro\/en\/wp-json\/wp\/v2\/posts"}],"about":[{"href":"https:\/\/www.rri.ro\/en\/wp-json\/wp\/v2\/types\/post"}],"author":[{"embeddable":true,"href":"https:\/\/www.rri.ro\/en\/wp-json\/wp\/v2\/users\/110"}],"replies":[{"embeddable":true,"href":"https:\/\/www.rri.ro\/en\/wp-json\/wp\/v2\/comments?post=98870"}],"version-history":[{"count":0,"href":"https:\/\/www.rri.ro\/en\/wp-json\/wp\/v2\/posts\/98870\/revisions"}],"wp:featuredmedia":[{"embeddable":true,"href":"https:\/\/www.rri.ro\/en\/wp-json\/wp\/v2\/media\/49223"}],"wp:attachment":[{"href":"https:\/\/www.rri.ro\/en\/wp-json\/wp\/v2\/media?parent=98870"}],"wp:term":[{"taxonomy":"category","embeddable":true,"href":"https:\/\/www.rri.ro\/en\/wp-json\/wp\/v2\/categories?post=98870"},{"taxonomy":"post_tag","embeddable":true,"href":"https:\/\/www.rri.ro\/en\/wp-json\/wp\/v2\/tags?post=98870"},{"taxonomy":"author","embeddable":true,"href":"https:\/\/www.rri.ro\/en\/wp-json\/wp\/v2\/coauthors?post=98870"}],"curies":[{"name":"wp","href":"https:\/\/api.w.org\/{rel}","templated":true}]}}