{"id":98877,"date":"2013-08-29T00:30:00","date_gmt":"2013-08-28T21:30:00","guid":{"rendered":"http:\/\/devrri.freshlemon.ro\/news-and-current-affairs\/newsflash\/august-29-2013-98877.html"},"modified":"2024-02-15T19:08:55","modified_gmt":"2024-02-15T17:08:55","slug":"august-29-2013","status":"publish","type":"post","link":"https:\/\/www.rri.ro\/en\/news-and-current-affairs\/newsflash\/august-29-2013-id98877.html","title":{"rendered":"August 29, 2013"},"content":{"rendered":"<p>Xenophobia and racism seem to re-emerge in Europe, Romanian president Traian Basescu said on Thursday, at the end of a two day visit to Slovakia. He attended the ceremonies organised at the Military Cemetery of the Romanian Army in Zvolen (in the centre), where 10,000 Romanian soldiers are entombed and at the monument situated within Slovakia\u2019s Liberation Museum. Earlier, during the meeting he had with his Slovak counterpart, Ivan Gasparovic, the Romanian president said that both countries had adjusted and brought their legislation on ethnic minorities at European standards. Traian Basescu\u2019s visit comes against the backdrop of Slovakia celebrating 69 years since it liberated itself from Fascist occupation, a historical act to which the Romanian Army had a decisive contribution.<\/p>\n<p>&#13;<br \/>\n&#13;<\/p>\n<p>&#13;<br \/>\n&#13;<\/p>\n<p>The Foreign Ministry in Bucharest advises all Romanian citizens in Syria to leave the country as soon as possible given the worsening situation there. The Foreign Ministry pointed out that the only evacuation routes for the Romanian citizens are the roads to the neighbouring states- Lebanon, Jordan and Turkey. Romanian citizens in Syria are advised to contact the Romanian Embassy in Damascus by phone, fax or Internet, to signal their presence in the country and communicate their coordinates, as well as those of their relatives, so that in case of emergency they can ask for the Romanian state\u2019s assistance. All Romanian citizens affected by the current situation is Syria are invited to call 24\/7 the number +40.21.319.21.37 of the Consular Department for assistance and consular information. According to the estimates made by the Romanian Foreign Ministry, between 12,000 and 14,000 Romanian citizens are currently in Syria.<\/p>\n<p>&#13;<br \/>\n&#13;<\/p>\n<p>&#13;<br \/>\n&#13;<\/p>\n<p>The alleged chemical weapon attack blamed on the regime in Damascus continues to be a matter of concern for the Western chancelleries, whereas the investigation by the UN team of inspectors on the ground comes to an end on Friday. In London, British premier David Cameron has admitted before Parliament that he is not 100% sure that the regime of Bashar al Assad bears responsibility for the attack. In Paris, president Fran\u00e7ois Hollande has said fresh from a meeting with representatives of the Syrian opposition that the West should intervene in order to halt the escalation of violence. In turn, Berlin has announced that it is waiting for the conclusions drawn by the UN team of inspectors, whereas a survey made public on Thursday, too, shows that one in three Germans stands for an intervention in Syria. In Washington, the House of Representatives has called on president Barack Obama to make public his military plans on Syria. In turn, Moscow reiterated its opposition to a foreign intervention in Syria. Most likely than not, a decision on prospective attacks against the troops loyal to the regime in Damascus will be made after the conclusions of the investigations are made public at the UN Security Council, international news agencies report.<\/p>\n<p>&#13;<br \/>\n&#13;<\/p>\n<p>&#13;<br \/>\n&#13;<\/p>\n<p>Two highly appreciated Romanian films will be screened during the well-known International Film Festival in Haifa, Israel, which,this year, is held between September the 19th and 28th. The announcement was made on Thursday by the Romanian Cultural Institute. The films will be \u201cChild\u2019s Pose\u201d directed by Calin Peter Netzer and &#8220;About people and snails&#8221; by Tudor Giurgiu. &#8220;Child\u2019 Pose&#8221; is Romania\u2019s proposal for the \u201cbest foreign film\u201d category of the Oscars this year. In its turn, &#8220;About people and snails&#8221; won several prizes at international festivals, among which those in Warsaw-Poland and Valladolid- Spain.<\/p>\n<p>&#13;<br \/>\n&#13;<\/p>\n<p>&#13;<br \/>\n&#13;<\/p>\n<p>The only still inhibited medieval fortified citadel in southeastern Europe, Sighisoara, in central Romania, is hosting, as of Thursday, the 11th edition of the \u201cProetnica\u201d Intercultural Festival. The event brings together, until September 1st, over 800 representatives of the 20 ethnic communities in Romania. Song and dance shows, workshops, lectures, round tables and a handicrafts fair will be held as part of the event<\/p>\n<p>&#13;<br \/>\n&#13;<\/p>\n<p>&#13;<br \/>\n&#13;<\/p>\n<p>The Japanese capital city, Tokyo, is hosting for the 9th year in a row the International Classical Music Contest \u201cRomania\u201d. An already traditional cultural event in Japan, the contest will unfold this year between August the 28th and September the 1st. The event in Tokyo is organised by the \u201cRomania\u201d Classical Music Society based in Japan, chaired by Mrs Kazuko Shimada. The contest is destined for music lovers aged over 15, but not necessarily classical music professionals, hence the success it enjoys with the public, as hundreds of musicians take part in the music contest qualifiers.<\/p>\n<p>&#13;<br \/>\n&#13;<\/p>\n<p>&#13;<br \/>\n&#13;<\/p>\n<p>Following the Champions League group stage draw in Monaco on Thursday, Steaua Bucharest discover their fate in the competition. The Romanian footballers will play in Group E, alongside Chelsea, Schalke and Basel.<\/p>\n<p>&#13;<\/p>\n","protected":false},"excerpt":{"rendered":"<p>Click here for a roundup of domestic and international news&#8230;.<\/p>\n","protected":false},"author":112,"featured_media":49223,"comment_status":"closed","ping_status":"closed","sticky":false,"template":"","format":"standard","meta":{"_acf_changed":false,"footnotes":""},"categories":[22],"tags":[],"coauthors":[],"class_list":["post-98877","post","type-post","status-publish","format-standard","has-post-thumbnail","hentry","category-newsflash"],"acf":[],"yoast_head":"<!-- This site is optimized with the Yoast SEO plugin v27.3 - https:\/\/yoast.com\/product\/yoast-seo-wordpress\/ -->\n<title>August 29, 2013 - Radio Romania International<\/title>\n<meta name=\"robots\" content=\"index, follow, max-snippet:-1, max-image-preview:large, max-video-preview:-1\" \/>\n<link rel=\"canonical\" href=\"https:\/\/www.rri.ro\/en\/news-and-current-affairs\/newsflash\/august-29-2013-id98877.html\" \/>\n<meta property=\"og:locale\" content=\"en_US\" \/>\n<meta property=\"og:type\" content=\"article\" \/>\n<meta property=\"og:title\" content=\"August 29, 2013 - Radio Romania International\" \/>\n<meta property=\"og:description\" content=\"Click here for a roundup of domestic and international news....\" \/>\n<meta property=\"og:url\" content=\"https:\/\/www.rri.ro\/en\/news-and-current-affairs\/newsflash\/august-29-2013-id98877.html\" \/>\n<meta property=\"og:site_name\" content=\"Radio Romania International\" \/>\n<meta property=\"article:published_time\" content=\"2013-08-28T21:30:00+00:00\" \/>\n<meta property=\"article:modified_time\" content=\"2024-02-15T17:08:55+00:00\" \/>\n<meta property=\"og:image\" content=\"https:\/\/www.rri.ro\/wp-content\/uploads\/2023\/10\/NEWSFLASH-ENG2.png\" \/>\n\t<meta property=\"og:image:width\" content=\"450\" \/>\n\t<meta property=\"og:image:height\" content=\"304\" \/>\n\t<meta property=\"og:image:type\" content=\"image\/png\" \/>\n<meta name=\"author\" content=\"Florentin C\u0103pit\u0103nescu\" \/>\n<meta name=\"twitter:card\" content=\"summary_large_image\" \/>\n<meta name=\"twitter:label1\" content=\"Written by\" \/>\n\t<meta name=\"twitter:data1\" content=\"Florentin C\u0103pit\u0103nescu\" \/>\n\t<meta name=\"twitter:label2\" content=\"Est. reading time\" \/>\n\t<meta name=\"twitter:data2\" content=\"4 minutes\" \/>\n<script type=\"application\/ld+json\" class=\"yoast-schema-graph\">{\"@context\":\"https:\\\/\\\/schema.org\",\"@graph\":[{\"@type\":\"Article\",\"@id\":\"https:\\\/\\\/www.rri.ro\\\/en\\\/news-and-current-affairs\\\/newsflash\\\/august-29-2013-id98877.html#article\",\"isPartOf\":{\"@id\":\"https:\\\/\\\/www.rri.ro\\\/en\\\/news-and-current-affairs\\\/newsflash\\\/august-29-2013-id98877.html\"},\"author\":{\"name\":\"Florentin C\u0103pit\u0103nescu\",\"@id\":\"https:\\\/\\\/www.rri.ro\\\/#\\\/schema\\\/person\\\/430739eeb293f73734db2c6703951289\"},\"headline\":\"August 29, 2013\",\"datePublished\":\"2013-08-28T21:30:00+00:00\",\"dateModified\":\"2024-02-15T17:08:55+00:00\",\"mainEntityOfPage\":{\"@id\":\"https:\\\/\\\/www.rri.ro\\\/en\\\/news-and-current-affairs\\\/newsflash\\\/august-29-2013-id98877.html\"},\"wordCount\":758,\"image\":{\"@id\":\"https:\\\/\\\/www.rri.ro\\\/en\\\/news-and-current-affairs\\\/newsflash\\\/august-29-2013-id98877.html#primaryimage\"},\"thumbnailUrl\":\"https:\\\/\\\/www.rri.ro\\\/wp-content\\\/uploads\\\/2023\\\/10\\\/NEWSFLASH-ENG2.png\",\"articleSection\":[\"Newsflash\"],\"inLanguage\":\"en-US\"},{\"@type\":\"WebPage\",\"@id\":\"https:\\\/\\\/www.rri.ro\\\/en\\\/news-and-current-affairs\\\/newsflash\\\/august-29-2013-id98877.html\",\"url\":\"https:\\\/\\\/www.rri.ro\\\/en\\\/news-and-current-affairs\\\/newsflash\\\/august-29-2013-id98877.html\",\"name\":\"August 29, 2013 - Radio Romania International\",\"isPartOf\":{\"@id\":\"https:\\\/\\\/www.rri.ro\\\/#website\"},\"primaryImageOfPage\":{\"@id\":\"https:\\\/\\\/www.rri.ro\\\/en\\\/news-and-current-affairs\\\/newsflash\\\/august-29-2013-id98877.html#primaryimage\"},\"image\":{\"@id\":\"https:\\\/\\\/www.rri.ro\\\/en\\\/news-and-current-affairs\\\/newsflash\\\/august-29-2013-id98877.html#primaryimage\"},\"thumbnailUrl\":\"https:\\\/\\\/www.rri.ro\\\/wp-content\\\/uploads\\\/2023\\\/10\\\/NEWSFLASH-ENG2.png\",\"datePublished\":\"2013-08-28T21:30:00+00:00\",\"dateModified\":\"2024-02-15T17:08:55+00:00\",\"author\":{\"@id\":\"https:\\\/\\\/www.rri.ro\\\/#\\\/schema\\\/person\\\/430739eeb293f73734db2c6703951289\"},\"breadcrumb\":{\"@id\":\"https:\\\/\\\/www.rri.ro\\\/en\\\/news-and-current-affairs\\\/newsflash\\\/august-29-2013-id98877.html#breadcrumb\"},\"inLanguage\":\"en-US\",\"potentialAction\":[{\"@type\":\"ReadAction\",\"target\":[\"https:\\\/\\\/www.rri.ro\\\/en\\\/news-and-current-affairs\\\/newsflash\\\/august-29-2013-id98877.html\"]}]},{\"@type\":\"ImageObject\",\"inLanguage\":\"en-US\",\"@id\":\"https:\\\/\\\/www.rri.ro\\\/en\\\/news-and-current-affairs\\\/newsflash\\\/august-29-2013-id98877.html#primaryimage\",\"url\":\"https:\\\/\\\/www.rri.ro\\\/wp-content\\\/uploads\\\/2023\\\/10\\\/NEWSFLASH-ENG2.png\",\"contentUrl\":\"https:\\\/\\\/www.rri.ro\\\/wp-content\\\/uploads\\\/2023\\\/10\\\/NEWSFLASH-ENG2.png\",\"width\":450,\"height\":304},{\"@type\":\"BreadcrumbList\",\"@id\":\"https:\\\/\\\/www.rri.ro\\\/en\\\/news-and-current-affairs\\\/newsflash\\\/august-29-2013-id98877.html#breadcrumb\",\"itemListElement\":[{\"@type\":\"ListItem\",\"position\":1,\"name\":\"Homepage\",\"item\":\"https:\\\/\\\/www.rri.ro\\\/en\"},{\"@type\":\"ListItem\",\"position\":2,\"name\":\"News and Current Affairs\",\"item\":\"https:\\\/\\\/www.rri.ro\\\/en\\\/news-and-current-affairs\"},{\"@type\":\"ListItem\",\"position\":3,\"name\":\"Newsflash\",\"item\":\"https:\\\/\\\/www.rri.ro\\\/en\\\/news-and-current-affairs\\\/newsflash\"},{\"@type\":\"ListItem\",\"position\":4,\"name\":\"August 29, 2013\"}]},{\"@type\":\"WebSite\",\"@id\":\"https:\\\/\\\/www.rri.ro\\\/#website\",\"url\":\"https:\\\/\\\/www.rri.ro\\\/\",\"name\":\"Radio Romania International\",\"description\":\"Totul despre Rom\u00e2nia \u015fi rom\u00e2ni, \u00een 13 limbi\\\/dialecte!\",\"inLanguage\":\"en-US\"},{\"@type\":\"Person\",\"@id\":\"https:\\\/\\\/www.rri.ro\\\/#\\\/schema\\\/person\\\/430739eeb293f73734db2c6703951289\",\"name\":\"Florentin C\u0103pit\u0103nescu\",\"url\":\"https:\\\/\\\/www.rri.ro\\\/en\\\/author\\\/florentin-capitanescu\"}]}<\/script>\n<!-- \/ Yoast SEO plugin. -->","yoast_head_json":{"title":"August 29, 2013 - Radio Romania International","robots":{"index":"index","follow":"follow","max-snippet":"max-snippet:-1","max-image-preview":"max-image-preview:large","max-video-preview":"max-video-preview:-1"},"canonical":"https:\/\/www.rri.ro\/en\/news-and-current-affairs\/newsflash\/august-29-2013-id98877.html","og_locale":"en_US","og_type":"article","og_title":"August 29, 2013 - Radio Romania International","og_description":"Click here for a roundup of domestic and international news....","og_url":"https:\/\/www.rri.ro\/en\/news-and-current-affairs\/newsflash\/august-29-2013-id98877.html","og_site_name":"Radio Romania International","article_published_time":"2013-08-28T21:30:00+00:00","article_modified_time":"2024-02-15T17:08:55+00:00","og_image":[{"width":450,"height":304,"url":"https:\/\/www.rri.ro\/wp-content\/uploads\/2023\/10\/NEWSFLASH-ENG2.png","type":"image\/png"}],"author":"Florentin C\u0103pit\u0103nescu","twitter_card":"summary_large_image","twitter_misc":{"Written by":"Florentin C\u0103pit\u0103nescu","Est. reading time":"4 minutes"},"schema":{"@context":"https:\/\/schema.org","@graph":[{"@type":"Article","@id":"https:\/\/www.rri.ro\/en\/news-and-current-affairs\/newsflash\/august-29-2013-id98877.html#article","isPartOf":{"@id":"https:\/\/www.rri.ro\/en\/news-and-current-affairs\/newsflash\/august-29-2013-id98877.html"},"author":{"name":"Florentin C\u0103pit\u0103nescu","@id":"https:\/\/www.rri.ro\/#\/schema\/person\/430739eeb293f73734db2c6703951289"},"headline":"August 29, 2013","datePublished":"2013-08-28T21:30:00+00:00","dateModified":"2024-02-15T17:08:55+00:00","mainEntityOfPage":{"@id":"https:\/\/www.rri.ro\/en\/news-and-current-affairs\/newsflash\/august-29-2013-id98877.html"},"wordCount":758,"image":{"@id":"https:\/\/www.rri.ro\/en\/news-and-current-affairs\/newsflash\/august-29-2013-id98877.html#primaryimage"},"thumbnailUrl":"https:\/\/www.rri.ro\/wp-content\/uploads\/2023\/10\/NEWSFLASH-ENG2.png","articleSection":["Newsflash"],"inLanguage":"en-US"},{"@type":"WebPage","@id":"https:\/\/www.rri.ro\/en\/news-and-current-affairs\/newsflash\/august-29-2013-id98877.html","url":"https:\/\/www.rri.ro\/en\/news-and-current-affairs\/newsflash\/august-29-2013-id98877.html","name":"August 29, 2013 - Radio Romania International","isPartOf":{"@id":"https:\/\/www.rri.ro\/#website"},"primaryImageOfPage":{"@id":"https:\/\/www.rri.ro\/en\/news-and-current-affairs\/newsflash\/august-29-2013-id98877.html#primaryimage"},"image":{"@id":"https:\/\/www.rri.ro\/en\/news-and-current-affairs\/newsflash\/august-29-2013-id98877.html#primaryimage"},"thumbnailUrl":"https:\/\/www.rri.ro\/wp-content\/uploads\/2023\/10\/NEWSFLASH-ENG2.png","datePublished":"2013-08-28T21:30:00+00:00","dateModified":"2024-02-15T17:08:55+00:00","author":{"@id":"https:\/\/www.rri.ro\/#\/schema\/person\/430739eeb293f73734db2c6703951289"},"breadcrumb":{"@id":"https:\/\/www.rri.ro\/en\/news-and-current-affairs\/newsflash\/august-29-2013-id98877.html#breadcrumb"},"inLanguage":"en-US","potentialAction":[{"@type":"ReadAction","target":["https:\/\/www.rri.ro\/en\/news-and-current-affairs\/newsflash\/august-29-2013-id98877.html"]}]},{"@type":"ImageObject","inLanguage":"en-US","@id":"https:\/\/www.rri.ro\/en\/news-and-current-affairs\/newsflash\/august-29-2013-id98877.html#primaryimage","url":"https:\/\/www.rri.ro\/wp-content\/uploads\/2023\/10\/NEWSFLASH-ENG2.png","contentUrl":"https:\/\/www.rri.ro\/wp-content\/uploads\/2023\/10\/NEWSFLASH-ENG2.png","width":450,"height":304},{"@type":"BreadcrumbList","@id":"https:\/\/www.rri.ro\/en\/news-and-current-affairs\/newsflash\/august-29-2013-id98877.html#breadcrumb","itemListElement":[{"@type":"ListItem","position":1,"name":"Homepage","item":"https:\/\/www.rri.ro\/en"},{"@type":"ListItem","position":2,"name":"News and Current Affairs","item":"https:\/\/www.rri.ro\/en\/news-and-current-affairs"},{"@type":"ListItem","position":3,"name":"Newsflash","item":"https:\/\/www.rri.ro\/en\/news-and-current-affairs\/newsflash"},{"@type":"ListItem","position":4,"name":"August 29, 2013"}]},{"@type":"WebSite","@id":"https:\/\/www.rri.ro\/#website","url":"https:\/\/www.rri.ro\/","name":"Radio Romania International","description":"Totul despre Rom\u00e2nia \u015fi rom\u00e2ni, \u00een 13 limbi\/dialecte!","inLanguage":"en-US"},{"@type":"Person","@id":"https:\/\/www.rri.ro\/#\/schema\/person\/430739eeb293f73734db2c6703951289","name":"Florentin C\u0103pit\u0103nescu","url":"https:\/\/www.rri.ro\/en\/author\/florentin-capitanescu"}]}},"_links":{"self":[{"href":"https:\/\/www.rri.ro\/en\/wp-json\/wp\/v2\/posts\/98877","targetHints":{"allow":["GET"]}}],"collection":[{"href":"https:\/\/www.rri.ro\/en\/wp-json\/wp\/v2\/posts"}],"about":[{"href":"https:\/\/www.rri.ro\/en\/wp-json\/wp\/v2\/types\/post"}],"author":[{"embeddable":true,"href":"https:\/\/www.rri.ro\/en\/wp-json\/wp\/v2\/users\/112"}],"replies":[{"embeddable":true,"href":"https:\/\/www.rri.ro\/en\/wp-json\/wp\/v2\/comments?post=98877"}],"version-history":[{"count":0,"href":"https:\/\/www.rri.ro\/en\/wp-json\/wp\/v2\/posts\/98877\/revisions"}],"wp:featuredmedia":[{"embeddable":true,"href":"https:\/\/www.rri.ro\/en\/wp-json\/wp\/v2\/media\/49223"}],"wp:attachment":[{"href":"https:\/\/www.rri.ro\/en\/wp-json\/wp\/v2\/media?parent=98877"}],"wp:term":[{"taxonomy":"category","embeddable":true,"href":"https:\/\/www.rri.ro\/en\/wp-json\/wp\/v2\/categories?post=98877"},{"taxonomy":"post_tag","embeddable":true,"href":"https:\/\/www.rri.ro\/en\/wp-json\/wp\/v2\/tags?post=98877"},{"taxonomy":"author","embeddable":true,"href":"https:\/\/www.rri.ro\/en\/wp-json\/wp\/v2\/coauthors?post=98877"}],"curies":[{"name":"wp","href":"https:\/\/api.w.org\/{rel}","templated":true}]}}