{"id":98899,"date":"2013-09-20T14:13:00","date_gmt":"2013-09-20T11:13:00","guid":{"rendered":"http:\/\/devrri.freshlemon.ro\/news-and-current-affairs\/newsflash\/september-20-2013-98899.html"},"modified":"2024-02-15T19:09:13","modified_gmt":"2024-02-15T17:09:13","slug":"september-20-2013","status":"publish","type":"post","link":"https:\/\/www.rri.ro\/en\/news-and-current-affairs\/newsflash\/september-20-2013-id98899.html","title":{"rendered":"September 20, 2013"},"content":{"rendered":"<p>Employees in the health-care system in Romania on Friday protested for the third day in a row, denouncing the lack of proper financing of the system and calling for a minimum of 6% of the GDP. Representatives of the professionals coalition have accepted to talk to Health Minister Eugen Nicolaescu on Sunday, but have announced that piqueting will continue until September 27th. Unless their claims are solved, employees in the health-care sector will stage a big rally in the capital in October, and in November will start an all-out strike.<\/p>\n<p>&#13;<br \/>\n&#13;<\/p>\n<p>&#13;<br \/>\n&#13;<\/p>\n<p>The Moldovan defence minister Vitalie Marinuta had talks on Friday in Bucharest with his Romanian counterpart Mircea Dusa. The two officials agreed to main a high level of bilateral cooperation between their respective ministries. The Moldovan minister thanked the Romanian Army for its constant support in the reorganisation and modernisation of the Moldovan Army. He also had talks with Romania\u2019s foreign minister Titus Corlatean, who reiterated Romania\u2019s full support for the European integration of the Republic of Moldova and the latter\u2019s progress ahead of the upcoming meeting of the Eastern Partnership hosted by Vilnius in November.<\/p>\n<p>&#13;<br \/>\n&#13;<\/p>\n<p>&#13;<br \/>\n&#13;<\/p>\n<p>The Romanian students who participated in the 7th edition of the International Earth Science Olympiad held in India between the 11th and the 19th of September won a gold and three silver medals. In the official nations\u2019 standings, Romania ranked third together with Japan, after Taiwan and South Korea. 101 students from 28 different countries took part in this year\u2019s International Earth Science Olympiad.<\/p>\n<p>&#13;<\/p>\n","protected":false},"excerpt":{"rendered":"<p>Click here for a roundup of domestic news.<\/p>\n","protected":false},"author":112,"featured_media":49223,"comment_status":"closed","ping_status":"closed","sticky":false,"template":"","format":"standard","meta":{"_acf_changed":false,"footnotes":""},"categories":[22],"tags":[],"coauthors":[],"class_list":["post-98899","post","type-post","status-publish","format-standard","has-post-thumbnail","hentry","category-newsflash"],"acf":[],"yoast_head":"<!-- This site is optimized with the Yoast SEO plugin v27.3 - https:\/\/yoast.com\/product\/yoast-seo-wordpress\/ -->\n<title>September 20, 2013 - Radio Romania International<\/title>\n<meta name=\"robots\" content=\"index, follow, max-snippet:-1, max-image-preview:large, max-video-preview:-1\" \/>\n<link rel=\"canonical\" href=\"https:\/\/www.rri.ro\/en\/news-and-current-affairs\/newsflash\/september-20-2013-id98899.html\" \/>\n<meta property=\"og:locale\" content=\"en_US\" \/>\n<meta property=\"og:type\" content=\"article\" \/>\n<meta property=\"og:title\" content=\"September 20, 2013 - Radio Romania International\" \/>\n<meta property=\"og:description\" content=\"Click here for a roundup of domestic news.\" \/>\n<meta property=\"og:url\" content=\"https:\/\/www.rri.ro\/en\/news-and-current-affairs\/newsflash\/september-20-2013-id98899.html\" \/>\n<meta property=\"og:site_name\" content=\"Radio Romania International\" \/>\n<meta property=\"article:published_time\" content=\"2013-09-20T11:13:00+00:00\" \/>\n<meta property=\"article:modified_time\" content=\"2024-02-15T17:09:13+00:00\" \/>\n<meta property=\"og:image\" content=\"https:\/\/www.rri.ro\/wp-content\/uploads\/2023\/10\/NEWSFLASH-ENG2.png\" \/>\n\t<meta property=\"og:image:width\" content=\"450\" \/>\n\t<meta property=\"og:image:height\" content=\"304\" \/>\n\t<meta property=\"og:image:type\" content=\"image\/png\" \/>\n<meta name=\"author\" content=\"Florentin C\u0103pit\u0103nescu\" \/>\n<meta name=\"twitter:card\" content=\"summary_large_image\" \/>\n<meta name=\"twitter:label1\" content=\"Written by\" \/>\n\t<meta name=\"twitter:data1\" content=\"Florentin C\u0103pit\u0103nescu\" \/>\n\t<meta name=\"twitter:label2\" content=\"Est. reading time\" \/>\n\t<meta name=\"twitter:data2\" content=\"1 minute\" \/>\n<script type=\"application\/ld+json\" class=\"yoast-schema-graph\">{\"@context\":\"https:\\\/\\\/schema.org\",\"@graph\":[{\"@type\":\"Article\",\"@id\":\"https:\\\/\\\/www.rri.ro\\\/en\\\/news-and-current-affairs\\\/newsflash\\\/september-20-2013-id98899.html#article\",\"isPartOf\":{\"@id\":\"https:\\\/\\\/www.rri.ro\\\/en\\\/news-and-current-affairs\\\/newsflash\\\/september-20-2013-id98899.html\"},\"author\":{\"name\":\"Florentin C\u0103pit\u0103nescu\",\"@id\":\"https:\\\/\\\/www.rri.ro\\\/#\\\/schema\\\/person\\\/430739eeb293f73734db2c6703951289\"},\"headline\":\"September 20, 2013\",\"datePublished\":\"2013-09-20T11:13:00+00:00\",\"dateModified\":\"2024-02-15T17:09:13+00:00\",\"mainEntityOfPage\":{\"@id\":\"https:\\\/\\\/www.rri.ro\\\/en\\\/news-and-current-affairs\\\/newsflash\\\/september-20-2013-id98899.html\"},\"wordCount\":252,\"image\":{\"@id\":\"https:\\\/\\\/www.rri.ro\\\/en\\\/news-and-current-affairs\\\/newsflash\\\/september-20-2013-id98899.html#primaryimage\"},\"thumbnailUrl\":\"https:\\\/\\\/www.rri.ro\\\/wp-content\\\/uploads\\\/2023\\\/10\\\/NEWSFLASH-ENG2.png\",\"articleSection\":[\"Newsflash\"],\"inLanguage\":\"en-US\"},{\"@type\":\"WebPage\",\"@id\":\"https:\\\/\\\/www.rri.ro\\\/en\\\/news-and-current-affairs\\\/newsflash\\\/september-20-2013-id98899.html\",\"url\":\"https:\\\/\\\/www.rri.ro\\\/en\\\/news-and-current-affairs\\\/newsflash\\\/september-20-2013-id98899.html\",\"name\":\"September 20, 2013 - Radio Romania International\",\"isPartOf\":{\"@id\":\"https:\\\/\\\/www.rri.ro\\\/#website\"},\"primaryImageOfPage\":{\"@id\":\"https:\\\/\\\/www.rri.ro\\\/en\\\/news-and-current-affairs\\\/newsflash\\\/september-20-2013-id98899.html#primaryimage\"},\"image\":{\"@id\":\"https:\\\/\\\/www.rri.ro\\\/en\\\/news-and-current-affairs\\\/newsflash\\\/september-20-2013-id98899.html#primaryimage\"},\"thumbnailUrl\":\"https:\\\/\\\/www.rri.ro\\\/wp-content\\\/uploads\\\/2023\\\/10\\\/NEWSFLASH-ENG2.png\",\"datePublished\":\"2013-09-20T11:13:00+00:00\",\"dateModified\":\"2024-02-15T17:09:13+00:00\",\"author\":{\"@id\":\"https:\\\/\\\/www.rri.ro\\\/#\\\/schema\\\/person\\\/430739eeb293f73734db2c6703951289\"},\"breadcrumb\":{\"@id\":\"https:\\\/\\\/www.rri.ro\\\/en\\\/news-and-current-affairs\\\/newsflash\\\/september-20-2013-id98899.html#breadcrumb\"},\"inLanguage\":\"en-US\",\"potentialAction\":[{\"@type\":\"ReadAction\",\"target\":[\"https:\\\/\\\/www.rri.ro\\\/en\\\/news-and-current-affairs\\\/newsflash\\\/september-20-2013-id98899.html\"]}]},{\"@type\":\"ImageObject\",\"inLanguage\":\"en-US\",\"@id\":\"https:\\\/\\\/www.rri.ro\\\/en\\\/news-and-current-affairs\\\/newsflash\\\/september-20-2013-id98899.html#primaryimage\",\"url\":\"https:\\\/\\\/www.rri.ro\\\/wp-content\\\/uploads\\\/2023\\\/10\\\/NEWSFLASH-ENG2.png\",\"contentUrl\":\"https:\\\/\\\/www.rri.ro\\\/wp-content\\\/uploads\\\/2023\\\/10\\\/NEWSFLASH-ENG2.png\",\"width\":450,\"height\":304},{\"@type\":\"BreadcrumbList\",\"@id\":\"https:\\\/\\\/www.rri.ro\\\/en\\\/news-and-current-affairs\\\/newsflash\\\/september-20-2013-id98899.html#breadcrumb\",\"itemListElement\":[{\"@type\":\"ListItem\",\"position\":1,\"name\":\"Homepage\",\"item\":\"https:\\\/\\\/www.rri.ro\\\/en\"},{\"@type\":\"ListItem\",\"position\":2,\"name\":\"News and Current Affairs\",\"item\":\"https:\\\/\\\/www.rri.ro\\\/en\\\/news-and-current-affairs\"},{\"@type\":\"ListItem\",\"position\":3,\"name\":\"Newsflash\",\"item\":\"https:\\\/\\\/www.rri.ro\\\/en\\\/news-and-current-affairs\\\/newsflash\"},{\"@type\":\"ListItem\",\"position\":4,\"name\":\"September 20, 2013\"}]},{\"@type\":\"WebSite\",\"@id\":\"https:\\\/\\\/www.rri.ro\\\/#website\",\"url\":\"https:\\\/\\\/www.rri.ro\\\/\",\"name\":\"Radio Romania International\",\"description\":\"Totul despre Rom\u00e2nia \u015fi rom\u00e2ni, \u00een 13 limbi\\\/dialecte!\",\"inLanguage\":\"en-US\"},{\"@type\":\"Person\",\"@id\":\"https:\\\/\\\/www.rri.ro\\\/#\\\/schema\\\/person\\\/430739eeb293f73734db2c6703951289\",\"name\":\"Florentin C\u0103pit\u0103nescu\",\"url\":\"https:\\\/\\\/www.rri.ro\\\/en\\\/author\\\/florentin-capitanescu\"}]}<\/script>\n<!-- \/ Yoast SEO plugin. -->","yoast_head_json":{"title":"September 20, 2013 - Radio Romania International","robots":{"index":"index","follow":"follow","max-snippet":"max-snippet:-1","max-image-preview":"max-image-preview:large","max-video-preview":"max-video-preview:-1"},"canonical":"https:\/\/www.rri.ro\/en\/news-and-current-affairs\/newsflash\/september-20-2013-id98899.html","og_locale":"en_US","og_type":"article","og_title":"September 20, 2013 - Radio Romania International","og_description":"Click here for a roundup of domestic news.","og_url":"https:\/\/www.rri.ro\/en\/news-and-current-affairs\/newsflash\/september-20-2013-id98899.html","og_site_name":"Radio Romania International","article_published_time":"2013-09-20T11:13:00+00:00","article_modified_time":"2024-02-15T17:09:13+00:00","og_image":[{"width":450,"height":304,"url":"https:\/\/www.rri.ro\/wp-content\/uploads\/2023\/10\/NEWSFLASH-ENG2.png","type":"image\/png"}],"author":"Florentin C\u0103pit\u0103nescu","twitter_card":"summary_large_image","twitter_misc":{"Written by":"Florentin C\u0103pit\u0103nescu","Est. reading time":"1 minute"},"schema":{"@context":"https:\/\/schema.org","@graph":[{"@type":"Article","@id":"https:\/\/www.rri.ro\/en\/news-and-current-affairs\/newsflash\/september-20-2013-id98899.html#article","isPartOf":{"@id":"https:\/\/www.rri.ro\/en\/news-and-current-affairs\/newsflash\/september-20-2013-id98899.html"},"author":{"name":"Florentin C\u0103pit\u0103nescu","@id":"https:\/\/www.rri.ro\/#\/schema\/person\/430739eeb293f73734db2c6703951289"},"headline":"September 20, 2013","datePublished":"2013-09-20T11:13:00+00:00","dateModified":"2024-02-15T17:09:13+00:00","mainEntityOfPage":{"@id":"https:\/\/www.rri.ro\/en\/news-and-current-affairs\/newsflash\/september-20-2013-id98899.html"},"wordCount":252,"image":{"@id":"https:\/\/www.rri.ro\/en\/news-and-current-affairs\/newsflash\/september-20-2013-id98899.html#primaryimage"},"thumbnailUrl":"https:\/\/www.rri.ro\/wp-content\/uploads\/2023\/10\/NEWSFLASH-ENG2.png","articleSection":["Newsflash"],"inLanguage":"en-US"},{"@type":"WebPage","@id":"https:\/\/www.rri.ro\/en\/news-and-current-affairs\/newsflash\/september-20-2013-id98899.html","url":"https:\/\/www.rri.ro\/en\/news-and-current-affairs\/newsflash\/september-20-2013-id98899.html","name":"September 20, 2013 - Radio Romania International","isPartOf":{"@id":"https:\/\/www.rri.ro\/#website"},"primaryImageOfPage":{"@id":"https:\/\/www.rri.ro\/en\/news-and-current-affairs\/newsflash\/september-20-2013-id98899.html#primaryimage"},"image":{"@id":"https:\/\/www.rri.ro\/en\/news-and-current-affairs\/newsflash\/september-20-2013-id98899.html#primaryimage"},"thumbnailUrl":"https:\/\/www.rri.ro\/wp-content\/uploads\/2023\/10\/NEWSFLASH-ENG2.png","datePublished":"2013-09-20T11:13:00+00:00","dateModified":"2024-02-15T17:09:13+00:00","author":{"@id":"https:\/\/www.rri.ro\/#\/schema\/person\/430739eeb293f73734db2c6703951289"},"breadcrumb":{"@id":"https:\/\/www.rri.ro\/en\/news-and-current-affairs\/newsflash\/september-20-2013-id98899.html#breadcrumb"},"inLanguage":"en-US","potentialAction":[{"@type":"ReadAction","target":["https:\/\/www.rri.ro\/en\/news-and-current-affairs\/newsflash\/september-20-2013-id98899.html"]}]},{"@type":"ImageObject","inLanguage":"en-US","@id":"https:\/\/www.rri.ro\/en\/news-and-current-affairs\/newsflash\/september-20-2013-id98899.html#primaryimage","url":"https:\/\/www.rri.ro\/wp-content\/uploads\/2023\/10\/NEWSFLASH-ENG2.png","contentUrl":"https:\/\/www.rri.ro\/wp-content\/uploads\/2023\/10\/NEWSFLASH-ENG2.png","width":450,"height":304},{"@type":"BreadcrumbList","@id":"https:\/\/www.rri.ro\/en\/news-and-current-affairs\/newsflash\/september-20-2013-id98899.html#breadcrumb","itemListElement":[{"@type":"ListItem","position":1,"name":"Homepage","item":"https:\/\/www.rri.ro\/en"},{"@type":"ListItem","position":2,"name":"News and Current Affairs","item":"https:\/\/www.rri.ro\/en\/news-and-current-affairs"},{"@type":"ListItem","position":3,"name":"Newsflash","item":"https:\/\/www.rri.ro\/en\/news-and-current-affairs\/newsflash"},{"@type":"ListItem","position":4,"name":"September 20, 2013"}]},{"@type":"WebSite","@id":"https:\/\/www.rri.ro\/#website","url":"https:\/\/www.rri.ro\/","name":"Radio Romania International","description":"Totul despre Rom\u00e2nia \u015fi rom\u00e2ni, \u00een 13 limbi\/dialecte!","inLanguage":"en-US"},{"@type":"Person","@id":"https:\/\/www.rri.ro\/#\/schema\/person\/430739eeb293f73734db2c6703951289","name":"Florentin C\u0103pit\u0103nescu","url":"https:\/\/www.rri.ro\/en\/author\/florentin-capitanescu"}]}},"_links":{"self":[{"href":"https:\/\/www.rri.ro\/en\/wp-json\/wp\/v2\/posts\/98899","targetHints":{"allow":["GET"]}}],"collection":[{"href":"https:\/\/www.rri.ro\/en\/wp-json\/wp\/v2\/posts"}],"about":[{"href":"https:\/\/www.rri.ro\/en\/wp-json\/wp\/v2\/types\/post"}],"author":[{"embeddable":true,"href":"https:\/\/www.rri.ro\/en\/wp-json\/wp\/v2\/users\/112"}],"replies":[{"embeddable":true,"href":"https:\/\/www.rri.ro\/en\/wp-json\/wp\/v2\/comments?post=98899"}],"version-history":[{"count":0,"href":"https:\/\/www.rri.ro\/en\/wp-json\/wp\/v2\/posts\/98899\/revisions"}],"wp:featuredmedia":[{"embeddable":true,"href":"https:\/\/www.rri.ro\/en\/wp-json\/wp\/v2\/media\/49223"}],"wp:attachment":[{"href":"https:\/\/www.rri.ro\/en\/wp-json\/wp\/v2\/media?parent=98899"}],"wp:term":[{"taxonomy":"category","embeddable":true,"href":"https:\/\/www.rri.ro\/en\/wp-json\/wp\/v2\/categories?post=98899"},{"taxonomy":"post_tag","embeddable":true,"href":"https:\/\/www.rri.ro\/en\/wp-json\/wp\/v2\/tags?post=98899"},{"taxonomy":"author","embeddable":true,"href":"https:\/\/www.rri.ro\/en\/wp-json\/wp\/v2\/coauthors?post=98899"}],"curies":[{"name":"wp","href":"https:\/\/api.w.org\/{rel}","templated":true}]}}