{"id":989277,"date":"2026-03-03T13:50:26","date_gmt":"2026-03-03T11:50:26","guid":{"rendered":"https:\/\/www.rri.ro\/?p=989277"},"modified":"2026-03-03T13:28:56","modified_gmt":"2026-03-03T11:28:56","slug":"nominations-for-the-heads-of-key-prosecutors-offices","status":"publish","type":"post","link":"https:\/\/www.rri.ro\/en\/news-and-current-affairs\/today-in-the-news\/nominations-for-the-heads-of-key-prosecutors-offices-id989277.html","title":{"rendered":"Nominations for the heads of key prosecutor&#8217;s offices"},"content":{"rendered":"<p>&nbsp;<\/p>\n<p>The Romanian justice minister Radu Marinescu has made public the nominations for the leaders of key prosecutor&#8217;s offices.<\/p>\n<p>&nbsp;<\/p>\n<p>The head of the Ia\u0219i regional service of the National Anti-Corruption Directorate (DNA), Cristina Chiriac, has been nominated for the prosecutor general post, while Viorel Cerbu, one of the current deputy chiefs of the National Anti-Corruption Directorate is nominated to take over the chief prosecutor position. Codrin Hora\u021biu Miron, who currently heads the Timi\u0219oara regional service the Directorate Investigating Organised Crime and Terrorism Offences (DIICOT, the anti-mafia prosecutor&#8217;s office), has been nominated for the new head of the institution.<\/p>\n<p>&nbsp;<\/p>\n<p>The selection process was carried out between January 8 and March 2. The justice minister said he decided to nominate Cristina Chiriac for the position of Prosecutor General of Romania because she has extensive and high-level professional experience, coupled with remarkable legal training, and has demonstrated the ability to efficiently mobilise resources. Also, according to the minister, Cristina Chiriac pays special attention to ensuring the operational independence of prosecutors, which is seen as a fundamental pillar of the rule of law and a key prerequisite for preserving trust in the Public Ministry. She is known for having investigated the former head of the Vaslui County Council, Dumitru Buzatu, and for having advocated for prosecutors\u2019 more frequent use of plea agreements as a measure to reduce the backlog of cases in prosecutor&#8217;s offices.<\/p>\n<p>&nbsp;<\/p>\n<p>As regards Viorel Cerbu, nominated for the position of chief prosecutor of the DNA, the justice minister says that he \u201cmasterfully combines\u201d his experience and knowledge in the field of criminal prosecution with that of judicial management and has a good capacity to capitalise on the experience acquired. With 29 years of experience in the judiciary, Viorel Cerbu has focused on the efficiency of human resources and on their professional training, as well as on the resolution of investigations within reasonable timeframes. The investigations completed by Viorel Cerbu tackled the corruption of customs officers in the northwest of the country, a case with 165 defendants, the seizing of two tonnes of cocaine in the Port of Constanta and the driving license fraud network in Pite\u015fti.<\/p>\n<p>&nbsp;<\/p>\n<p>Codrin Hora\u0163iu Miron, nominated for head of DIICOT, supports the practice of plea agreements to relieve the burden on prosecutor&#8217;s offices and courts, the importance of recovering damages and regaining citizens&#8217; trust. In nominating him, the justice minister says he essentially took into account the fact that Miron is a prosecutor with sound professional training and a remarkable academic career, whose management plans for the institution correctly identify the lines of action required to increase the operational capacity of DIICOT in fighting organised crime, in order to increase the quality and efficiency of the administration of justice. (AMP)<\/p>\n","protected":false},"excerpt":{"rendered":"<p>&nbsp; The Romanian justice minister Radu Marinescu has made public the nominations for the leaders of key prosecutor&#8217;s offices. &nbsp; The head of the Ia\u0219i regional service of the National Anti-Corruption Directorate (DNA), Cristina Chiriac, has been nominated for the prosecutor general post, while Viorel Cerbu, one of the current deputy chiefs of the National [&hellip;]<\/p>\n","protected":false},"author":46,"featured_media":823064,"comment_status":"closed","ping_status":"closed","sticky":false,"template":"","format":"standard","meta":{"_acf_changed":false,"footnotes":""},"categories":[37738],"tags":[28992,186612,31432,34743,30123,186611],"coauthors":[115852],"class_list":["post-989277","post","type-post","status-publish","format-standard","has-post-thumbnail","hentry","category-today-in-the-news","tag-anti-corruption","tag-anti-mafia","tag-judiciary","tag-nominations","tag-prosecutor-general","tag-prosecutors-offices"],"acf":[],"yoast_head":"<!-- This site is optimized with the Yoast SEO plugin v27.3 - https:\/\/yoast.com\/product\/yoast-seo-wordpress\/ -->\n<title>Nominations for the heads of key prosecutor&#039;s offices - Radio Romania International<\/title>\n<meta name=\"robots\" content=\"index, follow, max-snippet:-1, max-image-preview:large, max-video-preview:-1\" \/>\n<link rel=\"canonical\" href=\"https:\/\/www.rri.ro\/en\/news-and-current-affairs\/today-in-the-news\/nominations-for-the-heads-of-key-prosecutors-offices-id989277.html\" \/>\n<meta property=\"og:locale\" content=\"en_US\" \/>\n<meta property=\"og:type\" content=\"article\" \/>\n<meta property=\"og:title\" content=\"Nominations for the heads of key prosecutor&#039;s offices - Radio Romania International\" \/>\n<meta property=\"og:description\" content=\"&nbsp; The Romanian justice minister Radu Marinescu has made public the nominations for the leaders of key prosecutor&#8217;s offices. &nbsp; The head of the Ia\u0219i regional service of the National Anti-Corruption Directorate (DNA), Cristina Chiriac, has been nominated for the prosecutor general post, while Viorel Cerbu, one of the current deputy chiefs of the National [&hellip;]\" \/>\n<meta property=\"og:url\" content=\"https:\/\/www.rri.ro\/en\/news-and-current-affairs\/today-in-the-news\/nominations-for-the-heads-of-key-prosecutors-offices-id989277.html\" \/>\n<meta property=\"og:site_name\" content=\"Radio Romania International\" \/>\n<meta property=\"article:published_time\" content=\"2026-03-03T11:50:26+00:00\" \/>\n<meta property=\"og:image\" content=\"https:\/\/www.rri.ro\/wp-content\/uploads\/2024\/10\/justitie-ciocan-1200x-pixabay-com.jpg\" \/>\n\t<meta property=\"og:image:width\" content=\"1280\" \/>\n\t<meta property=\"og:image:height\" content=\"789\" \/>\n\t<meta property=\"og:image:type\" content=\"image\/jpeg\" \/>\n<meta name=\"author\" content=\"Leyla Cheamil\" \/>\n<meta name=\"twitter:card\" content=\"summary_large_image\" \/>\n<meta name=\"twitter:label1\" content=\"Written by\" \/>\n\t<meta name=\"twitter:data1\" content=\"Leyla Cheamil\" \/>\n\t<meta name=\"twitter:label2\" content=\"Est. reading time\" \/>\n\t<meta name=\"twitter:data2\" content=\"2 minutes\" \/>\n<script type=\"application\/ld+json\" class=\"yoast-schema-graph\">{\"@context\":\"https:\\\/\\\/schema.org\",\"@graph\":[{\"@type\":\"Article\",\"@id\":\"https:\\\/\\\/www.rri.ro\\\/en\\\/news-and-current-affairs\\\/today-in-the-news\\\/nominations-for-the-heads-of-key-prosecutors-offices-id989277.html#article\",\"isPartOf\":{\"@id\":\"https:\\\/\\\/www.rri.ro\\\/en\\\/news-and-current-affairs\\\/today-in-the-news\\\/nominations-for-the-heads-of-key-prosecutors-offices-id989277.html\"},\"author\":{\"name\":\"Leyla Cheamil\",\"@id\":\"https:\\\/\\\/www.rri.ro\\\/#\\\/schema\\\/person\\\/e6364ed2d4b6af207a82ca66000d07e0\"},\"headline\":\"Nominations for the heads of key prosecutor&#8217;s offices\",\"datePublished\":\"2026-03-03T11:50:26+00:00\",\"mainEntityOfPage\":{\"@id\":\"https:\\\/\\\/www.rri.ro\\\/en\\\/news-and-current-affairs\\\/today-in-the-news\\\/nominations-for-the-heads-of-key-prosecutors-offices-id989277.html\"},\"wordCount\":471,\"image\":{\"@id\":\"https:\\\/\\\/www.rri.ro\\\/en\\\/news-and-current-affairs\\\/today-in-the-news\\\/nominations-for-the-heads-of-key-prosecutors-offices-id989277.html#primaryimage\"},\"thumbnailUrl\":\"https:\\\/\\\/www.rri.ro\\\/wp-content\\\/uploads\\\/2024\\\/10\\\/justitie-ciocan-1200x-pixabay-com.jpg\",\"keywords\":[\"anti-corruption\",\"anti-mafia\",\"judiciary\",\"nominations\",\"Prosecutor General\",\"prosecutor's offices\"],\"articleSection\":[\"Today in the News\"],\"inLanguage\":\"en-US\"},{\"@type\":\"WebPage\",\"@id\":\"https:\\\/\\\/www.rri.ro\\\/en\\\/news-and-current-affairs\\\/today-in-the-news\\\/nominations-for-the-heads-of-key-prosecutors-offices-id989277.html\",\"url\":\"https:\\\/\\\/www.rri.ro\\\/en\\\/news-and-current-affairs\\\/today-in-the-news\\\/nominations-for-the-heads-of-key-prosecutors-offices-id989277.html\",\"name\":\"Nominations for the heads of key prosecutor's offices - Radio Romania International\",\"isPartOf\":{\"@id\":\"https:\\\/\\\/www.rri.ro\\\/#website\"},\"primaryImageOfPage\":{\"@id\":\"https:\\\/\\\/www.rri.ro\\\/en\\\/news-and-current-affairs\\\/today-in-the-news\\\/nominations-for-the-heads-of-key-prosecutors-offices-id989277.html#primaryimage\"},\"image\":{\"@id\":\"https:\\\/\\\/www.rri.ro\\\/en\\\/news-and-current-affairs\\\/today-in-the-news\\\/nominations-for-the-heads-of-key-prosecutors-offices-id989277.html#primaryimage\"},\"thumbnailUrl\":\"https:\\\/\\\/www.rri.ro\\\/wp-content\\\/uploads\\\/2024\\\/10\\\/justitie-ciocan-1200x-pixabay-com.jpg\",\"datePublished\":\"2026-03-03T11:50:26+00:00\",\"author\":{\"@id\":\"https:\\\/\\\/www.rri.ro\\\/#\\\/schema\\\/person\\\/e6364ed2d4b6af207a82ca66000d07e0\"},\"breadcrumb\":{\"@id\":\"https:\\\/\\\/www.rri.ro\\\/en\\\/news-and-current-affairs\\\/today-in-the-news\\\/nominations-for-the-heads-of-key-prosecutors-offices-id989277.html#breadcrumb\"},\"inLanguage\":\"en-US\",\"potentialAction\":[{\"@type\":\"ReadAction\",\"target\":[\"https:\\\/\\\/www.rri.ro\\\/en\\\/news-and-current-affairs\\\/today-in-the-news\\\/nominations-for-the-heads-of-key-prosecutors-offices-id989277.html\"]}]},{\"@type\":\"ImageObject\",\"inLanguage\":\"en-US\",\"@id\":\"https:\\\/\\\/www.rri.ro\\\/en\\\/news-and-current-affairs\\\/today-in-the-news\\\/nominations-for-the-heads-of-key-prosecutors-offices-id989277.html#primaryimage\",\"url\":\"https:\\\/\\\/www.rri.ro\\\/wp-content\\\/uploads\\\/2024\\\/10\\\/justitie-ciocan-1200x-pixabay-com.jpg\",\"contentUrl\":\"https:\\\/\\\/www.rri.ro\\\/wp-content\\\/uploads\\\/2024\\\/10\\\/justitie-ciocan-1200x-pixabay-com.jpg\",\"width\":1280,\"height\":789,\"caption\":\"Photo: pixabay.com\"},{\"@type\":\"BreadcrumbList\",\"@id\":\"https:\\\/\\\/www.rri.ro\\\/en\\\/news-and-current-affairs\\\/today-in-the-news\\\/nominations-for-the-heads-of-key-prosecutors-offices-id989277.html#breadcrumb\",\"itemListElement\":[{\"@type\":\"ListItem\",\"position\":1,\"name\":\"Homepage\",\"item\":\"https:\\\/\\\/www.rri.ro\\\/en\"},{\"@type\":\"ListItem\",\"position\":2,\"name\":\"Actualitate\",\"item\":\"https:\\\/\\\/www.rri.ro\\\/actualitate\"},{\"@type\":\"ListItem\",\"position\":3,\"name\":\"Today in the News\",\"item\":\"https:\\\/\\\/www.rri.ro\\\/en\\\/news-and-current-affairs\\\/today-in-the-news\"},{\"@type\":\"ListItem\",\"position\":4,\"name\":\"Nominations for the heads of key prosecutor&#8217;s offices\"}]},{\"@type\":\"WebSite\",\"@id\":\"https:\\\/\\\/www.rri.ro\\\/#website\",\"url\":\"https:\\\/\\\/www.rri.ro\\\/\",\"name\":\"Radio Romania International\",\"description\":\"Totul despre Rom\u00e2nia \u015fi rom\u00e2ni, \u00een 13 limbi\\\/dialecte!\",\"inLanguage\":\"en-US\"},{\"@type\":\"Person\",\"@id\":\"https:\\\/\\\/www.rri.ro\\\/#\\\/schema\\\/person\\\/e6364ed2d4b6af207a82ca66000d07e0\",\"name\":\"Leyla Cheamil\",\"url\":\"https:\\\/\\\/www.rri.ro\\\/en\\\/author\\\/leyla-cheamil\"}]}<\/script>\n<!-- \/ Yoast SEO plugin. -->","yoast_head_json":{"title":"Nominations for the heads of key prosecutor's offices - Radio Romania International","robots":{"index":"index","follow":"follow","max-snippet":"max-snippet:-1","max-image-preview":"max-image-preview:large","max-video-preview":"max-video-preview:-1"},"canonical":"https:\/\/www.rri.ro\/en\/news-and-current-affairs\/today-in-the-news\/nominations-for-the-heads-of-key-prosecutors-offices-id989277.html","og_locale":"en_US","og_type":"article","og_title":"Nominations for the heads of key prosecutor's offices - Radio Romania International","og_description":"&nbsp; The Romanian justice minister Radu Marinescu has made public the nominations for the leaders of key prosecutor&#8217;s offices. &nbsp; The head of the Ia\u0219i regional service of the National Anti-Corruption Directorate (DNA), Cristina Chiriac, has been nominated for the prosecutor general post, while Viorel Cerbu, one of the current deputy chiefs of the National [&hellip;]","og_url":"https:\/\/www.rri.ro\/en\/news-and-current-affairs\/today-in-the-news\/nominations-for-the-heads-of-key-prosecutors-offices-id989277.html","og_site_name":"Radio Romania International","article_published_time":"2026-03-03T11:50:26+00:00","og_image":[{"width":1280,"height":789,"url":"https:\/\/www.rri.ro\/wp-content\/uploads\/2024\/10\/justitie-ciocan-1200x-pixabay-com.jpg","type":"image\/jpeg"}],"author":"Leyla Cheamil","twitter_card":"summary_large_image","twitter_misc":{"Written by":"Leyla Cheamil","Est. reading time":"2 minutes"},"schema":{"@context":"https:\/\/schema.org","@graph":[{"@type":"Article","@id":"https:\/\/www.rri.ro\/en\/news-and-current-affairs\/today-in-the-news\/nominations-for-the-heads-of-key-prosecutors-offices-id989277.html#article","isPartOf":{"@id":"https:\/\/www.rri.ro\/en\/news-and-current-affairs\/today-in-the-news\/nominations-for-the-heads-of-key-prosecutors-offices-id989277.html"},"author":{"name":"Leyla Cheamil","@id":"https:\/\/www.rri.ro\/#\/schema\/person\/e6364ed2d4b6af207a82ca66000d07e0"},"headline":"Nominations for the heads of key prosecutor&#8217;s offices","datePublished":"2026-03-03T11:50:26+00:00","mainEntityOfPage":{"@id":"https:\/\/www.rri.ro\/en\/news-and-current-affairs\/today-in-the-news\/nominations-for-the-heads-of-key-prosecutors-offices-id989277.html"},"wordCount":471,"image":{"@id":"https:\/\/www.rri.ro\/en\/news-and-current-affairs\/today-in-the-news\/nominations-for-the-heads-of-key-prosecutors-offices-id989277.html#primaryimage"},"thumbnailUrl":"https:\/\/www.rri.ro\/wp-content\/uploads\/2024\/10\/justitie-ciocan-1200x-pixabay-com.jpg","keywords":["anti-corruption","anti-mafia","judiciary","nominations","Prosecutor General","prosecutor's offices"],"articleSection":["Today in the News"],"inLanguage":"en-US"},{"@type":"WebPage","@id":"https:\/\/www.rri.ro\/en\/news-and-current-affairs\/today-in-the-news\/nominations-for-the-heads-of-key-prosecutors-offices-id989277.html","url":"https:\/\/www.rri.ro\/en\/news-and-current-affairs\/today-in-the-news\/nominations-for-the-heads-of-key-prosecutors-offices-id989277.html","name":"Nominations for the heads of key prosecutor's offices - Radio Romania International","isPartOf":{"@id":"https:\/\/www.rri.ro\/#website"},"primaryImageOfPage":{"@id":"https:\/\/www.rri.ro\/en\/news-and-current-affairs\/today-in-the-news\/nominations-for-the-heads-of-key-prosecutors-offices-id989277.html#primaryimage"},"image":{"@id":"https:\/\/www.rri.ro\/en\/news-and-current-affairs\/today-in-the-news\/nominations-for-the-heads-of-key-prosecutors-offices-id989277.html#primaryimage"},"thumbnailUrl":"https:\/\/www.rri.ro\/wp-content\/uploads\/2024\/10\/justitie-ciocan-1200x-pixabay-com.jpg","datePublished":"2026-03-03T11:50:26+00:00","author":{"@id":"https:\/\/www.rri.ro\/#\/schema\/person\/e6364ed2d4b6af207a82ca66000d07e0"},"breadcrumb":{"@id":"https:\/\/www.rri.ro\/en\/news-and-current-affairs\/today-in-the-news\/nominations-for-the-heads-of-key-prosecutors-offices-id989277.html#breadcrumb"},"inLanguage":"en-US","potentialAction":[{"@type":"ReadAction","target":["https:\/\/www.rri.ro\/en\/news-and-current-affairs\/today-in-the-news\/nominations-for-the-heads-of-key-prosecutors-offices-id989277.html"]}]},{"@type":"ImageObject","inLanguage":"en-US","@id":"https:\/\/www.rri.ro\/en\/news-and-current-affairs\/today-in-the-news\/nominations-for-the-heads-of-key-prosecutors-offices-id989277.html#primaryimage","url":"https:\/\/www.rri.ro\/wp-content\/uploads\/2024\/10\/justitie-ciocan-1200x-pixabay-com.jpg","contentUrl":"https:\/\/www.rri.ro\/wp-content\/uploads\/2024\/10\/justitie-ciocan-1200x-pixabay-com.jpg","width":1280,"height":789,"caption":"Photo: pixabay.com"},{"@type":"BreadcrumbList","@id":"https:\/\/www.rri.ro\/en\/news-and-current-affairs\/today-in-the-news\/nominations-for-the-heads-of-key-prosecutors-offices-id989277.html#breadcrumb","itemListElement":[{"@type":"ListItem","position":1,"name":"Homepage","item":"https:\/\/www.rri.ro\/en"},{"@type":"ListItem","position":2,"name":"Actualitate","item":"https:\/\/www.rri.ro\/actualitate"},{"@type":"ListItem","position":3,"name":"Today in the News","item":"https:\/\/www.rri.ro\/en\/news-and-current-affairs\/today-in-the-news"},{"@type":"ListItem","position":4,"name":"Nominations for the heads of key prosecutor&#8217;s offices"}]},{"@type":"WebSite","@id":"https:\/\/www.rri.ro\/#website","url":"https:\/\/www.rri.ro\/","name":"Radio Romania International","description":"Totul despre Rom\u00e2nia \u015fi rom\u00e2ni, \u00een 13 limbi\/dialecte!","inLanguage":"en-US"},{"@type":"Person","@id":"https:\/\/www.rri.ro\/#\/schema\/person\/e6364ed2d4b6af207a82ca66000d07e0","name":"Leyla Cheamil","url":"https:\/\/www.rri.ro\/en\/author\/leyla-cheamil"}]}},"_links":{"self":[{"href":"https:\/\/www.rri.ro\/en\/wp-json\/wp\/v2\/posts\/989277","targetHints":{"allow":["GET"]}}],"collection":[{"href":"https:\/\/www.rri.ro\/en\/wp-json\/wp\/v2\/posts"}],"about":[{"href":"https:\/\/www.rri.ro\/en\/wp-json\/wp\/v2\/types\/post"}],"author":[{"embeddable":true,"href":"https:\/\/www.rri.ro\/en\/wp-json\/wp\/v2\/users\/46"}],"replies":[{"embeddable":true,"href":"https:\/\/www.rri.ro\/en\/wp-json\/wp\/v2\/comments?post=989277"}],"version-history":[{"count":0,"href":"https:\/\/www.rri.ro\/en\/wp-json\/wp\/v2\/posts\/989277\/revisions"}],"wp:featuredmedia":[{"embeddable":true,"href":"https:\/\/www.rri.ro\/en\/wp-json\/wp\/v2\/media\/823064"}],"wp:attachment":[{"href":"https:\/\/www.rri.ro\/en\/wp-json\/wp\/v2\/media?parent=989277"}],"wp:term":[{"taxonomy":"category","embeddable":true,"href":"https:\/\/www.rri.ro\/en\/wp-json\/wp\/v2\/categories?post=989277"},{"taxonomy":"post_tag","embeddable":true,"href":"https:\/\/www.rri.ro\/en\/wp-json\/wp\/v2\/tags?post=989277"},{"taxonomy":"author","embeddable":true,"href":"https:\/\/www.rri.ro\/en\/wp-json\/wp\/v2\/coauthors?post=989277"}],"curies":[{"name":"wp","href":"https:\/\/api.w.org\/{rel}","templated":true}]}}