{"id":990857,"date":"2026-03-07T14:00:57","date_gmt":"2026-03-07T12:00:57","guid":{"rendered":"https:\/\/www.rri.ro\/?p=990857"},"modified":"2026-03-06T17:46:50","modified_gmt":"2026-03-06T15:46:50","slug":"the-week-in-review-1-7-march","status":"publish","type":"post","link":"https:\/\/www.rri.ro\/en\/news-and-current-affairs\/the-week-in-review\/the-week-in-review-1-7-march-id990857.html","title":{"rendered":"The Week in Review 1-7 March, 2026"},"content":{"rendered":"<p><strong>Romania and the Middle East Crisis<\/strong><\/p>\n<p>Romanian authorities announce they are on alert with respect to the conflict in the Middle East. The foreign minister Oana \u0162oiu says the repatriation of Romanian nationals from conflict zones is done exclusively based on the emergency criteria defined by consular teams. For now, however, only a few hundred Romanians out of the several thousand who announced their presence in the Middle East after the conflict started have returned to Romania. The foreign ministry promised it is permanently monitoring the situation of Romanian nationals in the area and stays in contact at all times with Romania&#8217;s diplomatic missions and consular offices in the region. According to the minister, these are also coordinating with the consular network of other EU states, in order to be able to jointly provide assistance to Romanian and European citizens.<\/p>\n<p>On Thursday, Oana \u021aoiu discussed with her counterparts in Saudi Arabia and Oman the situation of the Romanians stranded due to the war, their protection and assistance, the opening of airspace, as well as collaboration regarding commercial flights from the area to Romania and Europe. In fact, the foreign ministry announced that options are being sought for the repatriation of Romanian citizens from the Middle East, provided that the airspace is open. In addition, the ministry convened a meeting of the special task force in charge with the issue, and the government convened a meeting on this topic.<\/p>\n<p>The charge d&#8217;affaires of the Islamic Republic of Iran in Bucharest, Javad Karimi, was summoned to the foreign ministry\u2019s headquarters &#8216;to be presented Romania&#8217;s deep concerns regarding the conduct of the Islamic Republic of Iran in the context of the current crisis in the broader Middle East region&#8217;.<\/p>\n<p>&nbsp;<\/p>\n<p><strong>Security talks in Warsaw<\/strong><\/p>\n<p>While in Warsaw for an official visit on Thursday at the invitation of his counterpart Karol Nawrocki, president Nicu\u0219or Dan emphasized in his turn that the priority for the authorities is to have the Romanian citizens caught up in the Gulf conflict back home. He mentioned that he will not convene the Supreme Defence Council, as long as the events do not pose an immediate danger to Romania. In fact, since the outbreak of the conflict in the Middle East, the head of state has vowed that &#8216;Romania is completely safe and is not under any direct threat\u2019.<\/p>\n<p>The talks in Warsaw focused on the situation in the Middle East, but also on the direction in which the European Union is heading. Romania and Poland remain reliable partners and allies within NATO and the EU, Nicu\u0219or Dan added. &#8216;We reaffirmed the sound strategic partnership of our nations. In a complex global context, unity within NATO and the EU and strengthening the Eastern Flank are vital for our common security and for our entire Europe,&#8217; the Romanian official explained.<\/p>\n<p>Romania is the strategic partner of the Republic of Poland, president Karol Nawrocki emphasized in his turn. He said that, as far as security is concerned, the talks focused on the North Atlantic Alliance, the EU and Poland&#8217;s cooperation with Romania and the US. Nicu\u0219or Dan also discussed with PM Donald Tusk about defence collaboration and &#8216;the shared responsibility of Romania and Poland for strengthening security on our continent and the future of the European project&#8217;.<\/p>\n<p>On the occasion of the Romanian-Polish Solidarity Day, the Romanian diplomacy chief Oana \u0162oiu also travelled to Warsaw on Tuesday, and stated that Bucharest wants cooperation in the Romania-Poland-Turkey and Bucharest 9 (B9) formats. \u201cOur collaboration is vital for the region\u2019s priorities to be at the centre of European policies, for transatlantic cooperation and security on the Eastern Flank,\u201d Oana \u021aoiu said after a meeting with her counterpart Radoslaw Sikorski.<\/p>\n<p>And in Brussels, the Romanian defence minister Radu Miru\u0163\u0103 had a meeting with the president of the European Parliament, Roberta Metsola, who, according to the defence ministry, \u201creconfirmed the common commitment to strengthening European security and defence, in an international context marked by complex and dynamic challenges.\u201d<\/p>\n<p>&nbsp;<\/p>\n<p><strong>Nominations for the major Prosecutor\u2019s Offices<\/strong><\/p>\n<p>In Bucharest, the justice minister Radu Marinescu made public the nominations for the top posts in the major prosecutor\u2019s offices, after four days of interviews. Nineteen candidates took part in the selection process held between January 8 and March 2.<\/p>\n<p>The head of the Ia\u0219i Anticorruption Directorate, Cristina Chiriac, was nominated for prosecutor general. One of the current deputies, Viorel Cerbu, has been nominated to take over the helm of the National Anticorruption Directorate, and Codrin Hora\u0163iu-Miron, who currently heads the Timi\u015foara Regional Division, is the nominee for chief of the Directorate Investigating Organised Crime and Terrorism Offences.<\/p>\n<p>The candidates will be interviewed between March 10 and 17 by the Higher Council of Magistrates, whose opinion is required under the law. Subsequently, the president of Romania will appoint the candidates to office or reject them, in which case the procedure will be resumed.<\/p>\n<p>&nbsp;<\/p>\n<p><strong>New ambassadors in Bucharest<\/strong><\/p>\n<p>Two new ambassadors have officially begun their terms in office in Romania, after presenting their credentials to president Nicu\u0219or Dan.<\/p>\n<p>The US Ambassador Darryl Nirenberg, who was sworn in in February, reaffirmed his commitment to strengthening the nearly 30 years of sound bilateral cooperation in the areas of defence, security, intelligence exchange, law enforcement and economic partnership. The US official emphasised that the relationship between the US and Romania is based on shared interests, a firm commitment to the rule of law and a shared vision for a secure and prosperous future.<\/p>\n<p>The head of state also received the Ambassador of the Republic of Moldova, Mihai M\u00ee\u021bu, who presented his credentials. The parties stressed that the development of joint projects directly contributes to the modernisation of the Republic of Moldova and to its further European integration. (AMP)<\/p>\n","protected":false},"excerpt":{"rendered":"<p>Romania and the Middle East Crisis Romanian authorities announce they are on alert with respect to the conflict in the Middle East. The foreign minister Oana \u0162oiu says the repatriation of Romanian nationals from conflict zones is done exclusively based on the emergency criteria defined by consular teams. For now, however, only a few hundred [&hellip;]<\/p>\n","protected":false},"author":107,"featured_media":892495,"comment_status":"closed","ping_status":"closed","sticky":false,"template":"","format":"standard","meta":{"_acf_changed":false,"footnotes":""},"categories":[40944],"tags":[34448,186876,34131,29715,29538,29097,182564,34743,33106,29720,186611,116464,30448,29523,29295],"coauthors":[113282],"class_list":["post-990857","post","type-post","status-publish","format-standard","has-post-thumbnail","hentry","category-the-week-in-review","tag-ambassadors","tag-chiefs","tag-conflict","tag-iran","tag-middle-east","tag-mitu","tag-nirenberg","tag-nominations","tag-partnership","tag-poland","tag-prosecutors-offices","tag-romania-en","tag-security","tag-us","tag-visit"],"acf":[],"yoast_head":"<!-- This site is optimized with the Yoast SEO plugin v27.3 - https:\/\/yoast.com\/product\/yoast-seo-wordpress\/ -->\n<title>The Week in Review 1-7 March, 2026 - Radio Romania International<\/title>\n<meta name=\"robots\" content=\"index, follow, max-snippet:-1, max-image-preview:large, max-video-preview:-1\" \/>\n<link rel=\"canonical\" href=\"https:\/\/www.rri.ro\/en\/news-and-current-affairs\/the-week-in-review\/the-week-in-review-1-7-march-id990857.html\" \/>\n<meta property=\"og:locale\" content=\"en_US\" \/>\n<meta property=\"og:type\" content=\"article\" \/>\n<meta property=\"og:title\" content=\"The Week in Review 1-7 March, 2026 - Radio Romania International\" \/>\n<meta property=\"og:description\" content=\"Romania and the Middle East Crisis Romanian authorities announce they are on alert with respect to the conflict in the Middle East. The foreign minister Oana \u0162oiu says the repatriation of Romanian nationals from conflict zones is done exclusively based on the emergency criteria defined by consular teams. For now, however, only a few hundred [&hellip;]\" \/>\n<meta property=\"og:url\" content=\"https:\/\/www.rri.ro\/en\/news-and-current-affairs\/the-week-in-review\/the-week-in-review-1-7-march-id990857.html\" \/>\n<meta property=\"og:site_name\" content=\"Radio Romania International\" \/>\n<meta property=\"article:published_time\" content=\"2026-03-07T12:00:57+00:00\" \/>\n<meta property=\"og:image\" content=\"https:\/\/www.rri.ro\/wp-content\/uploads\/2025\/05\/eveniment-top-ND-2025-16x9-1.jpg\" \/>\n\t<meta property=\"og:image:width\" content=\"1280\" \/>\n\t<meta property=\"og:image:height\" content=\"720\" \/>\n\t<meta property=\"og:image:type\" content=\"image\/jpeg\" \/>\n<meta name=\"author\" content=\"Daniela Budu\" \/>\n<meta name=\"twitter:card\" content=\"summary_large_image\" \/>\n<meta name=\"twitter:label1\" content=\"Written by\" \/>\n\t<meta name=\"twitter:data1\" content=\"Daniela Budu\" \/>\n\t<meta name=\"twitter:label2\" content=\"Est. reading time\" \/>\n\t<meta name=\"twitter:data2\" content=\"5 minutes\" \/>\n<script type=\"application\/ld+json\" class=\"yoast-schema-graph\">{\"@context\":\"https:\\\/\\\/schema.org\",\"@graph\":[{\"@type\":\"Article\",\"@id\":\"https:\\\/\\\/www.rri.ro\\\/en\\\/news-and-current-affairs\\\/the-week-in-review\\\/the-week-in-review-1-7-march-id990857.html#article\",\"isPartOf\":{\"@id\":\"https:\\\/\\\/www.rri.ro\\\/en\\\/news-and-current-affairs\\\/the-week-in-review\\\/the-week-in-review-1-7-march-id990857.html\"},\"author\":{\"name\":\"Daniela Budu\",\"@id\":\"https:\\\/\\\/www.rri.ro\\\/#\\\/schema\\\/person\\\/b46b8f80d7d6e4b5ac9f14f0acbad0c4\"},\"headline\":\"The Week in Review 1-7 March, 2026\",\"datePublished\":\"2026-03-07T12:00:57+00:00\",\"mainEntityOfPage\":{\"@id\":\"https:\\\/\\\/www.rri.ro\\\/en\\\/news-and-current-affairs\\\/the-week-in-review\\\/the-week-in-review-1-7-march-id990857.html\"},\"wordCount\":970,\"image\":{\"@id\":\"https:\\\/\\\/www.rri.ro\\\/en\\\/news-and-current-affairs\\\/the-week-in-review\\\/the-week-in-review-1-7-march-id990857.html#primaryimage\"},\"thumbnailUrl\":\"https:\\\/\\\/www.rri.ro\\\/wp-content\\\/uploads\\\/2025\\\/05\\\/eveniment-top-ND-2025-16x9-1.jpg\",\"keywords\":[\"ambassadors\",\"chiefs\",\"conflict\",\"Iran\",\"Middle East\",\"Mitu\",\"Nirenberg\",\"nominations\",\"partnership\",\"Poland\",\"prosecutor's offices\",\"Romania\",\"security\",\"US\",\"visit\"],\"articleSection\":[\"The Week in Review\"],\"inLanguage\":\"en-US\"},{\"@type\":\"WebPage\",\"@id\":\"https:\\\/\\\/www.rri.ro\\\/en\\\/news-and-current-affairs\\\/the-week-in-review\\\/the-week-in-review-1-7-march-id990857.html\",\"url\":\"https:\\\/\\\/www.rri.ro\\\/en\\\/news-and-current-affairs\\\/the-week-in-review\\\/the-week-in-review-1-7-march-id990857.html\",\"name\":\"The Week in Review 1-7 March, 2026 - Radio Romania International\",\"isPartOf\":{\"@id\":\"https:\\\/\\\/www.rri.ro\\\/#website\"},\"primaryImageOfPage\":{\"@id\":\"https:\\\/\\\/www.rri.ro\\\/en\\\/news-and-current-affairs\\\/the-week-in-review\\\/the-week-in-review-1-7-march-id990857.html#primaryimage\"},\"image\":{\"@id\":\"https:\\\/\\\/www.rri.ro\\\/en\\\/news-and-current-affairs\\\/the-week-in-review\\\/the-week-in-review-1-7-march-id990857.html#primaryimage\"},\"thumbnailUrl\":\"https:\\\/\\\/www.rri.ro\\\/wp-content\\\/uploads\\\/2025\\\/05\\\/eveniment-top-ND-2025-16x9-1.jpg\",\"datePublished\":\"2026-03-07T12:00:57+00:00\",\"author\":{\"@id\":\"https:\\\/\\\/www.rri.ro\\\/#\\\/schema\\\/person\\\/b46b8f80d7d6e4b5ac9f14f0acbad0c4\"},\"breadcrumb\":{\"@id\":\"https:\\\/\\\/www.rri.ro\\\/en\\\/news-and-current-affairs\\\/the-week-in-review\\\/the-week-in-review-1-7-march-id990857.html#breadcrumb\"},\"inLanguage\":\"en-US\",\"potentialAction\":[{\"@type\":\"ReadAction\",\"target\":[\"https:\\\/\\\/www.rri.ro\\\/en\\\/news-and-current-affairs\\\/the-week-in-review\\\/the-week-in-review-1-7-march-id990857.html\"]}]},{\"@type\":\"ImageObject\",\"inLanguage\":\"en-US\",\"@id\":\"https:\\\/\\\/www.rri.ro\\\/en\\\/news-and-current-affairs\\\/the-week-in-review\\\/the-week-in-review-1-7-march-id990857.html#primaryimage\",\"url\":\"https:\\\/\\\/www.rri.ro\\\/wp-content\\\/uploads\\\/2025\\\/05\\\/eveniment-top-ND-2025-16x9-1.jpg\",\"contentUrl\":\"https:\\\/\\\/www.rri.ro\\\/wp-content\\\/uploads\\\/2025\\\/05\\\/eveniment-top-ND-2025-16x9-1.jpg\",\"width\":1280,\"height\":720,\"caption\":\"The Week in Review\"},{\"@type\":\"BreadcrumbList\",\"@id\":\"https:\\\/\\\/www.rri.ro\\\/en\\\/news-and-current-affairs\\\/the-week-in-review\\\/the-week-in-review-1-7-march-id990857.html#breadcrumb\",\"itemListElement\":[{\"@type\":\"ListItem\",\"position\":1,\"name\":\"Homepage\",\"item\":\"https:\\\/\\\/www.rri.ro\\\/en\"},{\"@type\":\"ListItem\",\"position\":2,\"name\":\"Actualitate\",\"item\":\"https:\\\/\\\/www.rri.ro\\\/actualitate\"},{\"@type\":\"ListItem\",\"position\":3,\"name\":\"The Week in Review\",\"item\":\"https:\\\/\\\/www.rri.ro\\\/en\\\/news-and-current-affairs\\\/the-week-in-review\"},{\"@type\":\"ListItem\",\"position\":4,\"name\":\"The Week in Review 1-7 March, 2026\"}]},{\"@type\":\"WebSite\",\"@id\":\"https:\\\/\\\/www.rri.ro\\\/#website\",\"url\":\"https:\\\/\\\/www.rri.ro\\\/\",\"name\":\"Radio Romania International\",\"description\":\"Totul despre Rom\u00e2nia \u015fi rom\u00e2ni, \u00een 13 limbi\\\/dialecte!\",\"inLanguage\":\"en-US\"},{\"@type\":\"Person\",\"@id\":\"https:\\\/\\\/www.rri.ro\\\/#\\\/schema\\\/person\\\/b46b8f80d7d6e4b5ac9f14f0acbad0c4\",\"name\":\"Daniela Budu\",\"url\":\"https:\\\/\\\/www.rri.ro\\\/en\\\/author\\\/daniela-budu\"}]}<\/script>\n<!-- \/ Yoast SEO plugin. -->","yoast_head_json":{"title":"The Week in Review 1-7 March, 2026 - Radio Romania International","robots":{"index":"index","follow":"follow","max-snippet":"max-snippet:-1","max-image-preview":"max-image-preview:large","max-video-preview":"max-video-preview:-1"},"canonical":"https:\/\/www.rri.ro\/en\/news-and-current-affairs\/the-week-in-review\/the-week-in-review-1-7-march-id990857.html","og_locale":"en_US","og_type":"article","og_title":"The Week in Review 1-7 March, 2026 - Radio Romania International","og_description":"Romania and the Middle East Crisis Romanian authorities announce they are on alert with respect to the conflict in the Middle East. The foreign minister Oana \u0162oiu says the repatriation of Romanian nationals from conflict zones is done exclusively based on the emergency criteria defined by consular teams. For now, however, only a few hundred [&hellip;]","og_url":"https:\/\/www.rri.ro\/en\/news-and-current-affairs\/the-week-in-review\/the-week-in-review-1-7-march-id990857.html","og_site_name":"Radio Romania International","article_published_time":"2026-03-07T12:00:57+00:00","og_image":[{"width":1280,"height":720,"url":"https:\/\/www.rri.ro\/wp-content\/uploads\/2025\/05\/eveniment-top-ND-2025-16x9-1.jpg","type":"image\/jpeg"}],"author":"Daniela Budu","twitter_card":"summary_large_image","twitter_misc":{"Written by":"Daniela Budu","Est. reading time":"5 minutes"},"schema":{"@context":"https:\/\/schema.org","@graph":[{"@type":"Article","@id":"https:\/\/www.rri.ro\/en\/news-and-current-affairs\/the-week-in-review\/the-week-in-review-1-7-march-id990857.html#article","isPartOf":{"@id":"https:\/\/www.rri.ro\/en\/news-and-current-affairs\/the-week-in-review\/the-week-in-review-1-7-march-id990857.html"},"author":{"name":"Daniela Budu","@id":"https:\/\/www.rri.ro\/#\/schema\/person\/b46b8f80d7d6e4b5ac9f14f0acbad0c4"},"headline":"The Week in Review 1-7 March, 2026","datePublished":"2026-03-07T12:00:57+00:00","mainEntityOfPage":{"@id":"https:\/\/www.rri.ro\/en\/news-and-current-affairs\/the-week-in-review\/the-week-in-review-1-7-march-id990857.html"},"wordCount":970,"image":{"@id":"https:\/\/www.rri.ro\/en\/news-and-current-affairs\/the-week-in-review\/the-week-in-review-1-7-march-id990857.html#primaryimage"},"thumbnailUrl":"https:\/\/www.rri.ro\/wp-content\/uploads\/2025\/05\/eveniment-top-ND-2025-16x9-1.jpg","keywords":["ambassadors","chiefs","conflict","Iran","Middle East","Mitu","Nirenberg","nominations","partnership","Poland","prosecutor's offices","Romania","security","US","visit"],"articleSection":["The Week in Review"],"inLanguage":"en-US"},{"@type":"WebPage","@id":"https:\/\/www.rri.ro\/en\/news-and-current-affairs\/the-week-in-review\/the-week-in-review-1-7-march-id990857.html","url":"https:\/\/www.rri.ro\/en\/news-and-current-affairs\/the-week-in-review\/the-week-in-review-1-7-march-id990857.html","name":"The Week in Review 1-7 March, 2026 - Radio Romania International","isPartOf":{"@id":"https:\/\/www.rri.ro\/#website"},"primaryImageOfPage":{"@id":"https:\/\/www.rri.ro\/en\/news-and-current-affairs\/the-week-in-review\/the-week-in-review-1-7-march-id990857.html#primaryimage"},"image":{"@id":"https:\/\/www.rri.ro\/en\/news-and-current-affairs\/the-week-in-review\/the-week-in-review-1-7-march-id990857.html#primaryimage"},"thumbnailUrl":"https:\/\/www.rri.ro\/wp-content\/uploads\/2025\/05\/eveniment-top-ND-2025-16x9-1.jpg","datePublished":"2026-03-07T12:00:57+00:00","author":{"@id":"https:\/\/www.rri.ro\/#\/schema\/person\/b46b8f80d7d6e4b5ac9f14f0acbad0c4"},"breadcrumb":{"@id":"https:\/\/www.rri.ro\/en\/news-and-current-affairs\/the-week-in-review\/the-week-in-review-1-7-march-id990857.html#breadcrumb"},"inLanguage":"en-US","potentialAction":[{"@type":"ReadAction","target":["https:\/\/www.rri.ro\/en\/news-and-current-affairs\/the-week-in-review\/the-week-in-review-1-7-march-id990857.html"]}]},{"@type":"ImageObject","inLanguage":"en-US","@id":"https:\/\/www.rri.ro\/en\/news-and-current-affairs\/the-week-in-review\/the-week-in-review-1-7-march-id990857.html#primaryimage","url":"https:\/\/www.rri.ro\/wp-content\/uploads\/2025\/05\/eveniment-top-ND-2025-16x9-1.jpg","contentUrl":"https:\/\/www.rri.ro\/wp-content\/uploads\/2025\/05\/eveniment-top-ND-2025-16x9-1.jpg","width":1280,"height":720,"caption":"The Week in Review"},{"@type":"BreadcrumbList","@id":"https:\/\/www.rri.ro\/en\/news-and-current-affairs\/the-week-in-review\/the-week-in-review-1-7-march-id990857.html#breadcrumb","itemListElement":[{"@type":"ListItem","position":1,"name":"Homepage","item":"https:\/\/www.rri.ro\/en"},{"@type":"ListItem","position":2,"name":"Actualitate","item":"https:\/\/www.rri.ro\/actualitate"},{"@type":"ListItem","position":3,"name":"The Week in Review","item":"https:\/\/www.rri.ro\/en\/news-and-current-affairs\/the-week-in-review"},{"@type":"ListItem","position":4,"name":"The Week in Review 1-7 March, 2026"}]},{"@type":"WebSite","@id":"https:\/\/www.rri.ro\/#website","url":"https:\/\/www.rri.ro\/","name":"Radio Romania International","description":"Totul despre Rom\u00e2nia \u015fi rom\u00e2ni, \u00een 13 limbi\/dialecte!","inLanguage":"en-US"},{"@type":"Person","@id":"https:\/\/www.rri.ro\/#\/schema\/person\/b46b8f80d7d6e4b5ac9f14f0acbad0c4","name":"Daniela Budu","url":"https:\/\/www.rri.ro\/en\/author\/daniela-budu"}]}},"_links":{"self":[{"href":"https:\/\/www.rri.ro\/en\/wp-json\/wp\/v2\/posts\/990857","targetHints":{"allow":["GET"]}}],"collection":[{"href":"https:\/\/www.rri.ro\/en\/wp-json\/wp\/v2\/posts"}],"about":[{"href":"https:\/\/www.rri.ro\/en\/wp-json\/wp\/v2\/types\/post"}],"author":[{"embeddable":true,"href":"https:\/\/www.rri.ro\/en\/wp-json\/wp\/v2\/users\/107"}],"replies":[{"embeddable":true,"href":"https:\/\/www.rri.ro\/en\/wp-json\/wp\/v2\/comments?post=990857"}],"version-history":[{"count":0,"href":"https:\/\/www.rri.ro\/en\/wp-json\/wp\/v2\/posts\/990857\/revisions"}],"wp:featuredmedia":[{"embeddable":true,"href":"https:\/\/www.rri.ro\/en\/wp-json\/wp\/v2\/media\/892495"}],"wp:attachment":[{"href":"https:\/\/www.rri.ro\/en\/wp-json\/wp\/v2\/media?parent=990857"}],"wp:term":[{"taxonomy":"category","embeddable":true,"href":"https:\/\/www.rri.ro\/en\/wp-json\/wp\/v2\/categories?post=990857"},{"taxonomy":"post_tag","embeddable":true,"href":"https:\/\/www.rri.ro\/en\/wp-json\/wp\/v2\/tags?post=990857"},{"taxonomy":"author","embeddable":true,"href":"https:\/\/www.rri.ro\/en\/wp-json\/wp\/v2\/coauthors?post=990857"}],"curies":[{"name":"wp","href":"https:\/\/api.w.org\/{rel}","templated":true}]}}