{"id":992032,"date":"2026-03-09T20:04:26","date_gmt":"2026-03-09T18:04:26","guid":{"rendered":"https:\/\/www.rri.ro\/?p=992032"},"modified":"2026-03-09T20:04:26","modified_gmt":"2026-03-09T18:04:26","slug":"march-9-2026-update","status":"publish","type":"post","link":"https:\/\/www.rri.ro\/en\/news-and-current-affairs\/newsflash\/march-9-2026-update-id992032.html","title":{"rendered":"March 9, 2026 UPDATE"},"content":{"rendered":"<p><strong>VOTE<\/strong> In its plenary session on Monday, the Senate in Bucharest turned down a simple motion against the Minister of Investment and European Projects, Drago\u015f P\u00eeslaru. This has been the sixth simple motion this year, tabled by the opposition and non-affiliated MPs. The signatories of the aforementioned document are contesting the effectiveness of the talks held by the incumbent minister. They are also asking whether Romania can still get all the PNRR installments by the end of the programme and are calling for a public timetable aimed at eliminating any risks from this strategic document. The minister says the allegations regarding the lack of results have been contradicted by the figures related to the European funds absorption.<\/p>\n<p>&nbsp;<\/p>\n<p><strong>OIL<\/strong> The government in Bucharest is expected to make a decision this week to keep fuel prices below RON 10 per litre (about EUR 1.9), as the conflict in the Middle East drove crude oil prices up worldwide, according to the energy minister Bogdan Ivan. The price of Brent crude from the North Sea rose by almost 19% on Monday morning, to almost 120 dollars per barrel, after having already increased by about 28% last week, amid investor fears that a protracted war in the Middle East could severely disrupt energy markets and affect global economic growth, DPA and Reuters report. According to the same sources, the EU members have announced they have enough crude and gas stored in spite of disruptions in the supply chains caused by the war in the Middle East. In another development, the G7 Finance Ministers held talks on Monday over a potential use of the strategic reserves to help stabilize the market, though no decision has been made yet.<\/p>\n<p>&nbsp;<\/p>\n<p><strong>NATO <\/strong>NATO confirmed on Monday that it had intercepted a missile heading to Turkiye, Reuters reports. NATO spokesperson, Allison Hart, said in a post on X that \u201cNATO stands firm in its readiness to defend all Allies against any threat.\u201d Turkish Defence Ministry earlier announced that NATO had downed a ballistic missile launched from Iran. This has been the second attack with a ballistic Iranian missile in the past week targeting southern Turkiye. The USA has suspended its consular services in that region and ordered non-essential staff to leave the region due to security risks.<\/p>\n<p>&nbsp;<\/p>\n<p><strong>REPATRIATION<\/strong> Romania has requested the activation of the rescEU mechanism, the first country to do so since the mechanism was set in place in 2019, the foreign ministry announced. Based on this, two evacuation flights brought Romanian nationals from Muscat (Oman) to Bucharest\u2019s \u201cHenri Coand\u0103\u201d International Airport. The flights, operated by the Polish airline LOT, carried 273 Romanian nationals affected by the crisis in the Middle East. Another 83 eligible EU and third-country citizens in the rescEU mechanism were also on board. According to the foreign ministry, so far over 2,000 Romanians have returned to the country safely from the states affected by the conflict in the Middle East through evacuation flights, assisted repatriation flights or flights otherwise facilitated by the authorities. Another nearly 1,500 Romanians left the region on commercial flights operated by airlines from Dubai, Qatar, Saudi Arabia, Kuwait, Jordan and Egypt or on flights operated by travel agencies, the institution explains. There are around 12,500 Romanian nationals in the region, 2,500 of whom want to return to the country. 400 of them are high-priority cases.<\/p>\n<p>&nbsp;<\/p>\n<p><strong>FAIR<\/strong> Romania will be participating in London Book Fair, one of the most important international fairs dedicated to literary professionals, due over March 10 and 12. The Romanian participation in the event has been organized by the Romanian Cultural Institute (ICR), through the National Book Center and its London branch. In order to highlight Romania\u2019s presence in the fair and attract the British press, the ICR has prepared a series of special events under the motto, \u2018Romanian Literature, Foreign Address\u2019. The invitees include the authors, Catalina Florescu, Vesna Goldsworthy, Tatiana \u0162\u00eebuleac, authors, editors and translators, Claudiu Komartin and Paul Doru Mugur, professor Alfred Bruckenstein, translator Monica Cure as well as editors Susan Curtis and Will Evans.<\/p>\n<p>&nbsp;<\/p>\n<p><strong>TALKS<\/strong> Romania\u2019s President, Nicusor Dan, told the European Council President, Antonio Costa, that \u2018Romania wants a completely integrated single market as well as a significantly simplified bureaucracy and administrative burden.\u2019 During a phone call on Monday, the EU high official and the Romanian president tackled Bucharest\u2019s priorities and major issues for Romania in view of the preparations for the EU leaders\u2019 meeting in Brussels over March 19 and 20. According to Nicusor Dan, the dialogue focused on issues related to competitiveness and single market, green energy transition, the EU budget and ways of kick-starting the European industry. Another issue discussed was the future European budget framework.<\/p>\n<p>(bill)<\/p>\n","protected":false},"excerpt":{"rendered":"<p>VOTE In its plenary session on Monday, the Senate in Bucharest turned down a simple motion against the Minister of Investment and European Projects, Drago\u015f P\u00eeslaru. This has been the sixth simple motion this year, tabled by the opposition and non-affiliated MPs. The signatories of the aforementioned document are contesting the effectiveness of the talks [&hellip;]<\/p>\n","protected":false},"author":113,"featured_media":884000,"comment_status":"closed","ping_status":"closed","sticky":false,"template":"","format":"standard","meta":{"_acf_changed":false,"footnotes":""},"categories":[22],"tags":[172926,36499,40578,33181,45666,29546,32140,29392],"coauthors":[116091],"class_list":["post-992032","post","type-post","status-publish","format-standard","has-post-thumbnail","hentry","category-newsflash","tag-antonio-costa-en","tag-brent","tag-crude","tag-fair","tag-literary","tag-london","tag-nicusor-dan","tag-talks"],"acf":[],"yoast_head":"<!-- This site is optimized with the Yoast SEO plugin v27.5 - https:\/\/yoast.com\/product\/yoast-seo-wordpress\/ -->\n<title>March 9, 2026 UPDATE - Radio Romania International<\/title>\n<meta name=\"robots\" content=\"index, follow, max-snippet:-1, max-image-preview:large, max-video-preview:-1\" \/>\n<link rel=\"canonical\" href=\"https:\/\/www.rri.ro\/en\/news-and-current-affairs\/newsflash\/march-9-2026-update-id992032.html\" \/>\n<meta property=\"og:locale\" content=\"en_US\" \/>\n<meta property=\"og:type\" content=\"article\" \/>\n<meta property=\"og:title\" content=\"March 9, 2026 UPDATE - Radio Romania International\" \/>\n<meta property=\"og:description\" content=\"VOTE In its plenary session on Monday, the Senate in Bucharest turned down a simple motion against the Minister of Investment and European Projects, Drago\u015f P\u00eeslaru. This has been the sixth simple motion this year, tabled by the opposition and non-affiliated MPs. The signatories of the aforementioned document are contesting the effectiveness of the talks [&hellip;]\" \/>\n<meta property=\"og:url\" content=\"https:\/\/www.rri.ro\/en\/news-and-current-affairs\/newsflash\/march-9-2026-update-id992032.html\" \/>\n<meta property=\"og:site_name\" content=\"Radio Romania International\" \/>\n<meta property=\"article:published_time\" content=\"2026-03-09T18:04:26+00:00\" \/>\n<meta property=\"og:image\" content=\"https:\/\/www.rri.ro\/wp-content\/uploads\/2025\/05\/Newsflash-stiri-alb-960x540-1.jpg\" \/>\n\t<meta property=\"og:image:width\" content=\"960\" \/>\n\t<meta property=\"og:image:height\" content=\"540\" \/>\n\t<meta property=\"og:image:type\" content=\"image\/jpeg\" \/>\n<meta name=\"author\" content=\"Newsroom\" \/>\n<meta name=\"twitter:card\" content=\"summary_large_image\" \/>\n<meta name=\"twitter:label1\" content=\"Written by\" \/>\n\t<meta name=\"twitter:data1\" content=\"Newsroom\" \/>\n\t<meta name=\"twitter:label2\" content=\"Est. reading time\" \/>\n\t<meta name=\"twitter:data2\" content=\"4 minutes\" \/>\n<script type=\"application\/ld+json\" class=\"yoast-schema-graph\">{\"@context\":\"https:\\\/\\\/schema.org\",\"@graph\":[{\"@type\":\"Article\",\"@id\":\"https:\\\/\\\/www.rri.ro\\\/en\\\/news-and-current-affairs\\\/newsflash\\\/march-9-2026-update-id992032.html#article\",\"isPartOf\":{\"@id\":\"https:\\\/\\\/www.rri.ro\\\/en\\\/news-and-current-affairs\\\/newsflash\\\/march-9-2026-update-id992032.html\"},\"author\":{\"name\":\"Newsroom\",\"@id\":\"https:\\\/\\\/www.rri.ro\\\/#\\\/schema\\\/person\\\/4a479940371b9fdefd194f561e8a7f88\"},\"headline\":\"March 9, 2026 UPDATE\",\"datePublished\":\"2026-03-09T18:04:26+00:00\",\"mainEntityOfPage\":{\"@id\":\"https:\\\/\\\/www.rri.ro\\\/en\\\/news-and-current-affairs\\\/newsflash\\\/march-9-2026-update-id992032.html\"},\"wordCount\":773,\"image\":{\"@id\":\"https:\\\/\\\/www.rri.ro\\\/en\\\/news-and-current-affairs\\\/newsflash\\\/march-9-2026-update-id992032.html#primaryimage\"},\"thumbnailUrl\":\"https:\\\/\\\/www.rri.ro\\\/wp-content\\\/uploads\\\/2025\\\/05\\\/Newsflash-stiri-alb-960x540-1.jpg\",\"keywords\":[\"Antonio Costa\",\"Brent\",\"crude\",\"fair\",\"literary\",\"London\",\"Nicusor Dan\",\"talks\"],\"articleSection\":[\"Newsflash\"],\"inLanguage\":\"en-US\"},{\"@type\":\"WebPage\",\"@id\":\"https:\\\/\\\/www.rri.ro\\\/en\\\/news-and-current-affairs\\\/newsflash\\\/march-9-2026-update-id992032.html\",\"url\":\"https:\\\/\\\/www.rri.ro\\\/en\\\/news-and-current-affairs\\\/newsflash\\\/march-9-2026-update-id992032.html\",\"name\":\"March 9, 2026 UPDATE - Radio Romania International\",\"isPartOf\":{\"@id\":\"https:\\\/\\\/www.rri.ro\\\/#website\"},\"primaryImageOfPage\":{\"@id\":\"https:\\\/\\\/www.rri.ro\\\/en\\\/news-and-current-affairs\\\/newsflash\\\/march-9-2026-update-id992032.html#primaryimage\"},\"image\":{\"@id\":\"https:\\\/\\\/www.rri.ro\\\/en\\\/news-and-current-affairs\\\/newsflash\\\/march-9-2026-update-id992032.html#primaryimage\"},\"thumbnailUrl\":\"https:\\\/\\\/www.rri.ro\\\/wp-content\\\/uploads\\\/2025\\\/05\\\/Newsflash-stiri-alb-960x540-1.jpg\",\"datePublished\":\"2026-03-09T18:04:26+00:00\",\"author\":{\"@id\":\"https:\\\/\\\/www.rri.ro\\\/#\\\/schema\\\/person\\\/4a479940371b9fdefd194f561e8a7f88\"},\"breadcrumb\":{\"@id\":\"https:\\\/\\\/www.rri.ro\\\/en\\\/news-and-current-affairs\\\/newsflash\\\/march-9-2026-update-id992032.html#breadcrumb\"},\"inLanguage\":\"en-US\",\"potentialAction\":[{\"@type\":\"ReadAction\",\"target\":[\"https:\\\/\\\/www.rri.ro\\\/en\\\/news-and-current-affairs\\\/newsflash\\\/march-9-2026-update-id992032.html\"]}]},{\"@type\":\"ImageObject\",\"inLanguage\":\"en-US\",\"@id\":\"https:\\\/\\\/www.rri.ro\\\/en\\\/news-and-current-affairs\\\/newsflash\\\/march-9-2026-update-id992032.html#primaryimage\",\"url\":\"https:\\\/\\\/www.rri.ro\\\/wp-content\\\/uploads\\\/2025\\\/05\\\/Newsflash-stiri-alb-960x540-1.jpg\",\"contentUrl\":\"https:\\\/\\\/www.rri.ro\\\/wp-content\\\/uploads\\\/2025\\\/05\\\/Newsflash-stiri-alb-960x540-1.jpg\",\"width\":960,\"height\":540},{\"@type\":\"BreadcrumbList\",\"@id\":\"https:\\\/\\\/www.rri.ro\\\/en\\\/news-and-current-affairs\\\/newsflash\\\/march-9-2026-update-id992032.html#breadcrumb\",\"itemListElement\":[{\"@type\":\"ListItem\",\"position\":1,\"name\":\"Homepage\",\"item\":\"https:\\\/\\\/www.rri.ro\\\/en\"},{\"@type\":\"ListItem\",\"position\":2,\"name\":\"News and Current Affairs\",\"item\":\"https:\\\/\\\/www.rri.ro\\\/en\\\/news-and-current-affairs\"},{\"@type\":\"ListItem\",\"position\":3,\"name\":\"Newsflash\",\"item\":\"https:\\\/\\\/www.rri.ro\\\/en\\\/news-and-current-affairs\\\/newsflash\"},{\"@type\":\"ListItem\",\"position\":4,\"name\":\"March 9, 2026 UPDATE\"}]},{\"@type\":\"WebSite\",\"@id\":\"https:\\\/\\\/www.rri.ro\\\/#website\",\"url\":\"https:\\\/\\\/www.rri.ro\\\/\",\"name\":\"Radio Romania International\",\"description\":\"Totul despre Rom\u00e2nia \u015fi rom\u00e2ni, \u00een 13 limbi\\\/dialecte!\",\"inLanguage\":\"en-US\"},{\"@type\":\"Person\",\"@id\":\"https:\\\/\\\/www.rri.ro\\\/#\\\/schema\\\/person\\\/4a479940371b9fdefd194f561e8a7f88\",\"name\":\"Newsroom\",\"url\":\"https:\\\/\\\/www.rri.ro\\\/en\\\/author\\\/newsroom\"}]}<\/script>\n<!-- \/ Yoast SEO plugin. -->","yoast_head_json":{"title":"March 9, 2026 UPDATE - Radio Romania International","robots":{"index":"index","follow":"follow","max-snippet":"max-snippet:-1","max-image-preview":"max-image-preview:large","max-video-preview":"max-video-preview:-1"},"canonical":"https:\/\/www.rri.ro\/en\/news-and-current-affairs\/newsflash\/march-9-2026-update-id992032.html","og_locale":"en_US","og_type":"article","og_title":"March 9, 2026 UPDATE - Radio Romania International","og_description":"VOTE In its plenary session on Monday, the Senate in Bucharest turned down a simple motion against the Minister of Investment and European Projects, Drago\u015f P\u00eeslaru. This has been the sixth simple motion this year, tabled by the opposition and non-affiliated MPs. The signatories of the aforementioned document are contesting the effectiveness of the talks [&hellip;]","og_url":"https:\/\/www.rri.ro\/en\/news-and-current-affairs\/newsflash\/march-9-2026-update-id992032.html","og_site_name":"Radio Romania International","article_published_time":"2026-03-09T18:04:26+00:00","og_image":[{"width":960,"height":540,"url":"https:\/\/www.rri.ro\/wp-content\/uploads\/2025\/05\/Newsflash-stiri-alb-960x540-1.jpg","type":"image\/jpeg"}],"author":"Newsroom","twitter_card":"summary_large_image","twitter_misc":{"Written by":"Newsroom","Est. reading time":"4 minutes"},"schema":{"@context":"https:\/\/schema.org","@graph":[{"@type":"Article","@id":"https:\/\/www.rri.ro\/en\/news-and-current-affairs\/newsflash\/march-9-2026-update-id992032.html#article","isPartOf":{"@id":"https:\/\/www.rri.ro\/en\/news-and-current-affairs\/newsflash\/march-9-2026-update-id992032.html"},"author":{"name":"Newsroom","@id":"https:\/\/www.rri.ro\/#\/schema\/person\/4a479940371b9fdefd194f561e8a7f88"},"headline":"March 9, 2026 UPDATE","datePublished":"2026-03-09T18:04:26+00:00","mainEntityOfPage":{"@id":"https:\/\/www.rri.ro\/en\/news-and-current-affairs\/newsflash\/march-9-2026-update-id992032.html"},"wordCount":773,"image":{"@id":"https:\/\/www.rri.ro\/en\/news-and-current-affairs\/newsflash\/march-9-2026-update-id992032.html#primaryimage"},"thumbnailUrl":"https:\/\/www.rri.ro\/wp-content\/uploads\/2025\/05\/Newsflash-stiri-alb-960x540-1.jpg","keywords":["Antonio Costa","Brent","crude","fair","literary","London","Nicusor Dan","talks"],"articleSection":["Newsflash"],"inLanguage":"en-US"},{"@type":"WebPage","@id":"https:\/\/www.rri.ro\/en\/news-and-current-affairs\/newsflash\/march-9-2026-update-id992032.html","url":"https:\/\/www.rri.ro\/en\/news-and-current-affairs\/newsflash\/march-9-2026-update-id992032.html","name":"March 9, 2026 UPDATE - Radio Romania International","isPartOf":{"@id":"https:\/\/www.rri.ro\/#website"},"primaryImageOfPage":{"@id":"https:\/\/www.rri.ro\/en\/news-and-current-affairs\/newsflash\/march-9-2026-update-id992032.html#primaryimage"},"image":{"@id":"https:\/\/www.rri.ro\/en\/news-and-current-affairs\/newsflash\/march-9-2026-update-id992032.html#primaryimage"},"thumbnailUrl":"https:\/\/www.rri.ro\/wp-content\/uploads\/2025\/05\/Newsflash-stiri-alb-960x540-1.jpg","datePublished":"2026-03-09T18:04:26+00:00","author":{"@id":"https:\/\/www.rri.ro\/#\/schema\/person\/4a479940371b9fdefd194f561e8a7f88"},"breadcrumb":{"@id":"https:\/\/www.rri.ro\/en\/news-and-current-affairs\/newsflash\/march-9-2026-update-id992032.html#breadcrumb"},"inLanguage":"en-US","potentialAction":[{"@type":"ReadAction","target":["https:\/\/www.rri.ro\/en\/news-and-current-affairs\/newsflash\/march-9-2026-update-id992032.html"]}]},{"@type":"ImageObject","inLanguage":"en-US","@id":"https:\/\/www.rri.ro\/en\/news-and-current-affairs\/newsflash\/march-9-2026-update-id992032.html#primaryimage","url":"https:\/\/www.rri.ro\/wp-content\/uploads\/2025\/05\/Newsflash-stiri-alb-960x540-1.jpg","contentUrl":"https:\/\/www.rri.ro\/wp-content\/uploads\/2025\/05\/Newsflash-stiri-alb-960x540-1.jpg","width":960,"height":540},{"@type":"BreadcrumbList","@id":"https:\/\/www.rri.ro\/en\/news-and-current-affairs\/newsflash\/march-9-2026-update-id992032.html#breadcrumb","itemListElement":[{"@type":"ListItem","position":1,"name":"Homepage","item":"https:\/\/www.rri.ro\/en"},{"@type":"ListItem","position":2,"name":"News and Current Affairs","item":"https:\/\/www.rri.ro\/en\/news-and-current-affairs"},{"@type":"ListItem","position":3,"name":"Newsflash","item":"https:\/\/www.rri.ro\/en\/news-and-current-affairs\/newsflash"},{"@type":"ListItem","position":4,"name":"March 9, 2026 UPDATE"}]},{"@type":"WebSite","@id":"https:\/\/www.rri.ro\/#website","url":"https:\/\/www.rri.ro\/","name":"Radio Romania International","description":"Totul despre Rom\u00e2nia \u015fi rom\u00e2ni, \u00een 13 limbi\/dialecte!","inLanguage":"en-US"},{"@type":"Person","@id":"https:\/\/www.rri.ro\/#\/schema\/person\/4a479940371b9fdefd194f561e8a7f88","name":"Newsroom","url":"https:\/\/www.rri.ro\/en\/author\/newsroom"}]}},"_links":{"self":[{"href":"https:\/\/www.rri.ro\/en\/wp-json\/wp\/v2\/posts\/992032","targetHints":{"allow":["GET"]}}],"collection":[{"href":"https:\/\/www.rri.ro\/en\/wp-json\/wp\/v2\/posts"}],"about":[{"href":"https:\/\/www.rri.ro\/en\/wp-json\/wp\/v2\/types\/post"}],"author":[{"embeddable":true,"href":"https:\/\/www.rri.ro\/en\/wp-json\/wp\/v2\/users\/113"}],"replies":[{"embeddable":true,"href":"https:\/\/www.rri.ro\/en\/wp-json\/wp\/v2\/comments?post=992032"}],"version-history":[{"count":0,"href":"https:\/\/www.rri.ro\/en\/wp-json\/wp\/v2\/posts\/992032\/revisions"}],"wp:featuredmedia":[{"embeddable":true,"href":"https:\/\/www.rri.ro\/en\/wp-json\/wp\/v2\/media\/884000"}],"wp:attachment":[{"href":"https:\/\/www.rri.ro\/en\/wp-json\/wp\/v2\/media?parent=992032"}],"wp:term":[{"taxonomy":"category","embeddable":true,"href":"https:\/\/www.rri.ro\/en\/wp-json\/wp\/v2\/categories?post=992032"},{"taxonomy":"post_tag","embeddable":true,"href":"https:\/\/www.rri.ro\/en\/wp-json\/wp\/v2\/tags?post=992032"},{"taxonomy":"author","embeddable":true,"href":"https:\/\/www.rri.ro\/en\/wp-json\/wp\/v2\/coauthors?post=992032"}],"curies":[{"name":"wp","href":"https:\/\/api.w.org\/{rel}","templated":true}]}}