{"id":1010177,"date":"2026-04-25T07:47:35","date_gmt":"2026-04-25T04:47:35","guid":{"rendered":"https:\/\/www.rri.ro\/?p=1010177"},"modified":"2026-04-25T07:47:35","modified_gmt":"2026-04-25T04:47:35","slug":"retrospectiva-semanal-343","status":"publish","type":"post","link":"https:\/\/www.rri.ro\/es\/actualidad\/retrospectiva-semanal\/retrospectiva-semanal-343-id1010177.html","title":{"rendered":"Retrospectiva semanal"},"content":{"rendered":"<p><span style=\"font-family: arial, helvetica, sans-serif;\"><strong>Crisis de gobierno en Ruman\u00eda<\/strong><\/span><\/p>\n<p><span style=\"font-family: arial, helvetica, sans-serif;\">El principal partido de la coalici\u00f3n de gobierno en Bucarest, el PSD, hizo oficial el jueves la retirada de su apoyo al primer ministro liberal Ilie Bolojan, mediante la dimisi\u00f3n de sus ministros. <\/span><\/p>\n<p><span style=\"font-family: arial, helvetica, sans-serif;\">El PSD, el PNL, la USR y la UDMR se unieron hace 10 meses con la nada f\u00e1cil misi\u00f3n de sanear la situaci\u00f3n econ\u00f3mica del pa\u00eds, marcada por un d\u00e9ficit presupuestario y una inflaci\u00f3n muy elevados. La soluci\u00f3n aplicada: medidas de austeridad impopulares, a las que el PSD lleva meses se\u00f1alando con el dedo. <\/span><\/p>\n<p><span style=\"font-family: arial, helvetica, sans-serif;\">Esta semana, los socialdem\u00f3cratas han lanzado duras acusaciones contra el jefe del Ejecutivo, relacionadas incluso con la destrucci\u00f3n de la econom\u00eda y la disminuci\u00f3n del poder adquisitivo de la poblaci\u00f3n, y han condicionado su permanencia en el Gobierno a la dimisi\u00f3n del primer ministro. Sin embargo, Ilie Bolojan ha anunciado que seguir\u00e1 ejerciendo su cargo de primer ministro para garantizar la estabilidad del Gobierno y ha precisado que las decisiones tomadas hasta ahora han sido asumidas por todos los partidos de la coalici\u00f3n, incluido el PSD. <\/span><\/p>\n<p><span style=\"font-family: arial, helvetica, sans-serif;\">Tras la dimisi\u00f3n de los ministros socialdem\u00f3cratas, el primer ministro ha optado por la soluci\u00f3n de los interinos, seg\u00fan ha dicho, para evitar un bloqueo en la administraci\u00f3n del pa\u00eds. Se trata de una soluci\u00f3n que no requiere un voto de validaci\u00f3n en el Parlamento durante los pr\u00f3ximos 45 d\u00edas, tiempo en el que el ejecutivo tendr\u00e1 plenos poderes, al igual que hasta ahora. <\/span><\/p>\n<p><span style=\"font-family: arial, helvetica, sans-serif;\">Ilie Bolojan asume personalmente el Ministerio de Energ\u00eda. Las dem\u00e1s carteras clave, como Trabajo, Justicia, Sanidad o Transportes, pasan a estar bajo la competencia de los ministros del PNL, la UDMR y la USR que permanecen en el Gobierno. <\/span><\/p>\n<p><span style=\"font-family: arial, helvetica, sans-serif;\">Desde Chipre, donde se celebra la cumbre informal de la UE, el jefe de Estado ha valorado que el tono de las declaraciones sobre la crisis pol\u00edtica se ha suavizado un poco. <em>\u00abRuman\u00eda mantiene el rumbo europeo. Contamos con cuatro partidos prooccidentales que desean mantenerlo. Para nosotros, la OCDE, SAFE y el PNRR son extremadamente importantes y sobre esto existe consenso. Las instituciones funcionan y, de una forma u otra, Ruman\u00eda continuar\u00e1 el camino que se ha comprometido a seguir\u00bb<\/em>, ha se\u00f1alado Nicu\u0219or Dan. <\/span><\/p>\n<p><span style=\"font-family: arial, helvetica, sans-serif;\">Se prev\u00e9 una semana de intensas negociaciones, durante la cual el Gobierno seguir\u00e1 ejerciendo plenamente sus funciones, aunque bajo la amenaza de una posible moci\u00f3n de censura. <\/span><\/p>\n<p><span style=\"font-family: arial, helvetica, sans-serif;\">La \u00fanica reacci\u00f3n del PSD tras la dimisi\u00f3n de los ministros del partido se produjo a trav\u00e9s de un comunicado en el que se declara dispuesto a participar en la formaci\u00f3n de un nuevo Gobierno proeuropeo y a apoyar a un primer ministro, ya sea pol\u00edtico o tecn\u00f3crata, que sea receptivo a los problemas de los ciudadanos. Y hasta la formaci\u00f3n de un nuevo Gobierno, los socialdem\u00f3cratas prometen garantizar el apoyo parlamentario para la adopci\u00f3n de los actos normativos necesarios para la ejecuci\u00f3n de los proyectos con financiaci\u00f3n europea.<\/span><\/p>\n<p>&nbsp;<\/p>\n<p><span style=\"font-family: arial, helvetica, sans-serif;\"><strong>El presidente de Ruman\u00eda, Nicu\u0219or Dan, asiste a la reuni\u00f3n del Consejo Europeo en Chipre<\/strong><\/span><\/p>\n<p><span style=\"font-family: arial, helvetica, sans-serif;\">El jefe de Estado rumano, Nicu\u0219or Dan, presente en la reuni\u00f3n informal del Consejo Europeo celebrada en Chipre el jueves y el viernes, afirm\u00f3 que la prosperidad y la seguridad de Ruman\u00eda dependen de una Uni\u00f3n Europea fuerte y pr\u00f3spera. Destac\u00f3 que uno de los temas esenciales para Ruman\u00eda en la agenda de la reuni\u00f3n es el futuro presupuesto de la Uni\u00f3n Europea. <\/span><\/p>\n<p><span style=\"font-family: arial, helvetica, sans-serif;\"><em>\u00abQueremos que sea un presupuesto ambicioso, un presupuesto elevado\u00bb<\/em>, afirm\u00f3 Nicu\u0219or Dan, abogando por que los fondos destinados a la competitividad sean accesibles tambi\u00e9n para las empresas de los Estados miembros menos desarrollados. <\/span><\/p>\n<p><span style=\"font-family: arial, helvetica, sans-serif;\">El jefe de Estado tambi\u00e9n destac\u00f3 la importancia de los fondos de cohesi\u00f3n. <em>\u00abEs un ingrediente indispensable de nuestra solidaridad com\u00fan. Al mismo tiempo, la Uni\u00f3n debe invertir recursos en competitividad y seguridad, en garantizar una Pol\u00edtica Agr\u00edcola Com\u00fan s\u00f3lida, as\u00ed como en conectividad e innovaci\u00f3n, con especial \u00e9nfasis en nuestra vecindad inmediata\u00bb<\/em>, se\u00f1al\u00f3 Nicu\u0219or Dan.<\/span><\/p>\n<p>&nbsp;<\/p>\n<p><span style=\"font-family: arial, helvetica, sans-serif;\"><strong>El d\u00e9ficit presupuestario va en descenso<\/strong><\/span><\/p>\n<p><span style=\"font-family: arial, helvetica, sans-serif;\">El d\u00e9ficit total de Ruman\u00eda se redujo del 9,3% del PIB en 2024 al 7,9% el a\u00f1o pasado, seg\u00fan datos de Eurostat, seg\u00fan ha anunciado el primer ministro Ilie Bolojan. Este ha afirmado que la reducci\u00f3n del d\u00e9ficit es un paso necesario para estabilizar las finanzas del pa\u00eds, no un fin en s\u00ed mismo. <\/span><\/p>\n<p><span style=\"font-family: arial, helvetica, sans-serif;\">La disminuci\u00f3n se produce tras las medidas de reducci\u00f3n del gasto, aumento de los ingresos y utilizaci\u00f3n de los fondos europeos, ha recordado el jefe del Gobierno. Ha destacado que cada punto porcentual de reducci\u00f3n supone menos gasto en intereses y m\u00e1s dinero para inversiones y servicios p\u00fablicos. <\/span><\/p>\n<p><span style=\"font-family: arial, helvetica, sans-serif;\">Por su parte, el ministro de Finanzas, Alexandru Nazare, ha se\u00f1alado que esta evoluci\u00f3n marca una etapa de madurez fiscal y de recuperaci\u00f3n de la credibilidad econ\u00f3mica. Sin embargo, Ruman\u00eda sigue siendo el pa\u00eds con el mayor d\u00e9ficit de la Uni\u00f3n Europea, lo que exige continuar con las medidas de consolidaci\u00f3n fiscal, ha se\u00f1alado el ministro de Finanzas.<\/span><\/p>\n<p>&nbsp;<\/p>\n<p><span style=\"font-family: arial, helvetica, sans-serif;\"><strong>D\u00eda de la Industria Rumana en Bruselas<\/strong><\/span><\/p>\n<p><span style=\"font-family: arial, helvetica, sans-serif;\">El lunes, en la sede de la OTAN en Bruselas, se celebr\u00f3 por primera vez el D\u00eda de la Industria Rumana, un evento de diplomacia econ\u00f3mica destinado a promover la industria rumana y facilitar el acceso de las empresas nacionales a las estructuras de la Alianza del Atl\u00e1ntico Norte.<\/span><\/p>\n<p><span style=\"font-family: arial, helvetica, sans-serif;\"> Veinte empresas rumanas presentaron tecnolog\u00eda en el \u00e1mbito de la defensa antia\u00e9rea, con especial \u00e9nfasis en drones y sistemas antidrones, as\u00ed como programas de ciberseguridad y comunicaciones, incluso en el espacio. <\/span><\/p>\n<p><span style=\"font-family: arial, helvetica, sans-serif;\">La jefa de la diplomacia de Ruman\u00eda, Oana \u0162oiu, presente en el evento, afirm\u00f3 que Ruman\u00eda quiere aprovechar el aumento del gasto de la Alianza para generar oportunidades econ\u00f3micas y puestos de trabajo en el pa\u00eds. Se trata de un total de 1,4 billones de d\u00f3lares que est\u00e1n a disposici\u00f3n de los aliados.<\/span><\/p>\n<p>&nbsp;<\/p>\n<p><span style=\"font-family: arial, helvetica, sans-serif;\"><strong>El casco de Co\u021bofene\u0219ti y los brazaletes dacios, de vuelta a casa, a Ruman\u00eda<\/strong><\/span><\/p>\n<p><span style=\"font-family: arial, helvetica, sans-serif;\">El casco de Co\u0163ofene\u015fti y los dos brazaletes dacios de oro recuperados tras el robo cometido el a\u00f1o pasado en el Museo Drents de Assen, en los Pa\u00edses Bajos, han llegado esta semana a Ruman\u00eda. Por el momento, no se ha encontrado un tercer brazalete. <\/span><\/p>\n<p><span style=\"font-family: arial, helvetica, sans-serif;\">Las piezas del tesoro fueron transportadas en condiciones de m\u00e1xima seguridad al Museo Nacional de Historia de Bucarest, donde permanecer\u00e1n expuestas hasta el 3 de mayo. <\/span><\/p>\n<p><span style=\"font-family: arial, helvetica, sans-serif;\">El Ministerio de Cultura de Ruman\u00eda anunci\u00f3, el oto\u00f1o pasado, que hab\u00eda cobrado la suma de 5,7 millones de euros, correspondiente a la indemnizaci\u00f3n del seguro por los cuatro bienes culturales muebles robados del Museo Drents. Tras la recuperaci\u00f3n de tres de las cuatro piezas, Ruman\u00eda deber\u00e1 ahora devolver una parte del dinero a la compa\u00f1\u00eda de seguros. En los meses posteriores al robo, varias personas fueron detenidas.<\/span><\/p>\n<p><span style=\"font-family: arial, helvetica, sans-serif;\">Versi\u00f3n en espa\u00f1ol: Monica Tar\u0103u<\/span><\/p>\n","protected":false},"excerpt":{"rendered":"<p>Crisis de gobierno en Ruman\u00eda El principal partido de la coalici\u00f3n de gobierno en Bucarest, el PSD, hizo oficial el jueves la retirada de su apoyo al primer ministro liberal Ilie Bolojan, mediante la dimisi\u00f3n de sus ministros. El PSD, el PNL, la USR y la UDMR se unieron hace 10 meses con la nada [&hellip;]<\/p>\n","protected":false},"author":46,"featured_media":892502,"comment_status":"closed","ping_status":"closed","sticky":false,"template":"","format":"standard","meta":{"_acf_changed":false,"footnotes":""},"categories":[49372],"tags":[48951,49269,163022,162430,49361,49094,158935,154915,143896,49021,146555,48989,49200,49136,132353,132352,48949,149280,138100,132354],"coauthors":[115852],"class_list":["post-1010177","post","type-post","status-publish","format-standard","has-post-thumbnail","hentry","category-retrospectiva-semanal","tag-austeridad","tag-bruselas","tag-casco-de-cotofenesti","tag-crisis-politica","tag-deficit-presupuestario","tag-gobierno","tag-ilie-bolojan-es","tag-industria-rumana","tag-inflacion","tag-mocion-de-censura","tag-nicusor-dan-es","tag-otan","tag-parlamento","tag-patrimonio-cultural","tag-pnl-es","tag-psd-es","tag-rumania","tag-udmr-es","tag-union-europea","tag-usr-es"],"acf":[],"yoast_head":"<!-- This site is optimized with the Yoast SEO plugin v27.3 - https:\/\/yoast.com\/product\/yoast-seo-wordpress\/ -->\n<title>Retrospectiva semanal - Radio Ruman\u00eda Internacional<\/title>\n<meta name=\"robots\" content=\"index, follow, max-snippet:-1, max-image-preview:large, max-video-preview:-1\" \/>\n<link rel=\"canonical\" href=\"https:\/\/www.rri.ro\/es\/actualidad\/retrospectiva-semanal\/retrospectiva-semanal-343-id1010177.html\" \/>\n<meta property=\"og:locale\" content=\"es_ES\" \/>\n<meta property=\"og:type\" content=\"article\" \/>\n<meta property=\"og:title\" content=\"Retrospectiva semanal - Radio Ruman\u00eda Internacional\" \/>\n<meta property=\"og:description\" content=\"Crisis de gobierno en Ruman\u00eda El principal partido de la coalici\u00f3n de gobierno en Bucarest, el PSD, hizo oficial el jueves la retirada de su apoyo al primer ministro liberal Ilie Bolojan, mediante la dimisi\u00f3n de sus ministros. El PSD, el PNL, la USR y la UDMR se unieron hace 10 meses con la nada [&hellip;]\" \/>\n<meta property=\"og:url\" content=\"https:\/\/www.rri.ro\/es\/actualidad\/retrospectiva-semanal\/retrospectiva-semanal-343-id1010177.html\" \/>\n<meta property=\"og:site_name\" content=\"Radio Ruman\u00eda Internacional\" \/>\n<meta property=\"article:published_time\" content=\"2026-04-25T04:47:35+00:00\" \/>\n<meta property=\"og:image\" content=\"https:\/\/www.rri.ro\/wp-content\/uploads\/2025\/05\/eveniment-top-ND-2025-16x9-1.jpg\" \/>\n\t<meta property=\"og:image:width\" content=\"1280\" \/>\n\t<meta property=\"og:image:height\" content=\"720\" \/>\n\t<meta property=\"og:image:type\" content=\"image\/jpeg\" \/>\n<meta name=\"author\" content=\"Leyla Cheamil\" \/>\n<meta name=\"twitter:card\" content=\"summary_large_image\" \/>\n<meta name=\"twitter:label1\" content=\"Escrito por\" \/>\n\t<meta name=\"twitter:data1\" content=\"Leyla Cheamil\" \/>\n\t<meta name=\"twitter:label2\" content=\"Tiempo de lectura\" \/>\n\t<meta name=\"twitter:data2\" content=\"6 minutos\" \/>\n\t<meta name=\"twitter:label3\" content=\"Written by\" \/>\n\t<meta name=\"twitter:data3\" content=\"Leyla Cheamil\" \/>\n<script type=\"application\/ld+json\" class=\"yoast-schema-graph\">{\"@context\":\"https:\\\/\\\/schema.org\",\"@graph\":[{\"@type\":\"Article\",\"@id\":\"https:\\\/\\\/www.rri.ro\\\/es\\\/actualidad\\\/retrospectiva-semanal\\\/retrospectiva-semanal-343-id1010177.html#article\",\"isPartOf\":{\"@id\":\"https:\\\/\\\/www.rri.ro\\\/es\\\/actualidad\\\/retrospectiva-semanal\\\/retrospectiva-semanal-343-id1010177.html\"},\"author\":{\"name\":\"Leyla Cheamil\",\"@id\":\"https:\\\/\\\/www.rri.ro\\\/#\\\/schema\\\/person\\\/e6364ed2d4b6af207a82ca66000d07e0\"},\"headline\":\"Retrospectiva semanal\",\"datePublished\":\"2026-04-25T04:47:35+00:00\",\"mainEntityOfPage\":{\"@id\":\"https:\\\/\\\/www.rri.ro\\\/es\\\/actualidad\\\/retrospectiva-semanal\\\/retrospectiva-semanal-343-id1010177.html\"},\"wordCount\":1240,\"image\":{\"@id\":\"https:\\\/\\\/www.rri.ro\\\/es\\\/actualidad\\\/retrospectiva-semanal\\\/retrospectiva-semanal-343-id1010177.html#primaryimage\"},\"thumbnailUrl\":\"https:\\\/\\\/www.rri.ro\\\/wp-content\\\/uploads\\\/2025\\\/05\\\/eveniment-top-ND-2025-16x9-1.jpg\",\"keywords\":[\"austeridad\",\"Bruselas\",\"Casco de Co\u021bofene\u0219ti\",\"crisis pol\u00edtica\",\"d\u00e9ficit presupuestario\",\"Gobierno\",\"Ilie Bolojan\",\"industria rumana\",\"Inflacion\",\"moci\u00f3n de censura\",\"Nicusor Dan\",\"OTAN\",\"Parlamento.\",\"patrimonio cultural\",\"PNL\",\"PSD\",\"Rumania\",\"UDMR\",\"Uni\u00f3n Europea\",\"USR\"],\"articleSection\":[\"Retrospectiva semanal\"],\"inLanguage\":\"es\"},{\"@type\":\"WebPage\",\"@id\":\"https:\\\/\\\/www.rri.ro\\\/es\\\/actualidad\\\/retrospectiva-semanal\\\/retrospectiva-semanal-343-id1010177.html\",\"url\":\"https:\\\/\\\/www.rri.ro\\\/es\\\/actualidad\\\/retrospectiva-semanal\\\/retrospectiva-semanal-343-id1010177.html\",\"name\":\"Retrospectiva semanal - Radio Ruman\u00eda Internacional\",\"isPartOf\":{\"@id\":\"https:\\\/\\\/www.rri.ro\\\/#website\"},\"primaryImageOfPage\":{\"@id\":\"https:\\\/\\\/www.rri.ro\\\/es\\\/actualidad\\\/retrospectiva-semanal\\\/retrospectiva-semanal-343-id1010177.html#primaryimage\"},\"image\":{\"@id\":\"https:\\\/\\\/www.rri.ro\\\/es\\\/actualidad\\\/retrospectiva-semanal\\\/retrospectiva-semanal-343-id1010177.html#primaryimage\"},\"thumbnailUrl\":\"https:\\\/\\\/www.rri.ro\\\/wp-content\\\/uploads\\\/2025\\\/05\\\/eveniment-top-ND-2025-16x9-1.jpg\",\"datePublished\":\"2026-04-25T04:47:35+00:00\",\"author\":{\"@id\":\"https:\\\/\\\/www.rri.ro\\\/#\\\/schema\\\/person\\\/e6364ed2d4b6af207a82ca66000d07e0\"},\"breadcrumb\":{\"@id\":\"https:\\\/\\\/www.rri.ro\\\/es\\\/actualidad\\\/retrospectiva-semanal\\\/retrospectiva-semanal-343-id1010177.html#breadcrumb\"},\"inLanguage\":\"es\",\"potentialAction\":[{\"@type\":\"ReadAction\",\"target\":[\"https:\\\/\\\/www.rri.ro\\\/es\\\/actualidad\\\/retrospectiva-semanal\\\/retrospectiva-semanal-343-id1010177.html\"]}]},{\"@type\":\"ImageObject\",\"inLanguage\":\"es\",\"@id\":\"https:\\\/\\\/www.rri.ro\\\/es\\\/actualidad\\\/retrospectiva-semanal\\\/retrospectiva-semanal-343-id1010177.html#primaryimage\",\"url\":\"https:\\\/\\\/www.rri.ro\\\/wp-content\\\/uploads\\\/2025\\\/05\\\/eveniment-top-ND-2025-16x9-1.jpg\",\"contentUrl\":\"https:\\\/\\\/www.rri.ro\\\/wp-content\\\/uploads\\\/2025\\\/05\\\/eveniment-top-ND-2025-16x9-1.jpg\",\"width\":1280,\"height\":720,\"caption\":\"\u041e\u0433\u043b\u044f\u0434 \u043f\u043e\u0434\u0456\u0439 \u0442\u0438\u0436\u043d\u044f\"},{\"@type\":\"BreadcrumbList\",\"@id\":\"https:\\\/\\\/www.rri.ro\\\/es\\\/actualidad\\\/retrospectiva-semanal\\\/retrospectiva-semanal-343-id1010177.html#breadcrumb\",\"itemListElement\":[{\"@type\":\"ListItem\",\"position\":1,\"name\":\"P\u00e1gina de inicio\",\"item\":\"https:\\\/\\\/www.rri.ro\\\/es\"},{\"@type\":\"ListItem\",\"position\":2,\"name\":\"Actualidad\",\"item\":\"https:\\\/\\\/www.rri.ro\\\/es\\\/actualidad\"},{\"@type\":\"ListItem\",\"position\":3,\"name\":\"Retrospectiva semanal\",\"item\":\"https:\\\/\\\/www.rri.ro\\\/es\\\/actualidad\\\/retrospectiva-semanal\"},{\"@type\":\"ListItem\",\"position\":4,\"name\":\"Retrospectiva semanal\"}]},{\"@type\":\"WebSite\",\"@id\":\"https:\\\/\\\/www.rri.ro\\\/#website\",\"url\":\"https:\\\/\\\/www.rri.ro\\\/\",\"name\":\"Radio Ruman\u00eda Internacional\",\"description\":\"Totul despre Rom\u00e2nia \u015fi rom\u00e2ni, \u00een 13 limbi\\\/dialecte!\",\"inLanguage\":\"es\"},{\"@type\":\"Person\",\"@id\":\"https:\\\/\\\/www.rri.ro\\\/#\\\/schema\\\/person\\\/e6364ed2d4b6af207a82ca66000d07e0\",\"name\":\"Leyla Cheamil\",\"url\":\"https:\\\/\\\/www.rri.ro\\\/es\\\/author\\\/leyla-cheamil\"}]}<\/script>\n<!-- \/ Yoast SEO plugin. -->","yoast_head_json":{"title":"Retrospectiva semanal - Radio Ruman\u00eda Internacional","robots":{"index":"index","follow":"follow","max-snippet":"max-snippet:-1","max-image-preview":"max-image-preview:large","max-video-preview":"max-video-preview:-1"},"canonical":"https:\/\/www.rri.ro\/es\/actualidad\/retrospectiva-semanal\/retrospectiva-semanal-343-id1010177.html","og_locale":"es_ES","og_type":"article","og_title":"Retrospectiva semanal - Radio Ruman\u00eda Internacional","og_description":"Crisis de gobierno en Ruman\u00eda El principal partido de la coalici\u00f3n de gobierno en Bucarest, el PSD, hizo oficial el jueves la retirada de su apoyo al primer ministro liberal Ilie Bolojan, mediante la dimisi\u00f3n de sus ministros. El PSD, el PNL, la USR y la UDMR se unieron hace 10 meses con la nada [&hellip;]","og_url":"https:\/\/www.rri.ro\/es\/actualidad\/retrospectiva-semanal\/retrospectiva-semanal-343-id1010177.html","og_site_name":"Radio Ruman\u00eda Internacional","article_published_time":"2026-04-25T04:47:35+00:00","og_image":[{"width":1280,"height":720,"url":"https:\/\/www.rri.ro\/wp-content\/uploads\/2025\/05\/eveniment-top-ND-2025-16x9-1.jpg","type":"image\/jpeg"}],"author":"Leyla Cheamil","twitter_card":"summary_large_image","twitter_misc":{"Escrito por":"Leyla Cheamil","Tiempo de lectura":"6 minutos","Written by":"Leyla Cheamil"},"schema":{"@context":"https:\/\/schema.org","@graph":[{"@type":"Article","@id":"https:\/\/www.rri.ro\/es\/actualidad\/retrospectiva-semanal\/retrospectiva-semanal-343-id1010177.html#article","isPartOf":{"@id":"https:\/\/www.rri.ro\/es\/actualidad\/retrospectiva-semanal\/retrospectiva-semanal-343-id1010177.html"},"author":{"name":"Leyla Cheamil","@id":"https:\/\/www.rri.ro\/#\/schema\/person\/e6364ed2d4b6af207a82ca66000d07e0"},"headline":"Retrospectiva semanal","datePublished":"2026-04-25T04:47:35+00:00","mainEntityOfPage":{"@id":"https:\/\/www.rri.ro\/es\/actualidad\/retrospectiva-semanal\/retrospectiva-semanal-343-id1010177.html"},"wordCount":1240,"image":{"@id":"https:\/\/www.rri.ro\/es\/actualidad\/retrospectiva-semanal\/retrospectiva-semanal-343-id1010177.html#primaryimage"},"thumbnailUrl":"https:\/\/www.rri.ro\/wp-content\/uploads\/2025\/05\/eveniment-top-ND-2025-16x9-1.jpg","keywords":["austeridad","Bruselas","Casco de Co\u021bofene\u0219ti","crisis pol\u00edtica","d\u00e9ficit presupuestario","Gobierno","Ilie Bolojan","industria rumana","Inflacion","moci\u00f3n de censura","Nicusor Dan","OTAN","Parlamento.","patrimonio cultural","PNL","PSD","Rumania","UDMR","Uni\u00f3n Europea","USR"],"articleSection":["Retrospectiva semanal"],"inLanguage":"es"},{"@type":"WebPage","@id":"https:\/\/www.rri.ro\/es\/actualidad\/retrospectiva-semanal\/retrospectiva-semanal-343-id1010177.html","url":"https:\/\/www.rri.ro\/es\/actualidad\/retrospectiva-semanal\/retrospectiva-semanal-343-id1010177.html","name":"Retrospectiva semanal - Radio Ruman\u00eda Internacional","isPartOf":{"@id":"https:\/\/www.rri.ro\/#website"},"primaryImageOfPage":{"@id":"https:\/\/www.rri.ro\/es\/actualidad\/retrospectiva-semanal\/retrospectiva-semanal-343-id1010177.html#primaryimage"},"image":{"@id":"https:\/\/www.rri.ro\/es\/actualidad\/retrospectiva-semanal\/retrospectiva-semanal-343-id1010177.html#primaryimage"},"thumbnailUrl":"https:\/\/www.rri.ro\/wp-content\/uploads\/2025\/05\/eveniment-top-ND-2025-16x9-1.jpg","datePublished":"2026-04-25T04:47:35+00:00","author":{"@id":"https:\/\/www.rri.ro\/#\/schema\/person\/e6364ed2d4b6af207a82ca66000d07e0"},"breadcrumb":{"@id":"https:\/\/www.rri.ro\/es\/actualidad\/retrospectiva-semanal\/retrospectiva-semanal-343-id1010177.html#breadcrumb"},"inLanguage":"es","potentialAction":[{"@type":"ReadAction","target":["https:\/\/www.rri.ro\/es\/actualidad\/retrospectiva-semanal\/retrospectiva-semanal-343-id1010177.html"]}]},{"@type":"ImageObject","inLanguage":"es","@id":"https:\/\/www.rri.ro\/es\/actualidad\/retrospectiva-semanal\/retrospectiva-semanal-343-id1010177.html#primaryimage","url":"https:\/\/www.rri.ro\/wp-content\/uploads\/2025\/05\/eveniment-top-ND-2025-16x9-1.jpg","contentUrl":"https:\/\/www.rri.ro\/wp-content\/uploads\/2025\/05\/eveniment-top-ND-2025-16x9-1.jpg","width":1280,"height":720,"caption":"\u041e\u0433\u043b\u044f\u0434 \u043f\u043e\u0434\u0456\u0439 \u0442\u0438\u0436\u043d\u044f"},{"@type":"BreadcrumbList","@id":"https:\/\/www.rri.ro\/es\/actualidad\/retrospectiva-semanal\/retrospectiva-semanal-343-id1010177.html#breadcrumb","itemListElement":[{"@type":"ListItem","position":1,"name":"P\u00e1gina de inicio","item":"https:\/\/www.rri.ro\/es"},{"@type":"ListItem","position":2,"name":"Actualidad","item":"https:\/\/www.rri.ro\/es\/actualidad"},{"@type":"ListItem","position":3,"name":"Retrospectiva semanal","item":"https:\/\/www.rri.ro\/es\/actualidad\/retrospectiva-semanal"},{"@type":"ListItem","position":4,"name":"Retrospectiva semanal"}]},{"@type":"WebSite","@id":"https:\/\/www.rri.ro\/#website","url":"https:\/\/www.rri.ro\/","name":"Radio Ruman\u00eda Internacional","description":"Totul despre Rom\u00e2nia \u015fi rom\u00e2ni, \u00een 13 limbi\/dialecte!","inLanguage":"es"},{"@type":"Person","@id":"https:\/\/www.rri.ro\/#\/schema\/person\/e6364ed2d4b6af207a82ca66000d07e0","name":"Leyla Cheamil","url":"https:\/\/www.rri.ro\/es\/author\/leyla-cheamil"}]}},"_links":{"self":[{"href":"https:\/\/www.rri.ro\/es\/wp-json\/wp\/v2\/posts\/1010177","targetHints":{"allow":["GET"]}}],"collection":[{"href":"https:\/\/www.rri.ro\/es\/wp-json\/wp\/v2\/posts"}],"about":[{"href":"https:\/\/www.rri.ro\/es\/wp-json\/wp\/v2\/types\/post"}],"author":[{"embeddable":true,"href":"https:\/\/www.rri.ro\/es\/wp-json\/wp\/v2\/users\/46"}],"replies":[{"embeddable":true,"href":"https:\/\/www.rri.ro\/es\/wp-json\/wp\/v2\/comments?post=1010177"}],"version-history":[{"count":1,"href":"https:\/\/www.rri.ro\/es\/wp-json\/wp\/v2\/posts\/1010177\/revisions"}],"predecessor-version":[{"id":1010178,"href":"https:\/\/www.rri.ro\/es\/wp-json\/wp\/v2\/posts\/1010177\/revisions\/1010178"}],"wp:featuredmedia":[{"embeddable":true,"href":"https:\/\/www.rri.ro\/es\/wp-json\/wp\/v2\/media\/892502"}],"wp:attachment":[{"href":"https:\/\/www.rri.ro\/es\/wp-json\/wp\/v2\/media?parent=1010177"}],"wp:term":[{"taxonomy":"category","embeddable":true,"href":"https:\/\/www.rri.ro\/es\/wp-json\/wp\/v2\/categories?post=1010177"},{"taxonomy":"post_tag","embeddable":true,"href":"https:\/\/www.rri.ro\/es\/wp-json\/wp\/v2\/tags?post=1010177"},{"taxonomy":"author","embeddable":true,"href":"https:\/\/www.rri.ro\/es\/wp-json\/wp\/v2\/coauthors?post=1010177"}],"curies":[{"name":"wp","href":"https:\/\/api.w.org\/{rel}","templated":true}]}}