{"id":1010777,"date":"2026-04-27T19:58:17","date_gmt":"2026-04-27T16:58:17","guid":{"rendered":"https:\/\/www.rri.ro\/?p=1010777"},"modified":"2026-04-27T20:03:27","modified_gmt":"2026-04-27T17:03:27","slug":"noticias-del-dia-2879","status":"publish","type":"post","link":"https:\/\/www.rri.ro\/es\/actualidad\/noticias\/noticias-del-dia-2879-id1010777.html","title":{"rendered":"Noticias del d\u00eda"},"content":{"rendered":"<p>TITULARES:<\/p>\n<ul>\n<li><strong>El presidente rumano, Nicu\u015for Dan, participa el martes y el mi\u00e9rcoles en la Cumbre de la Iniciativa de los Tres Mares (I3M) en Dubrovnik, Croacia.<\/strong><\/li>\n<\/ul>\n<p>&nbsp;<\/p>\n<ul>\n<li><strong>El PSD, que retir\u00f3 su apoyo al primer ministro liberal la semana pasada, anunci\u00f3 el lunes que, junto con AUR, presentar\u00e1 una moci\u00f3n de censura contra el Ejecutivo de Bolojan.<\/strong><\/li>\n<\/ul>\n<p>&nbsp;<\/p>\n<ul>\n<li><strong>El CSM Bucarest se enfrentar\u00e1 al equipo franc\u00e9s Metz Handball en las semifinales de la Final Four de la Liga de Campeones Femenina de Balonmano, seg\u00fan el sorteo celebrado el lunes en Viena.<\/strong><\/li>\n<\/ul>\n<p>&nbsp;<\/p>\n<p><strong>CUMBRE 3 MARES<\/strong> &#8211; El presidente rumano, Nicu\u015for Dan, participa el martes y el mi\u00e9rcoles en la Cumbre de la Iniciativa de los Tres Mares (I3M), que se celebra en Dubrovnik, Croacia. La Iniciativa de los Tres Mares es una plataforma pol\u00edtica flexible e informal, a nivel presidencial, que re\u00fane a los 12 Estados miembros de la UE situados entre el mar Adri\u00e1tico, el mar B\u00e1ltico y el mar Negro (Austria, Bulgaria, Croacia, Rep\u00fablica Checa, Estonia, Hungr\u00eda, Letonia, Lituania, Polonia, Ruman\u00eda, Eslovaquia y Eslovenia). La iniciativa tiene como objetivo aumentar la convergencia y la cohesi\u00f3n, al tiempo que reduce la brecha de desarrollo econ\u00f3mico entre las diferentes \u00e1reas y Estados miembros de la Uni\u00f3n Europea mediante el aumento de la interconectividad en la regi\u00f3n, en los \u00e1mbitos de la energ\u00eda, el transporte y la tecnolog\u00eda digital.<\/p>\n<p>&nbsp;<\/p>\n<p><strong>MOCI\u00d3N CONTRA EL GOBIERNO<\/strong> \u2013 El PSD, que la semana pasada retir\u00f3 su apoyo al primer ministro liberal y apart\u00f3 a sus ministros del gabinete, anunci\u00f3 este \u00a0lunes que, junto con AUR (populista), presentar\u00e1 una moci\u00f3n de censura contra el Ejecutivo Bolojan. El anuncio se produjo durante las nuevas consultas del jefe de Estado con los l\u00edderes de los partidos proeuropeos, incluido el PSD. Los temas de debate fueron el Plan Nacional de Recuperaci\u00f3n y Resiliencia y el programa SAFE, en los que el PSD, el PNL, la USR y la UDMR mostraron disposici\u00f3n a cooperar a pesar de las discrepancias pol\u00edticas. Cabe recordar que los socialdem\u00f3cratas acusaron a Ilie Bolojan de destruir la econom\u00eda y disminuir el poder adquisitivo de la poblaci\u00f3n, y exigieron su dimisi\u00f3n, expresando su voluntad de seguir gobernando en coalici\u00f3n con el PNL, la USR y la UDMR, pero con un primer ministro diferente. Ilie Bolojan anunci\u00f3, sin embargo, que continuar\u00eda ejerciendo su mandato como primer ministro para garantizar la estabilidad del Gobierno y especific\u00f3 que las decisiones tomadas hasta el momento, destinadas a reducir el elevado d\u00e9ficit presupuestario, fueron asumidas por todos los partidos de la coalici\u00f3n, incluido el PSD. Tras la dimisi\u00f3n de ministros del PSD, Ilie Bolojan opt\u00f3 por la soluci\u00f3n interina para evitar un bloqueo en la administraci\u00f3n del pa\u00eds, seg\u00fan sus declaraciones. Se trata de una soluci\u00f3n que no requiere la aprobaci\u00f3n del Parlamento y que permite al Ejecutivo mantener plenos poderes durante 45 d\u00edas, como antes.<\/p>\n<p>&nbsp;<\/p>\n<p><strong>PNRR<\/strong> \u2013 El primer ministro Ilie Bolojan present\u00f3 el lunes, a trav\u00e9s de una publicaci\u00f3n en internet, los proyectos y reformas m\u00e1s importantes que deben completarse en el PNRR. De las decenas de hitos que a\u00fan deben alcanzarse a finales de agosto, se han identificado nueve que requieren importantes inversiones, por un total de m\u00e1s de 7.000 millones de euros, necesarias para poder finalizar las obras de inversi\u00f3n en infraestructura vial y ferroviaria, la construcci\u00f3n de escuelas y hospitales, y la rehabilitaci\u00f3n de edificios p\u00fablicos. Para cumplir con estos hitos, deben aprobarse nueve leyes que regular\u00e1n diferentes \u00e1reas, desde los salarios del sector p\u00fablico hasta cuestiones fiscales o energ\u00e9ticas. La votaci\u00f3n sobre estos proyectos ser\u00e1, m\u00e1s all\u00e1 de las disputas y los diferentes enfoques, una prueba de responsabilidad para la clase pol\u00edtica rumana, afirm\u00f3 el jefe de Gobierno.<\/p>\n<p>&nbsp;<\/p>\n<p><strong>DRONES<\/strong> \u2013 Ruman\u00eda, a trav\u00e9s de sus m\u00e1s altas autoridades, ha condenado en\u00e9rgicamente la violaci\u00f3n del espacio a\u00e9reo del pa\u00eds por un dron ruso. El s\u00e1bado, el dron impact\u00f3 una vivienda y un poste de electricidad en el municipio de Gala\u0163i, cerca de la frontera con Ucrania. La ministra de Asuntos Exteriores, Oana \u0162oiu, convoc\u00f3 al embajador de la Federaci\u00f3n Rusa en Bucarest a la sede del Ministerio de Asuntos Exteriores. La parte rumana expres\u00f3 su firme protesta contra este acto inaceptable, que constituye una violaci\u00f3n de la soberan\u00eda de Ruman\u00eda. M\u00e1s detalles, en el servicio informativo.<\/p>\n<p>&nbsp;<\/p>\n<p><strong>REY CARLOS VISITA EE:UU.<\/strong> &#8211; El rey Carlos de Gran Breta\u00f1a tiene previsto realizar una visita de Estado a Estados Unidos el lunes, tras confirmarse que no exist\u00eda ninguna amenaza tras el tiroteo en la Casa Blanca durante una cena para periodistas a la que asisti\u00f3 el presidente Donald Trump. El Palacio de Buckingham anunci\u00f3 la visita tras una serie de conversaciones con funcionarios estadounidenses. Seg\u00fan Reuters, el viaje de cuatro d\u00edas del rey Carlos tiene como objetivo fortalecer las relaciones entre Estados Unidos y Reino Unido, en medio de varias diferencias, especialmente en lo referente a la guerra en Oriente Medio.<\/p>\n<p>&nbsp;<\/p>\n<p><strong>BALONMANO<\/strong> &#8211; El CSM Bucarest se enfrentar\u00e1 al equipo franc\u00e9s Metz Handball en las semifinales del torneo Final4 de la Liga de Campeones Femenina de Balonmano, seg\u00fan el sorteo celebrado el lunes en Viena, sede de la Federaci\u00f3n Europea de Balonmano. El CSM Bucarest, ganador del trofeo en 2016, se clasific\u00f3 para el torneo Final4 en Budapest tras ocho a\u00f1os de espera, eliminando en casa al equipo dan\u00e9s Team Esbjerg. En la otra semifinal de la competici\u00f3n, el Brest Bretagne Handball, que elimin\u00f3 al Gloria Bistri\u0163a, el otro equipo rumano participante, se medir\u00e1 al Gyori Audi ETO KC, vigente campe\u00f3n. El torneo Final4 se disputar\u00e1 en Budapest los d\u00edas 6 y 7 de junio.<\/p>\n<p>&nbsp;<\/p>\n<p><strong>TIEMPO<\/strong> \u2013 En las pr\u00f3ximas 24 horas, el cielo estar\u00e1 variable en Ruman\u00eda, con nubosidad temporal en las zonas monta\u00f1osas y submonta\u00f1osas de los C\u00e1rpatos meridionales y orientales, donde ser\u00e1n posibles lluvias ligeras aisladas de corta duraci\u00f3n. En la mitad sur del pa\u00eds y en \u00e1reas restringidas, habr\u00e1 lluvias ligeras, y en la zona monta\u00f1osa correspondiente, por encima de los 2000 m, habr\u00e1 precipitaciones mixtas. El viento soplar\u00e1 d\u00e9bil a moderado, con una ligera intensificaci\u00f3n en las monta\u00f1as de mayor altitud y en el sureste del pa\u00eds. Las temperaturas m\u00e1ximas oscilar\u00e1n generalmente entre los 14 y los 22 grados Celsius.<\/p>\n<p>&nbsp;<\/p>\n<p>&nbsp;<\/p>\n","protected":false},"excerpt":{"rendered":"<p>TITULARES: El presidente rumano, Nicu\u015for Dan, participa el martes y el mi\u00e9rcoles en la Cumbre de la Iniciativa de los Tres Mares (I3M) en Dubrovnik, Croacia. &nbsp; El PSD, que retir\u00f3 su apoyo al primer ministro liberal la semana pasada, anunci\u00f3 el lunes que, junto con AUR, presentar\u00e1 una moci\u00f3n de censura contra el Ejecutivo [&hellip;]<\/p>\n","protected":false},"author":113,"featured_media":723423,"comment_status":"closed","ping_status":"closed","sticky":false,"template":"","format":"standard","meta":{"_acf_changed":false,"footnotes":""},"categories":[49382],"tags":[113080,189824,132355,112584,147296,189825,150132,147867,154714,189827,164847,189828,143241,189829,134233,49021,146555,164339,143931,155432,176249,132352,189803,48949,189830,112808,136885,134238,143623,189826,168344],"coauthors":[116091],"class_list":["post-1010777","post","type-post","status-publish","format-standard","has-post-thumbnail","hentry","category-noticias","tag-oriente-medio","tag-altas-autoridades","tag-aur-es","tag-carpatos","tag-casa-blanca","tag-condenado-energicamente","tag-crisis-es","tag-croacia","tag-csm-bucarest-es","tag-cumbre-de-la-iniciativa-de-los-tres-mares-i3m-dubrovnik","tag-dron-ruso","tag-ejecutivo-de-bolojan","tag-energia-es","tag-equipo-frances-metz-handball","tag-estados-unidos","tag-mocion-de-censura","tag-nicusor-dan-es","tag-participa","tag-precios","tag-presidente-rumano","tag-primer-ministro-liberal","tag-psd-es","tag-rey-carlos-de-gran-bretana","tag-rumania","tag-semifinales-de-la-final-four-de-la-liga-de-campeones-femenina-de-balonmano","tag-sorteo","tag-tiempo","tag-ue-es","tag-viena-es","tag-violacion-del-espacio-aereo-del-pais","tag-visita-de-estado"],"acf":[],"yoast_head":"<!-- This site is optimized with the Yoast SEO plugin v27.3 - https:\/\/yoast.com\/product\/yoast-seo-wordpress\/ -->\n<title>Noticias del d\u00eda - Radio Ruman\u00eda Internacional<\/title>\n<meta name=\"robots\" content=\"index, follow, max-snippet:-1, max-image-preview:large, max-video-preview:-1\" \/>\n<link rel=\"canonical\" href=\"https:\/\/www.rri.ro\/es\/actualidad\/noticias\/noticias-del-dia-2879-id1010777.html\" \/>\n<meta property=\"og:locale\" content=\"es_ES\" \/>\n<meta property=\"og:type\" content=\"article\" \/>\n<meta property=\"og:title\" content=\"Noticias del d\u00eda - Radio Ruman\u00eda Internacional\" \/>\n<meta property=\"og:description\" content=\"TITULARES: El presidente rumano, Nicu\u015for Dan, participa el martes y el mi\u00e9rcoles en la Cumbre de la Iniciativa de los Tres Mares (I3M) en Dubrovnik, Croacia. &nbsp; El PSD, que retir\u00f3 su apoyo al primer ministro liberal la semana pasada, anunci\u00f3 el lunes que, junto con AUR, presentar\u00e1 una moci\u00f3n de censura contra el Ejecutivo [&hellip;]\" \/>\n<meta property=\"og:url\" content=\"https:\/\/www.rri.ro\/es\/actualidad\/noticias\/noticias-del-dia-2879-id1010777.html\" \/>\n<meta property=\"og:site_name\" content=\"Radio Ruman\u00eda Internacional\" \/>\n<meta property=\"article:published_time\" content=\"2026-04-27T16:58:17+00:00\" \/>\n<meta property=\"article:modified_time\" content=\"2026-04-27T17:03:27+00:00\" \/>\n<meta property=\"og:image\" content=\"https:\/\/www.rri.ro\/wp-content\/uploads\/2024\/03\/RRI-960x540-Noticias-2-NOU.jpg\" \/>\n\t<meta property=\"og:image:width\" content=\"960\" \/>\n\t<meta property=\"og:image:height\" content=\"540\" \/>\n\t<meta property=\"og:image:type\" content=\"image\/jpeg\" \/>\n<meta name=\"author\" content=\"Newsroom\" \/>\n<meta name=\"twitter:card\" content=\"summary_large_image\" \/>\n<meta name=\"twitter:label1\" content=\"Escrito por\" \/>\n\t<meta name=\"twitter:data1\" content=\"Newsroom\" \/>\n\t<meta name=\"twitter:label2\" content=\"Tiempo de lectura\" \/>\n\t<meta name=\"twitter:data2\" content=\"6 minutos\" \/>\n\t<meta name=\"twitter:label3\" content=\"Written by\" \/>\n\t<meta name=\"twitter:data3\" content=\"Newsroom\" \/>\n<script type=\"application\/ld+json\" class=\"yoast-schema-graph\">{\"@context\":\"https:\\\/\\\/schema.org\",\"@graph\":[{\"@type\":\"Article\",\"@id\":\"https:\\\/\\\/www.rri.ro\\\/es\\\/actualidad\\\/noticias\\\/noticias-del-dia-2879-id1010777.html#article\",\"isPartOf\":{\"@id\":\"https:\\\/\\\/www.rri.ro\\\/es\\\/actualidad\\\/noticias\\\/noticias-del-dia-2879-id1010777.html\"},\"author\":{\"name\":\"Newsroom\",\"@id\":\"https:\\\/\\\/www.rri.ro\\\/#\\\/schema\\\/person\\\/4a479940371b9fdefd194f561e8a7f88\"},\"headline\":\"Noticias del d\u00eda\",\"datePublished\":\"2026-04-27T16:58:17+00:00\",\"dateModified\":\"2026-04-27T17:03:27+00:00\",\"mainEntityOfPage\":{\"@id\":\"https:\\\/\\\/www.rri.ro\\\/es\\\/actualidad\\\/noticias\\\/noticias-del-dia-2879-id1010777.html\"},\"wordCount\":1125,\"image\":{\"@id\":\"https:\\\/\\\/www.rri.ro\\\/es\\\/actualidad\\\/noticias\\\/noticias-del-dia-2879-id1010777.html#primaryimage\"},\"thumbnailUrl\":\"https:\\\/\\\/www.rri.ro\\\/wp-content\\\/uploads\\\/2024\\\/03\\\/RRI-960x540-Noticias-2-NOU.jpg\",\"keywords\":[\"&#013; Oriente Medio\",\"altas autoridades\",\"AUR\",\"C\u00e1rpatos\",\"Casa Blanca\",\"condenado en\u00e9rgicamente\",\"crisis\",\"Croacia\",\"CSM Bucarest\",\"Cumbre de la Iniciativa de los Tres Mares (I3M) Dubrovnik\",\"dron ruso\",\"Ejecutivo de Bolojan\",\"energia\",\"equipo franc\u00e9s Metz Handball\",\"Estados Unidos\",\"moci\u00f3n de censura\",\"Nicusor Dan\",\"participa\",\"precios\",\"presidente rumano\",\"primer ministro liberal\",\"PSD\",\"rey Carlos de Gran Breta\u00f1a\",\"Rumania\",\"semifinales de la Final Four de la Liga de Campeones Femenina de Balonmano\",\"sorteo\",\"tiempo\",\"UE\",\"Viena\",\"violaci\u00f3n del espacio a\u00e9reo del pa\u00eds\",\"visita de Estado\"],\"articleSection\":[\"Noticias\"],\"inLanguage\":\"es\"},{\"@type\":\"WebPage\",\"@id\":\"https:\\\/\\\/www.rri.ro\\\/es\\\/actualidad\\\/noticias\\\/noticias-del-dia-2879-id1010777.html\",\"url\":\"https:\\\/\\\/www.rri.ro\\\/es\\\/actualidad\\\/noticias\\\/noticias-del-dia-2879-id1010777.html\",\"name\":\"Noticias del d\u00eda - Radio Ruman\u00eda Internacional\",\"isPartOf\":{\"@id\":\"https:\\\/\\\/www.rri.ro\\\/#website\"},\"primaryImageOfPage\":{\"@id\":\"https:\\\/\\\/www.rri.ro\\\/es\\\/actualidad\\\/noticias\\\/noticias-del-dia-2879-id1010777.html#primaryimage\"},\"image\":{\"@id\":\"https:\\\/\\\/www.rri.ro\\\/es\\\/actualidad\\\/noticias\\\/noticias-del-dia-2879-id1010777.html#primaryimage\"},\"thumbnailUrl\":\"https:\\\/\\\/www.rri.ro\\\/wp-content\\\/uploads\\\/2024\\\/03\\\/RRI-960x540-Noticias-2-NOU.jpg\",\"datePublished\":\"2026-04-27T16:58:17+00:00\",\"dateModified\":\"2026-04-27T17:03:27+00:00\",\"author\":{\"@id\":\"https:\\\/\\\/www.rri.ro\\\/#\\\/schema\\\/person\\\/4a479940371b9fdefd194f561e8a7f88\"},\"breadcrumb\":{\"@id\":\"https:\\\/\\\/www.rri.ro\\\/es\\\/actualidad\\\/noticias\\\/noticias-del-dia-2879-id1010777.html#breadcrumb\"},\"inLanguage\":\"es\",\"potentialAction\":[{\"@type\":\"ReadAction\",\"target\":[\"https:\\\/\\\/www.rri.ro\\\/es\\\/actualidad\\\/noticias\\\/noticias-del-dia-2879-id1010777.html\"]}]},{\"@type\":\"ImageObject\",\"inLanguage\":\"es\",\"@id\":\"https:\\\/\\\/www.rri.ro\\\/es\\\/actualidad\\\/noticias\\\/noticias-del-dia-2879-id1010777.html#primaryimage\",\"url\":\"https:\\\/\\\/www.rri.ro\\\/wp-content\\\/uploads\\\/2024\\\/03\\\/RRI-960x540-Noticias-2-NOU.jpg\",\"contentUrl\":\"https:\\\/\\\/www.rri.ro\\\/wp-content\\\/uploads\\\/2024\\\/03\\\/RRI-960x540-Noticias-2-NOU.jpg\",\"width\":960,\"height\":540,\"caption\":\"RRI 960x540 Noticias 2-NOU\"},{\"@type\":\"BreadcrumbList\",\"@id\":\"https:\\\/\\\/www.rri.ro\\\/es\\\/actualidad\\\/noticias\\\/noticias-del-dia-2879-id1010777.html#breadcrumb\",\"itemListElement\":[{\"@type\":\"ListItem\",\"position\":1,\"name\":\"P\u00e1gina de inicio\",\"item\":\"https:\\\/\\\/www.rri.ro\\\/es\"},{\"@type\":\"ListItem\",\"position\":2,\"name\":\"Actualidad\",\"item\":\"https:\\\/\\\/www.rri.ro\\\/es\\\/actualidad\"},{\"@type\":\"ListItem\",\"position\":3,\"name\":\"Noticias\",\"item\":\"https:\\\/\\\/www.rri.ro\\\/es\\\/actualidad\\\/noticias\"},{\"@type\":\"ListItem\",\"position\":4,\"name\":\"Noticias del d\u00eda\"}]},{\"@type\":\"WebSite\",\"@id\":\"https:\\\/\\\/www.rri.ro\\\/#website\",\"url\":\"https:\\\/\\\/www.rri.ro\\\/\",\"name\":\"Radio Ruman\u00eda Internacional\",\"description\":\"Totul despre Rom\u00e2nia \u015fi rom\u00e2ni, \u00een 13 limbi\\\/dialecte!\",\"inLanguage\":\"es\"},{\"@type\":\"Person\",\"@id\":\"https:\\\/\\\/www.rri.ro\\\/#\\\/schema\\\/person\\\/4a479940371b9fdefd194f561e8a7f88\",\"name\":\"Newsroom\",\"url\":\"https:\\\/\\\/www.rri.ro\\\/es\\\/author\\\/newsroom\"}]}<\/script>\n<!-- \/ Yoast SEO plugin. -->","yoast_head_json":{"title":"Noticias del d\u00eda - Radio Ruman\u00eda Internacional","robots":{"index":"index","follow":"follow","max-snippet":"max-snippet:-1","max-image-preview":"max-image-preview:large","max-video-preview":"max-video-preview:-1"},"canonical":"https:\/\/www.rri.ro\/es\/actualidad\/noticias\/noticias-del-dia-2879-id1010777.html","og_locale":"es_ES","og_type":"article","og_title":"Noticias del d\u00eda - Radio Ruman\u00eda Internacional","og_description":"TITULARES: El presidente rumano, Nicu\u015for Dan, participa el martes y el mi\u00e9rcoles en la Cumbre de la Iniciativa de los Tres Mares (I3M) en Dubrovnik, Croacia. &nbsp; El PSD, que retir\u00f3 su apoyo al primer ministro liberal la semana pasada, anunci\u00f3 el lunes que, junto con AUR, presentar\u00e1 una moci\u00f3n de censura contra el Ejecutivo [&hellip;]","og_url":"https:\/\/www.rri.ro\/es\/actualidad\/noticias\/noticias-del-dia-2879-id1010777.html","og_site_name":"Radio Ruman\u00eda Internacional","article_published_time":"2026-04-27T16:58:17+00:00","article_modified_time":"2026-04-27T17:03:27+00:00","og_image":[{"width":960,"height":540,"url":"https:\/\/www.rri.ro\/wp-content\/uploads\/2024\/03\/RRI-960x540-Noticias-2-NOU.jpg","type":"image\/jpeg"}],"author":"Newsroom","twitter_card":"summary_large_image","twitter_misc":{"Escrito por":"Newsroom","Tiempo de lectura":"6 minutos","Written by":"Newsroom"},"schema":{"@context":"https:\/\/schema.org","@graph":[{"@type":"Article","@id":"https:\/\/www.rri.ro\/es\/actualidad\/noticias\/noticias-del-dia-2879-id1010777.html#article","isPartOf":{"@id":"https:\/\/www.rri.ro\/es\/actualidad\/noticias\/noticias-del-dia-2879-id1010777.html"},"author":{"name":"Newsroom","@id":"https:\/\/www.rri.ro\/#\/schema\/person\/4a479940371b9fdefd194f561e8a7f88"},"headline":"Noticias del d\u00eda","datePublished":"2026-04-27T16:58:17+00:00","dateModified":"2026-04-27T17:03:27+00:00","mainEntityOfPage":{"@id":"https:\/\/www.rri.ro\/es\/actualidad\/noticias\/noticias-del-dia-2879-id1010777.html"},"wordCount":1125,"image":{"@id":"https:\/\/www.rri.ro\/es\/actualidad\/noticias\/noticias-del-dia-2879-id1010777.html#primaryimage"},"thumbnailUrl":"https:\/\/www.rri.ro\/wp-content\/uploads\/2024\/03\/RRI-960x540-Noticias-2-NOU.jpg","keywords":["&#013; Oriente Medio","altas autoridades","AUR","C\u00e1rpatos","Casa Blanca","condenado en\u00e9rgicamente","crisis","Croacia","CSM Bucarest","Cumbre de la Iniciativa de los Tres Mares (I3M) Dubrovnik","dron ruso","Ejecutivo de Bolojan","energia","equipo franc\u00e9s Metz Handball","Estados Unidos","moci\u00f3n de censura","Nicusor Dan","participa","precios","presidente rumano","primer ministro liberal","PSD","rey Carlos de Gran Breta\u00f1a","Rumania","semifinales de la Final Four de la Liga de Campeones Femenina de Balonmano","sorteo","tiempo","UE","Viena","violaci\u00f3n del espacio a\u00e9reo del pa\u00eds","visita de Estado"],"articleSection":["Noticias"],"inLanguage":"es"},{"@type":"WebPage","@id":"https:\/\/www.rri.ro\/es\/actualidad\/noticias\/noticias-del-dia-2879-id1010777.html","url":"https:\/\/www.rri.ro\/es\/actualidad\/noticias\/noticias-del-dia-2879-id1010777.html","name":"Noticias del d\u00eda - Radio Ruman\u00eda Internacional","isPartOf":{"@id":"https:\/\/www.rri.ro\/#website"},"primaryImageOfPage":{"@id":"https:\/\/www.rri.ro\/es\/actualidad\/noticias\/noticias-del-dia-2879-id1010777.html#primaryimage"},"image":{"@id":"https:\/\/www.rri.ro\/es\/actualidad\/noticias\/noticias-del-dia-2879-id1010777.html#primaryimage"},"thumbnailUrl":"https:\/\/www.rri.ro\/wp-content\/uploads\/2024\/03\/RRI-960x540-Noticias-2-NOU.jpg","datePublished":"2026-04-27T16:58:17+00:00","dateModified":"2026-04-27T17:03:27+00:00","author":{"@id":"https:\/\/www.rri.ro\/#\/schema\/person\/4a479940371b9fdefd194f561e8a7f88"},"breadcrumb":{"@id":"https:\/\/www.rri.ro\/es\/actualidad\/noticias\/noticias-del-dia-2879-id1010777.html#breadcrumb"},"inLanguage":"es","potentialAction":[{"@type":"ReadAction","target":["https:\/\/www.rri.ro\/es\/actualidad\/noticias\/noticias-del-dia-2879-id1010777.html"]}]},{"@type":"ImageObject","inLanguage":"es","@id":"https:\/\/www.rri.ro\/es\/actualidad\/noticias\/noticias-del-dia-2879-id1010777.html#primaryimage","url":"https:\/\/www.rri.ro\/wp-content\/uploads\/2024\/03\/RRI-960x540-Noticias-2-NOU.jpg","contentUrl":"https:\/\/www.rri.ro\/wp-content\/uploads\/2024\/03\/RRI-960x540-Noticias-2-NOU.jpg","width":960,"height":540,"caption":"RRI 960x540 Noticias 2-NOU"},{"@type":"BreadcrumbList","@id":"https:\/\/www.rri.ro\/es\/actualidad\/noticias\/noticias-del-dia-2879-id1010777.html#breadcrumb","itemListElement":[{"@type":"ListItem","position":1,"name":"P\u00e1gina de inicio","item":"https:\/\/www.rri.ro\/es"},{"@type":"ListItem","position":2,"name":"Actualidad","item":"https:\/\/www.rri.ro\/es\/actualidad"},{"@type":"ListItem","position":3,"name":"Noticias","item":"https:\/\/www.rri.ro\/es\/actualidad\/noticias"},{"@type":"ListItem","position":4,"name":"Noticias del d\u00eda"}]},{"@type":"WebSite","@id":"https:\/\/www.rri.ro\/#website","url":"https:\/\/www.rri.ro\/","name":"Radio Ruman\u00eda Internacional","description":"Totul despre Rom\u00e2nia \u015fi rom\u00e2ni, \u00een 13 limbi\/dialecte!","inLanguage":"es"},{"@type":"Person","@id":"https:\/\/www.rri.ro\/#\/schema\/person\/4a479940371b9fdefd194f561e8a7f88","name":"Newsroom","url":"https:\/\/www.rri.ro\/es\/author\/newsroom"}]}},"_links":{"self":[{"href":"https:\/\/www.rri.ro\/es\/wp-json\/wp\/v2\/posts\/1010777","targetHints":{"allow":["GET"]}}],"collection":[{"href":"https:\/\/www.rri.ro\/es\/wp-json\/wp\/v2\/posts"}],"about":[{"href":"https:\/\/www.rri.ro\/es\/wp-json\/wp\/v2\/types\/post"}],"author":[{"embeddable":true,"href":"https:\/\/www.rri.ro\/es\/wp-json\/wp\/v2\/users\/113"}],"replies":[{"embeddable":true,"href":"https:\/\/www.rri.ro\/es\/wp-json\/wp\/v2\/comments?post=1010777"}],"version-history":[{"count":1,"href":"https:\/\/www.rri.ro\/es\/wp-json\/wp\/v2\/posts\/1010777\/revisions"}],"predecessor-version":[{"id":1010779,"href":"https:\/\/www.rri.ro\/es\/wp-json\/wp\/v2\/posts\/1010777\/revisions\/1010779"}],"wp:featuredmedia":[{"embeddable":true,"href":"https:\/\/www.rri.ro\/es\/wp-json\/wp\/v2\/media\/723423"}],"wp:attachment":[{"href":"https:\/\/www.rri.ro\/es\/wp-json\/wp\/v2\/media?parent=1010777"}],"wp:term":[{"taxonomy":"category","embeddable":true,"href":"https:\/\/www.rri.ro\/es\/wp-json\/wp\/v2\/categories?post=1010777"},{"taxonomy":"post_tag","embeddable":true,"href":"https:\/\/www.rri.ro\/es\/wp-json\/wp\/v2\/tags?post=1010777"},{"taxonomy":"author","embeddable":true,"href":"https:\/\/www.rri.ro\/es\/wp-json\/wp\/v2\/coauthors?post=1010777"}],"curies":[{"name":"wp","href":"https:\/\/api.w.org\/{rel}","templated":true}]}}