{"id":1010979,"date":"2026-04-28T11:35:55","date_gmt":"2026-04-28T08:35:55","guid":{"rendered":"https:\/\/www.rri.ro\/?p=1010979"},"modified":"2026-04-28T11:35:55","modified_gmt":"2026-04-28T08:35:55","slug":"asociacion-rumano-estadounidense-en-el-ambito-de-la-defensa","status":"publish","type":"post","link":"https:\/\/www.rri.ro\/es\/actualidad\/tema-del-dia\/asociacion-rumano-estadounidense-en-el-ambito-de-la-defensa-id1010979.html","title":{"rendered":"Asociaci\u00f3n rumano-estadounidense en el \u00e1mbito de la defensa"},"content":{"rendered":"<p>Es necesario reforzar la asociaci\u00f3n estrat\u00e9gica entre Ruman\u00eda y Estados Unidos, escribi\u00f3 el presidente Nicu\u0219or Dan en la red <em>X<\/em>, tras la reuni\u00f3n mantenida el lunes con el secretario de las Fuerzas Terrestres de Estados Unidos, Daniel P. Driscoll. Bucarest est\u00e1 dispuesta a invertir m\u00e1s en su propia seguridad y en la de la Alianza del Atl\u00e1ntico Norte, se\u00f1al\u00f3 el jefe de Estado, quien precis\u00f3 que Ruman\u00eda sigue siendo el socio y aliado m\u00e1s fiable de EE. UU. en el mar Negro, donde los retos y los riesgos tienden a aumentar, afectando a la seguridad euroatl\u00e1ntica.<\/p>\n<p>&nbsp;<\/p>\n<p>La ministra de Asuntos Exteriores, Oana \u0162oiu, tambi\u00e9n subray\u00f3, tras la reuni\u00f3n con el funcionario estadounidense, que la asociaci\u00f3n estrat\u00e9gica bilateral sigue siendo esencial para la seguridad de Ruman\u00eda, abogando por acelerar las inversiones conjuntas. \u00ab<em>Hemos abordado temas muy importantes para la seguridad de Ruman\u00eda, desde la importancia de la presencia militar estadounidense en el pa\u00eds para el fortalecimiento del Flanco Oriental, hasta la necesidad de una estrecha cooperaci\u00f3n en el contexto de la guerra de agresi\u00f3n de Rusia contra Ucrania<\/em>\u00bb, explic\u00f3 Oana \u021aoiu. Esta present\u00f3 a Daniel P. Driscoll los detalles del incidente m\u00e1s reciente \u2014a finales de la semana pasada\u2014 en el que un dron ruso viol\u00f3 el espacio a\u00e9reo rumano y, en un hecho sin precedentes, los fragmentos cayeron en una zona habitada, siendo necesaria la intervenci\u00f3n de especialistas rumanos para detonar la carga explosiva.<\/p>\n<p>&nbsp;<\/p>\n<p>M\u00e1s all\u00e1 del aspecto militar, en la reuni\u00f3n entre la jefa de la diplomacia de Bucarest y el secretario de las Fuerzas Terrestres estadounidenses tambi\u00e9n se debati\u00f3 la aceleraci\u00f3n de las inversiones conjuntas y el crecimiento de las econom\u00edas de ambos pa\u00edses, incluso a trav\u00e9s de la industria de defensa, donde el potencial de desarrollo de la cooperaci\u00f3n es significativo.<\/p>\n<p><strong>\u00a0<\/strong><\/p>\n<p>En t\u00e9rminos concretos, el ministro de Defensa, Radu Miru\u021b\u0103, y el secretario del Ej\u00e9rcito de los Estados Unidos, Daniel P. Driscoll, firmaron una carta de intenci\u00f3n para la cooperaci\u00f3n en el \u00e1mbito de los drones y de los sistemas para contrarrestarlos. \u00ab<em>Ruman\u00eda se convierte en el segundo pa\u00eds del mundo, despu\u00e9s del Reino Unido, con acceso en tiempo real a la plataforma estadounidense <\/em>Counter-UAS Marketplace<em>, una herramienta moderna que nos ofrece acceso r\u00e1pido a m\u00e1s de 1.600 soluciones antidrones y reduce significativamente el tiempo de reacci\u00f3n y adquisici\u00f3n. En el Flanco Oriental, el tiempo marca la diferencia. Y nosotros elegimos estar preparados<\/em>\u00bb, precis\u00f3 el ministro Miru\u021b\u0103 en su p\u00e1gina de <em>Facebook<\/em>.<\/p>\n<p>&nbsp;<\/p>\n<p>\u00ab<em>La asociaci\u00f3n con los Estados Unidos no es solo un s\u00edmbolo. Es una garant\u00eda real de seguridad. Y Ruman\u00eda no es solo un beneficiario de seguridad. Es un socio serio, que contribuye, cumple y ofrece previsibilidad. Un compromiso es un compromiso, sin importar cu\u00e1nto tiempo haya pasado desde su firma. Y Ruman\u00eda respeta sus compromisos<\/em>\u00bb, a\u00f1adi\u00f3 el ministro de Defensa Nacional, quien asegur\u00f3 que Ruman\u00eda sigue siendo un firme partidario del fortalecimiento de la relaci\u00f3n transatl\u00e1ntica.<\/p>\n<p>&nbsp;<\/p>\n<p>Versi\u00f3n en espa\u00f1ol: Brigitta Pan\u0103<\/p>\n<p>&nbsp;<\/p>\n<p>&nbsp;<\/p>\n","protected":false},"excerpt":{"rendered":"<p>Es necesario reforzar la asociaci\u00f3n estrat\u00e9gica entre Ruman\u00eda y Estados Unidos, escribi\u00f3 el presidente Nicu\u0219or Dan en la red X, tras la reuni\u00f3n mantenida el lunes con el secretario de las Fuerzas Terrestres de Estados Unidos, Daniel P. Driscoll. Bucarest est\u00e1 dispuesta a invertir m\u00e1s en su propia seguridad y en la de la Alianza [&hellip;]<\/p>\n","protected":false},"author":109,"featured_media":1010934,"comment_status":"closed","ping_status":"closed","sticky":false,"template":"","format":"gallery","meta":{"_acf_changed":false,"footnotes":""},"categories":[49231],"tags":[157777,112514,136919,189845,49134,148318,134233,148144,189844,112397,146555,173057,177989,48949,49130,150072],"coauthors":[115219],"class_list":["post-1010979","post","type-post","status-publish","format-gallery","has-post-thumbnail","hentry","category-tema-del-dia","tag-alianza-del-atlantico-norte","tag-asociacion","tag-cooperacion","tag-daniel-p-driscoll-es","tag-defensa","tag-drones-es","tag-estados-unidos","tag-flanco-oriental","tag-invesiones","tag-mar-negro","tag-nicusor-dan-es","tag-oana-toiu-es","tag-radu-miruta","tag-rumania","tag-seguridad","tag-socio","post_format-post-format-gallery"],"acf":[],"yoast_head":"<!-- This site is optimized with the Yoast SEO plugin v27.5 - https:\/\/yoast.com\/product\/yoast-seo-wordpress\/ -->\n<title>Asociaci\u00f3n rumano-estadounidense en el \u00e1mbito de la defensa - Radio Ruman\u00eda Internacional<\/title>\n<meta name=\"description\" content=\"El presidente Nicu\u0219or Dan afirma que es necesario reforzar la asociaci\u00f3n estrat\u00e9gica entre Ruman\u00eda y Estados Unidos.\" \/>\n<meta name=\"robots\" content=\"index, follow, max-snippet:-1, max-image-preview:large, max-video-preview:-1\" \/>\n<link rel=\"canonical\" href=\"https:\/\/www.rri.ro\/es\/actualidad\/tema-del-dia\/asociacion-rumano-estadounidense-en-el-ambito-de-la-defensa-id1010979.html\" \/>\n<meta property=\"og:locale\" content=\"es_ES\" \/>\n<meta property=\"og:type\" content=\"article\" \/>\n<meta property=\"og:title\" content=\"Asociaci\u00f3n rumano-estadounidense en el \u00e1mbito de la defensa - Radio Ruman\u00eda Internacional\" \/>\n<meta property=\"og:description\" content=\"El presidente Nicu\u0219or Dan afirma que es necesario reforzar la asociaci\u00f3n estrat\u00e9gica entre Ruman\u00eda y Estados Unidos.\" \/>\n<meta property=\"og:url\" content=\"https:\/\/www.rri.ro\/es\/actualidad\/tema-del-dia\/asociacion-rumano-estadounidense-en-el-ambito-de-la-defensa-id1010979.html\" \/>\n<meta property=\"og:site_name\" content=\"Radio Ruman\u00eda Internacional\" \/>\n<meta property=\"article:published_time\" content=\"2026-04-28T08:35:55+00:00\" \/>\n<meta property=\"og:image\" content=\"https:\/\/www.rri.ro\/wp-content\/uploads\/2026\/04\/Ministrul-Apararii-Radu-Miruta-Secretarul-Fortelor-Terestre-SUA-Daniel-PDriscoll-foto-fb-ministerulaparariinationale.jpg\" \/>\n\t<meta property=\"og:image:width\" content=\"1200\" \/>\n\t<meta property=\"og:image:height\" content=\"799\" \/>\n\t<meta property=\"og:image:type\" content=\"image\/jpeg\" \/>\n<meta name=\"author\" content=\"Roxana Vasile\" \/>\n<meta name=\"twitter:card\" content=\"summary_large_image\" \/>\n<meta name=\"twitter:label1\" content=\"Escrito por\" \/>\n\t<meta name=\"twitter:data1\" content=\"Roxana Vasile\" \/>\n\t<meta name=\"twitter:label2\" content=\"Tiempo de lectura\" \/>\n\t<meta name=\"twitter:data2\" content=\"3 minutos\" \/>\n\t<meta name=\"twitter:label3\" content=\"Written by\" \/>\n\t<meta name=\"twitter:data3\" content=\"Roxana Vasile\" \/>\n<script type=\"application\/ld+json\" class=\"yoast-schema-graph\">{\"@context\":\"https:\\\/\\\/schema.org\",\"@graph\":[{\"@type\":\"Article\",\"@id\":\"https:\\\/\\\/www.rri.ro\\\/es\\\/actualidad\\\/tema-del-dia\\\/asociacion-rumano-estadounidense-en-el-ambito-de-la-defensa-id1010979.html#article\",\"isPartOf\":{\"@id\":\"https:\\\/\\\/www.rri.ro\\\/es\\\/actualidad\\\/tema-del-dia\\\/asociacion-rumano-estadounidense-en-el-ambito-de-la-defensa-id1010979.html\"},\"author\":{\"name\":\"Roxana Vasile\",\"@id\":\"https:\\\/\\\/www.rri.ro\\\/#\\\/schema\\\/person\\\/0745b519f2d1287783422f162c4112af\"},\"headline\":\"Asociaci\u00f3n rumano-estadounidense en el \u00e1mbito de la defensa\",\"datePublished\":\"2026-04-28T08:35:55+00:00\",\"mainEntityOfPage\":{\"@id\":\"https:\\\/\\\/www.rri.ro\\\/es\\\/actualidad\\\/tema-del-dia\\\/asociacion-rumano-estadounidense-en-el-ambito-de-la-defensa-id1010979.html\"},\"wordCount\":555,\"image\":{\"@id\":\"https:\\\/\\\/www.rri.ro\\\/es\\\/actualidad\\\/tema-del-dia\\\/asociacion-rumano-estadounidense-en-el-ambito-de-la-defensa-id1010979.html#primaryimage\"},\"thumbnailUrl\":\"https:\\\/\\\/www.rri.ro\\\/wp-content\\\/uploads\\\/2026\\\/04\\\/Ministrul-Apararii-Radu-Miruta-Secretarul-Fortelor-Terestre-SUA-Daniel-PDriscoll-foto-fb-ministerulaparariinationale.jpg\",\"keywords\":[\"Alianza del Atl\u00e1ntico Norte\",\"asociaci\u00f3n\",\"cooperaci\u00f3n\",\"Daniel P. Driscoll\",\"defensa\",\"drones\",\"Estados Unidos\",\"Flanco Oriental\",\"invesiones\",\"Mar Negro\",\"Nicusor Dan\",\"Oana Toiu\",\"Radu Miruta\",\"Rumania\",\"Seguridad\",\"socio\"],\"articleSection\":[\"Tema del d\u00eda\"],\"inLanguage\":\"es\"},{\"@type\":\"WebPage\",\"@id\":\"https:\\\/\\\/www.rri.ro\\\/es\\\/actualidad\\\/tema-del-dia\\\/asociacion-rumano-estadounidense-en-el-ambito-de-la-defensa-id1010979.html\",\"url\":\"https:\\\/\\\/www.rri.ro\\\/es\\\/actualidad\\\/tema-del-dia\\\/asociacion-rumano-estadounidense-en-el-ambito-de-la-defensa-id1010979.html\",\"name\":\"Asociaci\u00f3n rumano-estadounidense en el \u00e1mbito de la defensa - Radio Ruman\u00eda Internacional\",\"isPartOf\":{\"@id\":\"https:\\\/\\\/www.rri.ro\\\/#website\"},\"primaryImageOfPage\":{\"@id\":\"https:\\\/\\\/www.rri.ro\\\/es\\\/actualidad\\\/tema-del-dia\\\/asociacion-rumano-estadounidense-en-el-ambito-de-la-defensa-id1010979.html#primaryimage\"},\"image\":{\"@id\":\"https:\\\/\\\/www.rri.ro\\\/es\\\/actualidad\\\/tema-del-dia\\\/asociacion-rumano-estadounidense-en-el-ambito-de-la-defensa-id1010979.html#primaryimage\"},\"thumbnailUrl\":\"https:\\\/\\\/www.rri.ro\\\/wp-content\\\/uploads\\\/2026\\\/04\\\/Ministrul-Apararii-Radu-Miruta-Secretarul-Fortelor-Terestre-SUA-Daniel-PDriscoll-foto-fb-ministerulaparariinationale.jpg\",\"datePublished\":\"2026-04-28T08:35:55+00:00\",\"author\":{\"@id\":\"https:\\\/\\\/www.rri.ro\\\/#\\\/schema\\\/person\\\/0745b519f2d1287783422f162c4112af\"},\"description\":\"El presidente Nicu\u0219or Dan afirma que es necesario reforzar la asociaci\u00f3n estrat\u00e9gica entre Ruman\u00eda y Estados Unidos.\",\"breadcrumb\":{\"@id\":\"https:\\\/\\\/www.rri.ro\\\/es\\\/actualidad\\\/tema-del-dia\\\/asociacion-rumano-estadounidense-en-el-ambito-de-la-defensa-id1010979.html#breadcrumb\"},\"inLanguage\":\"es\",\"potentialAction\":[{\"@type\":\"ReadAction\",\"target\":[\"https:\\\/\\\/www.rri.ro\\\/es\\\/actualidad\\\/tema-del-dia\\\/asociacion-rumano-estadounidense-en-el-ambito-de-la-defensa-id1010979.html\"]}]},{\"@type\":\"ImageObject\",\"inLanguage\":\"es\",\"@id\":\"https:\\\/\\\/www.rri.ro\\\/es\\\/actualidad\\\/tema-del-dia\\\/asociacion-rumano-estadounidense-en-el-ambito-de-la-defensa-id1010979.html#primaryimage\",\"url\":\"https:\\\/\\\/www.rri.ro\\\/wp-content\\\/uploads\\\/2026\\\/04\\\/Ministrul-Apararii-Radu-Miruta-Secretarul-Fortelor-Terestre-SUA-Daniel-PDriscoll-foto-fb-ministerulaparariinationale.jpg\",\"contentUrl\":\"https:\\\/\\\/www.rri.ro\\\/wp-content\\\/uploads\\\/2026\\\/04\\\/Ministrul-Apararii-Radu-Miruta-Secretarul-Fortelor-Terestre-SUA-Daniel-PDriscoll-foto-fb-ministerulaparariinationale.jpg\",\"width\":1200,\"height\":799,\"caption\":\"Ministrul Apararii Radu Miruta Secretarul Fortelor-Terestre ale SUA Daniel P. Driscoll (foto f\"},{\"@type\":\"BreadcrumbList\",\"@id\":\"https:\\\/\\\/www.rri.ro\\\/es\\\/actualidad\\\/tema-del-dia\\\/asociacion-rumano-estadounidense-en-el-ambito-de-la-defensa-id1010979.html#breadcrumb\",\"itemListElement\":[{\"@type\":\"ListItem\",\"position\":1,\"name\":\"P\u00e1gina de inicio\",\"item\":\"https:\\\/\\\/www.rri.ro\\\/es\"},{\"@type\":\"ListItem\",\"position\":2,\"name\":\"Actualidad\",\"item\":\"https:\\\/\\\/www.rri.ro\\\/es\\\/actualidad\"},{\"@type\":\"ListItem\",\"position\":3,\"name\":\"Tema del d\u00eda\",\"item\":\"https:\\\/\\\/www.rri.ro\\\/es\\\/actualidad\\\/tema-del-dia\"},{\"@type\":\"ListItem\",\"position\":4,\"name\":\"Asociaci\u00f3n rumano-estadounidense en el \u00e1mbito de la defensa\"}]},{\"@type\":\"WebSite\",\"@id\":\"https:\\\/\\\/www.rri.ro\\\/#website\",\"url\":\"https:\\\/\\\/www.rri.ro\\\/\",\"name\":\"Radio Ruman\u00eda Internacional\",\"description\":\"Totul despre Rom\u00e2nia \u015fi rom\u00e2ni, \u00een 13 limbi\\\/dialecte!\",\"inLanguage\":\"es\"},{\"@type\":\"Person\",\"@id\":\"https:\\\/\\\/www.rri.ro\\\/#\\\/schema\\\/person\\\/0745b519f2d1287783422f162c4112af\",\"name\":\"Roxana Vasile\",\"url\":\"https:\\\/\\\/www.rri.ro\\\/es\\\/author\\\/roxana-vasile\"}]}<\/script>\n<!-- \/ Yoast SEO plugin. -->","yoast_head_json":{"title":"Asociaci\u00f3n rumano-estadounidense en el \u00e1mbito de la defensa - Radio Ruman\u00eda Internacional","description":"El presidente Nicu\u0219or Dan afirma que es necesario reforzar la asociaci\u00f3n estrat\u00e9gica entre Ruman\u00eda y Estados Unidos.","robots":{"index":"index","follow":"follow","max-snippet":"max-snippet:-1","max-image-preview":"max-image-preview:large","max-video-preview":"max-video-preview:-1"},"canonical":"https:\/\/www.rri.ro\/es\/actualidad\/tema-del-dia\/asociacion-rumano-estadounidense-en-el-ambito-de-la-defensa-id1010979.html","og_locale":"es_ES","og_type":"article","og_title":"Asociaci\u00f3n rumano-estadounidense en el \u00e1mbito de la defensa - Radio Ruman\u00eda Internacional","og_description":"El presidente Nicu\u0219or Dan afirma que es necesario reforzar la asociaci\u00f3n estrat\u00e9gica entre Ruman\u00eda y Estados Unidos.","og_url":"https:\/\/www.rri.ro\/es\/actualidad\/tema-del-dia\/asociacion-rumano-estadounidense-en-el-ambito-de-la-defensa-id1010979.html","og_site_name":"Radio Ruman\u00eda Internacional","article_published_time":"2026-04-28T08:35:55+00:00","og_image":[{"width":1200,"height":799,"url":"https:\/\/www.rri.ro\/wp-content\/uploads\/2026\/04\/Ministrul-Apararii-Radu-Miruta-Secretarul-Fortelor-Terestre-SUA-Daniel-PDriscoll-foto-fb-ministerulaparariinationale.jpg","type":"image\/jpeg"}],"author":"Roxana Vasile","twitter_card":"summary_large_image","twitter_misc":{"Escrito por":"Roxana Vasile","Tiempo de lectura":"3 minutos","Written by":"Roxana Vasile"},"schema":{"@context":"https:\/\/schema.org","@graph":[{"@type":"Article","@id":"https:\/\/www.rri.ro\/es\/actualidad\/tema-del-dia\/asociacion-rumano-estadounidense-en-el-ambito-de-la-defensa-id1010979.html#article","isPartOf":{"@id":"https:\/\/www.rri.ro\/es\/actualidad\/tema-del-dia\/asociacion-rumano-estadounidense-en-el-ambito-de-la-defensa-id1010979.html"},"author":{"name":"Roxana Vasile","@id":"https:\/\/www.rri.ro\/#\/schema\/person\/0745b519f2d1287783422f162c4112af"},"headline":"Asociaci\u00f3n rumano-estadounidense en el \u00e1mbito de la defensa","datePublished":"2026-04-28T08:35:55+00:00","mainEntityOfPage":{"@id":"https:\/\/www.rri.ro\/es\/actualidad\/tema-del-dia\/asociacion-rumano-estadounidense-en-el-ambito-de-la-defensa-id1010979.html"},"wordCount":555,"image":{"@id":"https:\/\/www.rri.ro\/es\/actualidad\/tema-del-dia\/asociacion-rumano-estadounidense-en-el-ambito-de-la-defensa-id1010979.html#primaryimage"},"thumbnailUrl":"https:\/\/www.rri.ro\/wp-content\/uploads\/2026\/04\/Ministrul-Apararii-Radu-Miruta-Secretarul-Fortelor-Terestre-SUA-Daniel-PDriscoll-foto-fb-ministerulaparariinationale.jpg","keywords":["Alianza del Atl\u00e1ntico Norte","asociaci\u00f3n","cooperaci\u00f3n","Daniel P. Driscoll","defensa","drones","Estados Unidos","Flanco Oriental","invesiones","Mar Negro","Nicusor Dan","Oana Toiu","Radu Miruta","Rumania","Seguridad","socio"],"articleSection":["Tema del d\u00eda"],"inLanguage":"es"},{"@type":"WebPage","@id":"https:\/\/www.rri.ro\/es\/actualidad\/tema-del-dia\/asociacion-rumano-estadounidense-en-el-ambito-de-la-defensa-id1010979.html","url":"https:\/\/www.rri.ro\/es\/actualidad\/tema-del-dia\/asociacion-rumano-estadounidense-en-el-ambito-de-la-defensa-id1010979.html","name":"Asociaci\u00f3n rumano-estadounidense en el \u00e1mbito de la defensa - Radio Ruman\u00eda Internacional","isPartOf":{"@id":"https:\/\/www.rri.ro\/#website"},"primaryImageOfPage":{"@id":"https:\/\/www.rri.ro\/es\/actualidad\/tema-del-dia\/asociacion-rumano-estadounidense-en-el-ambito-de-la-defensa-id1010979.html#primaryimage"},"image":{"@id":"https:\/\/www.rri.ro\/es\/actualidad\/tema-del-dia\/asociacion-rumano-estadounidense-en-el-ambito-de-la-defensa-id1010979.html#primaryimage"},"thumbnailUrl":"https:\/\/www.rri.ro\/wp-content\/uploads\/2026\/04\/Ministrul-Apararii-Radu-Miruta-Secretarul-Fortelor-Terestre-SUA-Daniel-PDriscoll-foto-fb-ministerulaparariinationale.jpg","datePublished":"2026-04-28T08:35:55+00:00","author":{"@id":"https:\/\/www.rri.ro\/#\/schema\/person\/0745b519f2d1287783422f162c4112af"},"description":"El presidente Nicu\u0219or Dan afirma que es necesario reforzar la asociaci\u00f3n estrat\u00e9gica entre Ruman\u00eda y Estados Unidos.","breadcrumb":{"@id":"https:\/\/www.rri.ro\/es\/actualidad\/tema-del-dia\/asociacion-rumano-estadounidense-en-el-ambito-de-la-defensa-id1010979.html#breadcrumb"},"inLanguage":"es","potentialAction":[{"@type":"ReadAction","target":["https:\/\/www.rri.ro\/es\/actualidad\/tema-del-dia\/asociacion-rumano-estadounidense-en-el-ambito-de-la-defensa-id1010979.html"]}]},{"@type":"ImageObject","inLanguage":"es","@id":"https:\/\/www.rri.ro\/es\/actualidad\/tema-del-dia\/asociacion-rumano-estadounidense-en-el-ambito-de-la-defensa-id1010979.html#primaryimage","url":"https:\/\/www.rri.ro\/wp-content\/uploads\/2026\/04\/Ministrul-Apararii-Radu-Miruta-Secretarul-Fortelor-Terestre-SUA-Daniel-PDriscoll-foto-fb-ministerulaparariinationale.jpg","contentUrl":"https:\/\/www.rri.ro\/wp-content\/uploads\/2026\/04\/Ministrul-Apararii-Radu-Miruta-Secretarul-Fortelor-Terestre-SUA-Daniel-PDriscoll-foto-fb-ministerulaparariinationale.jpg","width":1200,"height":799,"caption":"Ministrul Apararii Radu Miruta Secretarul Fortelor-Terestre ale SUA Daniel P. Driscoll (foto f"},{"@type":"BreadcrumbList","@id":"https:\/\/www.rri.ro\/es\/actualidad\/tema-del-dia\/asociacion-rumano-estadounidense-en-el-ambito-de-la-defensa-id1010979.html#breadcrumb","itemListElement":[{"@type":"ListItem","position":1,"name":"P\u00e1gina de inicio","item":"https:\/\/www.rri.ro\/es"},{"@type":"ListItem","position":2,"name":"Actualidad","item":"https:\/\/www.rri.ro\/es\/actualidad"},{"@type":"ListItem","position":3,"name":"Tema del d\u00eda","item":"https:\/\/www.rri.ro\/es\/actualidad\/tema-del-dia"},{"@type":"ListItem","position":4,"name":"Asociaci\u00f3n rumano-estadounidense en el \u00e1mbito de la defensa"}]},{"@type":"WebSite","@id":"https:\/\/www.rri.ro\/#website","url":"https:\/\/www.rri.ro\/","name":"Radio Ruman\u00eda Internacional","description":"Totul despre Rom\u00e2nia \u015fi rom\u00e2ni, \u00een 13 limbi\/dialecte!","inLanguage":"es"},{"@type":"Person","@id":"https:\/\/www.rri.ro\/#\/schema\/person\/0745b519f2d1287783422f162c4112af","name":"Roxana Vasile","url":"https:\/\/www.rri.ro\/es\/author\/roxana-vasile"}]}},"_links":{"self":[{"href":"https:\/\/www.rri.ro\/es\/wp-json\/wp\/v2\/posts\/1010979","targetHints":{"allow":["GET"]}}],"collection":[{"href":"https:\/\/www.rri.ro\/es\/wp-json\/wp\/v2\/posts"}],"about":[{"href":"https:\/\/www.rri.ro\/es\/wp-json\/wp\/v2\/types\/post"}],"author":[{"embeddable":true,"href":"https:\/\/www.rri.ro\/es\/wp-json\/wp\/v2\/users\/109"}],"replies":[{"embeddable":true,"href":"https:\/\/www.rri.ro\/es\/wp-json\/wp\/v2\/comments?post=1010979"}],"version-history":[{"count":0,"href":"https:\/\/www.rri.ro\/es\/wp-json\/wp\/v2\/posts\/1010979\/revisions"}],"wp:featuredmedia":[{"embeddable":true,"href":"https:\/\/www.rri.ro\/es\/wp-json\/wp\/v2\/media\/1010934"}],"wp:attachment":[{"href":"https:\/\/www.rri.ro\/es\/wp-json\/wp\/v2\/media?parent=1010979"}],"wp:term":[{"taxonomy":"category","embeddable":true,"href":"https:\/\/www.rri.ro\/es\/wp-json\/wp\/v2\/categories?post=1010979"},{"taxonomy":"post_tag","embeddable":true,"href":"https:\/\/www.rri.ro\/es\/wp-json\/wp\/v2\/tags?post=1010979"},{"taxonomy":"author","embeddable":true,"href":"https:\/\/www.rri.ro\/es\/wp-json\/wp\/v2\/coauthors?post=1010979"}],"curies":[{"name":"wp","href":"https:\/\/api.w.org\/{rel}","templated":true}]}}