{"id":1010981,"date":"2026-04-28T11:46:07","date_gmt":"2026-04-28T08:46:07","guid":{"rendered":"https:\/\/www.rri.ro\/?p=1010981"},"modified":"2026-04-28T11:46:07","modified_gmt":"2026-04-28T08:46:07","slug":"colaboracion-psd-aur-para-la-mocion-de-censura","status":"publish","type":"post","link":"https:\/\/www.rri.ro\/es\/actualidad\/en-portada\/colaboracion-psd-aur-para-la-mocion-de-censura-id1010981.html","title":{"rendered":"Colaboraci\u00f3n PSD \u2013 AUR para la moci\u00f3n de censura"},"content":{"rendered":"<p>En Ruman\u00eda, el mayor partido parlamentario, el PSD, y el favorito en las encuestas de opini\u00f3n, AUR, han anunciado que unir\u00e1n fuerzas para destituir al Gobierno minoritario PNL\u2013USR\u2013UDMR encabezado por el liberal Ilie Bolojan. Los socialdem\u00f3cratas formaron parte hasta hace poco de la coalici\u00f3n gubernamental creada precisamente con el objetivo de aislar a los populistas ultranacionalistas, autodenominados soberanistas, de la Alianza para la Uni\u00f3n de los Rumanos, pero la abandonaron porque ya no quer\u00edan a Bolojan al frente del Ejecutivo. El anuncio de que el PSD y la AUR presentar\u00e1n conjuntamente una moci\u00f3n de censura contra el Gobierno lleg\u00f3 de manera algo sorprendente y no fue realizado por los presidentes de las dos formaciones, Sorin Grindeanu y George Simion. El lunes por la ma\u00f1ana, en el momento del anuncio, Grindeanu y Bolojan participaban en consultas organizadas por el presidente Nicu\u0219or Dan con los partidos proeuropeos.<\/p>\n<p>Posteriormente, Sorin Grindeanu explic\u00f3 que la iniciativa conjunta con la AUR tiene como \u00fanico objetivo la destituci\u00f3n del gabinete Bolojan y no ser\u00e1 seguida por una colaboraci\u00f3n entre los socialdem\u00f3cratas y los populistas. Tambi\u00e9n pidi\u00f3 a los prefectos y secretarios de Estado propuestos por el PSD que se retiraran de sus cargos en el per\u00edodo inmediato, tal como lo hicieron, la semana pasada, todos los ministros socialdem\u00f3cratas.<\/p>\n<p>Por su parte, el l\u00edder de la AUR, George Simion, afirm\u00f3 que el prop\u00f3sito de la alianza con el PSD es derribar al Gobierno Bolojan. Es muy probable que la moci\u00f3n tambi\u00e9n cuente con el apoyo de otros soberanistas, distintos de los de la AUR, que tambi\u00e9n est\u00e1n presentes en el Parlamento. Hasta ahora, el PSD y la AUR hab\u00edan descartado p\u00fablicamente cualquier forma de colaboraci\u00f3n.<\/p>\n<p>El PNL reaccion\u00f3 afirmando que los socialdem\u00f3cratas han oficializado su colaboraci\u00f3n con la AUR y est\u00e1n demostrando irresponsabilidad. Los liberales hab\u00edan anunciado que, si el PSD participaba en la ca\u00edda del gabinete proeuropeo mediante una moci\u00f3n de censura, cualquier futura colaboraci\u00f3n con este se volver\u00eda imposible.<\/p>\n<p>\u00ab<em>El Partido Socialdem\u00f3crata, que ha hecho saltar por los aires la gobernaci\u00f3n, incumpliendo todos los acuerdos alcanzados de com\u00fan acuerdo y buscando un aliado para esta moci\u00f3n, por un lado aumenta sus posibilidades de que la moci\u00f3n prospere, pero por otro lado est\u00e1, en la pr\u00e1ctica, preparando una nueva alianza, y asistimos de facto a la formaci\u00f3n de una nueva coalici\u00f3n<\/em>\u00bb, afirm\u00f3 Ilie Bolojan.<\/p>\n<p>El l\u00edder de la USR, Dominic Fritz, tambi\u00e9n excluy\u00f3 cualquier colaboraci\u00f3n con el PSD si los socialdem\u00f3cratas votan la moci\u00f3n de censura. Por otra parte, los l\u00edderes pol\u00edticos contemplan incluso el escenario de elecciones anticipadas. La AUR insiste, como era de esperar, en volver a consultar al pueblo. Lo hace desde diciembre de 2024, cuando el Tribunal Constitucional anul\u00f3 las elecciones presidenciales, unos comicios que hab\u00edan sido manipulados, con participaci\u00f3n externa, en favor del extremista prorruso C\u0103lin Georgescu, a quien la AUR ha apoyado constantemente.<\/p>\n<p><em>Reuters<\/em> y <em>Bloomberg <\/em>se\u00f1alan que el PSD, el mayor partido del Parlamento, se al\u00eda con la oposici\u00f3n de extrema derecha para derrocar al Gobierno proeuropeo, poniendo as\u00ed en peligro el acceso a los fondos de la UE y la calificaci\u00f3n soberana del pa\u00eds. Para destituir al Gobierno, se requieren al menos 233 votos favorables a la moci\u00f3n de censura.<\/p>\n<p>&nbsp;<\/p>\n<p>Versi\u00f3n en espa\u00f1ol: Brigitta Pan\u0103<\/p>\n","protected":false},"excerpt":{"rendered":"<p>En Ruman\u00eda, el mayor partido parlamentario, el PSD, y el favorito en las encuestas de opini\u00f3n, AUR, han anunciado que unir\u00e1n fuerzas para destituir al Gobierno minoritario PNL\u2013USR\u2013UDMR encabezado por el liberal Ilie Bolojan. Los socialdem\u00f3cratas formaron parte hasta hace poco de la coalici\u00f3n gubernamental creada precisamente con el objetivo de aislar a los populistas [&hellip;]<\/p>\n","protected":false},"author":110,"featured_media":833013,"comment_status":"closed","ping_status":"closed","sticky":false,"template":"","format":"gallery","meta":{"_acf_changed":false,"footnotes":""},"categories":[23],"tags":[149387,138098,132355,150814,143705,189846,49094,158935,49208,49021,145746,132352,149280,132354],"coauthors":[113257],"class_list":["post-1010981","post","type-post","status-publish","format-gallery","has-post-thumbnail","hentry","category-en-portada","tag-acuerdos","tag-apoyo","tag-aur-es","tag-coalicion","tag-colaboracion","tag-destitucion","tag-gobierno","tag-ilie-bolojan-es","tag-ministros","tag-mocion-de-censura","tag-objetivo","tag-psd-es","tag-udmr-es","tag-usr-es","post_format-post-format-gallery"],"acf":[],"yoast_head":"<!-- This site is optimized with the Yoast SEO plugin v27.5 - https:\/\/yoast.com\/product\/yoast-seo-wordpress\/ -->\n<title>Colaboraci\u00f3n PSD \u2013 AUR para la moci\u00f3n de censura - Radio Ruman\u00eda Internacional<\/title>\n<meta name=\"description\" content=\"El PSD y la AUR colaboran para destituir al Ejecutivo proeuropeo liderado por el liberal Ilie Bolojan.\" \/>\n<meta name=\"robots\" content=\"index, follow, max-snippet:-1, max-image-preview:large, max-video-preview:-1\" \/>\n<link rel=\"canonical\" href=\"https:\/\/www.rri.ro\/es\/actualidad\/en-portada\/colaboracion-psd-aur-para-la-mocion-de-censura-id1010981.html\" \/>\n<meta property=\"og:locale\" content=\"es_ES\" \/>\n<meta property=\"og:type\" content=\"article\" \/>\n<meta property=\"og:title\" content=\"Colaboraci\u00f3n PSD \u2013 AUR para la moci\u00f3n de censura - Radio Ruman\u00eda Internacional\" \/>\n<meta property=\"og:description\" content=\"El PSD y la AUR colaboran para destituir al Ejecutivo proeuropeo liderado por el liberal Ilie Bolojan.\" \/>\n<meta property=\"og:url\" content=\"https:\/\/www.rri.ro\/es\/actualidad\/en-portada\/colaboracion-psd-aur-para-la-mocion-de-censura-id1010981.html\" \/>\n<meta property=\"og:site_name\" content=\"Radio Ruman\u00eda Internacional\" \/>\n<meta property=\"article:published_time\" content=\"2026-04-28T08:46:07+00:00\" \/>\n<meta property=\"og:image\" content=\"https:\/\/www.rri.ro\/wp-content\/uploads\/2024\/11\/palatul-Victoria-guvern-foto-gov-ro.jpg\" \/>\n\t<meta property=\"og:image:width\" content=\"960\" \/>\n\t<meta property=\"og:image:height\" content=\"540\" \/>\n\t<meta property=\"og:image:type\" content=\"image\/jpeg\" \/>\n<meta name=\"author\" content=\"\u015etefan Stoica\" \/>\n<meta name=\"twitter:card\" content=\"summary_large_image\" \/>\n<meta name=\"twitter:label1\" content=\"Escrito por\" \/>\n\t<meta name=\"twitter:data1\" content=\"\u015etefan Stoica\" \/>\n\t<meta name=\"twitter:label2\" content=\"Tiempo de lectura\" \/>\n\t<meta name=\"twitter:data2\" content=\"3 minutos\" \/>\n\t<meta name=\"twitter:label3\" content=\"Written by\" \/>\n\t<meta name=\"twitter:data3\" content=\"\u015etefan Stoica\" \/>\n<script type=\"application\/ld+json\" class=\"yoast-schema-graph\">{\"@context\":\"https:\\\/\\\/schema.org\",\"@graph\":[{\"@type\":\"Article\",\"@id\":\"https:\\\/\\\/www.rri.ro\\\/es\\\/actualidad\\\/en-portada\\\/colaboracion-psd-aur-para-la-mocion-de-censura-id1010981.html#article\",\"isPartOf\":{\"@id\":\"https:\\\/\\\/www.rri.ro\\\/es\\\/actualidad\\\/en-portada\\\/colaboracion-psd-aur-para-la-mocion-de-censura-id1010981.html\"},\"author\":{\"name\":\"\u015etefan Stoica\",\"@id\":\"https:\\\/\\\/www.rri.ro\\\/#\\\/schema\\\/person\\\/2d81d5dc94d44190d13245f64551d334\"},\"headline\":\"Colaboraci\u00f3n PSD \u2013 AUR para la moci\u00f3n de censura\",\"datePublished\":\"2026-04-28T08:46:07+00:00\",\"mainEntityOfPage\":{\"@id\":\"https:\\\/\\\/www.rri.ro\\\/es\\\/actualidad\\\/en-portada\\\/colaboracion-psd-aur-para-la-mocion-de-censura-id1010981.html\"},\"wordCount\":608,\"image\":{\"@id\":\"https:\\\/\\\/www.rri.ro\\\/es\\\/actualidad\\\/en-portada\\\/colaboracion-psd-aur-para-la-mocion-de-censura-id1010981.html#primaryimage\"},\"thumbnailUrl\":\"https:\\\/\\\/www.rri.ro\\\/wp-content\\\/uploads\\\/2024\\\/11\\\/palatul-Victoria-guvern-foto-gov-ro.jpg\",\"keywords\":[\"acuerdos\",\"apoyo\",\"AUR\",\"coalici\u00f3n\",\"colaboraci\u00f3n\",\"destituci\u00f3n\",\"Gobierno\",\"Ilie Bolojan\",\"ministros\",\"moci\u00f3n de censura\",\"objetivo\",\"PSD\",\"UDMR\",\"USR\"],\"articleSection\":[\"En portada\"],\"inLanguage\":\"es\"},{\"@type\":\"WebPage\",\"@id\":\"https:\\\/\\\/www.rri.ro\\\/es\\\/actualidad\\\/en-portada\\\/colaboracion-psd-aur-para-la-mocion-de-censura-id1010981.html\",\"url\":\"https:\\\/\\\/www.rri.ro\\\/es\\\/actualidad\\\/en-portada\\\/colaboracion-psd-aur-para-la-mocion-de-censura-id1010981.html\",\"name\":\"Colaboraci\u00f3n PSD \u2013 AUR para la moci\u00f3n de censura - Radio Ruman\u00eda Internacional\",\"isPartOf\":{\"@id\":\"https:\\\/\\\/www.rri.ro\\\/#website\"},\"primaryImageOfPage\":{\"@id\":\"https:\\\/\\\/www.rri.ro\\\/es\\\/actualidad\\\/en-portada\\\/colaboracion-psd-aur-para-la-mocion-de-censura-id1010981.html#primaryimage\"},\"image\":{\"@id\":\"https:\\\/\\\/www.rri.ro\\\/es\\\/actualidad\\\/en-portada\\\/colaboracion-psd-aur-para-la-mocion-de-censura-id1010981.html#primaryimage\"},\"thumbnailUrl\":\"https:\\\/\\\/www.rri.ro\\\/wp-content\\\/uploads\\\/2024\\\/11\\\/palatul-Victoria-guvern-foto-gov-ro.jpg\",\"datePublished\":\"2026-04-28T08:46:07+00:00\",\"author\":{\"@id\":\"https:\\\/\\\/www.rri.ro\\\/#\\\/schema\\\/person\\\/2d81d5dc94d44190d13245f64551d334\"},\"description\":\"El PSD y la AUR colaboran para destituir al Ejecutivo proeuropeo liderado por el liberal Ilie Bolojan.\",\"breadcrumb\":{\"@id\":\"https:\\\/\\\/www.rri.ro\\\/es\\\/actualidad\\\/en-portada\\\/colaboracion-psd-aur-para-la-mocion-de-censura-id1010981.html#breadcrumb\"},\"inLanguage\":\"es\",\"potentialAction\":[{\"@type\":\"ReadAction\",\"target\":[\"https:\\\/\\\/www.rri.ro\\\/es\\\/actualidad\\\/en-portada\\\/colaboracion-psd-aur-para-la-mocion-de-censura-id1010981.html\"]}]},{\"@type\":\"ImageObject\",\"inLanguage\":\"es\",\"@id\":\"https:\\\/\\\/www.rri.ro\\\/es\\\/actualidad\\\/en-portada\\\/colaboracion-psd-aur-para-la-mocion-de-censura-id1010981.html#primaryimage\",\"url\":\"https:\\\/\\\/www.rri.ro\\\/wp-content\\\/uploads\\\/2024\\\/11\\\/palatul-Victoria-guvern-foto-gov-ro.jpg\",\"contentUrl\":\"https:\\\/\\\/www.rri.ro\\\/wp-content\\\/uploads\\\/2024\\\/11\\\/palatul-Victoria-guvern-foto-gov-ro.jpg\",\"width\":960,\"height\":540,\"caption\":\"\u0423\u0440\u044f\u0434 \u0432\u0456\u0434\u043a\u043b\u0430\u0434\u0430\u0454 \u0434\u0440\u0443\u0433\u0438\u0439 \u043f\u0430\u043a\u0435\u0442 \u043f\u043e\u0434\u0430\u0442\u043a\u043e\u0432\u0438\u0445 \u0437\u0430\u0445\u043e\u0434\u0456\u0432\"},{\"@type\":\"BreadcrumbList\",\"@id\":\"https:\\\/\\\/www.rri.ro\\\/es\\\/actualidad\\\/en-portada\\\/colaboracion-psd-aur-para-la-mocion-de-censura-id1010981.html#breadcrumb\",\"itemListElement\":[{\"@type\":\"ListItem\",\"position\":1,\"name\":\"P\u00e1gina de inicio\",\"item\":\"https:\\\/\\\/www.rri.ro\\\/es\"},{\"@type\":\"ListItem\",\"position\":2,\"name\":\"Actualidad\",\"item\":\"https:\\\/\\\/www.rri.ro\\\/es\\\/actualidad\"},{\"@type\":\"ListItem\",\"position\":3,\"name\":\"En portada\",\"item\":\"https:\\\/\\\/www.rri.ro\\\/es\\\/actualidad\\\/en-portada\"},{\"@type\":\"ListItem\",\"position\":4,\"name\":\"Colaboraci\u00f3n PSD \u2013 AUR para la moci\u00f3n de censura\"}]},{\"@type\":\"WebSite\",\"@id\":\"https:\\\/\\\/www.rri.ro\\\/#website\",\"url\":\"https:\\\/\\\/www.rri.ro\\\/\",\"name\":\"Radio Ruman\u00eda Internacional\",\"description\":\"Totul despre Rom\u00e2nia \u015fi rom\u00e2ni, \u00een 13 limbi\\\/dialecte!\",\"inLanguage\":\"es\"},{\"@type\":\"Person\",\"@id\":\"https:\\\/\\\/www.rri.ro\\\/#\\\/schema\\\/person\\\/2d81d5dc94d44190d13245f64551d334\",\"name\":\"\u015etefan Stoica\",\"url\":\"https:\\\/\\\/www.rri.ro\\\/es\\\/author\\\/stefan-stoica\"}]}<\/script>\n<!-- \/ Yoast SEO plugin. -->","yoast_head_json":{"title":"Colaboraci\u00f3n PSD \u2013 AUR para la moci\u00f3n de censura - Radio Ruman\u00eda Internacional","description":"El PSD y la AUR colaboran para destituir al Ejecutivo proeuropeo liderado por el liberal Ilie Bolojan.","robots":{"index":"index","follow":"follow","max-snippet":"max-snippet:-1","max-image-preview":"max-image-preview:large","max-video-preview":"max-video-preview:-1"},"canonical":"https:\/\/www.rri.ro\/es\/actualidad\/en-portada\/colaboracion-psd-aur-para-la-mocion-de-censura-id1010981.html","og_locale":"es_ES","og_type":"article","og_title":"Colaboraci\u00f3n PSD \u2013 AUR para la moci\u00f3n de censura - Radio Ruman\u00eda Internacional","og_description":"El PSD y la AUR colaboran para destituir al Ejecutivo proeuropeo liderado por el liberal Ilie Bolojan.","og_url":"https:\/\/www.rri.ro\/es\/actualidad\/en-portada\/colaboracion-psd-aur-para-la-mocion-de-censura-id1010981.html","og_site_name":"Radio Ruman\u00eda Internacional","article_published_time":"2026-04-28T08:46:07+00:00","og_image":[{"width":960,"height":540,"url":"https:\/\/www.rri.ro\/wp-content\/uploads\/2024\/11\/palatul-Victoria-guvern-foto-gov-ro.jpg","type":"image\/jpeg"}],"author":"\u015etefan Stoica","twitter_card":"summary_large_image","twitter_misc":{"Escrito por":"\u015etefan Stoica","Tiempo de lectura":"3 minutos","Written by":"\u015etefan Stoica"},"schema":{"@context":"https:\/\/schema.org","@graph":[{"@type":"Article","@id":"https:\/\/www.rri.ro\/es\/actualidad\/en-portada\/colaboracion-psd-aur-para-la-mocion-de-censura-id1010981.html#article","isPartOf":{"@id":"https:\/\/www.rri.ro\/es\/actualidad\/en-portada\/colaboracion-psd-aur-para-la-mocion-de-censura-id1010981.html"},"author":{"name":"\u015etefan Stoica","@id":"https:\/\/www.rri.ro\/#\/schema\/person\/2d81d5dc94d44190d13245f64551d334"},"headline":"Colaboraci\u00f3n PSD \u2013 AUR para la moci\u00f3n de censura","datePublished":"2026-04-28T08:46:07+00:00","mainEntityOfPage":{"@id":"https:\/\/www.rri.ro\/es\/actualidad\/en-portada\/colaboracion-psd-aur-para-la-mocion-de-censura-id1010981.html"},"wordCount":608,"image":{"@id":"https:\/\/www.rri.ro\/es\/actualidad\/en-portada\/colaboracion-psd-aur-para-la-mocion-de-censura-id1010981.html#primaryimage"},"thumbnailUrl":"https:\/\/www.rri.ro\/wp-content\/uploads\/2024\/11\/palatul-Victoria-guvern-foto-gov-ro.jpg","keywords":["acuerdos","apoyo","AUR","coalici\u00f3n","colaboraci\u00f3n","destituci\u00f3n","Gobierno","Ilie Bolojan","ministros","moci\u00f3n de censura","objetivo","PSD","UDMR","USR"],"articleSection":["En portada"],"inLanguage":"es"},{"@type":"WebPage","@id":"https:\/\/www.rri.ro\/es\/actualidad\/en-portada\/colaboracion-psd-aur-para-la-mocion-de-censura-id1010981.html","url":"https:\/\/www.rri.ro\/es\/actualidad\/en-portada\/colaboracion-psd-aur-para-la-mocion-de-censura-id1010981.html","name":"Colaboraci\u00f3n PSD \u2013 AUR para la moci\u00f3n de censura - Radio Ruman\u00eda Internacional","isPartOf":{"@id":"https:\/\/www.rri.ro\/#website"},"primaryImageOfPage":{"@id":"https:\/\/www.rri.ro\/es\/actualidad\/en-portada\/colaboracion-psd-aur-para-la-mocion-de-censura-id1010981.html#primaryimage"},"image":{"@id":"https:\/\/www.rri.ro\/es\/actualidad\/en-portada\/colaboracion-psd-aur-para-la-mocion-de-censura-id1010981.html#primaryimage"},"thumbnailUrl":"https:\/\/www.rri.ro\/wp-content\/uploads\/2024\/11\/palatul-Victoria-guvern-foto-gov-ro.jpg","datePublished":"2026-04-28T08:46:07+00:00","author":{"@id":"https:\/\/www.rri.ro\/#\/schema\/person\/2d81d5dc94d44190d13245f64551d334"},"description":"El PSD y la AUR colaboran para destituir al Ejecutivo proeuropeo liderado por el liberal Ilie Bolojan.","breadcrumb":{"@id":"https:\/\/www.rri.ro\/es\/actualidad\/en-portada\/colaboracion-psd-aur-para-la-mocion-de-censura-id1010981.html#breadcrumb"},"inLanguage":"es","potentialAction":[{"@type":"ReadAction","target":["https:\/\/www.rri.ro\/es\/actualidad\/en-portada\/colaboracion-psd-aur-para-la-mocion-de-censura-id1010981.html"]}]},{"@type":"ImageObject","inLanguage":"es","@id":"https:\/\/www.rri.ro\/es\/actualidad\/en-portada\/colaboracion-psd-aur-para-la-mocion-de-censura-id1010981.html#primaryimage","url":"https:\/\/www.rri.ro\/wp-content\/uploads\/2024\/11\/palatul-Victoria-guvern-foto-gov-ro.jpg","contentUrl":"https:\/\/www.rri.ro\/wp-content\/uploads\/2024\/11\/palatul-Victoria-guvern-foto-gov-ro.jpg","width":960,"height":540,"caption":"\u0423\u0440\u044f\u0434 \u0432\u0456\u0434\u043a\u043b\u0430\u0434\u0430\u0454 \u0434\u0440\u0443\u0433\u0438\u0439 \u043f\u0430\u043a\u0435\u0442 \u043f\u043e\u0434\u0430\u0442\u043a\u043e\u0432\u0438\u0445 \u0437\u0430\u0445\u043e\u0434\u0456\u0432"},{"@type":"BreadcrumbList","@id":"https:\/\/www.rri.ro\/es\/actualidad\/en-portada\/colaboracion-psd-aur-para-la-mocion-de-censura-id1010981.html#breadcrumb","itemListElement":[{"@type":"ListItem","position":1,"name":"P\u00e1gina de inicio","item":"https:\/\/www.rri.ro\/es"},{"@type":"ListItem","position":2,"name":"Actualidad","item":"https:\/\/www.rri.ro\/es\/actualidad"},{"@type":"ListItem","position":3,"name":"En portada","item":"https:\/\/www.rri.ro\/es\/actualidad\/en-portada"},{"@type":"ListItem","position":4,"name":"Colaboraci\u00f3n PSD \u2013 AUR para la moci\u00f3n de censura"}]},{"@type":"WebSite","@id":"https:\/\/www.rri.ro\/#website","url":"https:\/\/www.rri.ro\/","name":"Radio Ruman\u00eda Internacional","description":"Totul despre Rom\u00e2nia \u015fi rom\u00e2ni, \u00een 13 limbi\/dialecte!","inLanguage":"es"},{"@type":"Person","@id":"https:\/\/www.rri.ro\/#\/schema\/person\/2d81d5dc94d44190d13245f64551d334","name":"\u015etefan Stoica","url":"https:\/\/www.rri.ro\/es\/author\/stefan-stoica"}]}},"_links":{"self":[{"href":"https:\/\/www.rri.ro\/es\/wp-json\/wp\/v2\/posts\/1010981","targetHints":{"allow":["GET"]}}],"collection":[{"href":"https:\/\/www.rri.ro\/es\/wp-json\/wp\/v2\/posts"}],"about":[{"href":"https:\/\/www.rri.ro\/es\/wp-json\/wp\/v2\/types\/post"}],"author":[{"embeddable":true,"href":"https:\/\/www.rri.ro\/es\/wp-json\/wp\/v2\/users\/110"}],"replies":[{"embeddable":true,"href":"https:\/\/www.rri.ro\/es\/wp-json\/wp\/v2\/comments?post=1010981"}],"version-history":[{"count":0,"href":"https:\/\/www.rri.ro\/es\/wp-json\/wp\/v2\/posts\/1010981\/revisions"}],"wp:featuredmedia":[{"embeddable":true,"href":"https:\/\/www.rri.ro\/es\/wp-json\/wp\/v2\/media\/833013"}],"wp:attachment":[{"href":"https:\/\/www.rri.ro\/es\/wp-json\/wp\/v2\/media?parent=1010981"}],"wp:term":[{"taxonomy":"category","embeddable":true,"href":"https:\/\/www.rri.ro\/es\/wp-json\/wp\/v2\/categories?post=1010981"},{"taxonomy":"post_tag","embeddable":true,"href":"https:\/\/www.rri.ro\/es\/wp-json\/wp\/v2\/tags?post=1010981"},{"taxonomy":"author","embeddable":true,"href":"https:\/\/www.rri.ro\/es\/wp-json\/wp\/v2\/coauthors?post=1010981"}],"curies":[{"name":"wp","href":"https:\/\/api.w.org\/{rel}","templated":true}]}}