{"id":1055228,"date":"2026-08-31T10:17:50","date_gmt":"2026-08-31T07:17:50","guid":{"rendered":"https:\/\/www.rri.ro\/?p=1055228"},"modified":"2026-08-31T10:17:50","modified_gmt":"2026-08-31T07:17:50","slug":"medallas-de-oro-para-el-remo-rumano","status":"publish","type":"post","link":"https:\/\/www.rri.ro\/es\/actualidad\/en-portada\/medallas-de-oro-para-el-remo-rumano-id1055228.html","title":{"rendered":"Medallas de oro para el remo rumano"},"content":{"rendered":"<p><span style=\"font-family: arial, helvetica, sans-serif;\">En el Campeonato Mundial de remo celebrado en \u00c1msterdam, los deportistas rumanos obtuvieron tres medallas de oro, dos de ellas precisamente el domingo, en la \u00faltima jornada de competici\u00f3n, gracias a las embarcaciones de 8+1 femenino y mixto.<\/span><\/p>\n<p><span style=\"font-family: arial, helvetica, sans-serif;\">En la prueba femenina de 8+1, el equipo formado por Cristina Drug\u0103, Geanina Juncanariu, Ancu\u0163a Bodnar, Maria Lehaci, Magdalena Rusu, Amalia Chelaru, Adriana Adam, Simona Radi\u015f y Victoria Petreanu lider\u00f3 la carrera de principio a fin. Las deportistas rumanas marcaron el ritmo desde el principio, dominaron la prueba y cruzaron primeras la l\u00ednea de meta, conquistando el oro y estableciendo un nuevo r\u00e9cord mundial: 5 minutos, 51 segundos y 88 cent\u00e9simas. Ruman\u00eda igual\u00f3 as\u00ed a Estados Unidos en el n\u00famero de t\u00edtulos mundiales en la prueba reina del remo femenino, con 11 cada uno. Las rumanas quedaron seguidas en la clasificaci\u00f3n final por Gran Breta\u00f1a (05:52,76) y Estados Unidos (05:53,76).<\/span><\/p>\n<p><span style=\"font-family: arial, helvetica, sans-serif;\">Tambi\u00e9n el domingo, Ruman\u00eda se alz\u00f3 con las medallas de oro en la prueba mixta de 8+1. La tripulaci\u00f3n formada por Cristina Drug\u0103, Amalia Chelaru, Adriana Adam, Florin Lehaci, Cosmin Iulian Ple\u015fescu, Ciprian Tudos\u0103, \u015etefan Berariu, Simona Radi\u015f y Victoria Petreanu se impuso con un tiempo de 5 minutos, 35 segundos y 75 cent\u00e9simas. Le siguieron los Pa\u00edses Bajos (05:38,42) y Estados Unidos (05:38,61) en la \u00faltima prueba de la competici\u00f3n.<\/span><\/p>\n<p><span style=\"font-family: arial, helvetica, sans-serif;\">Una primicia en una edici\u00f3n de los Campeonatos del Mundo fue que Adriana Adam y Simona Radi\u015f cerraron con tres medallas de oro los Campeonatos del Mundo de \u00c1msterdam, tras las conseguidas el viernes en 8+1 mixto, 8+1 femenino y doble scull femenino. De este modo, Ruman\u00eda ocup\u00f3 el cuarto puesto en el medallero del Campeonato Mundial de Remo de 2026, con tres medallas de oro, por detr\u00e1s de Pa\u00edses Bajos, Alemania y Estados Unidos, pero por delante de pa\u00edses como Gran Breta\u00f1a, M\u00e9xico e Irlanda.<\/span><\/p>\n<p><span style=\"font-family: arial, helvetica, sans-serif;\">Ruman\u00eda estuvo representada en el Campeonato Mundial de Remo de \u00c1msterdam, celebrado del 24 al 30 de agosto, por una delegaci\u00f3n formada por 14 tripulaciones y un total de 38 deportistas.<\/span><\/p>\n<p><span style=\"font-family: arial, helvetica, sans-serif;\">Recordemos que en la edici\u00f3n del a\u00f1o pasado de los Campeonatos del Mundo, celebrada en Shangh\u00e1i, Ruman\u00eda consigui\u00f3 seis medallas, de las cuales dos fueron de oro y cuatro de plata, y se alz\u00f3 con el segundo puesto en el medallero, por detr\u00e1s de las holandesas y por delante de las brit\u00e1nicas.<\/span><\/p>\n<p><span style=\"font-family: arial, helvetica, sans-serif;\">El primer ministro en funciones, Ilie Bolojan, felicit\u00f3 el domingo por la noche a las campeonas de remo y destac\u00f3, en una publicaci\u00f3n en una red social, que detr\u00e1s de estos resultados hay a\u00f1os de trabajo, disciplina y sacrificios. <em>\u00abHab\u00e9is llevado a Ruman\u00eda al primer puesto del mundo. Y nos hab\u00e9is dado una gran alegr\u00eda\u00bb<\/em>, a\u00f1adi\u00f3 Ilie Bolojan.<\/span><\/p>\n<p><span style=\"font-family: arial, helvetica, sans-serif;\">Versi\u00f3n en espa\u00f1ol: Antonio Madrid<\/span><\/p>\n","protected":false},"excerpt":{"rendered":"<p>En el Campeonato Mundial de remo celebrado en \u00c1msterdam, los deportistas rumanos obtuvieron tres medallas de oro, dos de ellas precisamente el domingo, en la \u00faltima jornada de competici\u00f3n, gracias a las embarcaciones de 8+1 femenino y mixto. En la prueba femenina de 8+1, el equipo formado por Cristina Drug\u0103, Geanina Juncanariu, Ancu\u0163a Bodnar, Maria [&hellip;]<\/p>\n","protected":false},"author":107,"featured_media":1055240,"comment_status":"closed","ping_status":"closed","sticky":false,"template":"","format":"standard","meta":{"_acf_changed":false,"footnotes":""},"categories":[23],"tags":[195934,195935,152739,48960,195904,195728,152313,195932,171182,195905,195903,113052,134233,171179,195937,136923,158935,171168,152738,177231,195936,147679,112691,195933,48949,146254,171180,177229],"coauthors":[113282],"class_list":["post-1055228","post","type-post","status-publish","format-standard","has-post-thumbnail","hentry","category-en-portada","tag-81-femenino","tag-81-mixto","tag-adriana-adam","tag-alemania","tag-amalia-chelaru","tag-amsterdam-es","tag-ancuta-bodnar-es","tag-campeonato-mundial-de-remo-2026","tag-ciprian-tudosa-es","tag-cosmin-iulian-plesescu","tag-cristina-druga","tag-deporte-rumano","tag-estados-unidos","tag-florin-lehaci-es","tag-geanina-juncanariu","tag-gran-bretana","tag-ilie-bolojan-es","tag-magdalena-rusu","tag-maria-lehaci","tag-medallas-de-oro","tag-medallero-mundial","tag-paises-bajos","tag-remo","tag-remo-femenino","tag-rumania","tag-simona-radis-es","tag-stefan-berariu-es","tag-victoria-petreanu"],"acf":[],"yoast_head":"<!-- This site is optimized with the Yoast SEO plugin v28.2 - https:\/\/yoast.com\/product\/yoast-seo-wordpress\/ -->\n<title>Medallas de oro para el remo rumano - Radio Ruman\u00eda Internacional<\/title>\n<meta name=\"robots\" content=\"index, follow, max-snippet:-1, max-image-preview:large, max-video-preview:-1\" \/>\n<link rel=\"canonical\" href=\"https:\/\/www.rri.ro\/es\/actualidad\/en-portada\/medallas-de-oro-para-el-remo-rumano-id1055228.html\" \/>\n<meta property=\"og:locale\" content=\"es_ES\" \/>\n<meta property=\"og:type\" content=\"article\" \/>\n<meta property=\"og:title\" content=\"Medallas de oro para el remo rumano - Radio Ruman\u00eda Internacional\" \/>\n<meta property=\"og:description\" content=\"En el Campeonato Mundial de remo celebrado en \u00c1msterdam, los deportistas rumanos obtuvieron tres medallas de oro, dos de ellas precisamente el domingo, en la \u00faltima jornada de competici\u00f3n, gracias a las embarcaciones de 8+1 femenino y mixto. En la prueba femenina de 8+1, el equipo formado por Cristina Drug\u0103, Geanina Juncanariu, Ancu\u0163a Bodnar, Maria [&hellip;]\" \/>\n<meta property=\"og:url\" content=\"https:\/\/www.rri.ro\/es\/actualidad\/en-portada\/medallas-de-oro-para-el-remo-rumano-id1055228.html\" \/>\n<meta property=\"og:site_name\" content=\"Radio Ruman\u00eda Internacional\" \/>\n<meta property=\"article:published_time\" content=\"2026-08-31T07:17:50+00:00\" \/>\n<meta property=\"og:image\" content=\"https:\/\/www.rri.ro\/wp-content\/uploads\/2026\/08\/aur-canotaj-romania-la-amsterdam-foto-fb-fr-canotaj_16x9.jpg\" \/>\n\t<meta property=\"og:image:width\" content=\"1200\" \/>\n\t<meta property=\"og:image:height\" content=\"675\" \/>\n\t<meta property=\"og:image:type\" content=\"image\/jpeg\" \/>\n<meta name=\"author\" content=\"Daniela Budu\" \/>\n<meta name=\"twitter:card\" content=\"summary_large_image\" \/>\n<meta name=\"twitter:label1\" content=\"Escrito por\" \/>\n\t<meta name=\"twitter:data1\" content=\"Daniela Budu\" \/>\n\t<meta name=\"twitter:label2\" content=\"Tiempo de lectura\" \/>\n\t<meta name=\"twitter:data2\" content=\"2 minutos\" \/>\n\t<meta name=\"twitter:label3\" content=\"Written by\" \/>\n\t<meta name=\"twitter:data3\" content=\"Daniela Budu\" \/>\n<script type=\"application\/ld+json\" class=\"yoast-schema-graph\">{\"@context\":\"https:\\\/\\\/schema.org\",\"@graph\":[{\"@type\":\"Article\",\"@id\":\"https:\\\/\\\/www.rri.ro\\\/es\\\/actualidad\\\/en-portada\\\/medallas-de-oro-para-el-remo-rumano-id1055228.html#article\",\"isPartOf\":{\"@id\":\"https:\\\/\\\/www.rri.ro\\\/es\\\/actualidad\\\/en-portada\\\/medallas-de-oro-para-el-remo-rumano-id1055228.html\"},\"author\":{\"name\":\"Daniela Budu\",\"@id\":\"https:\\\/\\\/www.rri.ro\\\/#\\\/schema\\\/person\\\/b46b8f80d7d6e4b5ac9f14f0acbad0c4\"},\"headline\":\"Medallas de oro para el remo rumano\",\"datePublished\":\"2026-08-31T07:17:50+00:00\",\"mainEntityOfPage\":{\"@id\":\"https:\\\/\\\/www.rri.ro\\\/es\\\/actualidad\\\/en-portada\\\/medallas-de-oro-para-el-remo-rumano-id1055228.html\"},\"wordCount\":479,\"image\":{\"@id\":\"https:\\\/\\\/www.rri.ro\\\/es\\\/actualidad\\\/en-portada\\\/medallas-de-oro-para-el-remo-rumano-id1055228.html#primaryimage\"},\"thumbnailUrl\":\"https:\\\/\\\/www.rri.ro\\\/wp-content\\\/uploads\\\/2026\\\/08\\\/aur-canotaj-romania-la-amsterdam-foto-fb-fr-canotaj_16x9.jpg\",\"keywords\":[\"8+1 femenino\",\"8+1 mixto\",\"Adriana Adam\",\"Alemania\",\"Amalia Chelaru\",\"Amsterdam\",\"Ancuta Bodnar\",\"Campeonato Mundial de Remo 2026\",\"Ciprian Tudosa\",\"Cosmin Iulian Ple\u015fescu\",\"Cristina Drug\u0103\",\"deporte rumano\",\"Estados Unidos\",\"Florin Lehaci\",\"Geanina Juncanariu\",\"Gran Breta\u00f1a\",\"Ilie Bolojan\",\"Magdalena Rusu\",\"Maria Lehaci\",\"medallas de oro\",\"medallero mundial\",\"Paises Bajos.\",\"Remo\",\"remo femenino\",\"Rumania\",\"Simona Radis\",\"\u015etefan Berariu\",\"Victoria Petreanu\"],\"articleSection\":[\"En portada\"],\"inLanguage\":\"es\"},{\"@type\":\"WebPage\",\"@id\":\"https:\\\/\\\/www.rri.ro\\\/es\\\/actualidad\\\/en-portada\\\/medallas-de-oro-para-el-remo-rumano-id1055228.html\",\"url\":\"https:\\\/\\\/www.rri.ro\\\/es\\\/actualidad\\\/en-portada\\\/medallas-de-oro-para-el-remo-rumano-id1055228.html\",\"name\":\"Medallas de oro para el remo rumano - Radio Ruman\u00eda Internacional\",\"isPartOf\":{\"@id\":\"https:\\\/\\\/www.rri.ro\\\/#website\"},\"primaryImageOfPage\":{\"@id\":\"https:\\\/\\\/www.rri.ro\\\/es\\\/actualidad\\\/en-portada\\\/medallas-de-oro-para-el-remo-rumano-id1055228.html#primaryimage\"},\"image\":{\"@id\":\"https:\\\/\\\/www.rri.ro\\\/es\\\/actualidad\\\/en-portada\\\/medallas-de-oro-para-el-remo-rumano-id1055228.html#primaryimage\"},\"thumbnailUrl\":\"https:\\\/\\\/www.rri.ro\\\/wp-content\\\/uploads\\\/2026\\\/08\\\/aur-canotaj-romania-la-amsterdam-foto-fb-fr-canotaj_16x9.jpg\",\"datePublished\":\"2026-08-31T07:17:50+00:00\",\"author\":{\"@id\":\"https:\\\/\\\/www.rri.ro\\\/#\\\/schema\\\/person\\\/b46b8f80d7d6e4b5ac9f14f0acbad0c4\"},\"breadcrumb\":{\"@id\":\"https:\\\/\\\/www.rri.ro\\\/es\\\/actualidad\\\/en-portada\\\/medallas-de-oro-para-el-remo-rumano-id1055228.html#breadcrumb\"},\"inLanguage\":\"es\",\"potentialAction\":[{\"@type\":\"ReadAction\",\"target\":[\"https:\\\/\\\/www.rri.ro\\\/es\\\/actualidad\\\/en-portada\\\/medallas-de-oro-para-el-remo-rumano-id1055228.html\"]}]},{\"@type\":\"ImageObject\",\"inLanguage\":\"es\",\"@id\":\"https:\\\/\\\/www.rri.ro\\\/es\\\/actualidad\\\/en-portada\\\/medallas-de-oro-para-el-remo-rumano-id1055228.html#primaryimage\",\"url\":\"https:\\\/\\\/www.rri.ro\\\/wp-content\\\/uploads\\\/2026\\\/08\\\/aur-canotaj-romania-la-amsterdam-foto-fb-fr-canotaj_16x9.jpg\",\"contentUrl\":\"https:\\\/\\\/www.rri.ro\\\/wp-content\\\/uploads\\\/2026\\\/08\\\/aur-canotaj-romania-la-amsterdam-foto-fb-fr-canotaj_16x9.jpg\",\"width\":1200,\"height\":675,\"caption\":\"Oro per il canottaggio romeno (foto: Federatia Romana De Canotaj \\\/ Facebook)\"},{\"@type\":\"BreadcrumbList\",\"@id\":\"https:\\\/\\\/www.rri.ro\\\/es\\\/actualidad\\\/en-portada\\\/medallas-de-oro-para-el-remo-rumano-id1055228.html#breadcrumb\",\"itemListElement\":[{\"@type\":\"ListItem\",\"position\":1,\"name\":\"P\u00e1gina de inicio\",\"item\":\"https:\\\/\\\/www.rri.ro\\\/es\"},{\"@type\":\"ListItem\",\"position\":2,\"name\":\"Actualidad\",\"item\":\"https:\\\/\\\/www.rri.ro\\\/es\\\/actualidad\"},{\"@type\":\"ListItem\",\"position\":3,\"name\":\"En portada\",\"item\":\"https:\\\/\\\/www.rri.ro\\\/es\\\/actualidad\\\/en-portada\"},{\"@type\":\"ListItem\",\"position\":4,\"name\":\"Medallas de oro para el remo rumano\"}]},{\"@type\":\"WebSite\",\"@id\":\"https:\\\/\\\/www.rri.ro\\\/#website\",\"url\":\"https:\\\/\\\/www.rri.ro\\\/\",\"name\":\"Radio Ruman\u00eda Internacional\",\"description\":\"Totul despre Rom\u00e2nia \u015fi rom\u00e2ni, \u00een 13 limbi\\\/dialecte!\",\"inLanguage\":\"es\"},{\"@type\":\"Person\",\"@id\":\"https:\\\/\\\/www.rri.ro\\\/#\\\/schema\\\/person\\\/b46b8f80d7d6e4b5ac9f14f0acbad0c4\",\"name\":\"Daniela Budu\",\"url\":\"https:\\\/\\\/www.rri.ro\\\/es\\\/author\\\/daniela-budu\"}]}<\/script>\n<!-- \/ Yoast SEO plugin. -->","yoast_head_json":{"title":"Medallas de oro para el remo rumano - Radio Ruman\u00eda Internacional","robots":{"index":"index","follow":"follow","max-snippet":"max-snippet:-1","max-image-preview":"max-image-preview:large","max-video-preview":"max-video-preview:-1"},"canonical":"https:\/\/www.rri.ro\/es\/actualidad\/en-portada\/medallas-de-oro-para-el-remo-rumano-id1055228.html","og_locale":"es_ES","og_type":"article","og_title":"Medallas de oro para el remo rumano - Radio Ruman\u00eda Internacional","og_description":"En el Campeonato Mundial de remo celebrado en \u00c1msterdam, los deportistas rumanos obtuvieron tres medallas de oro, dos de ellas precisamente el domingo, en la \u00faltima jornada de competici\u00f3n, gracias a las embarcaciones de 8+1 femenino y mixto. En la prueba femenina de 8+1, el equipo formado por Cristina Drug\u0103, Geanina Juncanariu, Ancu\u0163a Bodnar, Maria [&hellip;]","og_url":"https:\/\/www.rri.ro\/es\/actualidad\/en-portada\/medallas-de-oro-para-el-remo-rumano-id1055228.html","og_site_name":"Radio Ruman\u00eda Internacional","article_published_time":"2026-08-31T07:17:50+00:00","og_image":[{"width":1200,"height":675,"url":"https:\/\/www.rri.ro\/wp-content\/uploads\/2026\/08\/aur-canotaj-romania-la-amsterdam-foto-fb-fr-canotaj_16x9.jpg","type":"image\/jpeg"}],"author":"Daniela Budu","twitter_card":"summary_large_image","twitter_misc":{"Escrito por":"Daniela Budu","Tiempo de lectura":"2 minutos","Written by":"Daniela Budu"},"schema":{"@context":"https:\/\/schema.org","@graph":[{"@type":"Article","@id":"https:\/\/www.rri.ro\/es\/actualidad\/en-portada\/medallas-de-oro-para-el-remo-rumano-id1055228.html#article","isPartOf":{"@id":"https:\/\/www.rri.ro\/es\/actualidad\/en-portada\/medallas-de-oro-para-el-remo-rumano-id1055228.html"},"author":{"name":"Daniela Budu","@id":"https:\/\/www.rri.ro\/#\/schema\/person\/b46b8f80d7d6e4b5ac9f14f0acbad0c4"},"headline":"Medallas de oro para el remo rumano","datePublished":"2026-08-31T07:17:50+00:00","mainEntityOfPage":{"@id":"https:\/\/www.rri.ro\/es\/actualidad\/en-portada\/medallas-de-oro-para-el-remo-rumano-id1055228.html"},"wordCount":479,"image":{"@id":"https:\/\/www.rri.ro\/es\/actualidad\/en-portada\/medallas-de-oro-para-el-remo-rumano-id1055228.html#primaryimage"},"thumbnailUrl":"https:\/\/www.rri.ro\/wp-content\/uploads\/2026\/08\/aur-canotaj-romania-la-amsterdam-foto-fb-fr-canotaj_16x9.jpg","keywords":["8+1 femenino","8+1 mixto","Adriana Adam","Alemania","Amalia Chelaru","Amsterdam","Ancuta Bodnar","Campeonato Mundial de Remo 2026","Ciprian Tudosa","Cosmin Iulian Ple\u015fescu","Cristina Drug\u0103","deporte rumano","Estados Unidos","Florin Lehaci","Geanina Juncanariu","Gran Breta\u00f1a","Ilie Bolojan","Magdalena Rusu","Maria Lehaci","medallas de oro","medallero mundial","Paises Bajos.","Remo","remo femenino","Rumania","Simona Radis","\u015etefan Berariu","Victoria Petreanu"],"articleSection":["En portada"],"inLanguage":"es"},{"@type":"WebPage","@id":"https:\/\/www.rri.ro\/es\/actualidad\/en-portada\/medallas-de-oro-para-el-remo-rumano-id1055228.html","url":"https:\/\/www.rri.ro\/es\/actualidad\/en-portada\/medallas-de-oro-para-el-remo-rumano-id1055228.html","name":"Medallas de oro para el remo rumano - Radio Ruman\u00eda Internacional","isPartOf":{"@id":"https:\/\/www.rri.ro\/#website"},"primaryImageOfPage":{"@id":"https:\/\/www.rri.ro\/es\/actualidad\/en-portada\/medallas-de-oro-para-el-remo-rumano-id1055228.html#primaryimage"},"image":{"@id":"https:\/\/www.rri.ro\/es\/actualidad\/en-portada\/medallas-de-oro-para-el-remo-rumano-id1055228.html#primaryimage"},"thumbnailUrl":"https:\/\/www.rri.ro\/wp-content\/uploads\/2026\/08\/aur-canotaj-romania-la-amsterdam-foto-fb-fr-canotaj_16x9.jpg","datePublished":"2026-08-31T07:17:50+00:00","author":{"@id":"https:\/\/www.rri.ro\/#\/schema\/person\/b46b8f80d7d6e4b5ac9f14f0acbad0c4"},"breadcrumb":{"@id":"https:\/\/www.rri.ro\/es\/actualidad\/en-portada\/medallas-de-oro-para-el-remo-rumano-id1055228.html#breadcrumb"},"inLanguage":"es","potentialAction":[{"@type":"ReadAction","target":["https:\/\/www.rri.ro\/es\/actualidad\/en-portada\/medallas-de-oro-para-el-remo-rumano-id1055228.html"]}]},{"@type":"ImageObject","inLanguage":"es","@id":"https:\/\/www.rri.ro\/es\/actualidad\/en-portada\/medallas-de-oro-para-el-remo-rumano-id1055228.html#primaryimage","url":"https:\/\/www.rri.ro\/wp-content\/uploads\/2026\/08\/aur-canotaj-romania-la-amsterdam-foto-fb-fr-canotaj_16x9.jpg","contentUrl":"https:\/\/www.rri.ro\/wp-content\/uploads\/2026\/08\/aur-canotaj-romania-la-amsterdam-foto-fb-fr-canotaj_16x9.jpg","width":1200,"height":675,"caption":"Oro per il canottaggio romeno (foto: Federatia Romana De Canotaj \/ Facebook)"},{"@type":"BreadcrumbList","@id":"https:\/\/www.rri.ro\/es\/actualidad\/en-portada\/medallas-de-oro-para-el-remo-rumano-id1055228.html#breadcrumb","itemListElement":[{"@type":"ListItem","position":1,"name":"P\u00e1gina de inicio","item":"https:\/\/www.rri.ro\/es"},{"@type":"ListItem","position":2,"name":"Actualidad","item":"https:\/\/www.rri.ro\/es\/actualidad"},{"@type":"ListItem","position":3,"name":"En portada","item":"https:\/\/www.rri.ro\/es\/actualidad\/en-portada"},{"@type":"ListItem","position":4,"name":"Medallas de oro para el remo rumano"}]},{"@type":"WebSite","@id":"https:\/\/www.rri.ro\/#website","url":"https:\/\/www.rri.ro\/","name":"Radio Ruman\u00eda Internacional","description":"Totul despre Rom\u00e2nia \u015fi rom\u00e2ni, \u00een 13 limbi\/dialecte!","inLanguage":"es"},{"@type":"Person","@id":"https:\/\/www.rri.ro\/#\/schema\/person\/b46b8f80d7d6e4b5ac9f14f0acbad0c4","name":"Daniela Budu","url":"https:\/\/www.rri.ro\/es\/author\/daniela-budu"}]}},"_links":{"self":[{"href":"https:\/\/www.rri.ro\/es\/wp-json\/wp\/v2\/posts\/1055228","targetHints":{"allow":["GET"]}}],"collection":[{"href":"https:\/\/www.rri.ro\/es\/wp-json\/wp\/v2\/posts"}],"about":[{"href":"https:\/\/www.rri.ro\/es\/wp-json\/wp\/v2\/types\/post"}],"author":[{"embeddable":true,"href":"https:\/\/www.rri.ro\/es\/wp-json\/wp\/v2\/users\/107"}],"replies":[{"embeddable":true,"href":"https:\/\/www.rri.ro\/es\/wp-json\/wp\/v2\/comments?post=1055228"}],"version-history":[{"count":1,"href":"https:\/\/www.rri.ro\/es\/wp-json\/wp\/v2\/posts\/1055228\/revisions"}],"predecessor-version":[{"id":1055268,"href":"https:\/\/www.rri.ro\/es\/wp-json\/wp\/v2\/posts\/1055228\/revisions\/1055268"}],"wp:featuredmedia":[{"embeddable":true,"href":"https:\/\/www.rri.ro\/es\/wp-json\/wp\/v2\/media\/1055240"}],"wp:attachment":[{"href":"https:\/\/www.rri.ro\/es\/wp-json\/wp\/v2\/media?parent=1055228"}],"wp:term":[{"taxonomy":"category","embeddable":true,"href":"https:\/\/www.rri.ro\/es\/wp-json\/wp\/v2\/categories?post=1055228"},{"taxonomy":"post_tag","embeddable":true,"href":"https:\/\/www.rri.ro\/es\/wp-json\/wp\/v2\/tags?post=1055228"},{"taxonomy":"author","embeddable":true,"href":"https:\/\/www.rri.ro\/es\/wp-json\/wp\/v2\/coauthors?post=1055228"}],"curies":[{"name":"wp","href":"https:\/\/api.w.org\/{rel}","templated":true}]}}