{"id":1055342,"date":"2026-08-31T14:00:05","date_gmt":"2026-08-31T11:00:05","guid":{"rendered":"https:\/\/www.rri.ro\/?p=1055342"},"modified":"2026-08-31T14:41:02","modified_gmt":"2026-08-31T11:41:02","slug":"avance-informativo-31-08-2026","status":"publish","type":"post","link":"https:\/\/www.rri.ro\/es\/actualidad\/noticias\/avance-informativo-31-08-2026-id1055342.html","title":{"rendered":"Avance informativo, 31.08.2026"},"content":{"rendered":"<p><em><strong>Titulares:<\/strong><\/em><\/p>\n<ul>\n<li><em><strong>El Plan Nacional de Recuperaci\u00f3n y Resiliencia acordado por los l\u00edderes en Bucarest con la Comisi\u00f3n Europea concluye este lunes.<\/strong><\/em><\/li>\n<\/ul>\n<p>&nbsp;<\/p>\n<ul>\n<li><em><strong>Se est\u00e1n celebrando eventos culturales simult\u00e1neamente en Ruman\u00eda, la Rep\u00fablica de Moldavia y dentro de las comunidades hist\u00f3ricas y la di\u00e1spora, con motivo del D\u00eda de la Lengua Rumana este lunes 31 de agosto.<\/strong><\/em><\/li>\n<\/ul>\n<p>&nbsp;<\/p>\n<ul>\n<li><em><strong>Ruman\u00eda ocupa el cuarto lugar en el medallero para el Campeonato Mundial de Remo de 2026 en los Pa\u00edses Bajos.<\/strong><\/em><\/li>\n<\/ul>\n<p>&nbsp;<\/p>\n<p><strong>Consultas<\/strong> \u2013 El presidente Nicusor Dan y los partidos parlamentarios celebrar\u00e1n nuevas consultas este martes 1 de septiembre para designar al pr\u00f3ximo primer ministro. El jefe de Estado se muestra confiado en que esta vez podr\u00e1 encontrar una mayor\u00eda a favor de un gobierno estable. El presidente ha descartado la opci\u00f3n de un gabinete tecnocr\u00e1tico, afirmando que el futuro poder ejecutivo estar\u00e1 compuesto por ministros de partidos pol\u00edticos. Seg\u00fan diversas fuentes pol\u00edticas, el futuro primer ministro podr\u00eda ser independiente, liderando un gobierno de ministros principalmente del Partido Socialdem\u00f3crata y con el apoyo parlamentario de la Uni\u00f3n Democr\u00e1tica H\u00fangara de Ruman\u00eda. Cabe recordar que Ruman\u00eda se encuentra sin un gobierno con plenos poderes desde el 5 de mayo, cuando la coalici\u00f3n minoritaria formada por el Partido Nacional Liberal, la Uni\u00f3n Salvar Rumania y la Uni\u00f3n Democr\u00e1tica H\u00fangara de Rumania fue destituida mediante una moci\u00f3n de censura. El eurodiputado Eugen Tomac, inicialmente designado como candidato a primer ministro, dimiti\u00f3 antes incluso de presentar a su equipo. Posteriormente, el disidente liberal Adrian Vestea fue nominado, pero no logr\u00f3 obtener los votos parlamentarios necesarios para su confirmaci\u00f3n.<\/p>\n<p>&nbsp;<\/p>\n<p><strong>Reuni\u00f3n \u2013<\/strong> El Ministerio de Asuntos Exteriores de Ruman\u00eda, con sede en Bucarest, organiza la Reuni\u00f3n Diplom\u00e1tica Rumana anual los d\u00edas 31 de agosto y 1 de septiembre. Presidida por la ministra interina de Asuntos Exteriores, Oana Toiu, la reuni\u00f3n tendr\u00e1 lugar en la \u00d3pera Nacional de Bucarest, seg\u00fan anunci\u00f3 el ministerio. Este evento, que tradicionalmente se celebra antes del D\u00eda de la Diplomacia Rumana, conmemorado anualmente el 1 de septiembre, reunir\u00e1 a los jefes de las misiones diplom\u00e1ticas y consulares de Rumania en el extranjero, representantes del cuerpo diplom\u00e1tico extranjero acreditado en Bucarest, as\u00ed como a miembros de la direcci\u00f3n del Ministerio de Asuntos Exteriores y altos funcionarios rumanos. Seg\u00fan el Ministerio de Exteriores, esta edici\u00f3n est\u00e1 dedicada a una diplomacia m\u00e1s eficaz y pragm\u00e1tica, mejor alineada con los intereses de Ruman\u00eda. Se har\u00e1 hincapi\u00e9 en c\u00f3mo la acci\u00f3n diplom\u00e1tica y consular puede contribuir a fortalecer el perfil internacional del pa\u00eds, promover la seguridad y los intereses econ\u00f3micos de Ruman\u00eda, apoyar a los ciudadanos rumanos y reforzar el papel del pa\u00eds dentro de la Uni\u00f3n Europea, en la relaci\u00f3n transatl\u00e1ntica y en el di\u00e1logo con socios internacionales.<\/p>\n<p>&nbsp;<\/p>\n<p><strong>PNRR<\/strong> \u2013 Este lunes 31 de agosto finaliza el Plan Nacional de Recuperaci\u00f3n y Resiliencia de Ruman\u00eda, un mecanismo nacional de inversi\u00f3n y reforma financiado por un fondo especial de la UE, creado para apoyar la reconstrucci\u00f3n de Europa tras la pandemia de COVID-19. De los m\u00e1s de 20.000 millones de euros asignados por este plan, Ruman\u00eda solo ha recibido aproximadamente 13.000 millones. El resto depende de la evaluaci\u00f3n que haga la Comisi\u00f3n Europea de las reformas recientemente aprobadas por las autoridades de Bucarest. Antes de la clausura del Plan Nacional de Recuperaci\u00f3n y Resiliencia, m\u00e1s de 15.000 proyectos financiados con fondos de la UE estaban en marcha, mientras que aproximadamente 4.500 a\u00fan estaban pendientes de finalizaci\u00f3n.<\/p>\n<p>&nbsp;<\/p>\n<p><strong>D\u00eda de la Lengua Rumana \u2013<\/strong> Eventos culturales organizados simult\u00e1neamente en Ruman\u00eda, la Rep\u00fablica de Moldavia y en las comunidades hist\u00f3ricas y la di\u00e1spora conmemoran el D\u00eda de la Lengua Rumana este lunes 31 de agosto. Establecido en 2013 por el Parlamento en Bucarest, este d\u00eda coincide con la fiesta nacional en la Rep\u00fablica de Moldavia y rinde homenaje al movimiento de renacimiento nacional moldavo. Cabe recordar que el 31 de agosto de 1989, bajo el r\u00e9gimen sovi\u00e9tico, el Parlamento en Chisin\u00e1u, con una poblaci\u00f3n de no menos de 750.000 personas \u2014una sexta parte de la poblaci\u00f3n del pa\u00eds en aquel entonces\u2014 decidi\u00f3 declarar el rumano como idioma oficial y adoptar el alfabeto latino en lugar del alfabeto cir\u00edlico impuesto por los ocupantes tras la anexi\u00f3n de 1940. Tambi\u00e9n cabe destacar que este a\u00f1o el D\u00eda de la Lengua Rumana se celebra en Ucrania, tras un decreto firmado por el presidente Volod\u00edmir Zelenski el 12 de marzo durante su visita a Bucarest.<\/p>\n<p>&nbsp;<\/p>\n<p><strong>Remo<\/strong> \u2013 En el Campeonato Mundial de Remo, celebrado del 24 al 30 de agosto en \u00c1msterdam, los atletas rumanos ganaron tres medallas de oro, dos de ellas el domingo, \u00faltimo d\u00eda de competici\u00f3n, en las pruebas de ocho con timonel femenino y mixto. Adriana Adam y Simona Radis consiguieron tres medallas de oro en el Campeonato Mundial de \u00c1msterdam, tras sus victorias el viernes en las pruebas de ocho con timonel femenino y mixto, ocho con timonel femenino y dos sin timonel femenino. Ruman\u00eda ocupa el cuarto lugar en el medallero de este Campeonato Mundial, con tres medallas de oro, por delante de Pa\u00edses Bajos, Alemania y Estados Unidos.<\/p>\n<p>&nbsp;<\/p>\n<p><strong>Tiempo \u2013<\/strong> En general, predomina el sol en la mayor parte de Ruman\u00eda. Solo se esperan lluvias en las monta\u00f1as. Las temperaturas m\u00e1ximas oscilar\u00e1n entre los 26 \u00b0C en la costa y los 37 \u00b0C en el oeste. Al mediod\u00eda, la temperatura en Bucarest era de 33 \u00b0C.<\/p>\n","protected":false},"excerpt":{"rendered":"<p>Titulares: El Plan Nacional de Recuperaci\u00f3n y Resiliencia acordado por los l\u00edderes en Bucarest con la Comisi\u00f3n Europea concluye este lunes. &nbsp; Se est\u00e1n celebrando eventos culturales simult\u00e1neamente en Ruman\u00eda, la Rep\u00fablica de Moldavia y dentro de las comunidades hist\u00f3ricas y la di\u00e1spora, con motivo del D\u00eda de la Lengua Rumana este lunes 31 de [&hellip;]<\/p>\n","protected":false},"author":113,"featured_media":723423,"comment_status":"closed","ping_status":"closed","sticky":false,"template":"","format":"standard","meta":{"_acf_changed":false,"footnotes":""},"categories":[49382],"tags":[195949,152739,151326,48978,195951,49255,195953,195950,150561,195955,111860,149973,143574,167877,195954,195956,180986,146555,156488,143996,112691,48965,48949,146254,195952],"coauthors":[116091],"class_list":["post-1055342","post","type-post","status-publish","format-standard","has-post-thumbnail","hentry","category-noticias","tag-acordado-por-los-lideres","tag-adriana-adam","tag-bomberos-rumanos","tag-bucarest","tag-celebrando-eventos-culturales","tag-comision-europea","tag-comunidades-historicas","tag-concluye","tag-consultas","tag-cuarto-lugar","tag-dia-de-la-lengua-rumana","tag-diaspora-es","tag-idioma-rumano","tag-los-paises-bajos","tag-lunes-31-de-agosto","tag-medallero-para-el-campeonato-mundial-de-remo-de-2026","tag-ministra-oana-toiu","tag-nicusor-dan-es","tag-odessa-es","tag-plan-nacional-de-recuperacion-y-resiliencia","tag-remo","tag-republica-de-moldavia","tag-rumania","tag-simona-radis-es","tag-simultaneamente-en-rumania"],"acf":[],"yoast_head":"<!-- This site is optimized with the Yoast SEO plugin v28.2 - https:\/\/yoast.com\/product\/yoast-seo-wordpress\/ -->\n<title>Avance informativo, 31.08.2026 - Radio Ruman\u00eda Internacional<\/title>\n<meta name=\"robots\" content=\"index, follow, max-snippet:-1, max-image-preview:large, max-video-preview:-1\" \/>\n<link rel=\"canonical\" href=\"https:\/\/www.rri.ro\/es\/actualidad\/noticias\/avance-informativo-31-08-2026-id1055342.html\" \/>\n<meta property=\"og:locale\" content=\"es_ES\" \/>\n<meta property=\"og:type\" content=\"article\" \/>\n<meta property=\"og:title\" content=\"Avance informativo, 31.08.2026 - Radio Ruman\u00eda Internacional\" \/>\n<meta property=\"og:description\" content=\"Titulares: El Plan Nacional de Recuperaci\u00f3n y Resiliencia acordado por los l\u00edderes en Bucarest con la Comisi\u00f3n Europea concluye este lunes. &nbsp; Se est\u00e1n celebrando eventos culturales simult\u00e1neamente en Ruman\u00eda, la Rep\u00fablica de Moldavia y dentro de las comunidades hist\u00f3ricas y la di\u00e1spora, con motivo del D\u00eda de la Lengua Rumana este lunes 31 de [&hellip;]\" \/>\n<meta property=\"og:url\" content=\"https:\/\/www.rri.ro\/es\/actualidad\/noticias\/avance-informativo-31-08-2026-id1055342.html\" \/>\n<meta property=\"og:site_name\" content=\"Radio Ruman\u00eda Internacional\" \/>\n<meta property=\"article:published_time\" content=\"2026-08-31T11:00:05+00:00\" \/>\n<meta property=\"article:modified_time\" content=\"2026-08-31T11:41:02+00:00\" \/>\n<meta property=\"og:image\" content=\"https:\/\/www.rri.ro\/wp-content\/uploads\/2024\/03\/RRI-960x540-Noticias-2-NOU.jpg\" \/>\n\t<meta property=\"og:image:width\" content=\"960\" \/>\n\t<meta property=\"og:image:height\" content=\"540\" \/>\n\t<meta property=\"og:image:type\" content=\"image\/jpeg\" \/>\n<meta name=\"author\" content=\"Newsroom\" \/>\n<meta name=\"twitter:card\" content=\"summary_large_image\" \/>\n<meta name=\"twitter:label1\" content=\"Escrito por\" \/>\n\t<meta name=\"twitter:data1\" content=\"Newsroom\" \/>\n\t<meta name=\"twitter:label2\" content=\"Tiempo de lectura\" \/>\n\t<meta name=\"twitter:data2\" content=\"5 minutos\" \/>\n\t<meta name=\"twitter:label3\" content=\"Written by\" \/>\n\t<meta name=\"twitter:data3\" content=\"Newsroom\" \/>\n<script type=\"application\/ld+json\" class=\"yoast-schema-graph\">{\"@context\":\"https:\\\/\\\/schema.org\",\"@graph\":[{\"@type\":\"Article\",\"@id\":\"https:\\\/\\\/www.rri.ro\\\/es\\\/actualidad\\\/noticias\\\/avance-informativo-31-08-2026-id1055342.html#article\",\"isPartOf\":{\"@id\":\"https:\\\/\\\/www.rri.ro\\\/es\\\/actualidad\\\/noticias\\\/avance-informativo-31-08-2026-id1055342.html\"},\"author\":{\"name\":\"Newsroom\",\"@id\":\"https:\\\/\\\/www.rri.ro\\\/#\\\/schema\\\/person\\\/4a479940371b9fdefd194f561e8a7f88\"},\"headline\":\"Avance informativo, 31.08.2026\",\"datePublished\":\"2026-08-31T11:00:05+00:00\",\"dateModified\":\"2026-08-31T11:41:02+00:00\",\"mainEntityOfPage\":{\"@id\":\"https:\\\/\\\/www.rri.ro\\\/es\\\/actualidad\\\/noticias\\\/avance-informativo-31-08-2026-id1055342.html\"},\"wordCount\":966,\"image\":{\"@id\":\"https:\\\/\\\/www.rri.ro\\\/es\\\/actualidad\\\/noticias\\\/avance-informativo-31-08-2026-id1055342.html#primaryimage\"},\"thumbnailUrl\":\"https:\\\/\\\/www.rri.ro\\\/wp-content\\\/uploads\\\/2024\\\/03\\\/RRI-960x540-Noticias-2-NOU.jpg\",\"keywords\":[\"acordado por los l\u00edderes\",\"Adriana Adam\",\"bomberos rumanos\",\"Bucarest\",\"celebrando eventos culturales\",\"Comisi\u00f3n Europea\",\"comunidades hist\u00f3ricas\",\"concluye\",\"consultas\",\"cuarto lugar\",\"D\u00eda de la Lengua Rumana\",\"diaspora\",\"idioma rumano\",\"los Pa\u00edses Bajos\",\"lunes 31 de agosto\",\"medallero para el Campeonato Mundial de Remo de 2026\",\"ministra Oana Toiu\",\"Nicusor Dan\",\"Odessa\",\"Plan Nacional de Recuperaci\u00f3n y Resiliencia\",\"Remo\",\"Rep\u00fablica de Moldavia\",\"Rumania\",\"Simona Radis\",\"simult\u00e1neamente en Ruman\u00eda\"],\"articleSection\":[\"Noticias\"],\"inLanguage\":\"es\"},{\"@type\":\"WebPage\",\"@id\":\"https:\\\/\\\/www.rri.ro\\\/es\\\/actualidad\\\/noticias\\\/avance-informativo-31-08-2026-id1055342.html\",\"url\":\"https:\\\/\\\/www.rri.ro\\\/es\\\/actualidad\\\/noticias\\\/avance-informativo-31-08-2026-id1055342.html\",\"name\":\"Avance informativo, 31.08.2026 - Radio Ruman\u00eda Internacional\",\"isPartOf\":{\"@id\":\"https:\\\/\\\/www.rri.ro\\\/#website\"},\"primaryImageOfPage\":{\"@id\":\"https:\\\/\\\/www.rri.ro\\\/es\\\/actualidad\\\/noticias\\\/avance-informativo-31-08-2026-id1055342.html#primaryimage\"},\"image\":{\"@id\":\"https:\\\/\\\/www.rri.ro\\\/es\\\/actualidad\\\/noticias\\\/avance-informativo-31-08-2026-id1055342.html#primaryimage\"},\"thumbnailUrl\":\"https:\\\/\\\/www.rri.ro\\\/wp-content\\\/uploads\\\/2024\\\/03\\\/RRI-960x540-Noticias-2-NOU.jpg\",\"datePublished\":\"2026-08-31T11:00:05+00:00\",\"dateModified\":\"2026-08-31T11:41:02+00:00\",\"author\":{\"@id\":\"https:\\\/\\\/www.rri.ro\\\/#\\\/schema\\\/person\\\/4a479940371b9fdefd194f561e8a7f88\"},\"breadcrumb\":{\"@id\":\"https:\\\/\\\/www.rri.ro\\\/es\\\/actualidad\\\/noticias\\\/avance-informativo-31-08-2026-id1055342.html#breadcrumb\"},\"inLanguage\":\"es\",\"potentialAction\":[{\"@type\":\"ReadAction\",\"target\":[\"https:\\\/\\\/www.rri.ro\\\/es\\\/actualidad\\\/noticias\\\/avance-informativo-31-08-2026-id1055342.html\"]}]},{\"@type\":\"ImageObject\",\"inLanguage\":\"es\",\"@id\":\"https:\\\/\\\/www.rri.ro\\\/es\\\/actualidad\\\/noticias\\\/avance-informativo-31-08-2026-id1055342.html#primaryimage\",\"url\":\"https:\\\/\\\/www.rri.ro\\\/wp-content\\\/uploads\\\/2024\\\/03\\\/RRI-960x540-Noticias-2-NOU.jpg\",\"contentUrl\":\"https:\\\/\\\/www.rri.ro\\\/wp-content\\\/uploads\\\/2024\\\/03\\\/RRI-960x540-Noticias-2-NOU.jpg\",\"width\":960,\"height\":540,\"caption\":\"RRI 960x540 Noticias 2-NOU\"},{\"@type\":\"BreadcrumbList\",\"@id\":\"https:\\\/\\\/www.rri.ro\\\/es\\\/actualidad\\\/noticias\\\/avance-informativo-31-08-2026-id1055342.html#breadcrumb\",\"itemListElement\":[{\"@type\":\"ListItem\",\"position\":1,\"name\":\"P\u00e1gina de inicio\",\"item\":\"https:\\\/\\\/www.rri.ro\\\/es\"},{\"@type\":\"ListItem\",\"position\":2,\"name\":\"Actualidad\",\"item\":\"https:\\\/\\\/www.rri.ro\\\/es\\\/actualidad\"},{\"@type\":\"ListItem\",\"position\":3,\"name\":\"Noticias\",\"item\":\"https:\\\/\\\/www.rri.ro\\\/es\\\/actualidad\\\/noticias\"},{\"@type\":\"ListItem\",\"position\":4,\"name\":\"Avance informativo, 31.08.2026\"}]},{\"@type\":\"WebSite\",\"@id\":\"https:\\\/\\\/www.rri.ro\\\/#website\",\"url\":\"https:\\\/\\\/www.rri.ro\\\/\",\"name\":\"Radio Ruman\u00eda Internacional\",\"description\":\"Totul despre Rom\u00e2nia \u015fi rom\u00e2ni, \u00een 13 limbi\\\/dialecte!\",\"inLanguage\":\"es\"},{\"@type\":\"Person\",\"@id\":\"https:\\\/\\\/www.rri.ro\\\/#\\\/schema\\\/person\\\/4a479940371b9fdefd194f561e8a7f88\",\"name\":\"Newsroom\",\"url\":\"https:\\\/\\\/www.rri.ro\\\/es\\\/author\\\/newsroom\"}]}<\/script>\n<!-- \/ Yoast SEO plugin. -->","yoast_head_json":{"title":"Avance informativo, 31.08.2026 - Radio Ruman\u00eda Internacional","robots":{"index":"index","follow":"follow","max-snippet":"max-snippet:-1","max-image-preview":"max-image-preview:large","max-video-preview":"max-video-preview:-1"},"canonical":"https:\/\/www.rri.ro\/es\/actualidad\/noticias\/avance-informativo-31-08-2026-id1055342.html","og_locale":"es_ES","og_type":"article","og_title":"Avance informativo, 31.08.2026 - Radio Ruman\u00eda Internacional","og_description":"Titulares: El Plan Nacional de Recuperaci\u00f3n y Resiliencia acordado por los l\u00edderes en Bucarest con la Comisi\u00f3n Europea concluye este lunes. &nbsp; Se est\u00e1n celebrando eventos culturales simult\u00e1neamente en Ruman\u00eda, la Rep\u00fablica de Moldavia y dentro de las comunidades hist\u00f3ricas y la di\u00e1spora, con motivo del D\u00eda de la Lengua Rumana este lunes 31 de [&hellip;]","og_url":"https:\/\/www.rri.ro\/es\/actualidad\/noticias\/avance-informativo-31-08-2026-id1055342.html","og_site_name":"Radio Ruman\u00eda Internacional","article_published_time":"2026-08-31T11:00:05+00:00","article_modified_time":"2026-08-31T11:41:02+00:00","og_image":[{"width":960,"height":540,"url":"https:\/\/www.rri.ro\/wp-content\/uploads\/2024\/03\/RRI-960x540-Noticias-2-NOU.jpg","type":"image\/jpeg"}],"author":"Newsroom","twitter_card":"summary_large_image","twitter_misc":{"Escrito por":"Newsroom","Tiempo de lectura":"5 minutos","Written by":"Newsroom"},"schema":{"@context":"https:\/\/schema.org","@graph":[{"@type":"Article","@id":"https:\/\/www.rri.ro\/es\/actualidad\/noticias\/avance-informativo-31-08-2026-id1055342.html#article","isPartOf":{"@id":"https:\/\/www.rri.ro\/es\/actualidad\/noticias\/avance-informativo-31-08-2026-id1055342.html"},"author":{"name":"Newsroom","@id":"https:\/\/www.rri.ro\/#\/schema\/person\/4a479940371b9fdefd194f561e8a7f88"},"headline":"Avance informativo, 31.08.2026","datePublished":"2026-08-31T11:00:05+00:00","dateModified":"2026-08-31T11:41:02+00:00","mainEntityOfPage":{"@id":"https:\/\/www.rri.ro\/es\/actualidad\/noticias\/avance-informativo-31-08-2026-id1055342.html"},"wordCount":966,"image":{"@id":"https:\/\/www.rri.ro\/es\/actualidad\/noticias\/avance-informativo-31-08-2026-id1055342.html#primaryimage"},"thumbnailUrl":"https:\/\/www.rri.ro\/wp-content\/uploads\/2024\/03\/RRI-960x540-Noticias-2-NOU.jpg","keywords":["acordado por los l\u00edderes","Adriana Adam","bomberos rumanos","Bucarest","celebrando eventos culturales","Comisi\u00f3n Europea","comunidades hist\u00f3ricas","concluye","consultas","cuarto lugar","D\u00eda de la Lengua Rumana","diaspora","idioma rumano","los Pa\u00edses Bajos","lunes 31 de agosto","medallero para el Campeonato Mundial de Remo de 2026","ministra Oana Toiu","Nicusor Dan","Odessa","Plan Nacional de Recuperaci\u00f3n y Resiliencia","Remo","Rep\u00fablica de Moldavia","Rumania","Simona Radis","simult\u00e1neamente en Ruman\u00eda"],"articleSection":["Noticias"],"inLanguage":"es"},{"@type":"WebPage","@id":"https:\/\/www.rri.ro\/es\/actualidad\/noticias\/avance-informativo-31-08-2026-id1055342.html","url":"https:\/\/www.rri.ro\/es\/actualidad\/noticias\/avance-informativo-31-08-2026-id1055342.html","name":"Avance informativo, 31.08.2026 - Radio Ruman\u00eda Internacional","isPartOf":{"@id":"https:\/\/www.rri.ro\/#website"},"primaryImageOfPage":{"@id":"https:\/\/www.rri.ro\/es\/actualidad\/noticias\/avance-informativo-31-08-2026-id1055342.html#primaryimage"},"image":{"@id":"https:\/\/www.rri.ro\/es\/actualidad\/noticias\/avance-informativo-31-08-2026-id1055342.html#primaryimage"},"thumbnailUrl":"https:\/\/www.rri.ro\/wp-content\/uploads\/2024\/03\/RRI-960x540-Noticias-2-NOU.jpg","datePublished":"2026-08-31T11:00:05+00:00","dateModified":"2026-08-31T11:41:02+00:00","author":{"@id":"https:\/\/www.rri.ro\/#\/schema\/person\/4a479940371b9fdefd194f561e8a7f88"},"breadcrumb":{"@id":"https:\/\/www.rri.ro\/es\/actualidad\/noticias\/avance-informativo-31-08-2026-id1055342.html#breadcrumb"},"inLanguage":"es","potentialAction":[{"@type":"ReadAction","target":["https:\/\/www.rri.ro\/es\/actualidad\/noticias\/avance-informativo-31-08-2026-id1055342.html"]}]},{"@type":"ImageObject","inLanguage":"es","@id":"https:\/\/www.rri.ro\/es\/actualidad\/noticias\/avance-informativo-31-08-2026-id1055342.html#primaryimage","url":"https:\/\/www.rri.ro\/wp-content\/uploads\/2024\/03\/RRI-960x540-Noticias-2-NOU.jpg","contentUrl":"https:\/\/www.rri.ro\/wp-content\/uploads\/2024\/03\/RRI-960x540-Noticias-2-NOU.jpg","width":960,"height":540,"caption":"RRI 960x540 Noticias 2-NOU"},{"@type":"BreadcrumbList","@id":"https:\/\/www.rri.ro\/es\/actualidad\/noticias\/avance-informativo-31-08-2026-id1055342.html#breadcrumb","itemListElement":[{"@type":"ListItem","position":1,"name":"P\u00e1gina de inicio","item":"https:\/\/www.rri.ro\/es"},{"@type":"ListItem","position":2,"name":"Actualidad","item":"https:\/\/www.rri.ro\/es\/actualidad"},{"@type":"ListItem","position":3,"name":"Noticias","item":"https:\/\/www.rri.ro\/es\/actualidad\/noticias"},{"@type":"ListItem","position":4,"name":"Avance informativo, 31.08.2026"}]},{"@type":"WebSite","@id":"https:\/\/www.rri.ro\/#website","url":"https:\/\/www.rri.ro\/","name":"Radio Ruman\u00eda Internacional","description":"Totul despre Rom\u00e2nia \u015fi rom\u00e2ni, \u00een 13 limbi\/dialecte!","inLanguage":"es"},{"@type":"Person","@id":"https:\/\/www.rri.ro\/#\/schema\/person\/4a479940371b9fdefd194f561e8a7f88","name":"Newsroom","url":"https:\/\/www.rri.ro\/es\/author\/newsroom"}]}},"_links":{"self":[{"href":"https:\/\/www.rri.ro\/es\/wp-json\/wp\/v2\/posts\/1055342","targetHints":{"allow":["GET"]}}],"collection":[{"href":"https:\/\/www.rri.ro\/es\/wp-json\/wp\/v2\/posts"}],"about":[{"href":"https:\/\/www.rri.ro\/es\/wp-json\/wp\/v2\/types\/post"}],"author":[{"embeddable":true,"href":"https:\/\/www.rri.ro\/es\/wp-json\/wp\/v2\/users\/113"}],"replies":[{"embeddable":true,"href":"https:\/\/www.rri.ro\/es\/wp-json\/wp\/v2\/comments?post=1055342"}],"version-history":[{"count":1,"href":"https:\/\/www.rri.ro\/es\/wp-json\/wp\/v2\/posts\/1055342\/revisions"}],"predecessor-version":[{"id":1055343,"href":"https:\/\/www.rri.ro\/es\/wp-json\/wp\/v2\/posts\/1055342\/revisions\/1055343"}],"wp:featuredmedia":[{"embeddable":true,"href":"https:\/\/www.rri.ro\/es\/wp-json\/wp\/v2\/media\/723423"}],"wp:attachment":[{"href":"https:\/\/www.rri.ro\/es\/wp-json\/wp\/v2\/media?parent=1055342"}],"wp:term":[{"taxonomy":"category","embeddable":true,"href":"https:\/\/www.rri.ro\/es\/wp-json\/wp\/v2\/categories?post=1055342"},{"taxonomy":"post_tag","embeddable":true,"href":"https:\/\/www.rri.ro\/es\/wp-json\/wp\/v2\/tags?post=1055342"},{"taxonomy":"author","embeddable":true,"href":"https:\/\/www.rri.ro\/es\/wp-json\/wp\/v2\/coauthors?post=1055342"}],"curies":[{"name":"wp","href":"https:\/\/api.w.org\/{rel}","templated":true}]}}