{"id":1055420,"date":"2026-08-31T20:05:04","date_gmt":"2026-08-31T17:05:04","guid":{"rendered":"https:\/\/www.rri.ro\/?p=1055420"},"modified":"2026-08-31T20:16:24","modified_gmt":"2026-08-31T17:16:24","slug":"noticias-del-dia-3007","status":"publish","type":"post","link":"https:\/\/www.rri.ro\/es\/actualidad\/noticias\/noticias-del-dia-3007-id1055420.html","title":{"rendered":"Noticias del d\u00eda"},"content":{"rendered":"<p>Titulares:<\/p>\n<ul>\n<li><em><strong>El martes se celebrar\u00e1n nuevas consultas entre el presidente Nicu\u015for Dan y los partidos parlamentarios para la designaci\u00f3n del futuro primer ministro de Ruman\u00eda.<\/strong><\/em><\/li>\n<\/ul>\n<p>&nbsp;<\/p>\n<ul>\n<li><em><strong>Eventos culturales organizados simult\u00e1neamente en Ruman\u00eda, la Rep\u00fablica de Moldavia y en comunidades hist\u00f3ricas y de la di\u00e1spora han conmemorado el D\u00eda de la Lengua Rumana el lunes 31 de agosto.<\/strong><\/em><\/li>\n<\/ul>\n<p>&nbsp;<\/p>\n<ul>\n<li><em><strong>Ruman\u00eda ocup\u00f3 el cuarto lugar en el medallero del Campeonato Mundial de Remo de 2026 en los Pa\u00edses Bajos.<\/strong><\/em><\/li>\n<\/ul>\n<p>&nbsp;<\/p>\n<p><strong>CONSULTAS POL\u00cdTICAS &#8211;<\/strong> El martes 1 de septiembre se celebrar\u00e1n nuevas consultas para la designaci\u00f3n del futuro primer ministro de Ruman\u00eda entre el presidente Nicu\u015for Dan y los partidos parlamentarios. El jefe de Estado conf\u00eda en que esta vez se alcanzar\u00e1 una mayor\u00eda para formar un Gobierno estable. Descarta la opci\u00f3n de un gabinete tecnocr\u00e1tico y afirma que el futuro Ejecutivo estar\u00e1 integrado por ministros elegidos entre los partidos. Seg\u00fan fuentes pol\u00edticas, el futuro primer ministro ser\u00eda un independiente que liderar\u00eda un Gobierno de mayor\u00eda del PSD, con el apoyo del Parlamento y de la UDMR. El presidente del PSD, Sorin Grindeanu, declar\u00f3 el lunes que los socialdem\u00f3cratas acudir\u00edan a las consultas para la formaci\u00f3n de un nuevo gobierno con su propia propuesta de primer ministro y afirm\u00f3 que \u00e9l mismo asumir\u00eda ese cargo. Ruman\u00eda no ha tenido un gobierno con plenos poderes desde el 5 de mayo, cuando el grupo minoritario PNL-USR-UDMR, liderado por el liberal Ilie Bolojan, fue destituido por el Parlamento mediante una moci\u00f3n de censura. Tras la dimisi\u00f3n del eurodiputado Eugen Tomac, inicialmente designado como candidato al puesto de primer ministro, el disidente liberal Adrian Ve\u015ftea fue nominado, pero no consigui\u00f3 los votos necesarios en el Parlamento para su investidura.<\/p>\n<p>&nbsp;<\/p>\n<p><strong>D\u00c9FICIT<\/strong> \u2013 El d\u00e9ficit presupuestario de Ruman\u00eda disminuy\u00f3 significativamente en los primeros siete meses de este a\u00f1o, situ\u00e1ndose en poco m\u00e1s de 48.000 millones de leus (unos 9.100 millones de euros). Seg\u00fan el Ministerio de Hacienda, la reducci\u00f3n es del 37% en comparaci\u00f3n con el periodo similar del a\u00f1o anterior. Como porcentaje del Producto Interno Bruto, el d\u00e9ficit se redujo del 3,99% al 2,34%. Este ajuste se debe al aumento de los ingresos en un 11%, mientras que los gastos presupuestarios se mantuvieron bajo control y aumentaron solo un 2,9%, sin afectar a las inversiones. Cabe recordar que el Gobierno de Bucarest adopt\u00f3, a partir del 1 de agosto de 2025, una serie de medidas para acelerar la reducci\u00f3n del d\u00e9ficit presupuestario, tras haber alcanzado el 9,3% del PIB en 2024, el nivel m\u00e1s alto de la Uni\u00f3n Europea.<\/p>\n<p>&nbsp;<\/p>\n<p><strong>D\u00cdA DE LA LENGUA RUMANA<\/strong> \u2013 Este lunes se celebra el D\u00eda de la Lengua Rumana en Ruman\u00eda, la Rep\u00fablica de Moldavia y Ucrania. En un mensaje publicado en l\u00ednea, el presidente rumano, Nicu\u015for Dan, destac\u00f3 que la protecci\u00f3n de los derechos de los rumanos en todo el mundo y la promoci\u00f3n de la cultura nacional siguen siendo objetivos esenciales para nuestro pa\u00eds. Calific\u00f3 la lengua rumana como \u00abun valioso v\u00ednculo\u00bb, capaz de arraigarnos en la historia y abrirnos las puertas al futuro. Dan felicit\u00f3 a todos aquellos que hablan, escriben y mantienen viva la lengua rumana, sin importar las fronteras. Establecido en 2013 por el Parlamento de Bucarest, el D\u00eda de la Lengua Rumana coincide con la fiesta nacional en la Rep\u00fablica de Moldavia y es un homenaje al movimiento de renacimiento nacional en el vecino pa\u00eds, de mayor\u00eda rumana. El 31 de agosto de 1989, en pleno r\u00e9gimen sovi\u00e9tico, el Parlamento de Chisin\u00e1u, bajo el escrutinio de unas 750.000 personas, es decir, una sexta parte de la poblaci\u00f3n de la rep\u00fablica en aquel momento, decidi\u00f3 declarar el rumano idioma oficial del Estado, as\u00ed como adoptar el alfabeto latino en lugar del alfabeto cir\u00edlico impuesto por los ocupantes tras la anexi\u00f3n en 1940.<\/p>\n<p>&nbsp;<\/p>\n<p><strong>REMO MEDALLAS &#8211;<\/strong> En el Campeonato Mundial de Remo de \u00c1msterdam, celebrado del 24 al 30 de agosto, los atletas rumanos ganaron tres medallas de oro, dos de ellas el domingo, \u00faltimo d\u00eda de competici\u00f3n, en las modalidades de ocho remos con timonel femenino y doble scull mixto. Un hito fue que Adriana Adam y Simona Radi\u015f cerraron el Campeonato Mundial de \u00c1msterdam con tres medallas de oro, tras las obtenidas el viernes en las modalidades de ocho remos con timonel mixto, ocho remos con timonel y doble scull femenino. De esta forma, Ruman\u00eda se situ\u00f3 cuarta en el medallero del Campeonato Mundial de Remo de 2026, con tres medallas de oro, por delante de Pa\u00edses Bajos, Alemania y Estados Unidos. M\u00e1s detalles, en el servicio informativo.<\/p>\n<p>&nbsp;<\/p>\n<p><strong>DIPLOMACIA<\/strong> \u2013 La Reuni\u00f3n Anual de la Diplomacia Rumana se celebra estos d\u00edas en Bucarest. Al evento, presidido por la ministra interina de Asuntos Exteriores, Oana \u0162oiu, asisten embajadores, c\u00f3nsules y altos funcionarios. Los hitos de la pol\u00edtica exterior rumana, como la pertenencia a la Uni\u00f3n Europea, la OTAN, la asociaci\u00f3n transatl\u00e1ntica y las relaciones de vecindad, son a la vez vitales para Ruman\u00eda y est\u00e1n en constante transformaci\u00f3n, afirm\u00f3 la ministra. Considera que no se pueden analizar las prioridades de la pol\u00edtica exterior rumana sin tener en cuenta el componente de seguridad, en el contexto de la guerra de agresi\u00f3n librada por Rusia contra Ucrania. Ruman\u00eda debe ser un actor clave en materia de seguridad dentro de la OTAN en 2026, especialmente en el flanco oriental y en el mar Negro, declar\u00f3 el presidente del Senado, Mircea Abrudean. Seg\u00fan \u00e9l, la presencia de tropas estadounidenses en territorio nacional representa la garant\u00eda de seguridad m\u00e1s s\u00f3lida que Ruman\u00eda ha tenido en su historia moderna. La Reuni\u00f3n Anual de la Diplomacia Rumana subraya c\u00f3mo la acci\u00f3n diplom\u00e1tica y consular puede contribuir m\u00e1s a fortalecer el perfil internacional del pa\u00eds, promover la seguridad y los intereses econ\u00f3micos de Ruman\u00eda, o apoyar a los ciudadanos rumanos.<\/p>\n<p>&nbsp;<\/p>\n<p><strong>PNRR<\/strong> \u2013 El Gobierno de Bucarest se reuni\u00f3 el lunes en sesi\u00f3n extraordinaria, en la que aprob\u00f3 la documentaci\u00f3n necesaria en el contexto del cierre del Plan Nacional de Recuperaci\u00f3n y Resiliencia (PNRR), un mecanismo nacional de inversi\u00f3n y reforma financiado por un fondo comunitario especial, creado para apoyar la reconstrucci\u00f3n de Europa tras la pandemia de COVID-19. El plazo oficial para acceder a los fondos del PNRR venci\u00f3 el lunes. Los proyectos no finalizados deber\u00e1n continuar con los presupuestos de las administraciones locales, y no con fondos europeos no reembolsables. De un presupuesto de m\u00e1s de 20.000 millones de euros asignado a trav\u00e9s de este plan, Ruman\u00eda solo ha logrado recaudar efectivamente unos 13.000 millones. El resto depende de la evaluaci\u00f3n que haga la Comisi\u00f3n Europea de las reformas realizadas por las autoridades de Bucarest en los \u00faltimos cien metros. Antes del cierre del PNRR, estaban en marcha m\u00e1s de 15.000 proyectos financiados con fondos europeos, y aproximadamente 4.500 de ellos a\u00fan no se han recibido.<\/p>\n<p>&nbsp;<\/p>\n<p><strong>A\u00d1O NUEVO JUD\u00cdO<\/strong> &#8211; Las autoridades del distrito de Tulcea, en el sureste de Ruman\u00eda, se preparan para un mayor flujo de personas que transitar\u00e1n por el paso fronterizo de Isaccea, Ruman\u00eda, hacia Orlivka, regi\u00f3n de Odesa, Ucrania, con motivo del A\u00f1o Nuevo jud\u00edo, seg\u00fan informa la prensa de Bucarest. De acuerdo con la fuente, el prefecto Eugen Terente declar\u00f3 que ya ha mantenido dos reuniones con las autoridades de Tulcea responsables del orden p\u00fablico y la seguridad para prevenir incidentes. El a\u00f1o pasado, durante la peregrinaci\u00f3n, no se registraron problemas en el distrito, pero estas reuniones ayudan a coordinar y regular los canales de comunicaci\u00f3n entre las instituciones estatales, y los viajeros se ver\u00e1n beneficiados, ya que su tr\u00e1nsito por el paso fronterizo ser\u00e1 m\u00e1s sencillo, afirma el prefecto. El A\u00f1o Nuevo jud\u00edo se celebra en 2026 entre el 11 y el 13 de septiembre, y Ucrania alberga la tumba de un l\u00edder religioso, donde miles de fieles acuden en peregrinaci\u00f3n. Debido al cierre del espacio a\u00e9reo ucraniano por la invasi\u00f3n rusa, peregrinos de todo el mundo utilizan la infraestructura aeroportuaria de Ruman\u00eda y Moldavia para llegar a la tumba del rabino Najman de Breslov. Muchos prefieren el paso fronterizo de Isaccea-Orlivka, ya que acorta la distancia que recorren los peregrinos que llegan a Ruman\u00eda a trav\u00e9s de los aeropuertos de Bucarest, Constanza y Tulcea.<\/p>\n<p>&nbsp;<\/p>\n<p><strong>\u00c1NGELA MERKEL &#8211;<\/strong> La excanciller conservadora de Alemania, Angela Merkel, llega a Bucarest para presentar sus memorias \u00abLibertad. Recuerdos 1954-2021\u00bb. Seg\u00fan los medios, los lectores rumanos podr\u00e1n conocerla en dos eventos p\u00fablicos: el martes 1 de septiembre, en una sesi\u00f3n de aut\u00f3grafos, y en el Ateneo Rumano, donde tendr\u00e1 lugar un di\u00e1logo con el periodista y diplom\u00e1tico Emil Hurezeanu, gran conocedor de la regi\u00f3n de habla alemana. Las memorias de Angela Merkel se publicaron internacionalmente en 2024 en m\u00e1s de 30 pa\u00edses. Bucarest es uno de los pocos lugares donde la excanciller alemana eligi\u00f3 participar personalmente en la presentaci\u00f3n del libro, junto con capitales como Berl\u00edn, Washington, Budapest y Atenas. En las p\u00e1ginas de este libro, rememora su infancia y juventud en la autodenominada Rep\u00fablica Democr\u00e1tica Alemana, un estado sat\u00e9lite comunista de la Uni\u00f3n Sovi\u00e9tica, la ca\u00edda del Muro de Berl\u00edn y los inicios de su carrera pol\u00edtica. Asimismo, ofrece una perspectiva sobre las decisiones tomadas durante los 16 a\u00f1os que dirigi\u00f3 el gobierno alem\u00e1n y sobre sus encuentros con l\u00edderes de la escena pol\u00edtica internacional. Angela Merkel fue canciller de Alemania entre 2005 y 2021, siendo la primera mujer en ocupar este cargo.<\/p>\n<p>&nbsp;<\/p>\n<p><strong>BOMBEROS<\/strong> &#8211; El tercer contingente de bomberos rumanos ha llegado a Grecia para garantizar la continuidad de las misiones de vigilancia y extinci\u00f3n de incendios forestales y de vegetaci\u00f3n llevadas a cabo en las \u00faltimas dos semanas. Seg\u00fan la Inspecci\u00f3n General de Situaciones de Emergencia, los bomberos estar\u00e1n estacionados en Nea Makri, una localidad situada en la regi\u00f3n de \u00c1tica, a unos 25 kil\u00f3metros al noreste de Atenas, la capital griega. Al mismo tiempo, los bomberos rumanos que se encuentran desplegados en Serbia contin\u00faan trabajando para contener un incendio forestal en la provincia de Voivodina, en el noreste del pa\u00eds. Las misiones de los bomberos rumanos en ambos pa\u00edses se desarrollan en el marco del Mecanismo Europeo de Asistencia en Casos de Desastre.<\/p>\n<p>&nbsp;<\/p>\n<p><strong>TIEMPO \u2013<\/strong> En Ruman\u00eda, las temperaturas descender\u00e1n ligeramente, sobre todo en el oeste, centro y norte del pa\u00eds, pero el tiempo se mantendr\u00e1 c\u00e1lido en las regiones occidentales y meridionales. En el suroeste, se registrar\u00e1 una elevada sensaci\u00f3n t\u00e9rmica y el \u00edndice de humedad (IHU) alcanzar\u00e1 el umbral cr\u00edtico de 80 unidades. Las temperaturas m\u00e1ximas oscilar\u00e1n entre los 24 y los 34 grados Celsius. El cielo estar\u00e1 parcialmente nublado y se producir\u00e1n periodos de inestabilidad atmosf\u00e9rica, especialmente en la mitad norte. Esto se manifestar\u00e1 con chubascos torrenciales moderados, rel\u00e1mpagos, intensificaci\u00f3n del viento a corto plazo (generalmente con velocidades de 40 a 50 km\/h) y granizo peque\u00f1o aislado (de 1 a 2 cm). En intervalos cortos (de 1 a 3 horas), las precipitaciones alcanzar\u00e1n los 10 a 15 l\/m\u00b2 y, en casos aislados, superar\u00e1n los 20 a 25 l\/m\u00b2.<\/p>\n","protected":false},"excerpt":{"rendered":"<p>Titulares: El martes se celebrar\u00e1n nuevas consultas entre el presidente Nicu\u015for Dan y los partidos parlamentarios para la designaci\u00f3n del futuro primer ministro de Ruman\u00eda. &nbsp; Eventos culturales organizados simult\u00e1neamente en Ruman\u00eda, la Rep\u00fablica de Moldavia y en comunidades hist\u00f3ricas y de la di\u00e1spora han conmemorado el D\u00eda de la Lengua Rumana el lunes 31 [&hellip;]<\/p>\n","protected":false},"author":113,"featured_media":723423,"comment_status":"closed","ping_status":"closed","sticky":false,"template":"","format":"standard","meta":{"_acf_changed":false,"footnotes":""},"categories":[49382],"tags":[195961,195960,49006,194910,195964,195965,195955,144513,162129,178830,195962,195966,195967,162005,195076,147237,49395,151330,144175,190582,173057,195963,164627,143883,171077,132352,48965,195968,48949,134235,143250,133796,48962,134238,132354,171891],"coauthors":[116091],"class_list":["post-1055420","post","type-post","status-publish","format-standard","has-post-thumbnail","hentry","category-noticias","tag-angela-merkel-libro","tag-ano-judio","tag-calor","tag-campeonas-olimpicas-simona-radis-y-adriana-adam","tag-comunidades-historicas-y-de-la-diaspora","tag-conmemorado","tag-cuarto-lugar","tag-deficit-es","tag-deficit-presupuestario-de-rumania","tag-desastre-es","tag-designacion-del-futuro-primer-ministro-de-rumania","tag-dia-de-la-lengua-rumana-31-de-agosto","tag-en-el-medallero-del-campeonato-mundial-de-remo-de-2026-en-los-paises-bajos","tag-eventos-culturales","tag-gobierno-bolojan","tag-grecia-es","tag-guerra","tag-incendios","tag-mocion","tag-nuevas-consultas","tag-oana-toiu-es","tag-organizados-simultaneamente","tag-partidos-parlamentarios","tag-pib-es","tag-presidente-nicusor-dan-es","tag-psd-es","tag-republica-de-moldavia","tag-reunion-diplomacia","tag-rumania","tag-rusia-es","tag-serbia-es","tag-tulcea-es","tag-ucrania","tag-ue-es","tag-usr-es","tag-zelenski-es"],"acf":[],"yoast_head":"<!-- This site is optimized with the Yoast SEO plugin v28.2 - https:\/\/yoast.com\/product\/yoast-seo-wordpress\/ -->\n<title>Noticias del d\u00eda - Radio Ruman\u00eda Internacional<\/title>\n<meta name=\"robots\" content=\"index, follow, max-snippet:-1, max-image-preview:large, max-video-preview:-1\" \/>\n<link rel=\"canonical\" href=\"https:\/\/www.rri.ro\/es\/actualidad\/noticias\/noticias-del-dia-3007-id1055420.html\" \/>\n<meta property=\"og:locale\" content=\"es_ES\" \/>\n<meta property=\"og:type\" content=\"article\" \/>\n<meta property=\"og:title\" content=\"Noticias del d\u00eda - Radio Ruman\u00eda Internacional\" \/>\n<meta property=\"og:description\" content=\"Titulares: El martes se celebrar\u00e1n nuevas consultas entre el presidente Nicu\u015for Dan y los partidos parlamentarios para la designaci\u00f3n del futuro primer ministro de Ruman\u00eda. &nbsp; Eventos culturales organizados simult\u00e1neamente en Ruman\u00eda, la Rep\u00fablica de Moldavia y en comunidades hist\u00f3ricas y de la di\u00e1spora han conmemorado el D\u00eda de la Lengua Rumana el lunes 31 [&hellip;]\" \/>\n<meta property=\"og:url\" content=\"https:\/\/www.rri.ro\/es\/actualidad\/noticias\/noticias-del-dia-3007-id1055420.html\" \/>\n<meta property=\"og:site_name\" content=\"Radio Ruman\u00eda Internacional\" \/>\n<meta property=\"article:published_time\" content=\"2026-08-31T17:05:04+00:00\" \/>\n<meta property=\"article:modified_time\" content=\"2026-08-31T17:16:24+00:00\" \/>\n<meta property=\"og:image\" content=\"https:\/\/www.rri.ro\/wp-content\/uploads\/2024\/03\/RRI-960x540-Noticias-2-NOU.jpg\" \/>\n\t<meta property=\"og:image:width\" content=\"960\" \/>\n\t<meta property=\"og:image:height\" content=\"540\" \/>\n\t<meta property=\"og:image:type\" content=\"image\/jpeg\" \/>\n<meta name=\"author\" content=\"Newsroom\" \/>\n<meta name=\"twitter:card\" content=\"summary_large_image\" \/>\n<meta name=\"twitter:label1\" content=\"Escrito por\" \/>\n\t<meta name=\"twitter:data1\" content=\"Newsroom\" \/>\n\t<meta name=\"twitter:label2\" content=\"Tiempo de lectura\" \/>\n\t<meta name=\"twitter:data2\" content=\"10 minutos\" \/>\n\t<meta name=\"twitter:label3\" content=\"Written by\" \/>\n\t<meta name=\"twitter:data3\" content=\"Newsroom\" \/>\n<script type=\"application\/ld+json\" class=\"yoast-schema-graph\">{\"@context\":\"https:\\\/\\\/schema.org\",\"@graph\":[{\"@type\":\"Article\",\"@id\":\"https:\\\/\\\/www.rri.ro\\\/es\\\/actualidad\\\/noticias\\\/noticias-del-dia-3007-id1055420.html#article\",\"isPartOf\":{\"@id\":\"https:\\\/\\\/www.rri.ro\\\/es\\\/actualidad\\\/noticias\\\/noticias-del-dia-3007-id1055420.html\"},\"author\":{\"name\":\"Newsroom\",\"@id\":\"https:\\\/\\\/www.rri.ro\\\/#\\\/schema\\\/person\\\/4a479940371b9fdefd194f561e8a7f88\"},\"headline\":\"Noticias del d\u00eda\",\"datePublished\":\"2026-08-31T17:05:04+00:00\",\"dateModified\":\"2026-08-31T17:16:24+00:00\",\"mainEntityOfPage\":{\"@id\":\"https:\\\/\\\/www.rri.ro\\\/es\\\/actualidad\\\/noticias\\\/noticias-del-dia-3007-id1055420.html\"},\"wordCount\":1953,\"image\":{\"@id\":\"https:\\\/\\\/www.rri.ro\\\/es\\\/actualidad\\\/noticias\\\/noticias-del-dia-3007-id1055420.html#primaryimage\"},\"thumbnailUrl\":\"https:\\\/\\\/www.rri.ro\\\/wp-content\\\/uploads\\\/2024\\\/03\\\/RRI-960x540-Noticias-2-NOU.jpg\",\"keywords\":[\"Angela Merkel. libro\",\"a\u00f1o jud\u00edo\",\"calor\",\"campeonas ol\u00edmpicas Simona Radi\u0219 y Adriana Adam\",\"comunidades hist\u00f3ricas y de la di\u00e1spora\",\"conmemorado\",\"cuarto lugar\",\"deficit\",\"d\u00e9ficit presupuestario de Ruman\u00eda\",\"d\u00e9sastre\",\"designaci\u00f3n del futuro primer ministro de Ruman\u00eda\",\"D\u00eda de la Lengua Rumana 31 de agosto\",\"en el medallero del Campeonato Mundial de Remo de 2026 en los Pa\u00edses Bajos.\",\"eventos culturales\",\"Gobierno Bolojan\",\"Grecia\",\"guerra\",\"incendios\",\"moci\u00f3n\",\"nuevas consultas\",\"Oana Toiu\",\"organizados simult\u00e1neamente\",\"partidos parlamentarios\",\"PIB\",\"presidente Nicusor Dan\",\"PSD\",\"Rep\u00fablica de Moldavia\",\"reuni\u00f3n diplomacia\",\"Rumania\",\"Rusia\",\"SERBIA\",\"Tulcea\",\"Ucrania\",\"UE\",\"USR\",\"Zelenski\"],\"articleSection\":[\"Noticias\"],\"inLanguage\":\"es\"},{\"@type\":\"WebPage\",\"@id\":\"https:\\\/\\\/www.rri.ro\\\/es\\\/actualidad\\\/noticias\\\/noticias-del-dia-3007-id1055420.html\",\"url\":\"https:\\\/\\\/www.rri.ro\\\/es\\\/actualidad\\\/noticias\\\/noticias-del-dia-3007-id1055420.html\",\"name\":\"Noticias del d\u00eda - Radio Ruman\u00eda Internacional\",\"isPartOf\":{\"@id\":\"https:\\\/\\\/www.rri.ro\\\/#website\"},\"primaryImageOfPage\":{\"@id\":\"https:\\\/\\\/www.rri.ro\\\/es\\\/actualidad\\\/noticias\\\/noticias-del-dia-3007-id1055420.html#primaryimage\"},\"image\":{\"@id\":\"https:\\\/\\\/www.rri.ro\\\/es\\\/actualidad\\\/noticias\\\/noticias-del-dia-3007-id1055420.html#primaryimage\"},\"thumbnailUrl\":\"https:\\\/\\\/www.rri.ro\\\/wp-content\\\/uploads\\\/2024\\\/03\\\/RRI-960x540-Noticias-2-NOU.jpg\",\"datePublished\":\"2026-08-31T17:05:04+00:00\",\"dateModified\":\"2026-08-31T17:16:24+00:00\",\"author\":{\"@id\":\"https:\\\/\\\/www.rri.ro\\\/#\\\/schema\\\/person\\\/4a479940371b9fdefd194f561e8a7f88\"},\"breadcrumb\":{\"@id\":\"https:\\\/\\\/www.rri.ro\\\/es\\\/actualidad\\\/noticias\\\/noticias-del-dia-3007-id1055420.html#breadcrumb\"},\"inLanguage\":\"es\",\"potentialAction\":[{\"@type\":\"ReadAction\",\"target\":[\"https:\\\/\\\/www.rri.ro\\\/es\\\/actualidad\\\/noticias\\\/noticias-del-dia-3007-id1055420.html\"]}]},{\"@type\":\"ImageObject\",\"inLanguage\":\"es\",\"@id\":\"https:\\\/\\\/www.rri.ro\\\/es\\\/actualidad\\\/noticias\\\/noticias-del-dia-3007-id1055420.html#primaryimage\",\"url\":\"https:\\\/\\\/www.rri.ro\\\/wp-content\\\/uploads\\\/2024\\\/03\\\/RRI-960x540-Noticias-2-NOU.jpg\",\"contentUrl\":\"https:\\\/\\\/www.rri.ro\\\/wp-content\\\/uploads\\\/2024\\\/03\\\/RRI-960x540-Noticias-2-NOU.jpg\",\"width\":960,\"height\":540,\"caption\":\"RRI 960x540 Noticias 2-NOU\"},{\"@type\":\"BreadcrumbList\",\"@id\":\"https:\\\/\\\/www.rri.ro\\\/es\\\/actualidad\\\/noticias\\\/noticias-del-dia-3007-id1055420.html#breadcrumb\",\"itemListElement\":[{\"@type\":\"ListItem\",\"position\":1,\"name\":\"P\u00e1gina de inicio\",\"item\":\"https:\\\/\\\/www.rri.ro\\\/es\"},{\"@type\":\"ListItem\",\"position\":2,\"name\":\"Actualidad\",\"item\":\"https:\\\/\\\/www.rri.ro\\\/es\\\/actualidad\"},{\"@type\":\"ListItem\",\"position\":3,\"name\":\"Noticias\",\"item\":\"https:\\\/\\\/www.rri.ro\\\/es\\\/actualidad\\\/noticias\"},{\"@type\":\"ListItem\",\"position\":4,\"name\":\"Noticias del d\u00eda\"}]},{\"@type\":\"WebSite\",\"@id\":\"https:\\\/\\\/www.rri.ro\\\/#website\",\"url\":\"https:\\\/\\\/www.rri.ro\\\/\",\"name\":\"Radio Ruman\u00eda Internacional\",\"description\":\"Totul despre Rom\u00e2nia \u015fi rom\u00e2ni, \u00een 13 limbi\\\/dialecte!\",\"inLanguage\":\"es\"},{\"@type\":\"Person\",\"@id\":\"https:\\\/\\\/www.rri.ro\\\/#\\\/schema\\\/person\\\/4a479940371b9fdefd194f561e8a7f88\",\"name\":\"Newsroom\",\"url\":\"https:\\\/\\\/www.rri.ro\\\/es\\\/author\\\/newsroom\"}]}<\/script>\n<!-- \/ Yoast SEO plugin. -->","yoast_head_json":{"title":"Noticias del d\u00eda - Radio Ruman\u00eda Internacional","robots":{"index":"index","follow":"follow","max-snippet":"max-snippet:-1","max-image-preview":"max-image-preview:large","max-video-preview":"max-video-preview:-1"},"canonical":"https:\/\/www.rri.ro\/es\/actualidad\/noticias\/noticias-del-dia-3007-id1055420.html","og_locale":"es_ES","og_type":"article","og_title":"Noticias del d\u00eda - Radio Ruman\u00eda Internacional","og_description":"Titulares: El martes se celebrar\u00e1n nuevas consultas entre el presidente Nicu\u015for Dan y los partidos parlamentarios para la designaci\u00f3n del futuro primer ministro de Ruman\u00eda. &nbsp; Eventos culturales organizados simult\u00e1neamente en Ruman\u00eda, la Rep\u00fablica de Moldavia y en comunidades hist\u00f3ricas y de la di\u00e1spora han conmemorado el D\u00eda de la Lengua Rumana el lunes 31 [&hellip;]","og_url":"https:\/\/www.rri.ro\/es\/actualidad\/noticias\/noticias-del-dia-3007-id1055420.html","og_site_name":"Radio Ruman\u00eda Internacional","article_published_time":"2026-08-31T17:05:04+00:00","article_modified_time":"2026-08-31T17:16:24+00:00","og_image":[{"width":960,"height":540,"url":"https:\/\/www.rri.ro\/wp-content\/uploads\/2024\/03\/RRI-960x540-Noticias-2-NOU.jpg","type":"image\/jpeg"}],"author":"Newsroom","twitter_card":"summary_large_image","twitter_misc":{"Escrito por":"Newsroom","Tiempo de lectura":"10 minutos","Written by":"Newsroom"},"schema":{"@context":"https:\/\/schema.org","@graph":[{"@type":"Article","@id":"https:\/\/www.rri.ro\/es\/actualidad\/noticias\/noticias-del-dia-3007-id1055420.html#article","isPartOf":{"@id":"https:\/\/www.rri.ro\/es\/actualidad\/noticias\/noticias-del-dia-3007-id1055420.html"},"author":{"name":"Newsroom","@id":"https:\/\/www.rri.ro\/#\/schema\/person\/4a479940371b9fdefd194f561e8a7f88"},"headline":"Noticias del d\u00eda","datePublished":"2026-08-31T17:05:04+00:00","dateModified":"2026-08-31T17:16:24+00:00","mainEntityOfPage":{"@id":"https:\/\/www.rri.ro\/es\/actualidad\/noticias\/noticias-del-dia-3007-id1055420.html"},"wordCount":1953,"image":{"@id":"https:\/\/www.rri.ro\/es\/actualidad\/noticias\/noticias-del-dia-3007-id1055420.html#primaryimage"},"thumbnailUrl":"https:\/\/www.rri.ro\/wp-content\/uploads\/2024\/03\/RRI-960x540-Noticias-2-NOU.jpg","keywords":["Angela Merkel. libro","a\u00f1o jud\u00edo","calor","campeonas ol\u00edmpicas Simona Radi\u0219 y Adriana Adam","comunidades hist\u00f3ricas y de la di\u00e1spora","conmemorado","cuarto lugar","deficit","d\u00e9ficit presupuestario de Ruman\u00eda","d\u00e9sastre","designaci\u00f3n del futuro primer ministro de Ruman\u00eda","D\u00eda de la Lengua Rumana 31 de agosto","en el medallero del Campeonato Mundial de Remo de 2026 en los Pa\u00edses Bajos.","eventos culturales","Gobierno Bolojan","Grecia","guerra","incendios","moci\u00f3n","nuevas consultas","Oana Toiu","organizados simult\u00e1neamente","partidos parlamentarios","PIB","presidente Nicusor Dan","PSD","Rep\u00fablica de Moldavia","reuni\u00f3n diplomacia","Rumania","Rusia","SERBIA","Tulcea","Ucrania","UE","USR","Zelenski"],"articleSection":["Noticias"],"inLanguage":"es"},{"@type":"WebPage","@id":"https:\/\/www.rri.ro\/es\/actualidad\/noticias\/noticias-del-dia-3007-id1055420.html","url":"https:\/\/www.rri.ro\/es\/actualidad\/noticias\/noticias-del-dia-3007-id1055420.html","name":"Noticias del d\u00eda - Radio Ruman\u00eda Internacional","isPartOf":{"@id":"https:\/\/www.rri.ro\/#website"},"primaryImageOfPage":{"@id":"https:\/\/www.rri.ro\/es\/actualidad\/noticias\/noticias-del-dia-3007-id1055420.html#primaryimage"},"image":{"@id":"https:\/\/www.rri.ro\/es\/actualidad\/noticias\/noticias-del-dia-3007-id1055420.html#primaryimage"},"thumbnailUrl":"https:\/\/www.rri.ro\/wp-content\/uploads\/2024\/03\/RRI-960x540-Noticias-2-NOU.jpg","datePublished":"2026-08-31T17:05:04+00:00","dateModified":"2026-08-31T17:16:24+00:00","author":{"@id":"https:\/\/www.rri.ro\/#\/schema\/person\/4a479940371b9fdefd194f561e8a7f88"},"breadcrumb":{"@id":"https:\/\/www.rri.ro\/es\/actualidad\/noticias\/noticias-del-dia-3007-id1055420.html#breadcrumb"},"inLanguage":"es","potentialAction":[{"@type":"ReadAction","target":["https:\/\/www.rri.ro\/es\/actualidad\/noticias\/noticias-del-dia-3007-id1055420.html"]}]},{"@type":"ImageObject","inLanguage":"es","@id":"https:\/\/www.rri.ro\/es\/actualidad\/noticias\/noticias-del-dia-3007-id1055420.html#primaryimage","url":"https:\/\/www.rri.ro\/wp-content\/uploads\/2024\/03\/RRI-960x540-Noticias-2-NOU.jpg","contentUrl":"https:\/\/www.rri.ro\/wp-content\/uploads\/2024\/03\/RRI-960x540-Noticias-2-NOU.jpg","width":960,"height":540,"caption":"RRI 960x540 Noticias 2-NOU"},{"@type":"BreadcrumbList","@id":"https:\/\/www.rri.ro\/es\/actualidad\/noticias\/noticias-del-dia-3007-id1055420.html#breadcrumb","itemListElement":[{"@type":"ListItem","position":1,"name":"P\u00e1gina de inicio","item":"https:\/\/www.rri.ro\/es"},{"@type":"ListItem","position":2,"name":"Actualidad","item":"https:\/\/www.rri.ro\/es\/actualidad"},{"@type":"ListItem","position":3,"name":"Noticias","item":"https:\/\/www.rri.ro\/es\/actualidad\/noticias"},{"@type":"ListItem","position":4,"name":"Noticias del d\u00eda"}]},{"@type":"WebSite","@id":"https:\/\/www.rri.ro\/#website","url":"https:\/\/www.rri.ro\/","name":"Radio Ruman\u00eda Internacional","description":"Totul despre Rom\u00e2nia \u015fi rom\u00e2ni, \u00een 13 limbi\/dialecte!","inLanguage":"es"},{"@type":"Person","@id":"https:\/\/www.rri.ro\/#\/schema\/person\/4a479940371b9fdefd194f561e8a7f88","name":"Newsroom","url":"https:\/\/www.rri.ro\/es\/author\/newsroom"}]}},"_links":{"self":[{"href":"https:\/\/www.rri.ro\/es\/wp-json\/wp\/v2\/posts\/1055420","targetHints":{"allow":["GET"]}}],"collection":[{"href":"https:\/\/www.rri.ro\/es\/wp-json\/wp\/v2\/posts"}],"about":[{"href":"https:\/\/www.rri.ro\/es\/wp-json\/wp\/v2\/types\/post"}],"author":[{"embeddable":true,"href":"https:\/\/www.rri.ro\/es\/wp-json\/wp\/v2\/users\/113"}],"replies":[{"embeddable":true,"href":"https:\/\/www.rri.ro\/es\/wp-json\/wp\/v2\/comments?post=1055420"}],"version-history":[{"count":1,"href":"https:\/\/www.rri.ro\/es\/wp-json\/wp\/v2\/posts\/1055420\/revisions"}],"predecessor-version":[{"id":1055422,"href":"https:\/\/www.rri.ro\/es\/wp-json\/wp\/v2\/posts\/1055420\/revisions\/1055422"}],"wp:featuredmedia":[{"embeddable":true,"href":"https:\/\/www.rri.ro\/es\/wp-json\/wp\/v2\/media\/723423"}],"wp:attachment":[{"href":"https:\/\/www.rri.ro\/es\/wp-json\/wp\/v2\/media?parent=1055420"}],"wp:term":[{"taxonomy":"category","embeddable":true,"href":"https:\/\/www.rri.ro\/es\/wp-json\/wp\/v2\/categories?post=1055420"},{"taxonomy":"post_tag","embeddable":true,"href":"https:\/\/www.rri.ro\/es\/wp-json\/wp\/v2\/tags?post=1055420"},{"taxonomy":"author","embeddable":true,"href":"https:\/\/www.rri.ro\/es\/wp-json\/wp\/v2\/coauthors?post=1055420"}],"curies":[{"name":"wp","href":"https:\/\/api.w.org\/{rel}","templated":true}]}}