{"id":1055573,"date":"2026-09-01T10:58:35","date_gmt":"2026-09-01T07:58:35","guid":{"rendered":"https:\/\/www.rri.ro\/?p=1055573"},"modified":"2026-09-01T11:16:38","modified_gmt":"2026-09-01T08:16:38","slug":"finaliza-el-pnrr","status":"publish","type":"post","link":"https:\/\/www.rri.ro\/es\/actualidad\/en-portada\/finaliza-el-pnrr-id1055573.html","title":{"rendered":"Finaliza el PNRR"},"content":{"rendered":"<p><span style=\"font-family: arial, helvetica, sans-serif;\">En Ruman\u00eda tambi\u00e9n ha finalizado el Plan Nacional de Recuperaci\u00f3n y Resiliencia (PNRR) de la Uni\u00f3n Europea. Hasta el \u00faltimo d\u00eda se llevaron a cabo los tr\u00e1mites t\u00e9cnicos de entrega de los proyectos finalizados y se aprobaron actos legislativos en una reuni\u00f3n del Gobierno con el fin de cumplir el mayor n\u00famero posible de compromisos adquiridos y alcanzar los objetivos fijados.<\/span><\/p>\n<p><span style=\"font-family: arial, helvetica, sans-serif;\">En T\u00e2rgu Mure\u015f se ha inaugurado el nuevo Centro de Cirug\u00eda Cardiovascular del Instituto del Coraz\u00f3n, y en la autopista A7 que atraviesa Moldavia (noreste del pa\u00eds) se ha abierto al tr\u00e1fico otro tramo de casi 50 km de longitud.<\/span><\/p>\n<p><span style=\"font-family: arial, helvetica, sans-serif;\">Se seguir\u00e1n realizando importantes inversiones en Ruman\u00eda, seg\u00fan ha declarado el primer ministro en funciones, el liberal Ilie Bolojan.<\/span><\/p>\n<p style=\"padding-left: 40px;\"><span style=\"font-family: arial, helvetica, sans-serif;\"><em>\u00abHay proyectos importantes en el \u00e1mbito de las grandes infraestructuras, lo que significa la modernizaci\u00f3n y electrificaci\u00f3n de las v\u00edas f\u00e9rreas, la red de hospitales de Ruman\u00eda y numerosos proyectos relacionados con la calidad de la educaci\u00f3n en los centros escolares de todo el pa\u00eds, en casi todas las capitales de distrito. La mayor\u00eda de los centros educativos se han modernizado, equipado y rehabilitado con infraestructuras adecuadas y de \u00faltima generaci\u00f3n. Adem\u00e1s, se han completado con \u00e9xito un gran n\u00famero de proyectos de eficiencia energ\u00e9tica llevados a cabo por las autoridades locales\u00bb.<\/em><\/span><\/p>\n<p><span style=\"font-family: arial, helvetica, sans-serif;\">Ilie Bolojan afirm\u00f3 que los fondos del Plan Nacional de Recuperaci\u00f3n y Resiliencia ascendieron a 13.500 millones de euros en subvenciones, mientras que la parte destinada a pr\u00e9stamos fue de unos 7000 millones de euros. Este componente de pr\u00e9stamos se redujo gradualmente para minimizar el riesgo de perder fondos europeos.<\/span><\/p>\n<p><span style=\"font-family: arial, helvetica, sans-serif;\">Sin embargo, se han perdido fondos significativos; por ejemplo, 770 millones de euros debido a la falta de aplicaci\u00f3n de la reforma salarial del sector p\u00fablico, as\u00ed como casi 100 millones de euros debido a la aplicaci\u00f3n incompleta de las medidas en el \u00e1mbito de la descarbonizaci\u00f3n.<\/span><\/p>\n<p><span style=\"font-family: arial, helvetica, sans-serif;\">El primer ministro explic\u00f3 que, debido a los retrasos en la puesta en marcha de nuevas capacidades de producci\u00f3n, no ha sido posible sustituir las centrales el\u00e9ctricas de carb\u00f3n. En los pr\u00f3ximos d\u00edas se llevar\u00e1n a cabo evaluaciones y comprobaciones, tras lo cual las autoridades competentes presentar\u00e1n datos precisos, a\u00f1adi\u00f3 el primer ministro en funciones.<\/span><\/p>\n<p><span style=\"font-family: arial, helvetica, sans-serif;\">En su opini\u00f3n, la ejecuci\u00f3n del PNRR se vio ralentizada por los retrasos y los problemas que surgieron en las primeras fases del programa. Al mismo tiempo, destac\u00f3 que, en los \u00faltimos a\u00f1os, Ruman\u00eda hab\u00eda renegociado una serie de objetivos y reducido el alcance de determinados compromisos.<\/span><\/p>\n<p><span style=\"font-family: arial, helvetica, sans-serif;\">De las m\u00e1s de 15.000 inversiones previstas, casi 4500 proyectos han quedado sin terminar o no han superado la fase de recepci\u00f3n t\u00e9cnica.<\/span><\/p>\n<p><span style=\"font-family: arial, helvetica, sans-serif;\">En comparaci\u00f3n con otros pa\u00edses de la Uni\u00f3n Europea, Ruman\u00eda ocupa el \u00faltimo lugar en cuanto al porcentaje de fondos que ha absorbido realmente del PNRR, habiendo obtenido solo alrededor del 61% de la dotaci\u00f3n total revisada.<\/span><\/p>\n<p><span style=\"font-family: arial, helvetica, sans-serif;\">Los pa\u00edses que mejor han aprovechado los fondos del PNRR han sido Espa\u00f1a e Italia, que han utilizado entre el 90% y el 100% de los fondos disponibles. Les siguen Portugal y Grecia, con tasas de utilizaci\u00f3n de entre el 80% y el 85%.<\/span><\/p>\n<p><span style=\"font-family: arial, helvetica, sans-serif;\">La mayor\u00eda de los Estados miembros de la Uni\u00f3n Europea han logrado absorber entre el 70% y el 75% de los fondos aprobados inicialmente, mientras que Polonia ha utilizado m\u00e1s del 65%, acelerando significativamente sus solicitudes de financiaci\u00f3n durante el \u00faltimo a\u00f1o.<\/span><\/p>\n<p><span style=\"font-family: arial, helvetica, sans-serif;\">En este contexto, Ruman\u00eda se sit\u00faa en la \u00faltima posici\u00f3n de la lista europea, solo por delante de Bulgaria, tras haber utilizado apenas el 53% de sus fondos del PNRR, lo que se debe en gran medida a la marcada inestabilidad pol\u00edtica del pa\u00eds.<\/span><\/p>\n<p><span style=\"font-family: arial, helvetica, sans-serif;\">Versi\u00f3n en espa\u00f1ol: Antonio Madrid<\/span><\/p>\n","protected":false},"excerpt":{"rendered":"<p>En Ruman\u00eda tambi\u00e9n ha finalizado el Plan Nacional de Recuperaci\u00f3n y Resiliencia (PNRR) de la Uni\u00f3n Europea. Hasta el \u00faltimo d\u00eda se llevaron a cabo los tr\u00e1mites t\u00e9cnicos de entrega de los proyectos finalizados y se aprobaron actos legislativos en una reuni\u00f3n del Gobierno con el fin de cumplir el mayor n\u00famero posible de compromisos [&hellip;]<\/p>\n","protected":false},"author":106,"featured_media":1055551,"comment_status":"closed","ping_status":"closed","sticky":false,"template":"","format":"standard","meta":{"_acf_changed":false,"footnotes":""},"categories":[23],"tags":[176681,191878,143622,195974,180397,112505,156658,111841,49182,195975,147237,158935,156480,146480,146710,143959,143251,152338,169085,159974,48949,49325,133795,138100],"coauthors":[113311],"class_list":["post-1055573","post","type-post","status-publish","format-standard","has-post-thumbnail","hentry","category-en-portada","tag-absorcion-de-fondos","tag-autopista-a7","tag-bulgaria-es","tag-cirugia-cardiovascular","tag-descarbonizacion","tag-educacion","tag-eficiencia-energetica","tag-espana","tag-fondos-europeos","tag-fondos-europeos-perdidos","tag-grecia-es","tag-ilie-bolojan-es","tag-inestabilidad-politica","tag-infraestructuras","tag-inversiones","tag-italia-es","tag-pnrr-es","tag-portugal-es","tag-recuperacion-economica","tag-resiliencia","tag-rumania","tag-sistema-sanitario","tag-targu-mures-es","tag-union-europea"],"acf":[],"yoast_head":"<!-- This site is optimized with the Yoast SEO plugin v28.2 - https:\/\/yoast.com\/product\/yoast-seo-wordpress\/ -->\n<title>Finaliza el PNRR - Radio Ruman\u00eda Internacional<\/title>\n<meta name=\"robots\" content=\"index, follow, max-snippet:-1, max-image-preview:large, max-video-preview:-1\" \/>\n<link rel=\"canonical\" href=\"https:\/\/www.rri.ro\/es\/actualidad\/en-portada\/finaliza-el-pnrr-id1055573.html\" \/>\n<meta property=\"og:locale\" content=\"es_ES\" \/>\n<meta property=\"og:type\" content=\"article\" \/>\n<meta property=\"og:title\" content=\"Finaliza el PNRR - Radio Ruman\u00eda Internacional\" \/>\n<meta property=\"og:description\" content=\"En Ruman\u00eda tambi\u00e9n ha finalizado el Plan Nacional de Recuperaci\u00f3n y Resiliencia (PNRR) de la Uni\u00f3n Europea. Hasta el \u00faltimo d\u00eda se llevaron a cabo los tr\u00e1mites t\u00e9cnicos de entrega de los proyectos finalizados y se aprobaron actos legislativos en una reuni\u00f3n del Gobierno con el fin de cumplir el mayor n\u00famero posible de compromisos [&hellip;]\" \/>\n<meta property=\"og:url\" content=\"https:\/\/www.rri.ro\/es\/actualidad\/en-portada\/finaliza-el-pnrr-id1055573.html\" \/>\n<meta property=\"og:site_name\" content=\"Radio Ruman\u00eda Internacional\" \/>\n<meta property=\"article:published_time\" content=\"2026-09-01T07:58:35+00:00\" \/>\n<meta property=\"article:modified_time\" content=\"2026-09-01T08:16:38+00:00\" \/>\n<meta property=\"og:image\" content=\"https:\/\/www.rri.ro\/wp-content\/uploads\/2026\/09\/PNRR-sursa-foto-guvernul-Romaniei-facebook.jpg\" \/>\n\t<meta property=\"og:image:width\" content=\"960\" \/>\n\t<meta property=\"og:image:height\" content=\"541\" \/>\n\t<meta property=\"og:image:type\" content=\"image\/jpeg\" \/>\n<meta name=\"author\" content=\"Mihai Pelin\" \/>\n<meta name=\"twitter:card\" content=\"summary_large_image\" \/>\n<meta name=\"twitter:label1\" content=\"Escrito por\" \/>\n\t<meta name=\"twitter:data1\" content=\"Mihai Pelin\" \/>\n\t<meta name=\"twitter:label2\" content=\"Tiempo de lectura\" \/>\n\t<meta name=\"twitter:data2\" content=\"3 minutos\" \/>\n\t<meta name=\"twitter:label3\" content=\"Written by\" \/>\n\t<meta name=\"twitter:data3\" content=\"Mihai Pelin\" \/>\n<script type=\"application\/ld+json\" class=\"yoast-schema-graph\">{\"@context\":\"https:\\\/\\\/schema.org\",\"@graph\":[{\"@type\":\"Article\",\"@id\":\"https:\\\/\\\/www.rri.ro\\\/es\\\/actualidad\\\/en-portada\\\/finaliza-el-pnrr-id1055573.html#article\",\"isPartOf\":{\"@id\":\"https:\\\/\\\/www.rri.ro\\\/es\\\/actualidad\\\/en-portada\\\/finaliza-el-pnrr-id1055573.html\"},\"author\":{\"name\":\"Mihai Pelin\",\"@id\":\"https:\\\/\\\/www.rri.ro\\\/#\\\/schema\\\/person\\\/c6036c822534c855dc3aad41a484f05d\"},\"headline\":\"Finaliza el PNRR\",\"datePublished\":\"2026-09-01T07:58:35+00:00\",\"dateModified\":\"2026-09-01T08:16:38+00:00\",\"mainEntityOfPage\":{\"@id\":\"https:\\\/\\\/www.rri.ro\\\/es\\\/actualidad\\\/en-portada\\\/finaliza-el-pnrr-id1055573.html\"},\"wordCount\":665,\"image\":{\"@id\":\"https:\\\/\\\/www.rri.ro\\\/es\\\/actualidad\\\/en-portada\\\/finaliza-el-pnrr-id1055573.html#primaryimage\"},\"thumbnailUrl\":\"https:\\\/\\\/www.rri.ro\\\/wp-content\\\/uploads\\\/2026\\\/09\\\/PNRR-sursa-foto-guvernul-Romaniei-facebook.jpg\",\"keywords\":[\"absorci\u00f3n de fondos\",\"autopista A7\",\"Bulgaria\",\"cirug\u00eda cardiovascular\",\"descarbonizaci\u00f3n\",\"educaci\u00f3n\",\"eficiencia energ\u00e9tica\",\"Espa\u00f1a\",\"fondos europeos\",\"fondos europeos perdidos\",\"Grecia\",\"Ilie Bolojan\",\"inestabilidad pol\u00edtica\",\"infraestructuras\",\"inversiones\",\"Italia\",\"PNRR\",\"Portugal\",\"recuperaci\u00f3n econ\u00f3mica\",\"Resiliencia\",\"Rumania\",\"Sistema sanitario\",\"Targu Mures\",\"Uni\u00f3n Europea\"],\"articleSection\":[\"En portada\"],\"inLanguage\":\"es\"},{\"@type\":\"WebPage\",\"@id\":\"https:\\\/\\\/www.rri.ro\\\/es\\\/actualidad\\\/en-portada\\\/finaliza-el-pnrr-id1055573.html\",\"url\":\"https:\\\/\\\/www.rri.ro\\\/es\\\/actualidad\\\/en-portada\\\/finaliza-el-pnrr-id1055573.html\",\"name\":\"Finaliza el PNRR - Radio Ruman\u00eda Internacional\",\"isPartOf\":{\"@id\":\"https:\\\/\\\/www.rri.ro\\\/#website\"},\"primaryImageOfPage\":{\"@id\":\"https:\\\/\\\/www.rri.ro\\\/es\\\/actualidad\\\/en-portada\\\/finaliza-el-pnrr-id1055573.html#primaryimage\"},\"image\":{\"@id\":\"https:\\\/\\\/www.rri.ro\\\/es\\\/actualidad\\\/en-portada\\\/finaliza-el-pnrr-id1055573.html#primaryimage\"},\"thumbnailUrl\":\"https:\\\/\\\/www.rri.ro\\\/wp-content\\\/uploads\\\/2026\\\/09\\\/PNRR-sursa-foto-guvernul-Romaniei-facebook.jpg\",\"datePublished\":\"2026-09-01T07:58:35+00:00\",\"dateModified\":\"2026-09-01T08:16:38+00:00\",\"author\":{\"@id\":\"https:\\\/\\\/www.rri.ro\\\/#\\\/schema\\\/person\\\/c6036c822534c855dc3aad41a484f05d\"},\"breadcrumb\":{\"@id\":\"https:\\\/\\\/www.rri.ro\\\/es\\\/actualidad\\\/en-portada\\\/finaliza-el-pnrr-id1055573.html#breadcrumb\"},\"inLanguage\":\"es\",\"potentialAction\":[{\"@type\":\"ReadAction\",\"target\":[\"https:\\\/\\\/www.rri.ro\\\/es\\\/actualidad\\\/en-portada\\\/finaliza-el-pnrr-id1055573.html\"]}]},{\"@type\":\"ImageObject\",\"inLanguage\":\"es\",\"@id\":\"https:\\\/\\\/www.rri.ro\\\/es\\\/actualidad\\\/en-portada\\\/finaliza-el-pnrr-id1055573.html#primaryimage\",\"url\":\"https:\\\/\\\/www.rri.ro\\\/wp-content\\\/uploads\\\/2026\\\/09\\\/PNRR-sursa-foto-guvernul-Romaniei-facebook.jpg\",\"contentUrl\":\"https:\\\/\\\/www.rri.ro\\\/wp-content\\\/uploads\\\/2026\\\/09\\\/PNRR-sursa-foto-guvernul-Romaniei-facebook.jpg\",\"width\":960,\"height\":541,\"caption\":\"PNRR sursa foto guvernul Romaniei facebook\"},{\"@type\":\"BreadcrumbList\",\"@id\":\"https:\\\/\\\/www.rri.ro\\\/es\\\/actualidad\\\/en-portada\\\/finaliza-el-pnrr-id1055573.html#breadcrumb\",\"itemListElement\":[{\"@type\":\"ListItem\",\"position\":1,\"name\":\"P\u00e1gina de inicio\",\"item\":\"https:\\\/\\\/www.rri.ro\\\/es\"},{\"@type\":\"ListItem\",\"position\":2,\"name\":\"Actualidad\",\"item\":\"https:\\\/\\\/www.rri.ro\\\/es\\\/actualidad\"},{\"@type\":\"ListItem\",\"position\":3,\"name\":\"En portada\",\"item\":\"https:\\\/\\\/www.rri.ro\\\/es\\\/actualidad\\\/en-portada\"},{\"@type\":\"ListItem\",\"position\":4,\"name\":\"Finaliza el PNRR\"}]},{\"@type\":\"WebSite\",\"@id\":\"https:\\\/\\\/www.rri.ro\\\/#website\",\"url\":\"https:\\\/\\\/www.rri.ro\\\/\",\"name\":\"Radio Ruman\u00eda Internacional\",\"description\":\"Totul despre Rom\u00e2nia \u015fi rom\u00e2ni, \u00een 13 limbi\\\/dialecte!\",\"inLanguage\":\"es\"},{\"@type\":\"Person\",\"@id\":\"https:\\\/\\\/www.rri.ro\\\/#\\\/schema\\\/person\\\/c6036c822534c855dc3aad41a484f05d\",\"name\":\"Mihai Pelin\",\"url\":\"https:\\\/\\\/www.rri.ro\\\/es\\\/author\\\/mihai-pelin\"}]}<\/script>\n<!-- \/ Yoast SEO plugin. -->","yoast_head_json":{"title":"Finaliza el PNRR - Radio Ruman\u00eda Internacional","robots":{"index":"index","follow":"follow","max-snippet":"max-snippet:-1","max-image-preview":"max-image-preview:large","max-video-preview":"max-video-preview:-1"},"canonical":"https:\/\/www.rri.ro\/es\/actualidad\/en-portada\/finaliza-el-pnrr-id1055573.html","og_locale":"es_ES","og_type":"article","og_title":"Finaliza el PNRR - Radio Ruman\u00eda Internacional","og_description":"En Ruman\u00eda tambi\u00e9n ha finalizado el Plan Nacional de Recuperaci\u00f3n y Resiliencia (PNRR) de la Uni\u00f3n Europea. Hasta el \u00faltimo d\u00eda se llevaron a cabo los tr\u00e1mites t\u00e9cnicos de entrega de los proyectos finalizados y se aprobaron actos legislativos en una reuni\u00f3n del Gobierno con el fin de cumplir el mayor n\u00famero posible de compromisos [&hellip;]","og_url":"https:\/\/www.rri.ro\/es\/actualidad\/en-portada\/finaliza-el-pnrr-id1055573.html","og_site_name":"Radio Ruman\u00eda Internacional","article_published_time":"2026-09-01T07:58:35+00:00","article_modified_time":"2026-09-01T08:16:38+00:00","og_image":[{"width":960,"height":541,"url":"https:\/\/www.rri.ro\/wp-content\/uploads\/2026\/09\/PNRR-sursa-foto-guvernul-Romaniei-facebook.jpg","type":"image\/jpeg"}],"author":"Mihai Pelin","twitter_card":"summary_large_image","twitter_misc":{"Escrito por":"Mihai Pelin","Tiempo de lectura":"3 minutos","Written by":"Mihai Pelin"},"schema":{"@context":"https:\/\/schema.org","@graph":[{"@type":"Article","@id":"https:\/\/www.rri.ro\/es\/actualidad\/en-portada\/finaliza-el-pnrr-id1055573.html#article","isPartOf":{"@id":"https:\/\/www.rri.ro\/es\/actualidad\/en-portada\/finaliza-el-pnrr-id1055573.html"},"author":{"name":"Mihai Pelin","@id":"https:\/\/www.rri.ro\/#\/schema\/person\/c6036c822534c855dc3aad41a484f05d"},"headline":"Finaliza el PNRR","datePublished":"2026-09-01T07:58:35+00:00","dateModified":"2026-09-01T08:16:38+00:00","mainEntityOfPage":{"@id":"https:\/\/www.rri.ro\/es\/actualidad\/en-portada\/finaliza-el-pnrr-id1055573.html"},"wordCount":665,"image":{"@id":"https:\/\/www.rri.ro\/es\/actualidad\/en-portada\/finaliza-el-pnrr-id1055573.html#primaryimage"},"thumbnailUrl":"https:\/\/www.rri.ro\/wp-content\/uploads\/2026\/09\/PNRR-sursa-foto-guvernul-Romaniei-facebook.jpg","keywords":["absorci\u00f3n de fondos","autopista A7","Bulgaria","cirug\u00eda cardiovascular","descarbonizaci\u00f3n","educaci\u00f3n","eficiencia energ\u00e9tica","Espa\u00f1a","fondos europeos","fondos europeos perdidos","Grecia","Ilie Bolojan","inestabilidad pol\u00edtica","infraestructuras","inversiones","Italia","PNRR","Portugal","recuperaci\u00f3n econ\u00f3mica","Resiliencia","Rumania","Sistema sanitario","Targu Mures","Uni\u00f3n Europea"],"articleSection":["En portada"],"inLanguage":"es"},{"@type":"WebPage","@id":"https:\/\/www.rri.ro\/es\/actualidad\/en-portada\/finaliza-el-pnrr-id1055573.html","url":"https:\/\/www.rri.ro\/es\/actualidad\/en-portada\/finaliza-el-pnrr-id1055573.html","name":"Finaliza el PNRR - Radio Ruman\u00eda Internacional","isPartOf":{"@id":"https:\/\/www.rri.ro\/#website"},"primaryImageOfPage":{"@id":"https:\/\/www.rri.ro\/es\/actualidad\/en-portada\/finaliza-el-pnrr-id1055573.html#primaryimage"},"image":{"@id":"https:\/\/www.rri.ro\/es\/actualidad\/en-portada\/finaliza-el-pnrr-id1055573.html#primaryimage"},"thumbnailUrl":"https:\/\/www.rri.ro\/wp-content\/uploads\/2026\/09\/PNRR-sursa-foto-guvernul-Romaniei-facebook.jpg","datePublished":"2026-09-01T07:58:35+00:00","dateModified":"2026-09-01T08:16:38+00:00","author":{"@id":"https:\/\/www.rri.ro\/#\/schema\/person\/c6036c822534c855dc3aad41a484f05d"},"breadcrumb":{"@id":"https:\/\/www.rri.ro\/es\/actualidad\/en-portada\/finaliza-el-pnrr-id1055573.html#breadcrumb"},"inLanguage":"es","potentialAction":[{"@type":"ReadAction","target":["https:\/\/www.rri.ro\/es\/actualidad\/en-portada\/finaliza-el-pnrr-id1055573.html"]}]},{"@type":"ImageObject","inLanguage":"es","@id":"https:\/\/www.rri.ro\/es\/actualidad\/en-portada\/finaliza-el-pnrr-id1055573.html#primaryimage","url":"https:\/\/www.rri.ro\/wp-content\/uploads\/2026\/09\/PNRR-sursa-foto-guvernul-Romaniei-facebook.jpg","contentUrl":"https:\/\/www.rri.ro\/wp-content\/uploads\/2026\/09\/PNRR-sursa-foto-guvernul-Romaniei-facebook.jpg","width":960,"height":541,"caption":"PNRR sursa foto guvernul Romaniei facebook"},{"@type":"BreadcrumbList","@id":"https:\/\/www.rri.ro\/es\/actualidad\/en-portada\/finaliza-el-pnrr-id1055573.html#breadcrumb","itemListElement":[{"@type":"ListItem","position":1,"name":"P\u00e1gina de inicio","item":"https:\/\/www.rri.ro\/es"},{"@type":"ListItem","position":2,"name":"Actualidad","item":"https:\/\/www.rri.ro\/es\/actualidad"},{"@type":"ListItem","position":3,"name":"En portada","item":"https:\/\/www.rri.ro\/es\/actualidad\/en-portada"},{"@type":"ListItem","position":4,"name":"Finaliza el PNRR"}]},{"@type":"WebSite","@id":"https:\/\/www.rri.ro\/#website","url":"https:\/\/www.rri.ro\/","name":"Radio Ruman\u00eda Internacional","description":"Totul despre Rom\u00e2nia \u015fi rom\u00e2ni, \u00een 13 limbi\/dialecte!","inLanguage":"es"},{"@type":"Person","@id":"https:\/\/www.rri.ro\/#\/schema\/person\/c6036c822534c855dc3aad41a484f05d","name":"Mihai Pelin","url":"https:\/\/www.rri.ro\/es\/author\/mihai-pelin"}]}},"_links":{"self":[{"href":"https:\/\/www.rri.ro\/es\/wp-json\/wp\/v2\/posts\/1055573","targetHints":{"allow":["GET"]}}],"collection":[{"href":"https:\/\/www.rri.ro\/es\/wp-json\/wp\/v2\/posts"}],"about":[{"href":"https:\/\/www.rri.ro\/es\/wp-json\/wp\/v2\/types\/post"}],"author":[{"embeddable":true,"href":"https:\/\/www.rri.ro\/es\/wp-json\/wp\/v2\/users\/106"}],"replies":[{"embeddable":true,"href":"https:\/\/www.rri.ro\/es\/wp-json\/wp\/v2\/comments?post=1055573"}],"version-history":[{"count":3,"href":"https:\/\/www.rri.ro\/es\/wp-json\/wp\/v2\/posts\/1055573\/revisions"}],"predecessor-version":[{"id":1055593,"href":"https:\/\/www.rri.ro\/es\/wp-json\/wp\/v2\/posts\/1055573\/revisions\/1055593"}],"wp:featuredmedia":[{"embeddable":true,"href":"https:\/\/www.rri.ro\/es\/wp-json\/wp\/v2\/media\/1055551"}],"wp:attachment":[{"href":"https:\/\/www.rri.ro\/es\/wp-json\/wp\/v2\/media?parent=1055573"}],"wp:term":[{"taxonomy":"category","embeddable":true,"href":"https:\/\/www.rri.ro\/es\/wp-json\/wp\/v2\/categories?post=1055573"},{"taxonomy":"post_tag","embeddable":true,"href":"https:\/\/www.rri.ro\/es\/wp-json\/wp\/v2\/tags?post=1055573"},{"taxonomy":"author","embeddable":true,"href":"https:\/\/www.rri.ro\/es\/wp-json\/wp\/v2\/coauthors?post=1055573"}],"curies":[{"name":"wp","href":"https:\/\/api.w.org\/{rel}","templated":true}]}}