{"id":1055666,"date":"2026-09-01T13:40:22","date_gmt":"2026-09-01T10:40:22","guid":{"rendered":"https:\/\/www.rri.ro\/?p=1055666"},"modified":"2026-09-01T13:40:22","modified_gmt":"2026-09-01T10:40:22","slug":"avance-informativo-1-09-2026","status":"publish","type":"post","link":"https:\/\/www.rri.ro\/es\/actualidad\/noticias\/avance-informativo-1-09-2026-id1055666.html","title":{"rendered":"Avance informativo, 1.09.2026"},"content":{"rendered":"<p><strong>Titulares:<\/strong><br \/>\n&#8211; Del presupuesto total recalculado, de unos 20. 000 millones de euros, Ruman\u00eda solo ha recibido efectivamente a trav\u00e9s del PNRR unos 13.000 millones.<br \/>\n&#8211; Ruman\u00eda contribuye a la seguridad transatl\u00e1ntica, a la del flanco oriental de la OTAN y de la UE, y a la de la regi\u00f3n en la que se encuentra, afirma el presidente Nicu\u015for Dan.<br \/>\n&#8211; El Parlamento bicameral de Ruman\u00eda se encuentra, a partir de este martes, en la sesi\u00f3n de oto\u00f1o, en la que intentar\u00e1 investir a un nuevo Gobierno.<\/p>\n<p><strong>PNRR<\/strong> &#8211; El 31 de agosto fue la fecha l\u00edmite a nivel de la Uni\u00f3n Europea para completar todos los hitos, objetivos y proyectos financiados a trav\u00e9s del Plan Nacional de Recuperaci\u00f3n y Resiliencia (PNRR). Del presupuesto total recalculado de unos 20.000 millones de euros, Ruman\u00eda solo ha recibido efectivamente unos 13.000 millones de euros, perdiendo definitivamente importantes sumas debido a los bloqueos pol\u00edticos y a los retrasos. El Parlamento de Ruman\u00eda ha aprobado con car\u00e1cter de urgencia una ley que estipula que las obras realizadas despu\u00e9s del 31 de agosto ya no se sufragar\u00e1n con fondos europeos, sino que se pagar\u00e1n con cargo a los presupuestos locales, estatales u otros fondos. Si los beneficiarios no las finalizan antes del 31 de diciembre de 2026, se ver\u00e1n obligados a devolver todo el dinero recibido anteriormente.<\/p>\n<p><strong>Seguridad<\/strong> &#8211; Ruman\u00eda contribuye a la seguridad transatl\u00e1ntica, al flanco oriental de la OTAN y la UE, y a la regi\u00f3n en la que se encuentra \u2014ha declarado el presidente Nicu\u015for Dan en el discurso que pronunci\u00f3 ante el cuerpo diplom\u00e1tico con motivo de la Reuni\u00f3n Anual de la Diplomacia Rumana\u2014. El jefe de Estado ha recordado que Ruman\u00eda comenzar\u00e1 el a\u00f1o que viene la explotaci\u00f3n de la plataforma de gas Neptun Deep, y que el mar Negro es esencial para la seguridad del pa\u00eds y de Europa, as\u00ed como, de cara al futuro, para las relaciones econ\u00f3micas con la zona del Caspio y Asia. El presidente ha explicado tambi\u00e9n que Ruman\u00eda quiere contribuir a contrarrestar las presiones h\u00edbridas en Europa. Dan ha declarado adem\u00e1s que espera que, en la relaci\u00f3n con el futuro Gobierno, sea cual sea, se resuelvan una serie de problemas administrativos de la diplomacia rumana, como la situaci\u00f3n de algunas sedes y el retraso en la rotaci\u00f3n de los diplom\u00e1ticos.<\/p>\n<p><strong>Parlamento<\/strong> &#8211; El Parlamento bicameral de Ruman\u00eda inicia hoy su sesi\u00f3n de oto\u00f1o. La primera jornada se dedica a la elecci\u00f3n de la presidencia de ambas c\u00e1maras y de los representantes de los partidos en las mesas permanentes. Entre las prioridades de la sesi\u00f3n figuran la votaci\u00f3n de un nuevo Gobierno con plenos poderes, la reorganizaci\u00f3n de la administraci\u00f3n p\u00fablica y de las empresas estatales, y la reforma electoral. En la agenda legislativa tambi\u00e9n figuran la remuneraci\u00f3n unitaria en el sector p\u00fablico y la financiaci\u00f3n del sistema sanitario, as\u00ed como, en el \u00e1mbito de la educaci\u00f3n, el sistema de admisi\u00f3n en el instituto. Ruman\u00eda carece de un Gobierno con plenos poderes desde el 5 de mayo, cuando la coalici\u00f3n minoritaria PNL-USR-UDMR, liderada por el liberal Ilie Bolojan, fue destituida por el Parlamento mediante una moci\u00f3n de censura. Despu\u00e9s de que el eurodiputado Eugen Tomac, designado inicialmente como candidato al cargo de primer ministro, renunciara a su mandato, se nomin\u00f3 al liberal disidente Adrian Ve\u015ftea, quien no obtuvo en el Parlamento los votos necesarios para su investidura.<\/p>\n<p><strong>Visita<\/strong> &#8211; La excanciller conservadora de Alemania, Angela Merkel, se encuentra en Bucarest para presentar su libro de memorias \u00abLibertad. Recuerdos 1954-2021\u00bb. Los lectores de Ruman\u00eda podr\u00e1n conocerla en dos actos p\u00fablicos: el martes 1 de septiembre, en una sesi\u00f3n de firmas y, posteriormente, en el Ateneo Rumano, donde mantendr\u00e1 un coloquio con el periodista y diplom\u00e1tico Emil Hurezeanu, gran conocedor del \u00e1mbito germanoparlante. El libro de memorias de Angela Merkel se present\u00f3 a nivel internacional en 2024, en m\u00e1s de 30 pa\u00edses. Bucarest es uno de los pocos lugares en los que la excanciller alemana ha decidido participar personalmente en la presentaci\u00f3n del libro, junto con capitales como Berl\u00edn, Washington, Budapest y Atenas. En las p\u00e1ginas del libro, rememora su infancia y juventud en la llamada Rep\u00fablica Democr\u00e1tica Alemana, sat\u00e9lite comunista de la Uni\u00f3n Sovi\u00e9tica, la ca\u00edda del Muro de Berl\u00edn y los inicios de su carrera pol\u00edtica, al tiempo que ofrece una perspectiva sobre las decisiones tomadas durante los 16 a\u00f1os en los que dirigi\u00f3 el Gobierno alem\u00e1n y sobre sus encuentros con l\u00edderes de la escena pol\u00edtica internacional. Angela Merkel fue canciller de Alemania entre 2005 y 2021, la primera mujer en ocupar este cargo.<\/p>\n<p><strong>Tenis<\/strong> &#8211; La tenista rumana Sorana C\u00eerstea ha debutado con una victoria en el US Open, el \u00faltimo torneo de Grand Slam del a\u00f1o, al imponerse en dos sets, por 6-3 y 6-0, a la austriaca Julia Grabher, en un partido disputado en Flushing Meadows. C\u00eerstea (36 a\u00f1os), cabeza de serie n\u00famero 16 en la competici\u00f3n neoyorquina, se impuso tras una hora y 29 minutos de juego, y en la siguiente ronda se enfrentar\u00e1 a la francesa Diane Parry. La rumana Gabriela Ruse, por su parte, cay\u00f3 derrotada ante la estadounidense Jessica Pegula, tercera cabeza de serie, por 6-3 y 6-2, tambi\u00e9n en la primera ronda del US Open.<\/p>\n","protected":false},"excerpt":{"rendered":"<p>Titulares: &#8211; Del presupuesto total recalculado, de unos 20. 000 millones de euros, Ruman\u00eda solo ha recibido efectivamente a trav\u00e9s del PNRR unos 13.000 millones. &#8211; Ruman\u00eda contribuye a la seguridad transatl\u00e1ntica, a la del flanco oriental de la OTAN y de la UE, y a la de la regi\u00f3n en la que se encuentra, [&hellip;]<\/p>\n","protected":false},"author":113,"featured_media":723423,"comment_status":"closed","ping_status":"closed","sticky":false,"template":"","format":"standard","meta":{"_acf_changed":false,"footnotes":""},"categories":[49382],"tags":[195828,163888,195987,146555,48989,49200,143251,48948,148148,48949,162880,195986,167049,134238,146201],"coauthors":[116091],"class_list":["post-1055666","post","type-post","status-publish","format-standard","has-post-thumbnail","hentry","category-noticias","tag-angela-merkel-es","tag-libro-es","tag-memorias","tag-nicusor-dan-es","tag-otan","tag-parlamento","tag-pnrr-es","tag-presupuesto","tag-region-es","tag-rumania","tag-seguridad-transatlantica","tag-sesion-de-otono","tag-tenistas-rumanas","tag-ue-es","tag-visita-es"],"acf":[],"yoast_head":"<!-- This site is optimized with the Yoast SEO plugin v28.2 - https:\/\/yoast.com\/product\/yoast-seo-wordpress\/ -->\n<title>Avance informativo, 1.09.2026 - Radio Ruman\u00eda Internacional<\/title>\n<meta name=\"robots\" content=\"index, follow, max-snippet:-1, max-image-preview:large, max-video-preview:-1\" \/>\n<link rel=\"canonical\" href=\"https:\/\/www.rri.ro\/es\/actualidad\/noticias\/avance-informativo-1-09-2026-id1055666.html\" \/>\n<meta property=\"og:locale\" content=\"es_ES\" \/>\n<meta property=\"og:type\" content=\"article\" \/>\n<meta property=\"og:title\" content=\"Avance informativo, 1.09.2026 - Radio Ruman\u00eda Internacional\" \/>\n<meta property=\"og:description\" content=\"Titulares: &#8211; Del presupuesto total recalculado, de unos 20. 000 millones de euros, Ruman\u00eda solo ha recibido efectivamente a trav\u00e9s del PNRR unos 13.000 millones. &#8211; Ruman\u00eda contribuye a la seguridad transatl\u00e1ntica, a la del flanco oriental de la OTAN y de la UE, y a la de la regi\u00f3n en la que se encuentra, [&hellip;]\" \/>\n<meta property=\"og:url\" content=\"https:\/\/www.rri.ro\/es\/actualidad\/noticias\/avance-informativo-1-09-2026-id1055666.html\" \/>\n<meta property=\"og:site_name\" content=\"Radio Ruman\u00eda Internacional\" \/>\n<meta property=\"article:published_time\" content=\"2026-09-01T10:40:22+00:00\" \/>\n<meta property=\"og:image\" content=\"https:\/\/www.rri.ro\/wp-content\/uploads\/2024\/03\/RRI-960x540-Noticias-2-NOU.jpg\" \/>\n\t<meta property=\"og:image:width\" content=\"960\" \/>\n\t<meta property=\"og:image:height\" content=\"540\" \/>\n\t<meta property=\"og:image:type\" content=\"image\/jpeg\" \/>\n<meta name=\"author\" content=\"Newsroom\" \/>\n<meta name=\"twitter:card\" content=\"summary_large_image\" \/>\n<meta name=\"twitter:label1\" content=\"Escrito por\" \/>\n\t<meta name=\"twitter:data1\" content=\"Newsroom\" \/>\n\t<meta name=\"twitter:label2\" content=\"Tiempo de lectura\" \/>\n\t<meta name=\"twitter:data2\" content=\"5 minutos\" \/>\n\t<meta name=\"twitter:label3\" content=\"Written by\" \/>\n\t<meta name=\"twitter:data3\" content=\"Newsroom\" \/>\n<script type=\"application\/ld+json\" class=\"yoast-schema-graph\">{\"@context\":\"https:\\\/\\\/schema.org\",\"@graph\":[{\"@type\":\"Article\",\"@id\":\"https:\\\/\\\/www.rri.ro\\\/es\\\/actualidad\\\/noticias\\\/avance-informativo-1-09-2026-id1055666.html#article\",\"isPartOf\":{\"@id\":\"https:\\\/\\\/www.rri.ro\\\/es\\\/actualidad\\\/noticias\\\/avance-informativo-1-09-2026-id1055666.html\"},\"author\":{\"name\":\"Newsroom\",\"@id\":\"https:\\\/\\\/www.rri.ro\\\/#\\\/schema\\\/person\\\/4a479940371b9fdefd194f561e8a7f88\"},\"headline\":\"Avance informativo, 1.09.2026\",\"datePublished\":\"2026-09-01T10:40:22+00:00\",\"mainEntityOfPage\":{\"@id\":\"https:\\\/\\\/www.rri.ro\\\/es\\\/actualidad\\\/noticias\\\/avance-informativo-1-09-2026-id1055666.html\"},\"wordCount\":942,\"image\":{\"@id\":\"https:\\\/\\\/www.rri.ro\\\/es\\\/actualidad\\\/noticias\\\/avance-informativo-1-09-2026-id1055666.html#primaryimage\"},\"thumbnailUrl\":\"https:\\\/\\\/www.rri.ro\\\/wp-content\\\/uploads\\\/2024\\\/03\\\/RRI-960x540-Noticias-2-NOU.jpg\",\"keywords\":[\"Angela Merkel\",\"libro\",\"memorias\",\"Nicusor Dan\",\"OTAN\",\"Parlamento.\",\"PNRR\",\"presupuesto\",\"region\",\"Rumania\",\"seguridad transatl\u00e1ntica\",\"sesi\u00f3n de oto\u00f1o\",\"tenistas rumanas\",\"UE\",\"visita\"],\"articleSection\":[\"Noticias\"],\"inLanguage\":\"es\"},{\"@type\":\"WebPage\",\"@id\":\"https:\\\/\\\/www.rri.ro\\\/es\\\/actualidad\\\/noticias\\\/avance-informativo-1-09-2026-id1055666.html\",\"url\":\"https:\\\/\\\/www.rri.ro\\\/es\\\/actualidad\\\/noticias\\\/avance-informativo-1-09-2026-id1055666.html\",\"name\":\"Avance informativo, 1.09.2026 - Radio Ruman\u00eda Internacional\",\"isPartOf\":{\"@id\":\"https:\\\/\\\/www.rri.ro\\\/#website\"},\"primaryImageOfPage\":{\"@id\":\"https:\\\/\\\/www.rri.ro\\\/es\\\/actualidad\\\/noticias\\\/avance-informativo-1-09-2026-id1055666.html#primaryimage\"},\"image\":{\"@id\":\"https:\\\/\\\/www.rri.ro\\\/es\\\/actualidad\\\/noticias\\\/avance-informativo-1-09-2026-id1055666.html#primaryimage\"},\"thumbnailUrl\":\"https:\\\/\\\/www.rri.ro\\\/wp-content\\\/uploads\\\/2024\\\/03\\\/RRI-960x540-Noticias-2-NOU.jpg\",\"datePublished\":\"2026-09-01T10:40:22+00:00\",\"author\":{\"@id\":\"https:\\\/\\\/www.rri.ro\\\/#\\\/schema\\\/person\\\/4a479940371b9fdefd194f561e8a7f88\"},\"breadcrumb\":{\"@id\":\"https:\\\/\\\/www.rri.ro\\\/es\\\/actualidad\\\/noticias\\\/avance-informativo-1-09-2026-id1055666.html#breadcrumb\"},\"inLanguage\":\"es\",\"potentialAction\":[{\"@type\":\"ReadAction\",\"target\":[\"https:\\\/\\\/www.rri.ro\\\/es\\\/actualidad\\\/noticias\\\/avance-informativo-1-09-2026-id1055666.html\"]}]},{\"@type\":\"ImageObject\",\"inLanguage\":\"es\",\"@id\":\"https:\\\/\\\/www.rri.ro\\\/es\\\/actualidad\\\/noticias\\\/avance-informativo-1-09-2026-id1055666.html#primaryimage\",\"url\":\"https:\\\/\\\/www.rri.ro\\\/wp-content\\\/uploads\\\/2024\\\/03\\\/RRI-960x540-Noticias-2-NOU.jpg\",\"contentUrl\":\"https:\\\/\\\/www.rri.ro\\\/wp-content\\\/uploads\\\/2024\\\/03\\\/RRI-960x540-Noticias-2-NOU.jpg\",\"width\":960,\"height\":540,\"caption\":\"RRI 960x540 Noticias 2-NOU\"},{\"@type\":\"BreadcrumbList\",\"@id\":\"https:\\\/\\\/www.rri.ro\\\/es\\\/actualidad\\\/noticias\\\/avance-informativo-1-09-2026-id1055666.html#breadcrumb\",\"itemListElement\":[{\"@type\":\"ListItem\",\"position\":1,\"name\":\"P\u00e1gina de inicio\",\"item\":\"https:\\\/\\\/www.rri.ro\\\/es\"},{\"@type\":\"ListItem\",\"position\":2,\"name\":\"Actualidad\",\"item\":\"https:\\\/\\\/www.rri.ro\\\/es\\\/actualidad\"},{\"@type\":\"ListItem\",\"position\":3,\"name\":\"Noticias\",\"item\":\"https:\\\/\\\/www.rri.ro\\\/es\\\/actualidad\\\/noticias\"},{\"@type\":\"ListItem\",\"position\":4,\"name\":\"Avance informativo, 1.09.2026\"}]},{\"@type\":\"WebSite\",\"@id\":\"https:\\\/\\\/www.rri.ro\\\/#website\",\"url\":\"https:\\\/\\\/www.rri.ro\\\/\",\"name\":\"Radio Ruman\u00eda Internacional\",\"description\":\"Totul despre Rom\u00e2nia \u015fi rom\u00e2ni, \u00een 13 limbi\\\/dialecte!\",\"inLanguage\":\"es\"},{\"@type\":\"Person\",\"@id\":\"https:\\\/\\\/www.rri.ro\\\/#\\\/schema\\\/person\\\/4a479940371b9fdefd194f561e8a7f88\",\"name\":\"Newsroom\",\"url\":\"https:\\\/\\\/www.rri.ro\\\/es\\\/author\\\/newsroom\"}]}<\/script>\n<!-- \/ Yoast SEO plugin. -->","yoast_head_json":{"title":"Avance informativo, 1.09.2026 - Radio Ruman\u00eda Internacional","robots":{"index":"index","follow":"follow","max-snippet":"max-snippet:-1","max-image-preview":"max-image-preview:large","max-video-preview":"max-video-preview:-1"},"canonical":"https:\/\/www.rri.ro\/es\/actualidad\/noticias\/avance-informativo-1-09-2026-id1055666.html","og_locale":"es_ES","og_type":"article","og_title":"Avance informativo, 1.09.2026 - Radio Ruman\u00eda Internacional","og_description":"Titulares: &#8211; Del presupuesto total recalculado, de unos 20. 000 millones de euros, Ruman\u00eda solo ha recibido efectivamente a trav\u00e9s del PNRR unos 13.000 millones. &#8211; Ruman\u00eda contribuye a la seguridad transatl\u00e1ntica, a la del flanco oriental de la OTAN y de la UE, y a la de la regi\u00f3n en la que se encuentra, [&hellip;]","og_url":"https:\/\/www.rri.ro\/es\/actualidad\/noticias\/avance-informativo-1-09-2026-id1055666.html","og_site_name":"Radio Ruman\u00eda Internacional","article_published_time":"2026-09-01T10:40:22+00:00","og_image":[{"width":960,"height":540,"url":"https:\/\/www.rri.ro\/wp-content\/uploads\/2024\/03\/RRI-960x540-Noticias-2-NOU.jpg","type":"image\/jpeg"}],"author":"Newsroom","twitter_card":"summary_large_image","twitter_misc":{"Escrito por":"Newsroom","Tiempo de lectura":"5 minutos","Written by":"Newsroom"},"schema":{"@context":"https:\/\/schema.org","@graph":[{"@type":"Article","@id":"https:\/\/www.rri.ro\/es\/actualidad\/noticias\/avance-informativo-1-09-2026-id1055666.html#article","isPartOf":{"@id":"https:\/\/www.rri.ro\/es\/actualidad\/noticias\/avance-informativo-1-09-2026-id1055666.html"},"author":{"name":"Newsroom","@id":"https:\/\/www.rri.ro\/#\/schema\/person\/4a479940371b9fdefd194f561e8a7f88"},"headline":"Avance informativo, 1.09.2026","datePublished":"2026-09-01T10:40:22+00:00","mainEntityOfPage":{"@id":"https:\/\/www.rri.ro\/es\/actualidad\/noticias\/avance-informativo-1-09-2026-id1055666.html"},"wordCount":942,"image":{"@id":"https:\/\/www.rri.ro\/es\/actualidad\/noticias\/avance-informativo-1-09-2026-id1055666.html#primaryimage"},"thumbnailUrl":"https:\/\/www.rri.ro\/wp-content\/uploads\/2024\/03\/RRI-960x540-Noticias-2-NOU.jpg","keywords":["Angela Merkel","libro","memorias","Nicusor Dan","OTAN","Parlamento.","PNRR","presupuesto","region","Rumania","seguridad transatl\u00e1ntica","sesi\u00f3n de oto\u00f1o","tenistas rumanas","UE","visita"],"articleSection":["Noticias"],"inLanguage":"es"},{"@type":"WebPage","@id":"https:\/\/www.rri.ro\/es\/actualidad\/noticias\/avance-informativo-1-09-2026-id1055666.html","url":"https:\/\/www.rri.ro\/es\/actualidad\/noticias\/avance-informativo-1-09-2026-id1055666.html","name":"Avance informativo, 1.09.2026 - Radio Ruman\u00eda Internacional","isPartOf":{"@id":"https:\/\/www.rri.ro\/#website"},"primaryImageOfPage":{"@id":"https:\/\/www.rri.ro\/es\/actualidad\/noticias\/avance-informativo-1-09-2026-id1055666.html#primaryimage"},"image":{"@id":"https:\/\/www.rri.ro\/es\/actualidad\/noticias\/avance-informativo-1-09-2026-id1055666.html#primaryimage"},"thumbnailUrl":"https:\/\/www.rri.ro\/wp-content\/uploads\/2024\/03\/RRI-960x540-Noticias-2-NOU.jpg","datePublished":"2026-09-01T10:40:22+00:00","author":{"@id":"https:\/\/www.rri.ro\/#\/schema\/person\/4a479940371b9fdefd194f561e8a7f88"},"breadcrumb":{"@id":"https:\/\/www.rri.ro\/es\/actualidad\/noticias\/avance-informativo-1-09-2026-id1055666.html#breadcrumb"},"inLanguage":"es","potentialAction":[{"@type":"ReadAction","target":["https:\/\/www.rri.ro\/es\/actualidad\/noticias\/avance-informativo-1-09-2026-id1055666.html"]}]},{"@type":"ImageObject","inLanguage":"es","@id":"https:\/\/www.rri.ro\/es\/actualidad\/noticias\/avance-informativo-1-09-2026-id1055666.html#primaryimage","url":"https:\/\/www.rri.ro\/wp-content\/uploads\/2024\/03\/RRI-960x540-Noticias-2-NOU.jpg","contentUrl":"https:\/\/www.rri.ro\/wp-content\/uploads\/2024\/03\/RRI-960x540-Noticias-2-NOU.jpg","width":960,"height":540,"caption":"RRI 960x540 Noticias 2-NOU"},{"@type":"BreadcrumbList","@id":"https:\/\/www.rri.ro\/es\/actualidad\/noticias\/avance-informativo-1-09-2026-id1055666.html#breadcrumb","itemListElement":[{"@type":"ListItem","position":1,"name":"P\u00e1gina de inicio","item":"https:\/\/www.rri.ro\/es"},{"@type":"ListItem","position":2,"name":"Actualidad","item":"https:\/\/www.rri.ro\/es\/actualidad"},{"@type":"ListItem","position":3,"name":"Noticias","item":"https:\/\/www.rri.ro\/es\/actualidad\/noticias"},{"@type":"ListItem","position":4,"name":"Avance informativo, 1.09.2026"}]},{"@type":"WebSite","@id":"https:\/\/www.rri.ro\/#website","url":"https:\/\/www.rri.ro\/","name":"Radio Ruman\u00eda Internacional","description":"Totul despre Rom\u00e2nia \u015fi rom\u00e2ni, \u00een 13 limbi\/dialecte!","inLanguage":"es"},{"@type":"Person","@id":"https:\/\/www.rri.ro\/#\/schema\/person\/4a479940371b9fdefd194f561e8a7f88","name":"Newsroom","url":"https:\/\/www.rri.ro\/es\/author\/newsroom"}]}},"_links":{"self":[{"href":"https:\/\/www.rri.ro\/es\/wp-json\/wp\/v2\/posts\/1055666","targetHints":{"allow":["GET"]}}],"collection":[{"href":"https:\/\/www.rri.ro\/es\/wp-json\/wp\/v2\/posts"}],"about":[{"href":"https:\/\/www.rri.ro\/es\/wp-json\/wp\/v2\/types\/post"}],"author":[{"embeddable":true,"href":"https:\/\/www.rri.ro\/es\/wp-json\/wp\/v2\/users\/113"}],"replies":[{"embeddable":true,"href":"https:\/\/www.rri.ro\/es\/wp-json\/wp\/v2\/comments?post=1055666"}],"version-history":[{"count":1,"href":"https:\/\/www.rri.ro\/es\/wp-json\/wp\/v2\/posts\/1055666\/revisions"}],"predecessor-version":[{"id":1055668,"href":"https:\/\/www.rri.ro\/es\/wp-json\/wp\/v2\/posts\/1055666\/revisions\/1055668"}],"wp:featuredmedia":[{"embeddable":true,"href":"https:\/\/www.rri.ro\/es\/wp-json\/wp\/v2\/media\/723423"}],"wp:attachment":[{"href":"https:\/\/www.rri.ro\/es\/wp-json\/wp\/v2\/media?parent=1055666"}],"wp:term":[{"taxonomy":"category","embeddable":true,"href":"https:\/\/www.rri.ro\/es\/wp-json\/wp\/v2\/categories?post=1055666"},{"taxonomy":"post_tag","embeddable":true,"href":"https:\/\/www.rri.ro\/es\/wp-json\/wp\/v2\/tags?post=1055666"},{"taxonomy":"author","embeddable":true,"href":"https:\/\/www.rri.ro\/es\/wp-json\/wp\/v2\/coauthors?post=1055666"}],"curies":[{"name":"wp","href":"https:\/\/api.w.org\/{rel}","templated":true}]}}