{"id":1055754,"date":"2026-09-01T17:43:11","date_gmt":"2026-09-01T14:43:11","guid":{"rendered":"https:\/\/www.rri.ro\/?p=1055754"},"modified":"2026-09-01T17:43:11","modified_gmt":"2026-09-01T14:43:11","slug":"presentacion-del-libro-cadenas-y-terror-un-obispo-greco-catolico-clandestino-en-la-persecucion-comunista-en-rumania-de-ioan-ploscaru","status":"publish","type":"post","link":"https:\/\/www.rri.ro\/es\/panorama-rumano\/paseo-cultural\/presentacion-del-libro-cadenas-y-terror-un-obispo-greco-catolico-clandestino-en-la-persecucion-comunista-en-rumania-de-ioan-ploscaru-id1055754.html","title":{"rendered":"Presentaci\u00f3n del libro \u00abCadenas y terror: Un obispo greco-cat\u00f3lico clandestino en la persecuci\u00f3n comunista en Ruman\u00eda\u00bb de Ioan Ploscaru"},"content":{"rendered":"<p>El pr\u00f3ximo 12 de septiembre, en el Aula Magna del Obispado de Orihuela &#8211; Alicante, Espa\u00f1a, se presentar\u00e1 el libro \u00abCadenas y terror: Un obispo greco-cat\u00f3lico clandestino en la persecuci\u00f3n comunista en Ruman\u00eda\u00bb de Ioan Ploscaru, traducido al espa\u00f1ol por el padre Daniel Laz\u0103r, sacerdote greco-cat\u00f3lico de la Iglesia rumana unida a Roma.<\/p>\n<p>El padre Radu Bokor, capell\u00e1n greco-cat\u00f3lico rumano y p\u00e1rroco de la iglesia Santa Cruz de Alicante, nos a invitado a leer este libro publicado ahora en Espa\u00f1a. Ha hablado tambi\u00e9n del significado de este texto para la comunidad greco-cat\u00f3lica rumana de all\u00ed. La entrevista ha sido difundida por el programa Paseo cultural.<\/p>\n<p><iframe loading=\"lazy\" width=\"100%\" height=\"166\" scrolling=\"no\" frameborder=\"no\" allow=\"autoplay; encrypted-media\" src=\"https:\/\/w.soundcloud.com\/player\/?url=https%3A\/\/api.soundcloud.com\/tracks\/soundcloud%253Atracks%253A2392565529&#038;color=%23ff5500&#038;auto_play=false&#038;hide_related=false&#038;show_comments=true&#038;show_user=true&#038;show_reposts=false&#038;show_teaser=true\"><\/iframe><\/p>\n<div style=\"font-size: 10px; color: #cccccc;line-break: anywhere;word-break: normal;overflow: hidden;white-space: nowrap;text-overflow: ellipsis; font-family: Interstate,Lucida Grande,Lucida Sans Unicode,Lucida Sans,Garuda,Verdana,Tahoma,sans-serif;font-weight: 100;\"><a href=\"https:\/\/soundcloud.com\/radioromaniainternational\" title=\"RadioRomaniaInternational\" target=\"_blank\" style=\"color: #cccccc; text-decoration: none;\">RadioRomaniaInternational<\/a> \u00b7 <a href=\"https:\/\/soundcloud.com\/radioromaniainternational\/entrevista-al-sacerdote-rumano\" title=\"Entrevista al sacerdote rumano Radu Bokor\" target=\"_blank\" style=\"color: #cccccc; text-decoration: none;\">Entrevista al sacerdote rumano Radu Bokor<\/a><\/div>\n","protected":false},"excerpt":{"rendered":"<p>El pr\u00f3ximo 12 de septiembre, en el Aula Magna del Obispado de Orihuela &#8211; Alicante, Espa\u00f1a, se presentar\u00e1 el libro \u00abCadenas y terror: Un obispo greco-cat\u00f3lico clandestino en la persecuci\u00f3n comunista en Ruman\u00eda\u00bb de Ioan Ploscaru, traducido al espa\u00f1ol por el padre Daniel Laz\u0103r, sacerdote greco-cat\u00f3lico de la Iglesia rumana unida a Roma. El padre [&hellip;]<\/p>\n","protected":false},"author":61,"featured_media":1055591,"comment_status":"closed","ping_status":"closed","sticky":false,"template":"","format":"audio","meta":{"_acf_changed":false,"footnotes":""},"categories":[111717],"tags":[195834,195993,195833,111946,48949],"coauthors":[116698],"class_list":["post-1055754","post","type-post","status-publish","format-audio","has-post-thumbnail","hentry","category-paseo-cultural","tag-alicante-es","tag-comunidad-rumana-greco-catolica-en-espana","tag-ioan-ploscaru","tag-radu-bokor","tag-rumania","post_format-post-format-audio"],"acf":[],"yoast_head":"<!-- This site is optimized with the Yoast SEO plugin v28.2 - https:\/\/yoast.com\/product\/yoast-seo-wordpress\/ -->\n<title>Presentaci\u00f3n del libro \u00abCadenas y terror: Un obispo greco-cat\u00f3lico clandestino en la persecuci\u00f3n comunista en Ruman\u00eda\u00bb de Ioan Ploscaru - Radio Ruman\u00eda Internacional<\/title>\n<meta name=\"robots\" content=\"index, follow, max-snippet:-1, max-image-preview:large, max-video-preview:-1\" \/>\n<link rel=\"canonical\" href=\"https:\/\/www.rri.ro\/es\/panorama-rumano\/paseo-cultural\/presentacion-del-libro-cadenas-y-terror-un-obispo-greco-catolico-clandestino-en-la-persecucion-comunista-en-rumania-de-ioan-ploscaru-id1055754.html\" \/>\n<meta property=\"og:locale\" content=\"es_ES\" \/>\n<meta property=\"og:type\" content=\"article\" \/>\n<meta property=\"og:title\" content=\"Presentaci\u00f3n del libro \u00abCadenas y terror: Un obispo greco-cat\u00f3lico clandestino en la persecuci\u00f3n comunista en Ruman\u00eda\u00bb de Ioan Ploscaru - Radio Ruman\u00eda Internacional\" \/>\n<meta property=\"og:description\" content=\"El pr\u00f3ximo 12 de septiembre, en el Aula Magna del Obispado de Orihuela &#8211; Alicante, Espa\u00f1a, se presentar\u00e1 el libro \u00abCadenas y terror: Un obispo greco-cat\u00f3lico clandestino en la persecuci\u00f3n comunista en Ruman\u00eda\u00bb de Ioan Ploscaru, traducido al espa\u00f1ol por el padre Daniel Laz\u0103r, sacerdote greco-cat\u00f3lico de la Iglesia rumana unida a Roma. El padre [&hellip;]\" \/>\n<meta property=\"og:url\" content=\"https:\/\/www.rri.ro\/es\/panorama-rumano\/paseo-cultural\/presentacion-del-libro-cadenas-y-terror-un-obispo-greco-catolico-clandestino-en-la-persecucion-comunista-en-rumania-de-ioan-ploscaru-id1055754.html\" \/>\n<meta property=\"og:site_name\" content=\"Radio Ruman\u00eda Internacional\" \/>\n<meta property=\"article:published_time\" content=\"2026-09-01T14:43:11+00:00\" \/>\n<meta property=\"og:image\" content=\"https:\/\/www.rri.ro\/wp-content\/uploads\/2026\/09\/Preotul-Radu-Bokor-foto-arhiva-personala.jpg\" \/>\n\t<meta property=\"og:image:width\" content=\"1280\" \/>\n\t<meta property=\"og:image:height\" content=\"720\" \/>\n\t<meta property=\"og:image:type\" content=\"image\/jpeg\" \/>\n<meta name=\"author\" content=\"Monica Tar\u0103u\" \/>\n<meta name=\"twitter:card\" content=\"summary_large_image\" \/>\n<meta name=\"twitter:label1\" content=\"Escrito por\" \/>\n\t<meta name=\"twitter:data1\" content=\"Monica Tar\u0103u\" \/>\n\t<meta name=\"twitter:label2\" content=\"Tiempo de lectura\" \/>\n\t<meta name=\"twitter:data2\" content=\"1 minuto\" \/>\n\t<meta name=\"twitter:label3\" content=\"Written by\" \/>\n\t<meta name=\"twitter:data3\" content=\"Monica Tar\u0103u\" \/>\n<script type=\"application\/ld+json\" class=\"yoast-schema-graph\">{\"@context\":\"https:\\\/\\\/schema.org\",\"@graph\":[{\"@type\":\"Article\",\"@id\":\"https:\\\/\\\/www.rri.ro\\\/es\\\/panorama-rumano\\\/paseo-cultural\\\/presentacion-del-libro-cadenas-y-terror-un-obispo-greco-catolico-clandestino-en-la-persecucion-comunista-en-rumania-de-ioan-ploscaru-id1055754.html#article\",\"isPartOf\":{\"@id\":\"https:\\\/\\\/www.rri.ro\\\/es\\\/panorama-rumano\\\/paseo-cultural\\\/presentacion-del-libro-cadenas-y-terror-un-obispo-greco-catolico-clandestino-en-la-persecucion-comunista-en-rumania-de-ioan-ploscaru-id1055754.html\"},\"author\":{\"name\":\"Monica Tar\u0103u\",\"@id\":\"https:\\\/\\\/www.rri.ro\\\/#\\\/schema\\\/person\\\/bcfb9bd03936efd8c393a7e62bae417a\"},\"headline\":\"Presentaci\u00f3n del libro \u00abCadenas y terror: Un obispo greco-cat\u00f3lico clandestino en la persecuci\u00f3n comunista en Ruman\u00eda\u00bb de Ioan Ploscaru\",\"datePublished\":\"2026-09-01T14:43:11+00:00\",\"mainEntityOfPage\":{\"@id\":\"https:\\\/\\\/www.rri.ro\\\/es\\\/panorama-rumano\\\/paseo-cultural\\\/presentacion-del-libro-cadenas-y-terror-un-obispo-greco-catolico-clandestino-en-la-persecucion-comunista-en-rumania-de-ioan-ploscaru-id1055754.html\"},\"wordCount\":148,\"image\":{\"@id\":\"https:\\\/\\\/www.rri.ro\\\/es\\\/panorama-rumano\\\/paseo-cultural\\\/presentacion-del-libro-cadenas-y-terror-un-obispo-greco-catolico-clandestino-en-la-persecucion-comunista-en-rumania-de-ioan-ploscaru-id1055754.html#primaryimage\"},\"thumbnailUrl\":\"https:\\\/\\\/www.rri.ro\\\/wp-content\\\/uploads\\\/2026\\\/09\\\/Preotul-Radu-Bokor-foto-arhiva-personala.jpg\",\"keywords\":[\"Alicante\",\"comunidad rumana greco-cat\u00f3lica en Espa\u00f1a\",\"Ioan Ploscaru\",\"Radu Bokor\",\"Rumania\"],\"articleSection\":[\"Paseo\u00a0cultural\"],\"inLanguage\":\"es\"},{\"@type\":\"WebPage\",\"@id\":\"https:\\\/\\\/www.rri.ro\\\/es\\\/panorama-rumano\\\/paseo-cultural\\\/presentacion-del-libro-cadenas-y-terror-un-obispo-greco-catolico-clandestino-en-la-persecucion-comunista-en-rumania-de-ioan-ploscaru-id1055754.html\",\"url\":\"https:\\\/\\\/www.rri.ro\\\/es\\\/panorama-rumano\\\/paseo-cultural\\\/presentacion-del-libro-cadenas-y-terror-un-obispo-greco-catolico-clandestino-en-la-persecucion-comunista-en-rumania-de-ioan-ploscaru-id1055754.html\",\"name\":\"Presentaci\u00f3n del libro \u00abCadenas y terror: Un obispo greco-cat\u00f3lico clandestino en la persecuci\u00f3n comunista en Ruman\u00eda\u00bb de Ioan Ploscaru - Radio Ruman\u00eda Internacional\",\"isPartOf\":{\"@id\":\"https:\\\/\\\/www.rri.ro\\\/#website\"},\"primaryImageOfPage\":{\"@id\":\"https:\\\/\\\/www.rri.ro\\\/es\\\/panorama-rumano\\\/paseo-cultural\\\/presentacion-del-libro-cadenas-y-terror-un-obispo-greco-catolico-clandestino-en-la-persecucion-comunista-en-rumania-de-ioan-ploscaru-id1055754.html#primaryimage\"},\"image\":{\"@id\":\"https:\\\/\\\/www.rri.ro\\\/es\\\/panorama-rumano\\\/paseo-cultural\\\/presentacion-del-libro-cadenas-y-terror-un-obispo-greco-catolico-clandestino-en-la-persecucion-comunista-en-rumania-de-ioan-ploscaru-id1055754.html#primaryimage\"},\"thumbnailUrl\":\"https:\\\/\\\/www.rri.ro\\\/wp-content\\\/uploads\\\/2026\\\/09\\\/Preotul-Radu-Bokor-foto-arhiva-personala.jpg\",\"datePublished\":\"2026-09-01T14:43:11+00:00\",\"author\":{\"@id\":\"https:\\\/\\\/www.rri.ro\\\/#\\\/schema\\\/person\\\/bcfb9bd03936efd8c393a7e62bae417a\"},\"breadcrumb\":{\"@id\":\"https:\\\/\\\/www.rri.ro\\\/es\\\/panorama-rumano\\\/paseo-cultural\\\/presentacion-del-libro-cadenas-y-terror-un-obispo-greco-catolico-clandestino-en-la-persecucion-comunista-en-rumania-de-ioan-ploscaru-id1055754.html#breadcrumb\"},\"inLanguage\":\"es\",\"potentialAction\":[{\"@type\":\"ReadAction\",\"target\":[\"https:\\\/\\\/www.rri.ro\\\/es\\\/panorama-rumano\\\/paseo-cultural\\\/presentacion-del-libro-cadenas-y-terror-un-obispo-greco-catolico-clandestino-en-la-persecucion-comunista-en-rumania-de-ioan-ploscaru-id1055754.html\"]}]},{\"@type\":\"ImageObject\",\"inLanguage\":\"es\",\"@id\":\"https:\\\/\\\/www.rri.ro\\\/es\\\/panorama-rumano\\\/paseo-cultural\\\/presentacion-del-libro-cadenas-y-terror-un-obispo-greco-catolico-clandestino-en-la-persecucion-comunista-en-rumania-de-ioan-ploscaru-id1055754.html#primaryimage\",\"url\":\"https:\\\/\\\/www.rri.ro\\\/wp-content\\\/uploads\\\/2026\\\/09\\\/Preotul-Radu-Bokor-foto-arhiva-personala.jpg\",\"contentUrl\":\"https:\\\/\\\/www.rri.ro\\\/wp-content\\\/uploads\\\/2026\\\/09\\\/Preotul-Radu-Bokor-foto-arhiva-personala.jpg\",\"width\":1280,\"height\":720},{\"@type\":\"BreadcrumbList\",\"@id\":\"https:\\\/\\\/www.rri.ro\\\/es\\\/panorama-rumano\\\/paseo-cultural\\\/presentacion-del-libro-cadenas-y-terror-un-obispo-greco-catolico-clandestino-en-la-persecucion-comunista-en-rumania-de-ioan-ploscaru-id1055754.html#breadcrumb\",\"itemListElement\":[{\"@type\":\"ListItem\",\"position\":1,\"name\":\"P\u00e1gina de inicio\",\"item\":\"https:\\\/\\\/www.rri.ro\\\/es\"},{\"@type\":\"ListItem\",\"position\":2,\"name\":\"Panorama rumano\",\"item\":\"https:\\\/\\\/www.rri.ro\\\/es\\\/panorama-rumano\"},{\"@type\":\"ListItem\",\"position\":3,\"name\":\"Paseo\u00a0cultural\",\"item\":\"https:\\\/\\\/www.rri.ro\\\/es\\\/panorama-rumano\\\/paseo-cultural\"},{\"@type\":\"ListItem\",\"position\":4,\"name\":\"Presentaci\u00f3n del libro \u00abCadenas y terror: Un obispo greco-cat\u00f3lico clandestino en la persecuci\u00f3n comunista en Ruman\u00eda\u00bb de Ioan Ploscaru\"}]},{\"@type\":\"WebSite\",\"@id\":\"https:\\\/\\\/www.rri.ro\\\/#website\",\"url\":\"https:\\\/\\\/www.rri.ro\\\/\",\"name\":\"Radio Ruman\u00eda Internacional\",\"description\":\"Totul despre Rom\u00e2nia \u015fi rom\u00e2ni, \u00een 13 limbi\\\/dialecte!\",\"inLanguage\":\"es\"},{\"@type\":\"Person\",\"@id\":\"https:\\\/\\\/www.rri.ro\\\/#\\\/schema\\\/person\\\/bcfb9bd03936efd8c393a7e62bae417a\",\"name\":\"Monica Tar\u0103u\",\"url\":\"https:\\\/\\\/www.rri.ro\\\/es\\\/author\\\/monica-tarau\"}]}<\/script>\n<!-- \/ Yoast SEO plugin. -->","yoast_head_json":{"title":"Presentaci\u00f3n del libro \u00abCadenas y terror: Un obispo greco-cat\u00f3lico clandestino en la persecuci\u00f3n comunista en Ruman\u00eda\u00bb de Ioan Ploscaru - Radio Ruman\u00eda Internacional","robots":{"index":"index","follow":"follow","max-snippet":"max-snippet:-1","max-image-preview":"max-image-preview:large","max-video-preview":"max-video-preview:-1"},"canonical":"https:\/\/www.rri.ro\/es\/panorama-rumano\/paseo-cultural\/presentacion-del-libro-cadenas-y-terror-un-obispo-greco-catolico-clandestino-en-la-persecucion-comunista-en-rumania-de-ioan-ploscaru-id1055754.html","og_locale":"es_ES","og_type":"article","og_title":"Presentaci\u00f3n del libro \u00abCadenas y terror: Un obispo greco-cat\u00f3lico clandestino en la persecuci\u00f3n comunista en Ruman\u00eda\u00bb de Ioan Ploscaru - Radio Ruman\u00eda Internacional","og_description":"El pr\u00f3ximo 12 de septiembre, en el Aula Magna del Obispado de Orihuela &#8211; Alicante, Espa\u00f1a, se presentar\u00e1 el libro \u00abCadenas y terror: Un obispo greco-cat\u00f3lico clandestino en la persecuci\u00f3n comunista en Ruman\u00eda\u00bb de Ioan Ploscaru, traducido al espa\u00f1ol por el padre Daniel Laz\u0103r, sacerdote greco-cat\u00f3lico de la Iglesia rumana unida a Roma. El padre [&hellip;]","og_url":"https:\/\/www.rri.ro\/es\/panorama-rumano\/paseo-cultural\/presentacion-del-libro-cadenas-y-terror-un-obispo-greco-catolico-clandestino-en-la-persecucion-comunista-en-rumania-de-ioan-ploscaru-id1055754.html","og_site_name":"Radio Ruman\u00eda Internacional","article_published_time":"2026-09-01T14:43:11+00:00","og_image":[{"width":1280,"height":720,"url":"https:\/\/www.rri.ro\/wp-content\/uploads\/2026\/09\/Preotul-Radu-Bokor-foto-arhiva-personala.jpg","type":"image\/jpeg"}],"author":"Monica Tar\u0103u","twitter_card":"summary_large_image","twitter_misc":{"Escrito por":"Monica Tar\u0103u","Tiempo de lectura":"1 minuto","Written by":"Monica Tar\u0103u"},"schema":{"@context":"https:\/\/schema.org","@graph":[{"@type":"Article","@id":"https:\/\/www.rri.ro\/es\/panorama-rumano\/paseo-cultural\/presentacion-del-libro-cadenas-y-terror-un-obispo-greco-catolico-clandestino-en-la-persecucion-comunista-en-rumania-de-ioan-ploscaru-id1055754.html#article","isPartOf":{"@id":"https:\/\/www.rri.ro\/es\/panorama-rumano\/paseo-cultural\/presentacion-del-libro-cadenas-y-terror-un-obispo-greco-catolico-clandestino-en-la-persecucion-comunista-en-rumania-de-ioan-ploscaru-id1055754.html"},"author":{"name":"Monica Tar\u0103u","@id":"https:\/\/www.rri.ro\/#\/schema\/person\/bcfb9bd03936efd8c393a7e62bae417a"},"headline":"Presentaci\u00f3n del libro \u00abCadenas y terror: Un obispo greco-cat\u00f3lico clandestino en la persecuci\u00f3n comunista en Ruman\u00eda\u00bb de Ioan Ploscaru","datePublished":"2026-09-01T14:43:11+00:00","mainEntityOfPage":{"@id":"https:\/\/www.rri.ro\/es\/panorama-rumano\/paseo-cultural\/presentacion-del-libro-cadenas-y-terror-un-obispo-greco-catolico-clandestino-en-la-persecucion-comunista-en-rumania-de-ioan-ploscaru-id1055754.html"},"wordCount":148,"image":{"@id":"https:\/\/www.rri.ro\/es\/panorama-rumano\/paseo-cultural\/presentacion-del-libro-cadenas-y-terror-un-obispo-greco-catolico-clandestino-en-la-persecucion-comunista-en-rumania-de-ioan-ploscaru-id1055754.html#primaryimage"},"thumbnailUrl":"https:\/\/www.rri.ro\/wp-content\/uploads\/2026\/09\/Preotul-Radu-Bokor-foto-arhiva-personala.jpg","keywords":["Alicante","comunidad rumana greco-cat\u00f3lica en Espa\u00f1a","Ioan Ploscaru","Radu Bokor","Rumania"],"articleSection":["Paseo\u00a0cultural"],"inLanguage":"es"},{"@type":"WebPage","@id":"https:\/\/www.rri.ro\/es\/panorama-rumano\/paseo-cultural\/presentacion-del-libro-cadenas-y-terror-un-obispo-greco-catolico-clandestino-en-la-persecucion-comunista-en-rumania-de-ioan-ploscaru-id1055754.html","url":"https:\/\/www.rri.ro\/es\/panorama-rumano\/paseo-cultural\/presentacion-del-libro-cadenas-y-terror-un-obispo-greco-catolico-clandestino-en-la-persecucion-comunista-en-rumania-de-ioan-ploscaru-id1055754.html","name":"Presentaci\u00f3n del libro \u00abCadenas y terror: Un obispo greco-cat\u00f3lico clandestino en la persecuci\u00f3n comunista en Ruman\u00eda\u00bb de Ioan Ploscaru - Radio Ruman\u00eda Internacional","isPartOf":{"@id":"https:\/\/www.rri.ro\/#website"},"primaryImageOfPage":{"@id":"https:\/\/www.rri.ro\/es\/panorama-rumano\/paseo-cultural\/presentacion-del-libro-cadenas-y-terror-un-obispo-greco-catolico-clandestino-en-la-persecucion-comunista-en-rumania-de-ioan-ploscaru-id1055754.html#primaryimage"},"image":{"@id":"https:\/\/www.rri.ro\/es\/panorama-rumano\/paseo-cultural\/presentacion-del-libro-cadenas-y-terror-un-obispo-greco-catolico-clandestino-en-la-persecucion-comunista-en-rumania-de-ioan-ploscaru-id1055754.html#primaryimage"},"thumbnailUrl":"https:\/\/www.rri.ro\/wp-content\/uploads\/2026\/09\/Preotul-Radu-Bokor-foto-arhiva-personala.jpg","datePublished":"2026-09-01T14:43:11+00:00","author":{"@id":"https:\/\/www.rri.ro\/#\/schema\/person\/bcfb9bd03936efd8c393a7e62bae417a"},"breadcrumb":{"@id":"https:\/\/www.rri.ro\/es\/panorama-rumano\/paseo-cultural\/presentacion-del-libro-cadenas-y-terror-un-obispo-greco-catolico-clandestino-en-la-persecucion-comunista-en-rumania-de-ioan-ploscaru-id1055754.html#breadcrumb"},"inLanguage":"es","potentialAction":[{"@type":"ReadAction","target":["https:\/\/www.rri.ro\/es\/panorama-rumano\/paseo-cultural\/presentacion-del-libro-cadenas-y-terror-un-obispo-greco-catolico-clandestino-en-la-persecucion-comunista-en-rumania-de-ioan-ploscaru-id1055754.html"]}]},{"@type":"ImageObject","inLanguage":"es","@id":"https:\/\/www.rri.ro\/es\/panorama-rumano\/paseo-cultural\/presentacion-del-libro-cadenas-y-terror-un-obispo-greco-catolico-clandestino-en-la-persecucion-comunista-en-rumania-de-ioan-ploscaru-id1055754.html#primaryimage","url":"https:\/\/www.rri.ro\/wp-content\/uploads\/2026\/09\/Preotul-Radu-Bokor-foto-arhiva-personala.jpg","contentUrl":"https:\/\/www.rri.ro\/wp-content\/uploads\/2026\/09\/Preotul-Radu-Bokor-foto-arhiva-personala.jpg","width":1280,"height":720},{"@type":"BreadcrumbList","@id":"https:\/\/www.rri.ro\/es\/panorama-rumano\/paseo-cultural\/presentacion-del-libro-cadenas-y-terror-un-obispo-greco-catolico-clandestino-en-la-persecucion-comunista-en-rumania-de-ioan-ploscaru-id1055754.html#breadcrumb","itemListElement":[{"@type":"ListItem","position":1,"name":"P\u00e1gina de inicio","item":"https:\/\/www.rri.ro\/es"},{"@type":"ListItem","position":2,"name":"Panorama rumano","item":"https:\/\/www.rri.ro\/es\/panorama-rumano"},{"@type":"ListItem","position":3,"name":"Paseo\u00a0cultural","item":"https:\/\/www.rri.ro\/es\/panorama-rumano\/paseo-cultural"},{"@type":"ListItem","position":4,"name":"Presentaci\u00f3n del libro \u00abCadenas y terror: Un obispo greco-cat\u00f3lico clandestino en la persecuci\u00f3n comunista en Ruman\u00eda\u00bb de Ioan Ploscaru"}]},{"@type":"WebSite","@id":"https:\/\/www.rri.ro\/#website","url":"https:\/\/www.rri.ro\/","name":"Radio Ruman\u00eda Internacional","description":"Totul despre Rom\u00e2nia \u015fi rom\u00e2ni, \u00een 13 limbi\/dialecte!","inLanguage":"es"},{"@type":"Person","@id":"https:\/\/www.rri.ro\/#\/schema\/person\/bcfb9bd03936efd8c393a7e62bae417a","name":"Monica Tar\u0103u","url":"https:\/\/www.rri.ro\/es\/author\/monica-tarau"}]}},"_links":{"self":[{"href":"https:\/\/www.rri.ro\/es\/wp-json\/wp\/v2\/posts\/1055754","targetHints":{"allow":["GET"]}}],"collection":[{"href":"https:\/\/www.rri.ro\/es\/wp-json\/wp\/v2\/posts"}],"about":[{"href":"https:\/\/www.rri.ro\/es\/wp-json\/wp\/v2\/types\/post"}],"author":[{"embeddable":true,"href":"https:\/\/www.rri.ro\/es\/wp-json\/wp\/v2\/users\/61"}],"replies":[{"embeddable":true,"href":"https:\/\/www.rri.ro\/es\/wp-json\/wp\/v2\/comments?post=1055754"}],"version-history":[{"count":1,"href":"https:\/\/www.rri.ro\/es\/wp-json\/wp\/v2\/posts\/1055754\/revisions"}],"predecessor-version":[{"id":1055756,"href":"https:\/\/www.rri.ro\/es\/wp-json\/wp\/v2\/posts\/1055754\/revisions\/1055756"}],"wp:featuredmedia":[{"embeddable":true,"href":"https:\/\/www.rri.ro\/es\/wp-json\/wp\/v2\/media\/1055591"}],"wp:attachment":[{"href":"https:\/\/www.rri.ro\/es\/wp-json\/wp\/v2\/media?parent=1055754"}],"wp:term":[{"taxonomy":"category","embeddable":true,"href":"https:\/\/www.rri.ro\/es\/wp-json\/wp\/v2\/categories?post=1055754"},{"taxonomy":"post_tag","embeddable":true,"href":"https:\/\/www.rri.ro\/es\/wp-json\/wp\/v2\/tags?post=1055754"},{"taxonomy":"author","embeddable":true,"href":"https:\/\/www.rri.ro\/es\/wp-json\/wp\/v2\/coauthors?post=1055754"}],"curies":[{"name":"wp","href":"https:\/\/api.w.org\/{rel}","templated":true}]}}