{"id":1055877,"date":"2026-09-02T10:50:38","date_gmt":"2026-09-02T07:50:38","guid":{"rendered":"https:\/\/www.rri.ro\/?p=1055877"},"modified":"2026-09-02T10:50:38","modified_gmt":"2026-09-02T07:50:38","slug":"reunion-anual-de-la-diplomacia-rumana","status":"publish","type":"post","link":"https:\/\/www.rri.ro\/es\/actualidad\/en-portada\/reunion-anual-de-la-diplomacia-rumana-id1055877.html","title":{"rendered":"Reuni\u00f3n anual de la diplomacia rumana"},"content":{"rendered":"<p>Ruman\u00eda contribuye a la seguridad transatl\u00e1ntica, al Flanco Oriental y a la regi\u00f3n en la que nos encontramos, ha declarado el presidente Nicu\u015for Dan en el discurso que ha pronunciado en Bucarest ante el cuerpo diplom\u00e1tico, con motivo de la Reuni\u00f3n Anual de la Diplomacia Rumana (RADR). El jefe de Estado se ha referido a los grandes proyectos de interconexi\u00f3n regional y ha anunciado que la explotaci\u00f3n de los yacimientos de gas de Neptun Deep (mar Negro) comenzar\u00e1 el a\u00f1o que viene. Adem\u00e1s, el presidente se refiri\u00f3 tambi\u00e9n a la urgencia de resolver algunos atrasos administrativos en el sistema. En su opini\u00f3n, las tres prioridades de la diplomacia rumana son la consolidaci\u00f3n de la seguridad, las comunidades rumanas fuera de las fronteras y la diplomacia econ\u00f3mica. Nicu\u015for Dan:<\/p>\n<blockquote><p>\u00abEn nuestras acciones de este a\u00f1o, hemos intentado consolidar nuestro papel en los foros multilaterales de seguridad de los que formamos parte, y el mensaje es que Ruman\u00eda contribuye a la seguridad transatl\u00e1ntica, al flanco oriental y a la regi\u00f3n m\u00e1s reducida en la que nos encontramos\u00bb.<\/p><\/blockquote>\n<p>Ha recordado que este a\u00f1o se ha celebrado en Bucarest la Cumbre del B9, con la participaci\u00f3n del secretario general de la OTAN y representantes de EE. UU. y Ucrania, y que, tras la reuni\u00f3n de alto nivel, se emiti\u00f3 una importante declaraci\u00f3n de cara a la Cumbre de la OTAN de Ankara. Ante los diplom\u00e1ticos reunidos en el Palacio de Cotroceni, Nicu\u015for Dan ha destacado que la asociaci\u00f3n con los Estados Unidos de Am\u00e9rica es muy importante para Ruman\u00eda y que, adem\u00e1s, se desea una presencia econ\u00f3mica m\u00e1s s\u00f3lida de las empresas estadounidenses en nuestro pa\u00eds. Asimismo, ha se\u00f1alado que el mar Negro es importante para la seguridad de Ruman\u00eda, de Europa y, a largo plazo, para las relaciones econ\u00f3micas con la regi\u00f3n del Caspio y Asia. Nicu\u015for Dan:<\/p>\n<blockquote><p>\u00abEstamos avanzando en el centro europeo de seguridad mar\u00edtima y el a\u00f1o que viene comenzaremos la explotaci\u00f3n de Neptun Deep. Avanzamos en lo que respecta a las interconexiones energ\u00e9ticas con los pa\u00edses de la regi\u00f3n, y cada uno de estos instrumentos forma parte de nuestra pol\u00edtica de seguridad\u00bb.<\/p><\/blockquote>\n<p>Nicu\u015for Dan ha afirmado adem\u00e1s que espera que, en el futuro, se resuelvan una serie de problemas administrativos de la diplomacia rumana, como, por ejemplo, la situaci\u00f3n de algunas sedes y el retraso en la rotaci\u00f3n de los diplom\u00e1ticos. Al mismo tiempo, el jefe de Estado ha reiterado el apoyo que Rumania ofrece a la integraci\u00f3n de la Rep\u00fablica de Moldavia y Ucrania, as\u00ed como de los pa\u00edses de los Balcanes Occidentales.<\/p>\n<p>Asimismo, ha afirmado que la relaci\u00f3n con la Rep\u00fablica de Moldavia sigue siendo extremadamente importante para la pol\u00edtica exterior rumana. En lo que respecta a la diplomacia econ\u00f3mica, Nicu\u015for Dan ha se\u00f1alado que se est\u00e1n abriendo nuevas oportunidades gracias a los tratados firmados por la Uni\u00f3n Europea con el Mercosur, la India, Indonesia, Australia y otros mercados importantes.<\/p>\n<p>Los diplom\u00e1ticos rumanos se reunieron tambi\u00e9n con el primer ministro interino, Ilie Bolojan, quien valor\u00f3 positivamente su contribuci\u00f3n decisiva a la promoci\u00f3n de los intereses nacionales en el \u00e1mbito exterior.<\/p>\n<p>Versi\u00f3n en espa\u00f1ol: Monica Tar\u0103u<\/p>\n","protected":false},"excerpt":{"rendered":"<p>Ruman\u00eda contribuye a la seguridad transatl\u00e1ntica, al Flanco Oriental y a la regi\u00f3n en la que nos encontramos, ha declarado el presidente Nicu\u015for Dan en el discurso que ha pronunciado en Bucarest ante el cuerpo diplom\u00e1tico, con motivo de la Reuni\u00f3n Anual de la Diplomacia Rumana (RADR). El jefe de Estado se ha referido a [&hellip;]<\/p>\n","protected":false},"author":106,"featured_media":1055852,"comment_status":"closed","ping_status":"closed","sticky":false,"template":"","format":"standard","meta":{"_acf_changed":false,"footnotes":""},"categories":[23],"tags":[195998,151994,146555,150496,151939,48949],"coauthors":[113311],"class_list":["post-1055877","post","type-post","status-publish","format-standard","has-post-thumbnail","hentry","category-en-portada","tag-cuerpo-diplomatico","tag-diplomacia-rumana","tag-nicusor-dan-es","tag-presidente-de-rumania","tag-reunion-anual","tag-rumania"],"acf":[],"yoast_head":"<!-- This site is optimized with the Yoast SEO plugin v28.2 - https:\/\/yoast.com\/product\/yoast-seo-wordpress\/ -->\n<title>Reuni\u00f3n anual de la diplomacia rumana - Radio Ruman\u00eda Internacional<\/title>\n<meta name=\"robots\" content=\"index, follow, max-snippet:-1, max-image-preview:large, max-video-preview:-1\" \/>\n<link rel=\"canonical\" href=\"https:\/\/www.rri.ro\/es\/actualidad\/en-portada\/reunion-anual-de-la-diplomacia-rumana-id1055877.html\" \/>\n<meta property=\"og:locale\" content=\"es_ES\" \/>\n<meta property=\"og:type\" content=\"article\" \/>\n<meta property=\"og:title\" content=\"Reuni\u00f3n anual de la diplomacia rumana - Radio Ruman\u00eda Internacional\" \/>\n<meta property=\"og:description\" content=\"Ruman\u00eda contribuye a la seguridad transatl\u00e1ntica, al Flanco Oriental y a la regi\u00f3n en la que nos encontramos, ha declarado el presidente Nicu\u015for Dan en el discurso que ha pronunciado en Bucarest ante el cuerpo diplom\u00e1tico, con motivo de la Reuni\u00f3n Anual de la Diplomacia Rumana (RADR). El jefe de Estado se ha referido a [&hellip;]\" \/>\n<meta property=\"og:url\" content=\"https:\/\/www.rri.ro\/es\/actualidad\/en-portada\/reunion-anual-de-la-diplomacia-rumana-id1055877.html\" \/>\n<meta property=\"og:site_name\" content=\"Radio Ruman\u00eda Internacional\" \/>\n<meta property=\"article:published_time\" content=\"2026-09-02T07:50:38+00:00\" \/>\n<meta property=\"og:image\" content=\"https:\/\/www.rri.ro\/wp-content\/uploads\/2026\/09\/Nicusor-Dan-discurs-RADR-2026-presidency-ro.jpg\" \/>\n\t<meta property=\"og:image:width\" content=\"1280\" \/>\n\t<meta property=\"og:image:height\" content=\"720\" \/>\n\t<meta property=\"og:image:type\" content=\"image\/jpeg\" \/>\n<meta name=\"author\" content=\"Mihai Pelin\" \/>\n<meta name=\"twitter:card\" content=\"summary_large_image\" \/>\n<meta name=\"twitter:label1\" content=\"Escrito por\" \/>\n\t<meta name=\"twitter:data1\" content=\"Mihai Pelin\" \/>\n\t<meta name=\"twitter:label2\" content=\"Tiempo de lectura\" \/>\n\t<meta name=\"twitter:data2\" content=\"3 minutos\" \/>\n\t<meta name=\"twitter:label3\" content=\"Written by\" \/>\n\t<meta name=\"twitter:data3\" content=\"Mihai Pelin\" \/>\n<script type=\"application\/ld+json\" class=\"yoast-schema-graph\">{\"@context\":\"https:\\\/\\\/schema.org\",\"@graph\":[{\"@type\":\"Article\",\"@id\":\"https:\\\/\\\/www.rri.ro\\\/es\\\/actualidad\\\/en-portada\\\/reunion-anual-de-la-diplomacia-rumana-id1055877.html#article\",\"isPartOf\":{\"@id\":\"https:\\\/\\\/www.rri.ro\\\/es\\\/actualidad\\\/en-portada\\\/reunion-anual-de-la-diplomacia-rumana-id1055877.html\"},\"author\":{\"name\":\"Mihai Pelin\",\"@id\":\"https:\\\/\\\/www.rri.ro\\\/#\\\/schema\\\/person\\\/c6036c822534c855dc3aad41a484f05d\"},\"headline\":\"Reuni\u00f3n anual de la diplomacia rumana\",\"datePublished\":\"2026-09-02T07:50:38+00:00\",\"mainEntityOfPage\":{\"@id\":\"https:\\\/\\\/www.rri.ro\\\/es\\\/actualidad\\\/en-portada\\\/reunion-anual-de-la-diplomacia-rumana-id1055877.html\"},\"wordCount\":594,\"image\":{\"@id\":\"https:\\\/\\\/www.rri.ro\\\/es\\\/actualidad\\\/en-portada\\\/reunion-anual-de-la-diplomacia-rumana-id1055877.html#primaryimage\"},\"thumbnailUrl\":\"https:\\\/\\\/www.rri.ro\\\/wp-content\\\/uploads\\\/2026\\\/09\\\/Nicusor-Dan-discurs-RADR-2026-presidency-ro.jpg\",\"keywords\":[\"cuerpo diplom\u00e1tico\",\"diplomacia rumana\",\"Nicusor Dan\",\"presidente de Ruman\u00eda\",\"reuni\u00f3n anual\",\"Rumania\"],\"articleSection\":[\"En portada\"],\"inLanguage\":\"es\"},{\"@type\":\"WebPage\",\"@id\":\"https:\\\/\\\/www.rri.ro\\\/es\\\/actualidad\\\/en-portada\\\/reunion-anual-de-la-diplomacia-rumana-id1055877.html\",\"url\":\"https:\\\/\\\/www.rri.ro\\\/es\\\/actualidad\\\/en-portada\\\/reunion-anual-de-la-diplomacia-rumana-id1055877.html\",\"name\":\"Reuni\u00f3n anual de la diplomacia rumana - Radio Ruman\u00eda Internacional\",\"isPartOf\":{\"@id\":\"https:\\\/\\\/www.rri.ro\\\/#website\"},\"primaryImageOfPage\":{\"@id\":\"https:\\\/\\\/www.rri.ro\\\/es\\\/actualidad\\\/en-portada\\\/reunion-anual-de-la-diplomacia-rumana-id1055877.html#primaryimage\"},\"image\":{\"@id\":\"https:\\\/\\\/www.rri.ro\\\/es\\\/actualidad\\\/en-portada\\\/reunion-anual-de-la-diplomacia-rumana-id1055877.html#primaryimage\"},\"thumbnailUrl\":\"https:\\\/\\\/www.rri.ro\\\/wp-content\\\/uploads\\\/2026\\\/09\\\/Nicusor-Dan-discurs-RADR-2026-presidency-ro.jpg\",\"datePublished\":\"2026-09-02T07:50:38+00:00\",\"author\":{\"@id\":\"https:\\\/\\\/www.rri.ro\\\/#\\\/schema\\\/person\\\/c6036c822534c855dc3aad41a484f05d\"},\"breadcrumb\":{\"@id\":\"https:\\\/\\\/www.rri.ro\\\/es\\\/actualidad\\\/en-portada\\\/reunion-anual-de-la-diplomacia-rumana-id1055877.html#breadcrumb\"},\"inLanguage\":\"es\",\"potentialAction\":[{\"@type\":\"ReadAction\",\"target\":[\"https:\\\/\\\/www.rri.ro\\\/es\\\/actualidad\\\/en-portada\\\/reunion-anual-de-la-diplomacia-rumana-id1055877.html\"]}]},{\"@type\":\"ImageObject\",\"inLanguage\":\"es\",\"@id\":\"https:\\\/\\\/www.rri.ro\\\/es\\\/actualidad\\\/en-portada\\\/reunion-anual-de-la-diplomacia-rumana-id1055877.html#primaryimage\",\"url\":\"https:\\\/\\\/www.rri.ro\\\/wp-content\\\/uploads\\\/2026\\\/09\\\/Nicusor-Dan-discurs-RADR-2026-presidency-ro.jpg\",\"contentUrl\":\"https:\\\/\\\/www.rri.ro\\\/wp-content\\\/uploads\\\/2026\\\/09\\\/Nicusor-Dan-discurs-RADR-2026-presidency-ro.jpg\",\"width\":1280,\"height\":720,\"caption\":\"Pre;edintele Dan,\"},{\"@type\":\"BreadcrumbList\",\"@id\":\"https:\\\/\\\/www.rri.ro\\\/es\\\/actualidad\\\/en-portada\\\/reunion-anual-de-la-diplomacia-rumana-id1055877.html#breadcrumb\",\"itemListElement\":[{\"@type\":\"ListItem\",\"position\":1,\"name\":\"P\u00e1gina de inicio\",\"item\":\"https:\\\/\\\/www.rri.ro\\\/es\"},{\"@type\":\"ListItem\",\"position\":2,\"name\":\"Actualidad\",\"item\":\"https:\\\/\\\/www.rri.ro\\\/es\\\/actualidad\"},{\"@type\":\"ListItem\",\"position\":3,\"name\":\"En portada\",\"item\":\"https:\\\/\\\/www.rri.ro\\\/es\\\/actualidad\\\/en-portada\"},{\"@type\":\"ListItem\",\"position\":4,\"name\":\"Reuni\u00f3n anual de la diplomacia rumana\"}]},{\"@type\":\"WebSite\",\"@id\":\"https:\\\/\\\/www.rri.ro\\\/#website\",\"url\":\"https:\\\/\\\/www.rri.ro\\\/\",\"name\":\"Radio Ruman\u00eda Internacional\",\"description\":\"Totul despre Rom\u00e2nia \u015fi rom\u00e2ni, \u00een 13 limbi\\\/dialecte!\",\"inLanguage\":\"es\"},{\"@type\":\"Person\",\"@id\":\"https:\\\/\\\/www.rri.ro\\\/#\\\/schema\\\/person\\\/c6036c822534c855dc3aad41a484f05d\",\"name\":\"Mihai Pelin\",\"url\":\"https:\\\/\\\/www.rri.ro\\\/es\\\/author\\\/mihai-pelin\"}]}<\/script>\n<!-- \/ Yoast SEO plugin. -->","yoast_head_json":{"title":"Reuni\u00f3n anual de la diplomacia rumana - Radio Ruman\u00eda Internacional","robots":{"index":"index","follow":"follow","max-snippet":"max-snippet:-1","max-image-preview":"max-image-preview:large","max-video-preview":"max-video-preview:-1"},"canonical":"https:\/\/www.rri.ro\/es\/actualidad\/en-portada\/reunion-anual-de-la-diplomacia-rumana-id1055877.html","og_locale":"es_ES","og_type":"article","og_title":"Reuni\u00f3n anual de la diplomacia rumana - Radio Ruman\u00eda Internacional","og_description":"Ruman\u00eda contribuye a la seguridad transatl\u00e1ntica, al Flanco Oriental y a la regi\u00f3n en la que nos encontramos, ha declarado el presidente Nicu\u015for Dan en el discurso que ha pronunciado en Bucarest ante el cuerpo diplom\u00e1tico, con motivo de la Reuni\u00f3n Anual de la Diplomacia Rumana (RADR). El jefe de Estado se ha referido a [&hellip;]","og_url":"https:\/\/www.rri.ro\/es\/actualidad\/en-portada\/reunion-anual-de-la-diplomacia-rumana-id1055877.html","og_site_name":"Radio Ruman\u00eda Internacional","article_published_time":"2026-09-02T07:50:38+00:00","og_image":[{"width":1280,"height":720,"url":"https:\/\/www.rri.ro\/wp-content\/uploads\/2026\/09\/Nicusor-Dan-discurs-RADR-2026-presidency-ro.jpg","type":"image\/jpeg"}],"author":"Mihai Pelin","twitter_card":"summary_large_image","twitter_misc":{"Escrito por":"Mihai Pelin","Tiempo de lectura":"3 minutos","Written by":"Mihai Pelin"},"schema":{"@context":"https:\/\/schema.org","@graph":[{"@type":"Article","@id":"https:\/\/www.rri.ro\/es\/actualidad\/en-portada\/reunion-anual-de-la-diplomacia-rumana-id1055877.html#article","isPartOf":{"@id":"https:\/\/www.rri.ro\/es\/actualidad\/en-portada\/reunion-anual-de-la-diplomacia-rumana-id1055877.html"},"author":{"name":"Mihai Pelin","@id":"https:\/\/www.rri.ro\/#\/schema\/person\/c6036c822534c855dc3aad41a484f05d"},"headline":"Reuni\u00f3n anual de la diplomacia rumana","datePublished":"2026-09-02T07:50:38+00:00","mainEntityOfPage":{"@id":"https:\/\/www.rri.ro\/es\/actualidad\/en-portada\/reunion-anual-de-la-diplomacia-rumana-id1055877.html"},"wordCount":594,"image":{"@id":"https:\/\/www.rri.ro\/es\/actualidad\/en-portada\/reunion-anual-de-la-diplomacia-rumana-id1055877.html#primaryimage"},"thumbnailUrl":"https:\/\/www.rri.ro\/wp-content\/uploads\/2026\/09\/Nicusor-Dan-discurs-RADR-2026-presidency-ro.jpg","keywords":["cuerpo diplom\u00e1tico","diplomacia rumana","Nicusor Dan","presidente de Ruman\u00eda","reuni\u00f3n anual","Rumania"],"articleSection":["En portada"],"inLanguage":"es"},{"@type":"WebPage","@id":"https:\/\/www.rri.ro\/es\/actualidad\/en-portada\/reunion-anual-de-la-diplomacia-rumana-id1055877.html","url":"https:\/\/www.rri.ro\/es\/actualidad\/en-portada\/reunion-anual-de-la-diplomacia-rumana-id1055877.html","name":"Reuni\u00f3n anual de la diplomacia rumana - Radio Ruman\u00eda Internacional","isPartOf":{"@id":"https:\/\/www.rri.ro\/#website"},"primaryImageOfPage":{"@id":"https:\/\/www.rri.ro\/es\/actualidad\/en-portada\/reunion-anual-de-la-diplomacia-rumana-id1055877.html#primaryimage"},"image":{"@id":"https:\/\/www.rri.ro\/es\/actualidad\/en-portada\/reunion-anual-de-la-diplomacia-rumana-id1055877.html#primaryimage"},"thumbnailUrl":"https:\/\/www.rri.ro\/wp-content\/uploads\/2026\/09\/Nicusor-Dan-discurs-RADR-2026-presidency-ro.jpg","datePublished":"2026-09-02T07:50:38+00:00","author":{"@id":"https:\/\/www.rri.ro\/#\/schema\/person\/c6036c822534c855dc3aad41a484f05d"},"breadcrumb":{"@id":"https:\/\/www.rri.ro\/es\/actualidad\/en-portada\/reunion-anual-de-la-diplomacia-rumana-id1055877.html#breadcrumb"},"inLanguage":"es","potentialAction":[{"@type":"ReadAction","target":["https:\/\/www.rri.ro\/es\/actualidad\/en-portada\/reunion-anual-de-la-diplomacia-rumana-id1055877.html"]}]},{"@type":"ImageObject","inLanguage":"es","@id":"https:\/\/www.rri.ro\/es\/actualidad\/en-portada\/reunion-anual-de-la-diplomacia-rumana-id1055877.html#primaryimage","url":"https:\/\/www.rri.ro\/wp-content\/uploads\/2026\/09\/Nicusor-Dan-discurs-RADR-2026-presidency-ro.jpg","contentUrl":"https:\/\/www.rri.ro\/wp-content\/uploads\/2026\/09\/Nicusor-Dan-discurs-RADR-2026-presidency-ro.jpg","width":1280,"height":720,"caption":"Pre;edintele Dan,"},{"@type":"BreadcrumbList","@id":"https:\/\/www.rri.ro\/es\/actualidad\/en-portada\/reunion-anual-de-la-diplomacia-rumana-id1055877.html#breadcrumb","itemListElement":[{"@type":"ListItem","position":1,"name":"P\u00e1gina de inicio","item":"https:\/\/www.rri.ro\/es"},{"@type":"ListItem","position":2,"name":"Actualidad","item":"https:\/\/www.rri.ro\/es\/actualidad"},{"@type":"ListItem","position":3,"name":"En portada","item":"https:\/\/www.rri.ro\/es\/actualidad\/en-portada"},{"@type":"ListItem","position":4,"name":"Reuni\u00f3n anual de la diplomacia rumana"}]},{"@type":"WebSite","@id":"https:\/\/www.rri.ro\/#website","url":"https:\/\/www.rri.ro\/","name":"Radio Ruman\u00eda Internacional","description":"Totul despre Rom\u00e2nia \u015fi rom\u00e2ni, \u00een 13 limbi\/dialecte!","inLanguage":"es"},{"@type":"Person","@id":"https:\/\/www.rri.ro\/#\/schema\/person\/c6036c822534c855dc3aad41a484f05d","name":"Mihai Pelin","url":"https:\/\/www.rri.ro\/es\/author\/mihai-pelin"}]}},"_links":{"self":[{"href":"https:\/\/www.rri.ro\/es\/wp-json\/wp\/v2\/posts\/1055877","targetHints":{"allow":["GET"]}}],"collection":[{"href":"https:\/\/www.rri.ro\/es\/wp-json\/wp\/v2\/posts"}],"about":[{"href":"https:\/\/www.rri.ro\/es\/wp-json\/wp\/v2\/types\/post"}],"author":[{"embeddable":true,"href":"https:\/\/www.rri.ro\/es\/wp-json\/wp\/v2\/users\/106"}],"replies":[{"embeddable":true,"href":"https:\/\/www.rri.ro\/es\/wp-json\/wp\/v2\/comments?post=1055877"}],"version-history":[{"count":1,"href":"https:\/\/www.rri.ro\/es\/wp-json\/wp\/v2\/posts\/1055877\/revisions"}],"predecessor-version":[{"id":1055879,"href":"https:\/\/www.rri.ro\/es\/wp-json\/wp\/v2\/posts\/1055877\/revisions\/1055879"}],"wp:featuredmedia":[{"embeddable":true,"href":"https:\/\/www.rri.ro\/es\/wp-json\/wp\/v2\/media\/1055852"}],"wp:attachment":[{"href":"https:\/\/www.rri.ro\/es\/wp-json\/wp\/v2\/media?parent=1055877"}],"wp:term":[{"taxonomy":"category","embeddable":true,"href":"https:\/\/www.rri.ro\/es\/wp-json\/wp\/v2\/categories?post=1055877"},{"taxonomy":"post_tag","embeddable":true,"href":"https:\/\/www.rri.ro\/es\/wp-json\/wp\/v2\/tags?post=1055877"},{"taxonomy":"author","embeddable":true,"href":"https:\/\/www.rri.ro\/es\/wp-json\/wp\/v2\/coauthors?post=1055877"}],"curies":[{"name":"wp","href":"https:\/\/api.w.org\/{rel}","templated":true}]}}