{"id":1055932,"date":"2026-09-02T13:38:36","date_gmt":"2026-09-02T10:38:36","guid":{"rendered":"https:\/\/www.rri.ro\/?p=1055932"},"modified":"2026-09-02T13:38:36","modified_gmt":"2026-09-02T10:38:36","slug":"avance-informativo-02-09-2026","status":"publish","type":"post","link":"https:\/\/www.rri.ro\/es\/actualidad\/noticias\/avance-informativo-02-09-2026-id1055932.html","title":{"rendered":"Avance informativo, 02.09.2026"},"content":{"rendered":"<p>Titulares:<\/p>\n<p>En Ruman\u00eda, los l\u00edderes de los partidos con representaci\u00f3n parlamentaria esperan que el presidente Nicu\u015for Dan los convoque de nuevo a las consultas para la formaci\u00f3n de un nuevo Gobierno.<\/p>\n<p>La ministra de Asuntos Exteriores en funciones de Ruman\u00eda, Oana \u0162oiu, participa hoy en la reuni\u00f3n informal de ministros de Asuntos Exteriores de la UE en Wicklow (Irlanda).<\/p>\n<p>La tenista rumana Sorana C\u00eerstea se enfrenta hoy a la francesa Diane Parry en la segunda ronda del US Open, el \u00faltimo torneo de Grand Slam del a\u00f1o.<\/p>\n<p>&nbsp;<\/p>\n<p>Gobierno: En Ruman\u00eda, los l\u00edderes de los partidos con representaci\u00f3n parlamentaria esperan que el presidente Nicu\u015for Dan los convoque de nuevo para formar un nuevo Gobierno, en un contexto en el que la sesi\u00f3n parlamentaria de oto\u00f1o comenz\u00f3 el martes sin una mayor\u00eda clara. Seg\u00fan los analistas pol\u00edticos, el PNL y la USR, ambos de derechas y que, junto con la UDMR, sostienen el Gobierno interino, se niegan rotundamente a formar parte de un Ejecutivo junto al PSD (de izquierdas), que sali\u00f3 del Gobierno hace unos meses. El PSD ha anunciado que tomar\u00e1 una decisi\u00f3n tras el nombramiento del primer ministro designado. Por su parte, la oposici\u00f3n nacionalista, representada por la AUR, que goza de un gran auge en las encuestas, propone la celebraci\u00f3n de elecciones anticipadas, ya que considera que es la \u00fanica v\u00eda para superar el actual estancamiento pol\u00edtico.<\/p>\n<p>&nbsp;<\/p>\n<p>Wicklow: La ministra de Asuntos Exteriores en funciones de Ruman\u00eda, Oana \u0162oiu, participa hoy tambi\u00e9n en la reuni\u00f3n informal de ministros de Asuntos Exteriores de la UE en Wicklow (Irlanda). La agenda de las conversaciones gira en torno a la respuesta de la UE a la agresi\u00f3n de Rusia contra Ucrania y a la situaci\u00f3n en Oriente Medio. Ayer, tambi\u00e9n en Wicklow, concluy\u00f3 una reuni\u00f3n similar de ministros de Defensa de los Estados miembros de la UE, en la que Ruman\u00eda estuvo representada por el ministro interino Radu Miru\u021b\u0103. Ambas reuniones se han organizado en el marco de la presidencia semestral del Consejo de la UE que ostenta Irlanda.<\/p>\n<p>&nbsp;<\/p>\n<p>Diplomacia: \u00abLa diplomacia, el ancla de un mundo en constante cambio\u00bb fue el lema de la Reuni\u00f3n Anual de la Diplomacia Rumana, un evento que reuni\u00f3 en Bucarest a los jefes de las misiones diplom\u00e1ticas y oficinas consulares de Ruman\u00eda de todo el mundo. En su discurso, el presidente Nicu\u015for Dan se\u00f1al\u00f3 que la diplomacia rumana tiene tres objetivos: la consolidaci\u00f3n de la seguridad, las comunidades rumanas fuera de las fronteras y la diplomacia econ\u00f3mica. Por su parte, la ministra de Asuntos Exteriores en funciones, Oana \u0162oiu, indic\u00f3 que la agenda de las conversaciones se centr\u00f3 en el crecimiento econ\u00f3mico, la seguridad y el fortalecimiento de la confianza y de la relaci\u00f3n con la di\u00e1spora. Los diplom\u00e1ticos tambi\u00e9n fueron recibidos por el primer ministro liberal en funciones, Ilie Bolojan.\u00a0 Este \u00faltimo destac\u00f3 el importante papel que han desempe\u00f1ado los equipos diplom\u00e1ticos, especialmente los de Bruselas, en las relaciones con las instituciones europeas y en el marco de la OTAN para la ejecuci\u00f3n de los programas PNRR y SAFE. Bolojan a\u00f1adi\u00f3 que la diplomacia econ\u00f3mica debe constituir un componente importante de la actividad exterior de Ruman\u00eda, pero que su eficacia depende, entre otras cosas, de la competitividad de la econom\u00eda nacional.<\/p>\n<p>&nbsp;<\/p>\n<p>Tenis: La tenista rumana Sorana C\u00eerstea se enfrenta hoy a la francesa Diane Parry en la segunda ronda del US Open, el \u00faltimo torneo del Grand Slam del a\u00f1o. En la primera ronda, C\u00eerstea (36 a\u00f1os), cabeza de serie n\u00famero 16 en el torneo neoyorquino, se impuso por 2-0 a la austriaca Julia Grabher, mientras que otra tenista rumana, Gabriela Ruse, cay\u00f3 en dos sets ante la estadounidense Jessica Pegula, tercera cabeza de serie. En 2026, C\u00eerstea alcanz\u00f3 la segunda ronda del Abierto de Australia, los cuartos de final de Roland Garros y la tercera ronda de Wimbledon.<\/p>\n","protected":false},"excerpt":{"rendered":"<p>Titulares: En Ruman\u00eda, los l\u00edderes de los partidos con representaci\u00f3n parlamentaria esperan que el presidente Nicu\u015for Dan los convoque de nuevo a las consultas para la formaci\u00f3n de un nuevo Gobierno. La ministra de Asuntos Exteriores en funciones de Ruman\u00eda, Oana \u0162oiu, participa hoy en la reuni\u00f3n informal de ministros de Asuntos Exteriores de la [&hellip;]<\/p>\n","protected":false},"author":113,"featured_media":723423,"comment_status":"closed","ping_status":"closed","sticky":false,"template":"","format":"standard","meta":{"_acf_changed":false,"footnotes":""},"categories":[49382],"tags":[192412,196007,139551],"coauthors":[116091],"class_list":["post-1055932","post","type-post","status-publish","format-standard","has-post-thumbnail","hentry","category-noticias","tag-formacion-de-un-nuevo-gobierno","tag-reunion-informal-de-ministros-de-asuntos-exteriores-de-la-ue-en-wicklow","tag-sorana-cirstea-es"],"acf":[],"yoast_head":"<!-- This site is optimized with the Yoast SEO plugin v28.2 - https:\/\/yoast.com\/product\/yoast-seo-wordpress\/ -->\n<title>Avance informativo, 02.09.2026 - Radio Ruman\u00eda Internacional<\/title>\n<meta name=\"description\" content=\"Las noticias m\u00e1s destacadas del momento.\" \/>\n<meta name=\"robots\" content=\"index, follow, max-snippet:-1, max-image-preview:large, max-video-preview:-1\" \/>\n<link rel=\"canonical\" href=\"https:\/\/www.rri.ro\/es\/actualidad\/noticias\/avance-informativo-02-09-2026-id1055932.html\" \/>\n<meta property=\"og:locale\" content=\"es_ES\" \/>\n<meta property=\"og:type\" content=\"article\" \/>\n<meta property=\"og:title\" content=\"Avance informativo, 02.09.2026 - Radio Ruman\u00eda Internacional\" \/>\n<meta property=\"og:description\" content=\"Las noticias m\u00e1s destacadas del momento.\" \/>\n<meta property=\"og:url\" content=\"https:\/\/www.rri.ro\/es\/actualidad\/noticias\/avance-informativo-02-09-2026-id1055932.html\" \/>\n<meta property=\"og:site_name\" content=\"Radio Ruman\u00eda Internacional\" \/>\n<meta property=\"article:published_time\" content=\"2026-09-02T10:38:36+00:00\" \/>\n<meta property=\"og:image\" content=\"https:\/\/www.rri.ro\/wp-content\/uploads\/2024\/03\/RRI-960x540-Noticias-2-NOU.jpg\" \/>\n\t<meta property=\"og:image:width\" content=\"960\" \/>\n\t<meta property=\"og:image:height\" content=\"540\" \/>\n\t<meta property=\"og:image:type\" content=\"image\/jpeg\" \/>\n<meta name=\"author\" content=\"Newsroom\" \/>\n<meta name=\"twitter:card\" content=\"summary_large_image\" \/>\n<meta name=\"twitter:label1\" content=\"Escrito por\" \/>\n\t<meta name=\"twitter:data1\" content=\"Newsroom\" \/>\n\t<meta name=\"twitter:label2\" content=\"Tiempo de lectura\" \/>\n\t<meta name=\"twitter:data2\" content=\"3 minutos\" \/>\n\t<meta name=\"twitter:label3\" content=\"Written by\" \/>\n\t<meta name=\"twitter:data3\" content=\"Newsroom\" \/>\n<script type=\"application\/ld+json\" class=\"yoast-schema-graph\">{\"@context\":\"https:\\\/\\\/schema.org\",\"@graph\":[{\"@type\":\"Article\",\"@id\":\"https:\\\/\\\/www.rri.ro\\\/es\\\/actualidad\\\/noticias\\\/avance-informativo-02-09-2026-id1055932.html#article\",\"isPartOf\":{\"@id\":\"https:\\\/\\\/www.rri.ro\\\/es\\\/actualidad\\\/noticias\\\/avance-informativo-02-09-2026-id1055932.html\"},\"author\":{\"name\":\"Newsroom\",\"@id\":\"https:\\\/\\\/www.rri.ro\\\/#\\\/schema\\\/person\\\/4a479940371b9fdefd194f561e8a7f88\"},\"headline\":\"Avance informativo, 02.09.2026\",\"datePublished\":\"2026-09-02T10:38:36+00:00\",\"mainEntityOfPage\":{\"@id\":\"https:\\\/\\\/www.rri.ro\\\/es\\\/actualidad\\\/noticias\\\/avance-informativo-02-09-2026-id1055932.html\"},\"wordCount\":694,\"image\":{\"@id\":\"https:\\\/\\\/www.rri.ro\\\/es\\\/actualidad\\\/noticias\\\/avance-informativo-02-09-2026-id1055932.html#primaryimage\"},\"thumbnailUrl\":\"https:\\\/\\\/www.rri.ro\\\/wp-content\\\/uploads\\\/2024\\\/03\\\/RRI-960x540-Noticias-2-NOU.jpg\",\"keywords\":[\"formaci\u00f3n de un nuevo Gobierno\",\"reuni\u00f3n informal de ministros de Asuntos Exteriores de la UE en Wicklow\",\"Sorana Cirstea\"],\"articleSection\":[\"Noticias\"],\"inLanguage\":\"es\"},{\"@type\":\"WebPage\",\"@id\":\"https:\\\/\\\/www.rri.ro\\\/es\\\/actualidad\\\/noticias\\\/avance-informativo-02-09-2026-id1055932.html\",\"url\":\"https:\\\/\\\/www.rri.ro\\\/es\\\/actualidad\\\/noticias\\\/avance-informativo-02-09-2026-id1055932.html\",\"name\":\"Avance informativo, 02.09.2026 - Radio Ruman\u00eda Internacional\",\"isPartOf\":{\"@id\":\"https:\\\/\\\/www.rri.ro\\\/#website\"},\"primaryImageOfPage\":{\"@id\":\"https:\\\/\\\/www.rri.ro\\\/es\\\/actualidad\\\/noticias\\\/avance-informativo-02-09-2026-id1055932.html#primaryimage\"},\"image\":{\"@id\":\"https:\\\/\\\/www.rri.ro\\\/es\\\/actualidad\\\/noticias\\\/avance-informativo-02-09-2026-id1055932.html#primaryimage\"},\"thumbnailUrl\":\"https:\\\/\\\/www.rri.ro\\\/wp-content\\\/uploads\\\/2024\\\/03\\\/RRI-960x540-Noticias-2-NOU.jpg\",\"datePublished\":\"2026-09-02T10:38:36+00:00\",\"author\":{\"@id\":\"https:\\\/\\\/www.rri.ro\\\/#\\\/schema\\\/person\\\/4a479940371b9fdefd194f561e8a7f88\"},\"description\":\"Las noticias m\u00e1s destacadas del momento.\",\"breadcrumb\":{\"@id\":\"https:\\\/\\\/www.rri.ro\\\/es\\\/actualidad\\\/noticias\\\/avance-informativo-02-09-2026-id1055932.html#breadcrumb\"},\"inLanguage\":\"es\",\"potentialAction\":[{\"@type\":\"ReadAction\",\"target\":[\"https:\\\/\\\/www.rri.ro\\\/es\\\/actualidad\\\/noticias\\\/avance-informativo-02-09-2026-id1055932.html\"]}]},{\"@type\":\"ImageObject\",\"inLanguage\":\"es\",\"@id\":\"https:\\\/\\\/www.rri.ro\\\/es\\\/actualidad\\\/noticias\\\/avance-informativo-02-09-2026-id1055932.html#primaryimage\",\"url\":\"https:\\\/\\\/www.rri.ro\\\/wp-content\\\/uploads\\\/2024\\\/03\\\/RRI-960x540-Noticias-2-NOU.jpg\",\"contentUrl\":\"https:\\\/\\\/www.rri.ro\\\/wp-content\\\/uploads\\\/2024\\\/03\\\/RRI-960x540-Noticias-2-NOU.jpg\",\"width\":960,\"height\":540,\"caption\":\"RRI 960x540 Noticias 2-NOU\"},{\"@type\":\"BreadcrumbList\",\"@id\":\"https:\\\/\\\/www.rri.ro\\\/es\\\/actualidad\\\/noticias\\\/avance-informativo-02-09-2026-id1055932.html#breadcrumb\",\"itemListElement\":[{\"@type\":\"ListItem\",\"position\":1,\"name\":\"P\u00e1gina de inicio\",\"item\":\"https:\\\/\\\/www.rri.ro\\\/es\"},{\"@type\":\"ListItem\",\"position\":2,\"name\":\"Actualidad\",\"item\":\"https:\\\/\\\/www.rri.ro\\\/es\\\/actualidad\"},{\"@type\":\"ListItem\",\"position\":3,\"name\":\"Noticias\",\"item\":\"https:\\\/\\\/www.rri.ro\\\/es\\\/actualidad\\\/noticias\"},{\"@type\":\"ListItem\",\"position\":4,\"name\":\"Avance informativo, 02.09.2026\"}]},{\"@type\":\"WebSite\",\"@id\":\"https:\\\/\\\/www.rri.ro\\\/#website\",\"url\":\"https:\\\/\\\/www.rri.ro\\\/\",\"name\":\"Radio Ruman\u00eda Internacional\",\"description\":\"Totul despre Rom\u00e2nia \u015fi rom\u00e2ni, \u00een 13 limbi\\\/dialecte!\",\"inLanguage\":\"es\"},{\"@type\":\"Person\",\"@id\":\"https:\\\/\\\/www.rri.ro\\\/#\\\/schema\\\/person\\\/4a479940371b9fdefd194f561e8a7f88\",\"name\":\"Newsroom\",\"url\":\"https:\\\/\\\/www.rri.ro\\\/es\\\/author\\\/newsroom\"}]}<\/script>\n<!-- \/ Yoast SEO plugin. -->","yoast_head_json":{"title":"Avance informativo, 02.09.2026 - Radio Ruman\u00eda Internacional","description":"Las noticias m\u00e1s destacadas del momento.","robots":{"index":"index","follow":"follow","max-snippet":"max-snippet:-1","max-image-preview":"max-image-preview:large","max-video-preview":"max-video-preview:-1"},"canonical":"https:\/\/www.rri.ro\/es\/actualidad\/noticias\/avance-informativo-02-09-2026-id1055932.html","og_locale":"es_ES","og_type":"article","og_title":"Avance informativo, 02.09.2026 - Radio Ruman\u00eda Internacional","og_description":"Las noticias m\u00e1s destacadas del momento.","og_url":"https:\/\/www.rri.ro\/es\/actualidad\/noticias\/avance-informativo-02-09-2026-id1055932.html","og_site_name":"Radio Ruman\u00eda Internacional","article_published_time":"2026-09-02T10:38:36+00:00","og_image":[{"width":960,"height":540,"url":"https:\/\/www.rri.ro\/wp-content\/uploads\/2024\/03\/RRI-960x540-Noticias-2-NOU.jpg","type":"image\/jpeg"}],"author":"Newsroom","twitter_card":"summary_large_image","twitter_misc":{"Escrito por":"Newsroom","Tiempo de lectura":"3 minutos","Written by":"Newsroom"},"schema":{"@context":"https:\/\/schema.org","@graph":[{"@type":"Article","@id":"https:\/\/www.rri.ro\/es\/actualidad\/noticias\/avance-informativo-02-09-2026-id1055932.html#article","isPartOf":{"@id":"https:\/\/www.rri.ro\/es\/actualidad\/noticias\/avance-informativo-02-09-2026-id1055932.html"},"author":{"name":"Newsroom","@id":"https:\/\/www.rri.ro\/#\/schema\/person\/4a479940371b9fdefd194f561e8a7f88"},"headline":"Avance informativo, 02.09.2026","datePublished":"2026-09-02T10:38:36+00:00","mainEntityOfPage":{"@id":"https:\/\/www.rri.ro\/es\/actualidad\/noticias\/avance-informativo-02-09-2026-id1055932.html"},"wordCount":694,"image":{"@id":"https:\/\/www.rri.ro\/es\/actualidad\/noticias\/avance-informativo-02-09-2026-id1055932.html#primaryimage"},"thumbnailUrl":"https:\/\/www.rri.ro\/wp-content\/uploads\/2024\/03\/RRI-960x540-Noticias-2-NOU.jpg","keywords":["formaci\u00f3n de un nuevo Gobierno","reuni\u00f3n informal de ministros de Asuntos Exteriores de la UE en Wicklow","Sorana Cirstea"],"articleSection":["Noticias"],"inLanguage":"es"},{"@type":"WebPage","@id":"https:\/\/www.rri.ro\/es\/actualidad\/noticias\/avance-informativo-02-09-2026-id1055932.html","url":"https:\/\/www.rri.ro\/es\/actualidad\/noticias\/avance-informativo-02-09-2026-id1055932.html","name":"Avance informativo, 02.09.2026 - Radio Ruman\u00eda Internacional","isPartOf":{"@id":"https:\/\/www.rri.ro\/#website"},"primaryImageOfPage":{"@id":"https:\/\/www.rri.ro\/es\/actualidad\/noticias\/avance-informativo-02-09-2026-id1055932.html#primaryimage"},"image":{"@id":"https:\/\/www.rri.ro\/es\/actualidad\/noticias\/avance-informativo-02-09-2026-id1055932.html#primaryimage"},"thumbnailUrl":"https:\/\/www.rri.ro\/wp-content\/uploads\/2024\/03\/RRI-960x540-Noticias-2-NOU.jpg","datePublished":"2026-09-02T10:38:36+00:00","author":{"@id":"https:\/\/www.rri.ro\/#\/schema\/person\/4a479940371b9fdefd194f561e8a7f88"},"description":"Las noticias m\u00e1s destacadas del momento.","breadcrumb":{"@id":"https:\/\/www.rri.ro\/es\/actualidad\/noticias\/avance-informativo-02-09-2026-id1055932.html#breadcrumb"},"inLanguage":"es","potentialAction":[{"@type":"ReadAction","target":["https:\/\/www.rri.ro\/es\/actualidad\/noticias\/avance-informativo-02-09-2026-id1055932.html"]}]},{"@type":"ImageObject","inLanguage":"es","@id":"https:\/\/www.rri.ro\/es\/actualidad\/noticias\/avance-informativo-02-09-2026-id1055932.html#primaryimage","url":"https:\/\/www.rri.ro\/wp-content\/uploads\/2024\/03\/RRI-960x540-Noticias-2-NOU.jpg","contentUrl":"https:\/\/www.rri.ro\/wp-content\/uploads\/2024\/03\/RRI-960x540-Noticias-2-NOU.jpg","width":960,"height":540,"caption":"RRI 960x540 Noticias 2-NOU"},{"@type":"BreadcrumbList","@id":"https:\/\/www.rri.ro\/es\/actualidad\/noticias\/avance-informativo-02-09-2026-id1055932.html#breadcrumb","itemListElement":[{"@type":"ListItem","position":1,"name":"P\u00e1gina de inicio","item":"https:\/\/www.rri.ro\/es"},{"@type":"ListItem","position":2,"name":"Actualidad","item":"https:\/\/www.rri.ro\/es\/actualidad"},{"@type":"ListItem","position":3,"name":"Noticias","item":"https:\/\/www.rri.ro\/es\/actualidad\/noticias"},{"@type":"ListItem","position":4,"name":"Avance informativo, 02.09.2026"}]},{"@type":"WebSite","@id":"https:\/\/www.rri.ro\/#website","url":"https:\/\/www.rri.ro\/","name":"Radio Ruman\u00eda Internacional","description":"Totul despre Rom\u00e2nia \u015fi rom\u00e2ni, \u00een 13 limbi\/dialecte!","inLanguage":"es"},{"@type":"Person","@id":"https:\/\/www.rri.ro\/#\/schema\/person\/4a479940371b9fdefd194f561e8a7f88","name":"Newsroom","url":"https:\/\/www.rri.ro\/es\/author\/newsroom"}]}},"_links":{"self":[{"href":"https:\/\/www.rri.ro\/es\/wp-json\/wp\/v2\/posts\/1055932","targetHints":{"allow":["GET"]}}],"collection":[{"href":"https:\/\/www.rri.ro\/es\/wp-json\/wp\/v2\/posts"}],"about":[{"href":"https:\/\/www.rri.ro\/es\/wp-json\/wp\/v2\/types\/post"}],"author":[{"embeddable":true,"href":"https:\/\/www.rri.ro\/es\/wp-json\/wp\/v2\/users\/113"}],"replies":[{"embeddable":true,"href":"https:\/\/www.rri.ro\/es\/wp-json\/wp\/v2\/comments?post=1055932"}],"version-history":[{"count":1,"href":"https:\/\/www.rri.ro\/es\/wp-json\/wp\/v2\/posts\/1055932\/revisions"}],"predecessor-version":[{"id":1055933,"href":"https:\/\/www.rri.ro\/es\/wp-json\/wp\/v2\/posts\/1055932\/revisions\/1055933"}],"wp:featuredmedia":[{"embeddable":true,"href":"https:\/\/www.rri.ro\/es\/wp-json\/wp\/v2\/media\/723423"}],"wp:attachment":[{"href":"https:\/\/www.rri.ro\/es\/wp-json\/wp\/v2\/media?parent=1055932"}],"wp:term":[{"taxonomy":"category","embeddable":true,"href":"https:\/\/www.rri.ro\/es\/wp-json\/wp\/v2\/categories?post=1055932"},{"taxonomy":"post_tag","embeddable":true,"href":"https:\/\/www.rri.ro\/es\/wp-json\/wp\/v2\/tags?post=1055932"},{"taxonomy":"author","embeddable":true,"href":"https:\/\/www.rri.ro\/es\/wp-json\/wp\/v2\/coauthors?post=1055932"}],"curies":[{"name":"wp","href":"https:\/\/api.w.org\/{rel}","templated":true}]}}