{"id":1056010,"date":"2026-09-02T19:52:17","date_gmt":"2026-09-02T16:52:17","guid":{"rendered":"https:\/\/www.rri.ro\/?p=1056010"},"modified":"2026-09-02T19:52:17","modified_gmt":"2026-09-02T16:52:17","slug":"noticias-del-dia-3009","status":"publish","type":"post","link":"https:\/\/www.rri.ro\/es\/actualidad\/noticias\/noticias-del-dia-3009-id1056010.html","title":{"rendered":"Noticias del d\u00eda"},"content":{"rendered":"<p>Titulares:<\/p>\n<p>El embajador de Rusia en Bucarest ser\u00e1 convocado al Ministerio de Asuntos Exteriores a ra\u00edz del ataque con drones contra el aeropuerto de Leipzig.<\/p>\n<p>En Ruman\u00eda, los l\u00edderes de los partidos con representaci\u00f3n parlamentaria esperan que el presidente Nicu\u015for Dan los convoque de nuevo a las consultas para la formaci\u00f3n de un nuevo Gobierno.<\/p>\n<p>La ministra de Asuntos Exteriores en funciones de Ruman\u00eda, Oana \u0162oiu, ha participado en la reuni\u00f3n informal de ministros de Asuntos Exteriores de la UE en Wicklow (Irlanda).<\/p>\n<p>Romgaz ha anunciado que ha completado los tr\u00e1mites para la adquisici\u00f3n de Azomure\u015f, el mayor productor de fertilizantes agr\u00edcolas de Ruman\u00eda.<\/p>\n<p>&nbsp;<\/p>\n<p>Embajador: El embajador de Rusia en Bucarest ser\u00e1 convocado al Ministerio de Asuntos Exteriores en relaci\u00f3n con el ataque con drones contra el aeropuerto de Leipzig, que se atribuye a Rusia, seg\u00fan ha anunciado la ministra de Asuntos Exteriores en funciones de Ruman\u00eda, Oana \u0162oiu. Ha subrayado que Ruman\u00eda se solidariza con Alemania y con los dem\u00e1s Estados europeos que han sufrido actividades h\u00edbridas, injerencias y provocaciones imprudentes e insistentes por parte de Rusia, de las que tambi\u00e9n ha sido v\u00edctima nuestro pa\u00eds. La Uni\u00f3n Europea y varios Estados miembros han convocado a representantes de las embajadas rusas en relaci\u00f3n con el incidente de Leipzig. Mientras tanto, el encargado de negocios de Alemania tambi\u00e9n fue convocado al Ministerio de Asuntos Exteriores ruso despu\u00e9s de que Berl\u00edn acusara a Mosc\u00fa de guerra h\u00edbrida. La polic\u00eda alemana ha identificado el ADN de dos hombres con pasaporte ruso sospechosos de llevar un dron con explosivos al aeropuerto de Leipzig.<\/p>\n<p>&nbsp;<\/p>\n<p>Gobierno: El PNL y la USR, partidos que forman parte del Gobierno interino de Bucarest, se han negado este mi\u00e9rcoles a participar en las sesiones plenarias de la C\u00e1mara de Diputados en se\u00f1al de protesta por la forma en que se aprob\u00f3 el martes el reparto de los cargos directivos de la C\u00e1mara. Ambos partidos alegan un abuso de poder por parte de la mayor\u00eda formada por el PSD-AUR y SOS-Ruman\u00eda, ya que no se ha cumplido el algoritmo pol\u00edtico y no se han llevado a cabo las negociaciones obligatorias entre los l\u00edderes de los grupos parlamentarios. El l\u00edder de los diputados del PNL, Gabriel Andronache, ha se\u00f1alado que existe una jurisprudencia clara al respecto, establecida mediante una sentencia del Tribunal Constitucional en 2010. Por su parte, el PSD rechaza rotundamente las especulaciones sobre una posible coalici\u00f3n con AUR y SOS-Ruman\u00eda. El diputado socialdem\u00f3crata Mihai Ghigiu ha se\u00f1alado que la decisi\u00f3n concuerda con la postura de la mayor\u00eda de los l\u00edderes de grupo y que se trata de un procedimiento administrativo parlamentario est\u00e1ndar. Los representantes del PNL y de la USR han anunciado que la pr\u00f3xima semana presentar\u00e1n un recurso ante el Tribunal Constitucional en relaci\u00f3n con el reparto de los cargos de direcci\u00f3n de la C\u00e1mara de Diputados.<\/p>\n<p>&nbsp;<\/p>\n<p>Wicklow: La ministra de Asuntos Exteriores en funciones de Ruman\u00eda, Oana \u0162oiu, ha participado hoy en la reuni\u00f3n informal de ministros de Asuntos Exteriores de la UE en Wicklow (Irlanda). La agenda de las conversaciones ha girado en torno a la respuesta de la UE a la agresi\u00f3n de Rusia contra Ucrania y a la situaci\u00f3n en Oriente Medio. Ayer, tambi\u00e9n en Wicklow, concluy\u00f3 una reuni\u00f3n similar de ministros de Defensa de los Estados miembros de la UE, en la que Ruman\u00eda estuvo representada por el ministro interino Radu Miru\u021b\u0103. Ambas reuniones se han organizado en el marco de la presidencia semestral del Consejo de la UE que ostenta Irlanda.<\/p>\n<p>&nbsp;<\/p>\n<p>Diplomacia: \u00abLa diplomacia, el ancla de un mundo en constante cambio\u00bb fue el lema de la Reuni\u00f3n Anual de la Diplomacia Rumana, un evento que reuni\u00f3 en Bucarest a los jefes de las misiones diplom\u00e1ticas y oficinas consulares de Ruman\u00eda de todo el mundo. En su discurso, el presidente Nicu\u015for Dan se\u00f1al\u00f3 que la diplomacia rumana tiene tres objetivos: la consolidaci\u00f3n de la seguridad, las comunidades rumanas fuera de las fronteras y la diplomacia econ\u00f3mica. Por su parte, la ministra de Asuntos Exteriores en funciones, Oana \u0162oiu, indic\u00f3 que la agenda de las conversaciones se centr\u00f3 en el crecimiento econ\u00f3mico, la seguridad y el fortalecimiento de la confianza y de la relaci\u00f3n con la di\u00e1spora. Los diplom\u00e1ticos tambi\u00e9n fueron recibidos por el primer ministro liberal en funciones, Ilie Bolojan.\u00a0 Este \u00faltimo destac\u00f3 el importante papel que han desempe\u00f1ado los equipos diplom\u00e1ticos, especialmente los de Bruselas, en las relaciones con las instituciones europeas y en el marco de la OTAN para la ejecuci\u00f3n de los programas PNRR y SAFE. Bolojan a\u00f1adi\u00f3 que la diplomacia econ\u00f3mica debe constituir un componente importante de la actividad exterior de Ruman\u00eda, pero que su eficacia depende, entre otras cosas, de la competitividad de la econom\u00eda nacional.<\/p>\n<p>&nbsp;<\/p>\n<p>Romgaz: Romgaz, el principal productor y proveedor de gas natural de Ruman\u00eda, ha anunciado que ha completado los tr\u00e1mites para la adquisici\u00f3n de Azomure\u015f, el mayor productor de fertilizantes minerales para la agricultura del pa\u00eds. El acuerdo de cesi\u00f3n se firm\u00f3 a finales del mes pasado y ahora se proceder\u00e1 a la integraci\u00f3n y a la preparaci\u00f3n de los tr\u00e1mites necesarios para reanudar la actividad productiva de la planta. La reanudaci\u00f3n de la producci\u00f3n implica superar una serie de etapas t\u00e9cnicas previas, entre las que se incluyen la evaluaci\u00f3n del estado de las instalaciones, comprobaciones y pruebas, trabajos de mantenimiento y reparaci\u00f3n cuando sea necesario, as\u00ed como la verificaci\u00f3n de los sistemas de seguridad, con vistas a una puesta en marcha gradual y en condiciones de seguridad, seg\u00fan indican los representantes de Romgaz en un comunicado. La semana pasada, el primer ministro interino de Ruman\u00eda, Ilie Bolojan, precis\u00f3 que los m\u00e1s de 800 empleados de Azomure\u015f ser\u00e1n contratados por Romgaz a partir de este mes y que la producci\u00f3n se reanudar\u00e1 en el primer trimestre del pr\u00f3ximo a\u00f1o.<\/p>\n<p>&nbsp;<\/p>\n<p>Costa: El presidente del Consejo Europeo, Antonio Costa, llega este jueves a Bucarest, donde ser\u00e1 recibido por el presidente de Ruman\u00eda, Nicu\u015for Dan. Seg\u00fan la Administraci\u00f3n Presidencial, ambos mantendr\u00e1n conversaciones a solas y reuniones oficiales, y al final ofrecer\u00e1n una rueda de prensa conjunta. Ese mismo d\u00eda, Costa tiene programadas visitas a Sof\u00eda y Atenas. El presidente del Consejo Europeo realizar\u00e1 una gira por las capitales de los Estados miembros de la Uni\u00f3n Europea hasta el 17 de septiembre. Su objetivo es conocer las prioridades y preocupaciones de cada pa\u00eds. En sus conversaciones con los l\u00edderes europeos, Costa abordar\u00e1 temas como la defensa, la competitividad, la ampliaci\u00f3n de la UE, el apoyo a Ucrania y el futuro presupuesto plurianual de la Uni\u00f3n para el per\u00edodo 2028-2034. El presidente del Consejo Europeo ya ha estado en Eslovaquia, Estonia, Letonia, Lituania, la Rep\u00fablica Checa, Hungr\u00eda, Croacia y Luxemburgo. Su visita m\u00e1s reciente a Bucarest fue en septiembre de 2025.<\/p>\n","protected":false},"excerpt":{"rendered":"<p>Titulares: El embajador de Rusia en Bucarest ser\u00e1 convocado al Ministerio de Asuntos Exteriores a ra\u00edz del ataque con drones contra el aeropuerto de Leipzig. En Ruman\u00eda, los l\u00edderes de los partidos con representaci\u00f3n parlamentaria esperan que el presidente Nicu\u015for Dan los convoque de nuevo a las consultas para la formaci\u00f3n de un nuevo Gobierno. [&hellip;]<\/p>\n","protected":false},"author":113,"featured_media":723423,"comment_status":"closed","ping_status":"closed","sticky":false,"template":"","format":"standard","meta":{"_acf_changed":false,"footnotes":""},"categories":[49382],"tags":[149733,189552,196016,136920,148631],"coauthors":[116091],"class_list":["post-1056010","post","type-post","status-publish","format-standard","has-post-thumbnail","hentry","category-noticias","tag-antonio-costa-es","tag-azomures-es","tag-embajador-de-rusia-en-bucarest","tag-ministerio-de-asuntos-exteriores","tag-romgaz-es"],"acf":[],"yoast_head":"<!-- This site is optimized with the Yoast SEO plugin v28.2 - https:\/\/yoast.com\/product\/yoast-seo-wordpress\/ -->\n<title>Noticias del d\u00eda - Radio Ruman\u00eda Internacional<\/title>\n<meta name=\"description\" content=\"Lo m\u00e1s destacado de la actualidad, 02.09.2026.\" \/>\n<meta name=\"robots\" content=\"index, follow, max-snippet:-1, max-image-preview:large, max-video-preview:-1\" \/>\n<link rel=\"canonical\" href=\"https:\/\/www.rri.ro\/es\/actualidad\/noticias\/noticias-del-dia-3009-id1056010.html\" \/>\n<meta property=\"og:locale\" content=\"es_ES\" \/>\n<meta property=\"og:type\" content=\"article\" \/>\n<meta property=\"og:title\" content=\"Noticias del d\u00eda - Radio Ruman\u00eda Internacional\" \/>\n<meta property=\"og:description\" content=\"Lo m\u00e1s destacado de la actualidad, 02.09.2026.\" \/>\n<meta property=\"og:url\" content=\"https:\/\/www.rri.ro\/es\/actualidad\/noticias\/noticias-del-dia-3009-id1056010.html\" \/>\n<meta property=\"og:site_name\" content=\"Radio Ruman\u00eda Internacional\" \/>\n<meta property=\"article:published_time\" content=\"2026-09-02T16:52:17+00:00\" \/>\n<meta property=\"og:image\" content=\"https:\/\/www.rri.ro\/wp-content\/uploads\/2024\/03\/RRI-960x540-Noticias-2-NOU.jpg\" \/>\n\t<meta property=\"og:image:width\" content=\"960\" \/>\n\t<meta property=\"og:image:height\" content=\"540\" \/>\n\t<meta property=\"og:image:type\" content=\"image\/jpeg\" \/>\n<meta name=\"author\" content=\"Newsroom\" \/>\n<meta name=\"twitter:card\" content=\"summary_large_image\" \/>\n<meta name=\"twitter:label1\" content=\"Escrito por\" \/>\n\t<meta name=\"twitter:data1\" content=\"Newsroom\" \/>\n\t<meta name=\"twitter:label2\" content=\"Tiempo de lectura\" \/>\n\t<meta name=\"twitter:data2\" content=\"6 minutos\" \/>\n\t<meta name=\"twitter:label3\" content=\"Written by\" \/>\n\t<meta name=\"twitter:data3\" content=\"Newsroom\" \/>\n<script type=\"application\/ld+json\" class=\"yoast-schema-graph\">{\"@context\":\"https:\\\/\\\/schema.org\",\"@graph\":[{\"@type\":\"Article\",\"@id\":\"https:\\\/\\\/www.rri.ro\\\/es\\\/actualidad\\\/noticias\\\/noticias-del-dia-3009-id1056010.html#article\",\"isPartOf\":{\"@id\":\"https:\\\/\\\/www.rri.ro\\\/es\\\/actualidad\\\/noticias\\\/noticias-del-dia-3009-id1056010.html\"},\"author\":{\"name\":\"Newsroom\",\"@id\":\"https:\\\/\\\/www.rri.ro\\\/#\\\/schema\\\/person\\\/4a479940371b9fdefd194f561e8a7f88\"},\"headline\":\"Noticias del d\u00eda\",\"datePublished\":\"2026-09-02T16:52:17+00:00\",\"mainEntityOfPage\":{\"@id\":\"https:\\\/\\\/www.rri.ro\\\/es\\\/actualidad\\\/noticias\\\/noticias-del-dia-3009-id1056010.html\"},\"wordCount\":1235,\"image\":{\"@id\":\"https:\\\/\\\/www.rri.ro\\\/es\\\/actualidad\\\/noticias\\\/noticias-del-dia-3009-id1056010.html#primaryimage\"},\"thumbnailUrl\":\"https:\\\/\\\/www.rri.ro\\\/wp-content\\\/uploads\\\/2024\\\/03\\\/RRI-960x540-Noticias-2-NOU.jpg\",\"keywords\":[\"Antonio Costa\",\"Azomures\",\"embajador de Rusia en Bucarest\",\"Ministerio de Asuntos Exteriores\",\"Romgaz\"],\"articleSection\":[\"Noticias\"],\"inLanguage\":\"es\"},{\"@type\":\"WebPage\",\"@id\":\"https:\\\/\\\/www.rri.ro\\\/es\\\/actualidad\\\/noticias\\\/noticias-del-dia-3009-id1056010.html\",\"url\":\"https:\\\/\\\/www.rri.ro\\\/es\\\/actualidad\\\/noticias\\\/noticias-del-dia-3009-id1056010.html\",\"name\":\"Noticias del d\u00eda - Radio Ruman\u00eda Internacional\",\"isPartOf\":{\"@id\":\"https:\\\/\\\/www.rri.ro\\\/#website\"},\"primaryImageOfPage\":{\"@id\":\"https:\\\/\\\/www.rri.ro\\\/es\\\/actualidad\\\/noticias\\\/noticias-del-dia-3009-id1056010.html#primaryimage\"},\"image\":{\"@id\":\"https:\\\/\\\/www.rri.ro\\\/es\\\/actualidad\\\/noticias\\\/noticias-del-dia-3009-id1056010.html#primaryimage\"},\"thumbnailUrl\":\"https:\\\/\\\/www.rri.ro\\\/wp-content\\\/uploads\\\/2024\\\/03\\\/RRI-960x540-Noticias-2-NOU.jpg\",\"datePublished\":\"2026-09-02T16:52:17+00:00\",\"author\":{\"@id\":\"https:\\\/\\\/www.rri.ro\\\/#\\\/schema\\\/person\\\/4a479940371b9fdefd194f561e8a7f88\"},\"description\":\"Lo m\u00e1s destacado de la actualidad, 02.09.2026.\",\"breadcrumb\":{\"@id\":\"https:\\\/\\\/www.rri.ro\\\/es\\\/actualidad\\\/noticias\\\/noticias-del-dia-3009-id1056010.html#breadcrumb\"},\"inLanguage\":\"es\",\"potentialAction\":[{\"@type\":\"ReadAction\",\"target\":[\"https:\\\/\\\/www.rri.ro\\\/es\\\/actualidad\\\/noticias\\\/noticias-del-dia-3009-id1056010.html\"]}]},{\"@type\":\"ImageObject\",\"inLanguage\":\"es\",\"@id\":\"https:\\\/\\\/www.rri.ro\\\/es\\\/actualidad\\\/noticias\\\/noticias-del-dia-3009-id1056010.html#primaryimage\",\"url\":\"https:\\\/\\\/www.rri.ro\\\/wp-content\\\/uploads\\\/2024\\\/03\\\/RRI-960x540-Noticias-2-NOU.jpg\",\"contentUrl\":\"https:\\\/\\\/www.rri.ro\\\/wp-content\\\/uploads\\\/2024\\\/03\\\/RRI-960x540-Noticias-2-NOU.jpg\",\"width\":960,\"height\":540,\"caption\":\"RRI 960x540 Noticias 2-NOU\"},{\"@type\":\"BreadcrumbList\",\"@id\":\"https:\\\/\\\/www.rri.ro\\\/es\\\/actualidad\\\/noticias\\\/noticias-del-dia-3009-id1056010.html#breadcrumb\",\"itemListElement\":[{\"@type\":\"ListItem\",\"position\":1,\"name\":\"P\u00e1gina de inicio\",\"item\":\"https:\\\/\\\/www.rri.ro\\\/es\"},{\"@type\":\"ListItem\",\"position\":2,\"name\":\"Actualidad\",\"item\":\"https:\\\/\\\/www.rri.ro\\\/es\\\/actualidad\"},{\"@type\":\"ListItem\",\"position\":3,\"name\":\"Noticias\",\"item\":\"https:\\\/\\\/www.rri.ro\\\/es\\\/actualidad\\\/noticias\"},{\"@type\":\"ListItem\",\"position\":4,\"name\":\"Noticias del d\u00eda\"}]},{\"@type\":\"WebSite\",\"@id\":\"https:\\\/\\\/www.rri.ro\\\/#website\",\"url\":\"https:\\\/\\\/www.rri.ro\\\/\",\"name\":\"Radio Ruman\u00eda Internacional\",\"description\":\"Totul despre Rom\u00e2nia \u015fi rom\u00e2ni, \u00een 13 limbi\\\/dialecte!\",\"inLanguage\":\"es\"},{\"@type\":\"Person\",\"@id\":\"https:\\\/\\\/www.rri.ro\\\/#\\\/schema\\\/person\\\/4a479940371b9fdefd194f561e8a7f88\",\"name\":\"Newsroom\",\"url\":\"https:\\\/\\\/www.rri.ro\\\/es\\\/author\\\/newsroom\"}]}<\/script>\n<!-- \/ Yoast SEO plugin. -->","yoast_head_json":{"title":"Noticias del d\u00eda - Radio Ruman\u00eda Internacional","description":"Lo m\u00e1s destacado de la actualidad, 02.09.2026.","robots":{"index":"index","follow":"follow","max-snippet":"max-snippet:-1","max-image-preview":"max-image-preview:large","max-video-preview":"max-video-preview:-1"},"canonical":"https:\/\/www.rri.ro\/es\/actualidad\/noticias\/noticias-del-dia-3009-id1056010.html","og_locale":"es_ES","og_type":"article","og_title":"Noticias del d\u00eda - Radio Ruman\u00eda Internacional","og_description":"Lo m\u00e1s destacado de la actualidad, 02.09.2026.","og_url":"https:\/\/www.rri.ro\/es\/actualidad\/noticias\/noticias-del-dia-3009-id1056010.html","og_site_name":"Radio Ruman\u00eda Internacional","article_published_time":"2026-09-02T16:52:17+00:00","og_image":[{"width":960,"height":540,"url":"https:\/\/www.rri.ro\/wp-content\/uploads\/2024\/03\/RRI-960x540-Noticias-2-NOU.jpg","type":"image\/jpeg"}],"author":"Newsroom","twitter_card":"summary_large_image","twitter_misc":{"Escrito por":"Newsroom","Tiempo de lectura":"6 minutos","Written by":"Newsroom"},"schema":{"@context":"https:\/\/schema.org","@graph":[{"@type":"Article","@id":"https:\/\/www.rri.ro\/es\/actualidad\/noticias\/noticias-del-dia-3009-id1056010.html#article","isPartOf":{"@id":"https:\/\/www.rri.ro\/es\/actualidad\/noticias\/noticias-del-dia-3009-id1056010.html"},"author":{"name":"Newsroom","@id":"https:\/\/www.rri.ro\/#\/schema\/person\/4a479940371b9fdefd194f561e8a7f88"},"headline":"Noticias del d\u00eda","datePublished":"2026-09-02T16:52:17+00:00","mainEntityOfPage":{"@id":"https:\/\/www.rri.ro\/es\/actualidad\/noticias\/noticias-del-dia-3009-id1056010.html"},"wordCount":1235,"image":{"@id":"https:\/\/www.rri.ro\/es\/actualidad\/noticias\/noticias-del-dia-3009-id1056010.html#primaryimage"},"thumbnailUrl":"https:\/\/www.rri.ro\/wp-content\/uploads\/2024\/03\/RRI-960x540-Noticias-2-NOU.jpg","keywords":["Antonio Costa","Azomures","embajador de Rusia en Bucarest","Ministerio de Asuntos Exteriores","Romgaz"],"articleSection":["Noticias"],"inLanguage":"es"},{"@type":"WebPage","@id":"https:\/\/www.rri.ro\/es\/actualidad\/noticias\/noticias-del-dia-3009-id1056010.html","url":"https:\/\/www.rri.ro\/es\/actualidad\/noticias\/noticias-del-dia-3009-id1056010.html","name":"Noticias del d\u00eda - Radio Ruman\u00eda Internacional","isPartOf":{"@id":"https:\/\/www.rri.ro\/#website"},"primaryImageOfPage":{"@id":"https:\/\/www.rri.ro\/es\/actualidad\/noticias\/noticias-del-dia-3009-id1056010.html#primaryimage"},"image":{"@id":"https:\/\/www.rri.ro\/es\/actualidad\/noticias\/noticias-del-dia-3009-id1056010.html#primaryimage"},"thumbnailUrl":"https:\/\/www.rri.ro\/wp-content\/uploads\/2024\/03\/RRI-960x540-Noticias-2-NOU.jpg","datePublished":"2026-09-02T16:52:17+00:00","author":{"@id":"https:\/\/www.rri.ro\/#\/schema\/person\/4a479940371b9fdefd194f561e8a7f88"},"description":"Lo m\u00e1s destacado de la actualidad, 02.09.2026.","breadcrumb":{"@id":"https:\/\/www.rri.ro\/es\/actualidad\/noticias\/noticias-del-dia-3009-id1056010.html#breadcrumb"},"inLanguage":"es","potentialAction":[{"@type":"ReadAction","target":["https:\/\/www.rri.ro\/es\/actualidad\/noticias\/noticias-del-dia-3009-id1056010.html"]}]},{"@type":"ImageObject","inLanguage":"es","@id":"https:\/\/www.rri.ro\/es\/actualidad\/noticias\/noticias-del-dia-3009-id1056010.html#primaryimage","url":"https:\/\/www.rri.ro\/wp-content\/uploads\/2024\/03\/RRI-960x540-Noticias-2-NOU.jpg","contentUrl":"https:\/\/www.rri.ro\/wp-content\/uploads\/2024\/03\/RRI-960x540-Noticias-2-NOU.jpg","width":960,"height":540,"caption":"RRI 960x540 Noticias 2-NOU"},{"@type":"BreadcrumbList","@id":"https:\/\/www.rri.ro\/es\/actualidad\/noticias\/noticias-del-dia-3009-id1056010.html#breadcrumb","itemListElement":[{"@type":"ListItem","position":1,"name":"P\u00e1gina de inicio","item":"https:\/\/www.rri.ro\/es"},{"@type":"ListItem","position":2,"name":"Actualidad","item":"https:\/\/www.rri.ro\/es\/actualidad"},{"@type":"ListItem","position":3,"name":"Noticias","item":"https:\/\/www.rri.ro\/es\/actualidad\/noticias"},{"@type":"ListItem","position":4,"name":"Noticias del d\u00eda"}]},{"@type":"WebSite","@id":"https:\/\/www.rri.ro\/#website","url":"https:\/\/www.rri.ro\/","name":"Radio Ruman\u00eda Internacional","description":"Totul despre Rom\u00e2nia \u015fi rom\u00e2ni, \u00een 13 limbi\/dialecte!","inLanguage":"es"},{"@type":"Person","@id":"https:\/\/www.rri.ro\/#\/schema\/person\/4a479940371b9fdefd194f561e8a7f88","name":"Newsroom","url":"https:\/\/www.rri.ro\/es\/author\/newsroom"}]}},"_links":{"self":[{"href":"https:\/\/www.rri.ro\/es\/wp-json\/wp\/v2\/posts\/1056010","targetHints":{"allow":["GET"]}}],"collection":[{"href":"https:\/\/www.rri.ro\/es\/wp-json\/wp\/v2\/posts"}],"about":[{"href":"https:\/\/www.rri.ro\/es\/wp-json\/wp\/v2\/types\/post"}],"author":[{"embeddable":true,"href":"https:\/\/www.rri.ro\/es\/wp-json\/wp\/v2\/users\/113"}],"replies":[{"embeddable":true,"href":"https:\/\/www.rri.ro\/es\/wp-json\/wp\/v2\/comments?post=1056010"}],"version-history":[{"count":1,"href":"https:\/\/www.rri.ro\/es\/wp-json\/wp\/v2\/posts\/1056010\/revisions"}],"predecessor-version":[{"id":1056012,"href":"https:\/\/www.rri.ro\/es\/wp-json\/wp\/v2\/posts\/1056010\/revisions\/1056012"}],"wp:featuredmedia":[{"embeddable":true,"href":"https:\/\/www.rri.ro\/es\/wp-json\/wp\/v2\/media\/723423"}],"wp:attachment":[{"href":"https:\/\/www.rri.ro\/es\/wp-json\/wp\/v2\/media?parent=1056010"}],"wp:term":[{"taxonomy":"category","embeddable":true,"href":"https:\/\/www.rri.ro\/es\/wp-json\/wp\/v2\/categories?post=1056010"},{"taxonomy":"post_tag","embeddable":true,"href":"https:\/\/www.rri.ro\/es\/wp-json\/wp\/v2\/tags?post=1056010"},{"taxonomy":"author","embeddable":true,"href":"https:\/\/www.rri.ro\/es\/wp-json\/wp\/v2\/coauthors?post=1056010"}],"curies":[{"name":"wp","href":"https:\/\/api.w.org\/{rel}","templated":true}]}}