{"id":1056202,"date":"2026-09-03T12:13:39","date_gmt":"2026-09-03T09:13:39","guid":{"rendered":"https:\/\/www.rri.ro\/?p=1056202"},"modified":"2026-09-03T12:13:39","modified_gmt":"2026-09-03T09:13:39","slug":"rusia-acusada-por-los-paises-de-la-ue","status":"publish","type":"post","link":"https:\/\/www.rri.ro\/es\/actualidad\/en-portada\/rusia-acusada-por-los-paises-de-la-ue-id1056202.html","title":{"rendered":"Rusia, acusada por los pa\u00edses de la UE"},"content":{"rendered":"<p>La Uni\u00f3n Europea y la OTAN prometieron reforzar su cooperaci\u00f3n y mantener la presi\u00f3n sobre Rusia tras el incidente con un dron ocurrido a principios del mes pasado en el aeropuerto de Leipzig.<\/p>\n<p>La presidenta de la Comisi\u00f3n Europea, Ursula von der Leyen, y el secretario general de la OTAN, Mark Rutte, condenaron, en una rueda de prensa conjunta, el intento de ataque con un dron en el aeropuerto alem\u00e1n, que las autoridades de Berl\u00edn atribuyeron a Mosc\u00fa.<\/p>\n<p>Los empleados del aeropuerto encontraron el mes pasado un dron cargado con explosivos y un detonador en el aer\u00f3dromo, que desempe\u00f1a un importante papel como centro log\u00edstico civil, de carga y para la OTAN.<\/p>\n<p>Alemania acus\u00f3 a Mosc\u00fa de librar una guerra h\u00edbrida destinada a intimidar y provocar divisiones en los pa\u00edses que apoyan a Ucrania desde la invasi\u00f3n rusa de 2022. Rusia niega su implicaci\u00f3n y acusa a Alemania de llevar a cabo una supuesta acci\u00f3n antirrusa.<\/p>\n<p>La presidenta de la Comisi\u00f3n Europea, Ursula von der Leyen, prometi\u00f3 aumentar la presi\u00f3n sobre Rusia, tambi\u00e9n mediante nuevas sanciones, y pidi\u00f3 una mayor protecci\u00f3n de las infraestructuras europeas.<\/p>\n<p>\u00abLos europeos se enfrentan a la cruda realidad de que esta es la nueva normalidad. Tenemos que movilizarnos, y eso significa estar preparados para responder de forma m\u00e1s r\u00e1pida y mejor a la conducta temeraria de Rusia\u00bb, declar\u00f3 la jefa del Ejecutivo comunitario.<\/p>\n<p>Por su parte, el secretario general de la Alianza Atl\u00e1ntica respald\u00f3 estas afirmaciones y se\u00f1al\u00f3 que Rusia se ha vuelto \u00abcada vez m\u00e1s temeraria\u00bb a medida que contin\u00faa su invasi\u00f3n a gran escala de Ucrania, mientras que la amenaza se extiende ahora al territorio europeo y de la OTAN.<\/p>\n<p>Prometi\u00f3 que el apoyo a Ucrania no disminuir\u00e1, al igual que tampoco lo har\u00e1 la cohesi\u00f3n de la OTAN, y record\u00f3 los drones y misiles que han violado repetidamente el espacio a\u00e9reo a lo largo del Flanco Oriental, lo que, seg\u00fan el responsable de la Alianza, genera \u00abun riesgo creciente\u00bb.<\/p>\n<p>\u00abSi Rusia cree que esta amenaza nos dividir\u00e1 o si cree que nos disuadir\u00e1 de apoyar a Ucrania, se equivoca. Nuestra unidad es inquebrantable. Nuestro apoyo a Ucrania es claro\u00bb, asegur\u00f3 el secretario general de la OTAN.<\/p>\n<p>Por otra parte, tras una reuni\u00f3n informal de los ministros de Exteriores de la UE celebrada en Irlanda, la jefa de la diplomacia europea, Kaja Kallas, prometi\u00f3 que la Uni\u00f3n Europea tratar\u00e1 de endurecer la aplicaci\u00f3n de las sanciones contra Rusia, al tiempo que aumentar\u00e1 la presi\u00f3n sobre Mosc\u00fa y reforzar\u00e1 el apoyo a Ucrania.<\/p>\n<p>\u00abEstamos trabajando en nuevas propuestas para endurecer la aplicaci\u00f3n de las sanciones y avanzamos con nuevas sanciones. Los intentos de intimidar a Europa fracasar\u00e1n\u00bb, asegur\u00f3 Kaja Kallas.<\/p>\n<p>Cabe mencionar asimismo que varios pa\u00edses europeos, entre ellos Ruman\u00eda, convocaron a los embajadores de Rusia en sus respectivas capitales para condenar el ataque en el aeropuerto de Leipzig.<\/p>\n<p>En Bucarest, la ministra interina de Exteriores, Oana \u021aoiu, expres\u00f3 su solidaridad con Alemania y con los dem\u00e1s pa\u00edses europeos que se han enfrentado a actividades h\u00edbridas, injerencias y provocaciones temerarias de Rusia, de las que tambi\u00e9n ha sido objeto Ruman\u00eda.<\/p>\n<p>Versi\u00f3n en espa\u00f1ol: Valeriu Radulian<\/p>\n","protected":false},"excerpt":{"rendered":"<p>La Uni\u00f3n Europea y la OTAN prometieron reforzar su cooperaci\u00f3n y mantener la presi\u00f3n sobre Rusia tras el incidente con un dron ocurrido a principios del mes pasado en el aeropuerto de Leipzig. La presidenta de la Comisi\u00f3n Europea, Ursula von der Leyen, y el secretario general de la OTAN, Mark Rutte, condenaron, en una [&hellip;]<\/p>\n","protected":false},"author":107,"featured_media":1056178,"comment_status":"closed","ping_status":"closed","sticky":false,"template":"","format":"standard","meta":{"_acf_changed":false,"footnotes":""},"categories":[23],"tags":[148318,49395,48989,134235,134238],"coauthors":[113282],"class_list":["post-1056202","post","type-post","status-publish","format-standard","has-post-thumbnail","hentry","category-en-portada","tag-drones-es","tag-guerra","tag-otan","tag-rusia-es","tag-ue-es"],"acf":[],"yoast_head":"<!-- This site is optimized with the Yoast SEO plugin v28.2 - https:\/\/yoast.com\/product\/yoast-seo-wordpress\/ -->\n<title>Rusia, acusada por los pa\u00edses de la UE - Radio Ruman\u00eda Internacional<\/title>\n<meta name=\"description\" content=\"La UE y la OTAN decidieron intensificar la presi\u00f3n sobre Rusia tras el incidente con un dron en Leipzig\" \/>\n<meta name=\"robots\" content=\"index, follow, max-snippet:-1, max-image-preview:large, max-video-preview:-1\" \/>\n<link rel=\"canonical\" href=\"https:\/\/www.rri.ro\/es\/actualidad\/en-portada\/rusia-acusada-por-los-paises-de-la-ue-id1056202.html\" \/>\n<meta property=\"og:locale\" content=\"es_ES\" \/>\n<meta property=\"og:type\" content=\"article\" \/>\n<meta property=\"og:title\" content=\"Rusia, acusada por los pa\u00edses de la UE - Radio Ruman\u00eda Internacional\" \/>\n<meta property=\"og:description\" content=\"La UE y la OTAN decidieron intensificar la presi\u00f3n sobre Rusia tras el incidente con un dron en Leipzig\" \/>\n<meta property=\"og:url\" content=\"https:\/\/www.rri.ro\/es\/actualidad\/en-portada\/rusia-acusada-por-los-paises-de-la-ue-id1056202.html\" \/>\n<meta property=\"og:site_name\" content=\"Radio Ruman\u00eda Internacional\" \/>\n<meta property=\"article:published_time\" content=\"2026-09-03T09:13:39+00:00\" \/>\n<meta property=\"og:image\" content=\"https:\/\/www.rri.ro\/wp-content\/uploads\/2026\/09\/Ursula-Von-Der-Leyen-Mark-Rutte-2sept26-foto-nato-int.jpg\" \/>\n\t<meta property=\"og:image:width\" content=\"1200\" \/>\n\t<meta property=\"og:image:height\" content=\"800\" \/>\n\t<meta property=\"og:image:type\" content=\"image\/jpeg\" \/>\n<meta name=\"author\" content=\"Daniela Budu\" \/>\n<meta name=\"twitter:card\" content=\"summary_large_image\" \/>\n<meta name=\"twitter:label1\" content=\"Escrito por\" \/>\n\t<meta name=\"twitter:data1\" content=\"Daniela Budu\" \/>\n\t<meta name=\"twitter:label2\" content=\"Tiempo de lectura\" \/>\n\t<meta name=\"twitter:data2\" content=\"3 minutos\" \/>\n\t<meta name=\"twitter:label3\" content=\"Written by\" \/>\n\t<meta name=\"twitter:data3\" content=\"Daniela Budu\" \/>\n<script type=\"application\/ld+json\" class=\"yoast-schema-graph\">{\"@context\":\"https:\\\/\\\/schema.org\",\"@graph\":[{\"@type\":\"Article\",\"@id\":\"https:\\\/\\\/www.rri.ro\\\/es\\\/actualidad\\\/en-portada\\\/rusia-acusada-por-los-paises-de-la-ue-id1056202.html#article\",\"isPartOf\":{\"@id\":\"https:\\\/\\\/www.rri.ro\\\/es\\\/actualidad\\\/en-portada\\\/rusia-acusada-por-los-paises-de-la-ue-id1056202.html\"},\"author\":{\"name\":\"Daniela Budu\",\"@id\":\"https:\\\/\\\/www.rri.ro\\\/#\\\/schema\\\/person\\\/b46b8f80d7d6e4b5ac9f14f0acbad0c4\"},\"headline\":\"Rusia, acusada por los pa\u00edses de la UE\",\"datePublished\":\"2026-09-03T09:13:39+00:00\",\"mainEntityOfPage\":{\"@id\":\"https:\\\/\\\/www.rri.ro\\\/es\\\/actualidad\\\/en-portada\\\/rusia-acusada-por-los-paises-de-la-ue-id1056202.html\"},\"wordCount\":572,\"image\":{\"@id\":\"https:\\\/\\\/www.rri.ro\\\/es\\\/actualidad\\\/en-portada\\\/rusia-acusada-por-los-paises-de-la-ue-id1056202.html#primaryimage\"},\"thumbnailUrl\":\"https:\\\/\\\/www.rri.ro\\\/wp-content\\\/uploads\\\/2026\\\/09\\\/Ursula-Von-Der-Leyen-Mark-Rutte-2sept26-foto-nato-int.jpg\",\"keywords\":[\"drones\",\"guerra\",\"OTAN\",\"Rusia\",\"UE\"],\"articleSection\":[\"En portada\"],\"inLanguage\":\"es\"},{\"@type\":\"WebPage\",\"@id\":\"https:\\\/\\\/www.rri.ro\\\/es\\\/actualidad\\\/en-portada\\\/rusia-acusada-por-los-paises-de-la-ue-id1056202.html\",\"url\":\"https:\\\/\\\/www.rri.ro\\\/es\\\/actualidad\\\/en-portada\\\/rusia-acusada-por-los-paises-de-la-ue-id1056202.html\",\"name\":\"Rusia, acusada por los pa\u00edses de la UE - Radio Ruman\u00eda Internacional\",\"isPartOf\":{\"@id\":\"https:\\\/\\\/www.rri.ro\\\/#website\"},\"primaryImageOfPage\":{\"@id\":\"https:\\\/\\\/www.rri.ro\\\/es\\\/actualidad\\\/en-portada\\\/rusia-acusada-por-los-paises-de-la-ue-id1056202.html#primaryimage\"},\"image\":{\"@id\":\"https:\\\/\\\/www.rri.ro\\\/es\\\/actualidad\\\/en-portada\\\/rusia-acusada-por-los-paises-de-la-ue-id1056202.html#primaryimage\"},\"thumbnailUrl\":\"https:\\\/\\\/www.rri.ro\\\/wp-content\\\/uploads\\\/2026\\\/09\\\/Ursula-Von-Der-Leyen-Mark-Rutte-2sept26-foto-nato-int.jpg\",\"datePublished\":\"2026-09-03T09:13:39+00:00\",\"author\":{\"@id\":\"https:\\\/\\\/www.rri.ro\\\/#\\\/schema\\\/person\\\/b46b8f80d7d6e4b5ac9f14f0acbad0c4\"},\"description\":\"La UE y la OTAN decidieron intensificar la presi\u00f3n sobre Rusia tras el incidente con un dron en Leipzig\",\"breadcrumb\":{\"@id\":\"https:\\\/\\\/www.rri.ro\\\/es\\\/actualidad\\\/en-portada\\\/rusia-acusada-por-los-paises-de-la-ue-id1056202.html#breadcrumb\"},\"inLanguage\":\"es\",\"potentialAction\":[{\"@type\":\"ReadAction\",\"target\":[\"https:\\\/\\\/www.rri.ro\\\/es\\\/actualidad\\\/en-portada\\\/rusia-acusada-por-los-paises-de-la-ue-id1056202.html\"]}]},{\"@type\":\"ImageObject\",\"inLanguage\":\"es\",\"@id\":\"https:\\\/\\\/www.rri.ro\\\/es\\\/actualidad\\\/en-portada\\\/rusia-acusada-por-los-paises-de-la-ue-id1056202.html#primaryimage\",\"url\":\"https:\\\/\\\/www.rri.ro\\\/wp-content\\\/uploads\\\/2026\\\/09\\\/Ursula-Von-Der-Leyen-Mark-Rutte-2sept26-foto-nato-int.jpg\",\"contentUrl\":\"https:\\\/\\\/www.rri.ro\\\/wp-content\\\/uploads\\\/2026\\\/09\\\/Ursula-Von-Der-Leyen-Mark-Rutte-2sept26-foto-nato-int.jpg\",\"width\":1200,\"height\":800,\"caption\":\"Mark Rutte, NATO Secretary General, meets with Ursula Von der Leyen, President of the European Commission, at the EC in Brussels.\"},{\"@type\":\"BreadcrumbList\",\"@id\":\"https:\\\/\\\/www.rri.ro\\\/es\\\/actualidad\\\/en-portada\\\/rusia-acusada-por-los-paises-de-la-ue-id1056202.html#breadcrumb\",\"itemListElement\":[{\"@type\":\"ListItem\",\"position\":1,\"name\":\"P\u00e1gina de inicio\",\"item\":\"https:\\\/\\\/www.rri.ro\\\/es\"},{\"@type\":\"ListItem\",\"position\":2,\"name\":\"Actualidad\",\"item\":\"https:\\\/\\\/www.rri.ro\\\/es\\\/actualidad\"},{\"@type\":\"ListItem\",\"position\":3,\"name\":\"En portada\",\"item\":\"https:\\\/\\\/www.rri.ro\\\/es\\\/actualidad\\\/en-portada\"},{\"@type\":\"ListItem\",\"position\":4,\"name\":\"Rusia, acusada por los pa\u00edses de la UE\"}]},{\"@type\":\"WebSite\",\"@id\":\"https:\\\/\\\/www.rri.ro\\\/#website\",\"url\":\"https:\\\/\\\/www.rri.ro\\\/\",\"name\":\"Radio Ruman\u00eda Internacional\",\"description\":\"Totul despre Rom\u00e2nia \u015fi rom\u00e2ni, \u00een 13 limbi\\\/dialecte!\",\"inLanguage\":\"es\"},{\"@type\":\"Person\",\"@id\":\"https:\\\/\\\/www.rri.ro\\\/#\\\/schema\\\/person\\\/b46b8f80d7d6e4b5ac9f14f0acbad0c4\",\"name\":\"Daniela Budu\",\"url\":\"https:\\\/\\\/www.rri.ro\\\/es\\\/author\\\/daniela-budu\"}]}<\/script>\n<!-- \/ Yoast SEO plugin. -->","yoast_head_json":{"title":"Rusia, acusada por los pa\u00edses de la UE - Radio Ruman\u00eda Internacional","description":"La UE y la OTAN decidieron intensificar la presi\u00f3n sobre Rusia tras el incidente con un dron en Leipzig","robots":{"index":"index","follow":"follow","max-snippet":"max-snippet:-1","max-image-preview":"max-image-preview:large","max-video-preview":"max-video-preview:-1"},"canonical":"https:\/\/www.rri.ro\/es\/actualidad\/en-portada\/rusia-acusada-por-los-paises-de-la-ue-id1056202.html","og_locale":"es_ES","og_type":"article","og_title":"Rusia, acusada por los pa\u00edses de la UE - Radio Ruman\u00eda Internacional","og_description":"La UE y la OTAN decidieron intensificar la presi\u00f3n sobre Rusia tras el incidente con un dron en Leipzig","og_url":"https:\/\/www.rri.ro\/es\/actualidad\/en-portada\/rusia-acusada-por-los-paises-de-la-ue-id1056202.html","og_site_name":"Radio Ruman\u00eda Internacional","article_published_time":"2026-09-03T09:13:39+00:00","og_image":[{"width":1200,"height":800,"url":"https:\/\/www.rri.ro\/wp-content\/uploads\/2026\/09\/Ursula-Von-Der-Leyen-Mark-Rutte-2sept26-foto-nato-int.jpg","type":"image\/jpeg"}],"author":"Daniela Budu","twitter_card":"summary_large_image","twitter_misc":{"Escrito por":"Daniela Budu","Tiempo de lectura":"3 minutos","Written by":"Daniela Budu"},"schema":{"@context":"https:\/\/schema.org","@graph":[{"@type":"Article","@id":"https:\/\/www.rri.ro\/es\/actualidad\/en-portada\/rusia-acusada-por-los-paises-de-la-ue-id1056202.html#article","isPartOf":{"@id":"https:\/\/www.rri.ro\/es\/actualidad\/en-portada\/rusia-acusada-por-los-paises-de-la-ue-id1056202.html"},"author":{"name":"Daniela Budu","@id":"https:\/\/www.rri.ro\/#\/schema\/person\/b46b8f80d7d6e4b5ac9f14f0acbad0c4"},"headline":"Rusia, acusada por los pa\u00edses de la UE","datePublished":"2026-09-03T09:13:39+00:00","mainEntityOfPage":{"@id":"https:\/\/www.rri.ro\/es\/actualidad\/en-portada\/rusia-acusada-por-los-paises-de-la-ue-id1056202.html"},"wordCount":572,"image":{"@id":"https:\/\/www.rri.ro\/es\/actualidad\/en-portada\/rusia-acusada-por-los-paises-de-la-ue-id1056202.html#primaryimage"},"thumbnailUrl":"https:\/\/www.rri.ro\/wp-content\/uploads\/2026\/09\/Ursula-Von-Der-Leyen-Mark-Rutte-2sept26-foto-nato-int.jpg","keywords":["drones","guerra","OTAN","Rusia","UE"],"articleSection":["En portada"],"inLanguage":"es"},{"@type":"WebPage","@id":"https:\/\/www.rri.ro\/es\/actualidad\/en-portada\/rusia-acusada-por-los-paises-de-la-ue-id1056202.html","url":"https:\/\/www.rri.ro\/es\/actualidad\/en-portada\/rusia-acusada-por-los-paises-de-la-ue-id1056202.html","name":"Rusia, acusada por los pa\u00edses de la UE - Radio Ruman\u00eda Internacional","isPartOf":{"@id":"https:\/\/www.rri.ro\/#website"},"primaryImageOfPage":{"@id":"https:\/\/www.rri.ro\/es\/actualidad\/en-portada\/rusia-acusada-por-los-paises-de-la-ue-id1056202.html#primaryimage"},"image":{"@id":"https:\/\/www.rri.ro\/es\/actualidad\/en-portada\/rusia-acusada-por-los-paises-de-la-ue-id1056202.html#primaryimage"},"thumbnailUrl":"https:\/\/www.rri.ro\/wp-content\/uploads\/2026\/09\/Ursula-Von-Der-Leyen-Mark-Rutte-2sept26-foto-nato-int.jpg","datePublished":"2026-09-03T09:13:39+00:00","author":{"@id":"https:\/\/www.rri.ro\/#\/schema\/person\/b46b8f80d7d6e4b5ac9f14f0acbad0c4"},"description":"La UE y la OTAN decidieron intensificar la presi\u00f3n sobre Rusia tras el incidente con un dron en Leipzig","breadcrumb":{"@id":"https:\/\/www.rri.ro\/es\/actualidad\/en-portada\/rusia-acusada-por-los-paises-de-la-ue-id1056202.html#breadcrumb"},"inLanguage":"es","potentialAction":[{"@type":"ReadAction","target":["https:\/\/www.rri.ro\/es\/actualidad\/en-portada\/rusia-acusada-por-los-paises-de-la-ue-id1056202.html"]}]},{"@type":"ImageObject","inLanguage":"es","@id":"https:\/\/www.rri.ro\/es\/actualidad\/en-portada\/rusia-acusada-por-los-paises-de-la-ue-id1056202.html#primaryimage","url":"https:\/\/www.rri.ro\/wp-content\/uploads\/2026\/09\/Ursula-Von-Der-Leyen-Mark-Rutte-2sept26-foto-nato-int.jpg","contentUrl":"https:\/\/www.rri.ro\/wp-content\/uploads\/2026\/09\/Ursula-Von-Der-Leyen-Mark-Rutte-2sept26-foto-nato-int.jpg","width":1200,"height":800,"caption":"Mark Rutte, NATO Secretary General, meets with Ursula Von der Leyen, President of the European Commission, at the EC in Brussels."},{"@type":"BreadcrumbList","@id":"https:\/\/www.rri.ro\/es\/actualidad\/en-portada\/rusia-acusada-por-los-paises-de-la-ue-id1056202.html#breadcrumb","itemListElement":[{"@type":"ListItem","position":1,"name":"P\u00e1gina de inicio","item":"https:\/\/www.rri.ro\/es"},{"@type":"ListItem","position":2,"name":"Actualidad","item":"https:\/\/www.rri.ro\/es\/actualidad"},{"@type":"ListItem","position":3,"name":"En portada","item":"https:\/\/www.rri.ro\/es\/actualidad\/en-portada"},{"@type":"ListItem","position":4,"name":"Rusia, acusada por los pa\u00edses de la UE"}]},{"@type":"WebSite","@id":"https:\/\/www.rri.ro\/#website","url":"https:\/\/www.rri.ro\/","name":"Radio Ruman\u00eda Internacional","description":"Totul despre Rom\u00e2nia \u015fi rom\u00e2ni, \u00een 13 limbi\/dialecte!","inLanguage":"es"},{"@type":"Person","@id":"https:\/\/www.rri.ro\/#\/schema\/person\/b46b8f80d7d6e4b5ac9f14f0acbad0c4","name":"Daniela Budu","url":"https:\/\/www.rri.ro\/es\/author\/daniela-budu"}]}},"_links":{"self":[{"href":"https:\/\/www.rri.ro\/es\/wp-json\/wp\/v2\/posts\/1056202","targetHints":{"allow":["GET"]}}],"collection":[{"href":"https:\/\/www.rri.ro\/es\/wp-json\/wp\/v2\/posts"}],"about":[{"href":"https:\/\/www.rri.ro\/es\/wp-json\/wp\/v2\/types\/post"}],"author":[{"embeddable":true,"href":"https:\/\/www.rri.ro\/es\/wp-json\/wp\/v2\/users\/107"}],"replies":[{"embeddable":true,"href":"https:\/\/www.rri.ro\/es\/wp-json\/wp\/v2\/comments?post=1056202"}],"version-history":[{"count":1,"href":"https:\/\/www.rri.ro\/es\/wp-json\/wp\/v2\/posts\/1056202\/revisions"}],"predecessor-version":[{"id":1056203,"href":"https:\/\/www.rri.ro\/es\/wp-json\/wp\/v2\/posts\/1056202\/revisions\/1056203"}],"wp:featuredmedia":[{"embeddable":true,"href":"https:\/\/www.rri.ro\/es\/wp-json\/wp\/v2\/media\/1056178"}],"wp:attachment":[{"href":"https:\/\/www.rri.ro\/es\/wp-json\/wp\/v2\/media?parent=1056202"}],"wp:term":[{"taxonomy":"category","embeddable":true,"href":"https:\/\/www.rri.ro\/es\/wp-json\/wp\/v2\/categories?post=1056202"},{"taxonomy":"post_tag","embeddable":true,"href":"https:\/\/www.rri.ro\/es\/wp-json\/wp\/v2\/tags?post=1056202"},{"taxonomy":"author","embeddable":true,"href":"https:\/\/www.rri.ro\/es\/wp-json\/wp\/v2\/coauthors?post=1056202"}],"curies":[{"name":"wp","href":"https:\/\/api.w.org\/{rel}","templated":true}]}}