{"id":1056216,"date":"2026-09-03T13:05:19","date_gmt":"2026-09-03T10:05:19","guid":{"rendered":"https:\/\/www.rri.ro\/?p=1056216"},"modified":"2026-09-03T13:05:19","modified_gmt":"2026-09-03T10:05:19","slug":"avance-informativo-03-09-2026","status":"publish","type":"post","link":"https:\/\/www.rri.ro\/es\/actualidad\/noticias\/avance-informativo-03-09-2026-id1056216.html","title":{"rendered":"Avance informativo, 03.09.2026"},"content":{"rendered":"<p><span style=\"font-family: arial, helvetica, sans-serif;\"><strong>CONSEJO EUROPEO \u2013<\/strong> El presidente de Ruman\u00eda, Nicu\u015for Dan, ha recibido este jueves en Bucarest al presidente del Consejo Europeo, Ant\u00f3nio Costa, que se encuentra en una visita para consultar las prioridades y preocupaciones de Ruman\u00eda. A continuaci\u00f3n, Costa se desplazar\u00e1 a Bulgaria y Grecia, como parte de una gira por las capitales europeas cuyo tema principal es el futuro presupuesto de la UE para el per\u00edodo 2028-2034.<\/span><\/p>\n<p><span style=\"font-family: arial, helvetica, sans-serif;\">Asimismo, el responsable europeo se ha propuesto conocer la postura de los Estados miembros sobre temas como la ampliaci\u00f3n de la UE y el apoyo a Ucrania.<\/span><\/p>\n<p>&nbsp;<\/p>\n<p><span style=\"font-family: arial, helvetica, sans-serif;\"><strong>RUSIA \u2013<\/strong> El embajador de Rusia en Bucarest, Vladimir Lipaev, ser\u00e1 convocado a la sede del Ministerio de Asuntos Exteriores rumano, a ra\u00edz del ataque con drones contra el aeropuerto de Leipzig, seg\u00fan ha anunciado la ministra de Asuntos Exteriores en funciones, Oana \u0162oiu.<\/span><\/p>\n<p><span style=\"font-family: arial, helvetica, sans-serif;\">La responsable rumana ha subrayado que las autoridades de Bucarest se solidarizan con Alemania y con los dem\u00e1s Estados europeos que se han enfrentado a actividades h\u00edbridas, injerencias y provocaciones imprudentes e insistentes por parte de Rusia. <em>\u00abActuamos con firmeza y de forma conjunta, como Estados miembros de la UE y aliados de la OTAN\u00bb<\/em>, ha a\u00f1adido la ministra de Asuntos Exteriores en funciones.<\/span><\/p>\n<p><span style=\"font-family: arial, helvetica, sans-serif;\">Por otra parte, la presidenta de la Comisi\u00f3n Europea, Ursula von der Leyen, y el secretario general de la OTAN, Mark Rutte, han asegurado que la presi\u00f3n sobre Rusia continuar\u00e1 e incluso aumentar\u00e1, tras el ataque h\u00edbrido con drones contra el aeropuerto de Leipzig, atribuido a Mosc\u00fa.<\/span><\/p>\n<p>&nbsp;<\/p>\n<p><span style=\"font-family: arial, helvetica, sans-serif;\"><strong>DEFENSA \u2013 <\/strong>El Tribunal Superior de Casaci\u00f3n y Justicia rumano dictar\u00e1 este jueves la sentencia definitiva en el proceso que gan\u00f3 en primera instancia contra el Gobierno y el Ministerio de Hacienda en relaci\u00f3n con el pago de los atrasos salariales a los magistrados, derivados de unos aumentos establecidos con car\u00e1cter retroactivo mediante sentencias judiciales.<\/span><\/p>\n<p><span style=\"font-family: arial, helvetica, sans-serif;\">El proceso se encuentra en fase de recurso, despu\u00e9s de que el Tribunal de Apelaci\u00f3n de Bucarest admitiera el 5 de mayo la demanda presentada por el Tribunal Superior de Casaci\u00f3n y Justicia y obligara al Gobierno y al Ministerio de Hacienda a pagar, incluso mediante una rectificaci\u00f3n presupuestaria, los derechos salariales atrasados de los magistrados.<\/span><\/p>\n<p><span style=\"font-family: arial, helvetica, sans-serif;\">La cuant\u00eda de este proceso asciende a unos 5000 millones de leus (aproximadamente 950 millones de euros).<\/span><\/p>\n","protected":false},"excerpt":{"rendered":"<p>CONSEJO EUROPEO \u2013 El presidente de Ruman\u00eda, Nicu\u015for Dan, ha recibido este jueves en Bucarest al presidente del Consejo Europeo, Ant\u00f3nio Costa, que se encuentra en una visita para consultar las prioridades y preocupaciones de Ruman\u00eda. A continuaci\u00f3n, Costa se desplazar\u00e1 a Bulgaria y Grecia, como parte de una gira por las capitales europeas cuyo [&hellip;]<\/p>\n","protected":false},"author":113,"featured_media":723423,"comment_status":"closed","ping_status":"closed","sticky":false,"template":"","format":"standard","meta":{"_acf_changed":false,"footnotes":""},"categories":[49382],"tags":[48960,179865,149733,143622,49247,49134,147237,196023,167531,150077,146555,173057,48989,196022,48949,134235,48962,138100,136928,180279],"coauthors":[116091],"class_list":["post-1056216","post","type-post","status-publish","format-standard","has-post-thumbnail","hentry","category-noticias","tag-alemania","tag-ampliacion-de-la-ue","tag-antonio-costa-es","tag-bulgaria-es","tag-consejo-europeo","tag-defensa","tag-grecia-es","tag-injerencias-rusas","tag-magistrados-rumanos","tag-mark-rutte-es","tag-nicusor-dan-es","tag-oana-toiu-es","tag-otan","tag-presupuesto-ue-2028-2034","tag-rumania","tag-rusia-es","tag-ucrania","tag-union-europea","tag-ursula-von-der-leyen-es","tag-vladimir-lipaev"],"acf":[],"yoast_head":"<!-- This site is optimized with the Yoast SEO plugin v28.2 - https:\/\/yoast.com\/product\/yoast-seo-wordpress\/ -->\n<title>Avance informativo, 03.09.2026 - Radio Ruman\u00eda Internacional<\/title>\n<meta name=\"robots\" content=\"index, follow, max-snippet:-1, max-image-preview:large, max-video-preview:-1\" \/>\n<link rel=\"canonical\" href=\"https:\/\/www.rri.ro\/es\/actualidad\/noticias\/avance-informativo-03-09-2026-id1056216.html\" \/>\n<meta property=\"og:locale\" content=\"es_ES\" \/>\n<meta property=\"og:type\" content=\"article\" \/>\n<meta property=\"og:title\" content=\"Avance informativo, 03.09.2026 - Radio Ruman\u00eda Internacional\" \/>\n<meta property=\"og:description\" content=\"CONSEJO EUROPEO \u2013 El presidente de Ruman\u00eda, Nicu\u015for Dan, ha recibido este jueves en Bucarest al presidente del Consejo Europeo, Ant\u00f3nio Costa, que se encuentra en una visita para consultar las prioridades y preocupaciones de Ruman\u00eda. A continuaci\u00f3n, Costa se desplazar\u00e1 a Bulgaria y Grecia, como parte de una gira por las capitales europeas cuyo [&hellip;]\" \/>\n<meta property=\"og:url\" content=\"https:\/\/www.rri.ro\/es\/actualidad\/noticias\/avance-informativo-03-09-2026-id1056216.html\" \/>\n<meta property=\"og:site_name\" content=\"Radio Ruman\u00eda Internacional\" \/>\n<meta property=\"article:published_time\" content=\"2026-09-03T10:05:19+00:00\" \/>\n<meta property=\"og:image\" content=\"https:\/\/www.rri.ro\/wp-content\/uploads\/2024\/03\/RRI-960x540-Noticias-2-NOU.jpg\" \/>\n\t<meta property=\"og:image:width\" content=\"960\" \/>\n\t<meta property=\"og:image:height\" content=\"540\" \/>\n\t<meta property=\"og:image:type\" content=\"image\/jpeg\" \/>\n<meta name=\"author\" content=\"Newsroom\" \/>\n<meta name=\"twitter:card\" content=\"summary_large_image\" \/>\n<meta name=\"twitter:label1\" content=\"Escrito por\" \/>\n\t<meta name=\"twitter:data1\" content=\"Newsroom\" \/>\n\t<meta name=\"twitter:label2\" content=\"Tiempo de lectura\" \/>\n\t<meta name=\"twitter:data2\" content=\"2 minutos\" \/>\n\t<meta name=\"twitter:label3\" content=\"Written by\" \/>\n\t<meta name=\"twitter:data3\" content=\"Newsroom\" \/>\n<script type=\"application\/ld+json\" class=\"yoast-schema-graph\">{\"@context\":\"https:\\\/\\\/schema.org\",\"@graph\":[{\"@type\":\"Article\",\"@id\":\"https:\\\/\\\/www.rri.ro\\\/es\\\/actualidad\\\/noticias\\\/avance-informativo-03-09-2026-id1056216.html#article\",\"isPartOf\":{\"@id\":\"https:\\\/\\\/www.rri.ro\\\/es\\\/actualidad\\\/noticias\\\/avance-informativo-03-09-2026-id1056216.html\"},\"author\":{\"name\":\"Newsroom\",\"@id\":\"https:\\\/\\\/www.rri.ro\\\/#\\\/schema\\\/person\\\/4a479940371b9fdefd194f561e8a7f88\"},\"headline\":\"Avance informativo, 03.09.2026\",\"datePublished\":\"2026-09-03T10:05:19+00:00\",\"mainEntityOfPage\":{\"@id\":\"https:\\\/\\\/www.rri.ro\\\/es\\\/actualidad\\\/noticias\\\/avance-informativo-03-09-2026-id1056216.html\"},\"wordCount\":399,\"image\":{\"@id\":\"https:\\\/\\\/www.rri.ro\\\/es\\\/actualidad\\\/noticias\\\/avance-informativo-03-09-2026-id1056216.html#primaryimage\"},\"thumbnailUrl\":\"https:\\\/\\\/www.rri.ro\\\/wp-content\\\/uploads\\\/2024\\\/03\\\/RRI-960x540-Noticias-2-NOU.jpg\",\"keywords\":[\"Alemania\",\"ampliaci\u00f3n de la UE\",\"Antonio Costa\",\"Bulgaria\",\"Consejo Europeo\",\"defensa\",\"Grecia\",\"injerencias rusas\",\"magistrados rumanos\",\"Mark Rutte\",\"Nicusor Dan\",\"Oana Toiu\",\"OTAN\",\"presupuesto UE 2028-2034\",\"Rumania\",\"Rusia\",\"Ucrania\",\"Uni\u00f3n Europea\",\"Ursula von der Leyen\",\"Vladimir Lipaev\"],\"articleSection\":[\"Noticias\"],\"inLanguage\":\"es\"},{\"@type\":\"WebPage\",\"@id\":\"https:\\\/\\\/www.rri.ro\\\/es\\\/actualidad\\\/noticias\\\/avance-informativo-03-09-2026-id1056216.html\",\"url\":\"https:\\\/\\\/www.rri.ro\\\/es\\\/actualidad\\\/noticias\\\/avance-informativo-03-09-2026-id1056216.html\",\"name\":\"Avance informativo, 03.09.2026 - Radio Ruman\u00eda Internacional\",\"isPartOf\":{\"@id\":\"https:\\\/\\\/www.rri.ro\\\/#website\"},\"primaryImageOfPage\":{\"@id\":\"https:\\\/\\\/www.rri.ro\\\/es\\\/actualidad\\\/noticias\\\/avance-informativo-03-09-2026-id1056216.html#primaryimage\"},\"image\":{\"@id\":\"https:\\\/\\\/www.rri.ro\\\/es\\\/actualidad\\\/noticias\\\/avance-informativo-03-09-2026-id1056216.html#primaryimage\"},\"thumbnailUrl\":\"https:\\\/\\\/www.rri.ro\\\/wp-content\\\/uploads\\\/2024\\\/03\\\/RRI-960x540-Noticias-2-NOU.jpg\",\"datePublished\":\"2026-09-03T10:05:19+00:00\",\"author\":{\"@id\":\"https:\\\/\\\/www.rri.ro\\\/#\\\/schema\\\/person\\\/4a479940371b9fdefd194f561e8a7f88\"},\"breadcrumb\":{\"@id\":\"https:\\\/\\\/www.rri.ro\\\/es\\\/actualidad\\\/noticias\\\/avance-informativo-03-09-2026-id1056216.html#breadcrumb\"},\"inLanguage\":\"es\",\"potentialAction\":[{\"@type\":\"ReadAction\",\"target\":[\"https:\\\/\\\/www.rri.ro\\\/es\\\/actualidad\\\/noticias\\\/avance-informativo-03-09-2026-id1056216.html\"]}]},{\"@type\":\"ImageObject\",\"inLanguage\":\"es\",\"@id\":\"https:\\\/\\\/www.rri.ro\\\/es\\\/actualidad\\\/noticias\\\/avance-informativo-03-09-2026-id1056216.html#primaryimage\",\"url\":\"https:\\\/\\\/www.rri.ro\\\/wp-content\\\/uploads\\\/2024\\\/03\\\/RRI-960x540-Noticias-2-NOU.jpg\",\"contentUrl\":\"https:\\\/\\\/www.rri.ro\\\/wp-content\\\/uploads\\\/2024\\\/03\\\/RRI-960x540-Noticias-2-NOU.jpg\",\"width\":960,\"height\":540,\"caption\":\"RRI 960x540 Noticias 2-NOU\"},{\"@type\":\"BreadcrumbList\",\"@id\":\"https:\\\/\\\/www.rri.ro\\\/es\\\/actualidad\\\/noticias\\\/avance-informativo-03-09-2026-id1056216.html#breadcrumb\",\"itemListElement\":[{\"@type\":\"ListItem\",\"position\":1,\"name\":\"P\u00e1gina de inicio\",\"item\":\"https:\\\/\\\/www.rri.ro\\\/es\"},{\"@type\":\"ListItem\",\"position\":2,\"name\":\"Actualidad\",\"item\":\"https:\\\/\\\/www.rri.ro\\\/es\\\/actualidad\"},{\"@type\":\"ListItem\",\"position\":3,\"name\":\"Noticias\",\"item\":\"https:\\\/\\\/www.rri.ro\\\/es\\\/actualidad\\\/noticias\"},{\"@type\":\"ListItem\",\"position\":4,\"name\":\"Avance informativo, 03.09.2026\"}]},{\"@type\":\"WebSite\",\"@id\":\"https:\\\/\\\/www.rri.ro\\\/#website\",\"url\":\"https:\\\/\\\/www.rri.ro\\\/\",\"name\":\"Radio Ruman\u00eda Internacional\",\"description\":\"Totul despre Rom\u00e2nia \u015fi rom\u00e2ni, \u00een 13 limbi\\\/dialecte!\",\"inLanguage\":\"es\"},{\"@type\":\"Person\",\"@id\":\"https:\\\/\\\/www.rri.ro\\\/#\\\/schema\\\/person\\\/4a479940371b9fdefd194f561e8a7f88\",\"name\":\"Newsroom\",\"url\":\"https:\\\/\\\/www.rri.ro\\\/es\\\/author\\\/newsroom\"}]}<\/script>\n<!-- \/ Yoast SEO plugin. -->","yoast_head_json":{"title":"Avance informativo, 03.09.2026 - Radio Ruman\u00eda Internacional","robots":{"index":"index","follow":"follow","max-snippet":"max-snippet:-1","max-image-preview":"max-image-preview:large","max-video-preview":"max-video-preview:-1"},"canonical":"https:\/\/www.rri.ro\/es\/actualidad\/noticias\/avance-informativo-03-09-2026-id1056216.html","og_locale":"es_ES","og_type":"article","og_title":"Avance informativo, 03.09.2026 - Radio Ruman\u00eda Internacional","og_description":"CONSEJO EUROPEO \u2013 El presidente de Ruman\u00eda, Nicu\u015for Dan, ha recibido este jueves en Bucarest al presidente del Consejo Europeo, Ant\u00f3nio Costa, que se encuentra en una visita para consultar las prioridades y preocupaciones de Ruman\u00eda. A continuaci\u00f3n, Costa se desplazar\u00e1 a Bulgaria y Grecia, como parte de una gira por las capitales europeas cuyo [&hellip;]","og_url":"https:\/\/www.rri.ro\/es\/actualidad\/noticias\/avance-informativo-03-09-2026-id1056216.html","og_site_name":"Radio Ruman\u00eda Internacional","article_published_time":"2026-09-03T10:05:19+00:00","og_image":[{"width":960,"height":540,"url":"https:\/\/www.rri.ro\/wp-content\/uploads\/2024\/03\/RRI-960x540-Noticias-2-NOU.jpg","type":"image\/jpeg"}],"author":"Newsroom","twitter_card":"summary_large_image","twitter_misc":{"Escrito por":"Newsroom","Tiempo de lectura":"2 minutos","Written by":"Newsroom"},"schema":{"@context":"https:\/\/schema.org","@graph":[{"@type":"Article","@id":"https:\/\/www.rri.ro\/es\/actualidad\/noticias\/avance-informativo-03-09-2026-id1056216.html#article","isPartOf":{"@id":"https:\/\/www.rri.ro\/es\/actualidad\/noticias\/avance-informativo-03-09-2026-id1056216.html"},"author":{"name":"Newsroom","@id":"https:\/\/www.rri.ro\/#\/schema\/person\/4a479940371b9fdefd194f561e8a7f88"},"headline":"Avance informativo, 03.09.2026","datePublished":"2026-09-03T10:05:19+00:00","mainEntityOfPage":{"@id":"https:\/\/www.rri.ro\/es\/actualidad\/noticias\/avance-informativo-03-09-2026-id1056216.html"},"wordCount":399,"image":{"@id":"https:\/\/www.rri.ro\/es\/actualidad\/noticias\/avance-informativo-03-09-2026-id1056216.html#primaryimage"},"thumbnailUrl":"https:\/\/www.rri.ro\/wp-content\/uploads\/2024\/03\/RRI-960x540-Noticias-2-NOU.jpg","keywords":["Alemania","ampliaci\u00f3n de la UE","Antonio Costa","Bulgaria","Consejo Europeo","defensa","Grecia","injerencias rusas","magistrados rumanos","Mark Rutte","Nicusor Dan","Oana Toiu","OTAN","presupuesto UE 2028-2034","Rumania","Rusia","Ucrania","Uni\u00f3n Europea","Ursula von der Leyen","Vladimir Lipaev"],"articleSection":["Noticias"],"inLanguage":"es"},{"@type":"WebPage","@id":"https:\/\/www.rri.ro\/es\/actualidad\/noticias\/avance-informativo-03-09-2026-id1056216.html","url":"https:\/\/www.rri.ro\/es\/actualidad\/noticias\/avance-informativo-03-09-2026-id1056216.html","name":"Avance informativo, 03.09.2026 - Radio Ruman\u00eda Internacional","isPartOf":{"@id":"https:\/\/www.rri.ro\/#website"},"primaryImageOfPage":{"@id":"https:\/\/www.rri.ro\/es\/actualidad\/noticias\/avance-informativo-03-09-2026-id1056216.html#primaryimage"},"image":{"@id":"https:\/\/www.rri.ro\/es\/actualidad\/noticias\/avance-informativo-03-09-2026-id1056216.html#primaryimage"},"thumbnailUrl":"https:\/\/www.rri.ro\/wp-content\/uploads\/2024\/03\/RRI-960x540-Noticias-2-NOU.jpg","datePublished":"2026-09-03T10:05:19+00:00","author":{"@id":"https:\/\/www.rri.ro\/#\/schema\/person\/4a479940371b9fdefd194f561e8a7f88"},"breadcrumb":{"@id":"https:\/\/www.rri.ro\/es\/actualidad\/noticias\/avance-informativo-03-09-2026-id1056216.html#breadcrumb"},"inLanguage":"es","potentialAction":[{"@type":"ReadAction","target":["https:\/\/www.rri.ro\/es\/actualidad\/noticias\/avance-informativo-03-09-2026-id1056216.html"]}]},{"@type":"ImageObject","inLanguage":"es","@id":"https:\/\/www.rri.ro\/es\/actualidad\/noticias\/avance-informativo-03-09-2026-id1056216.html#primaryimage","url":"https:\/\/www.rri.ro\/wp-content\/uploads\/2024\/03\/RRI-960x540-Noticias-2-NOU.jpg","contentUrl":"https:\/\/www.rri.ro\/wp-content\/uploads\/2024\/03\/RRI-960x540-Noticias-2-NOU.jpg","width":960,"height":540,"caption":"RRI 960x540 Noticias 2-NOU"},{"@type":"BreadcrumbList","@id":"https:\/\/www.rri.ro\/es\/actualidad\/noticias\/avance-informativo-03-09-2026-id1056216.html#breadcrumb","itemListElement":[{"@type":"ListItem","position":1,"name":"P\u00e1gina de inicio","item":"https:\/\/www.rri.ro\/es"},{"@type":"ListItem","position":2,"name":"Actualidad","item":"https:\/\/www.rri.ro\/es\/actualidad"},{"@type":"ListItem","position":3,"name":"Noticias","item":"https:\/\/www.rri.ro\/es\/actualidad\/noticias"},{"@type":"ListItem","position":4,"name":"Avance informativo, 03.09.2026"}]},{"@type":"WebSite","@id":"https:\/\/www.rri.ro\/#website","url":"https:\/\/www.rri.ro\/","name":"Radio Ruman\u00eda Internacional","description":"Totul despre Rom\u00e2nia \u015fi rom\u00e2ni, \u00een 13 limbi\/dialecte!","inLanguage":"es"},{"@type":"Person","@id":"https:\/\/www.rri.ro\/#\/schema\/person\/4a479940371b9fdefd194f561e8a7f88","name":"Newsroom","url":"https:\/\/www.rri.ro\/es\/author\/newsroom"}]}},"_links":{"self":[{"href":"https:\/\/www.rri.ro\/es\/wp-json\/wp\/v2\/posts\/1056216","targetHints":{"allow":["GET"]}}],"collection":[{"href":"https:\/\/www.rri.ro\/es\/wp-json\/wp\/v2\/posts"}],"about":[{"href":"https:\/\/www.rri.ro\/es\/wp-json\/wp\/v2\/types\/post"}],"author":[{"embeddable":true,"href":"https:\/\/www.rri.ro\/es\/wp-json\/wp\/v2\/users\/113"}],"replies":[{"embeddable":true,"href":"https:\/\/www.rri.ro\/es\/wp-json\/wp\/v2\/comments?post=1056216"}],"version-history":[{"count":1,"href":"https:\/\/www.rri.ro\/es\/wp-json\/wp\/v2\/posts\/1056216\/revisions"}],"predecessor-version":[{"id":1056219,"href":"https:\/\/www.rri.ro\/es\/wp-json\/wp\/v2\/posts\/1056216\/revisions\/1056219"}],"wp:featuredmedia":[{"embeddable":true,"href":"https:\/\/www.rri.ro\/es\/wp-json\/wp\/v2\/media\/723423"}],"wp:attachment":[{"href":"https:\/\/www.rri.ro\/es\/wp-json\/wp\/v2\/media?parent=1056216"}],"wp:term":[{"taxonomy":"category","embeddable":true,"href":"https:\/\/www.rri.ro\/es\/wp-json\/wp\/v2\/categories?post=1056216"},{"taxonomy":"post_tag","embeddable":true,"href":"https:\/\/www.rri.ro\/es\/wp-json\/wp\/v2\/tags?post=1056216"},{"taxonomy":"author","embeddable":true,"href":"https:\/\/www.rri.ro\/es\/wp-json\/wp\/v2\/coauthors?post=1056216"}],"curies":[{"name":"wp","href":"https:\/\/api.w.org\/{rel}","templated":true}]}}