{"id":1056322,"date":"2026-09-03T19:21:02","date_gmt":"2026-09-03T16:21:02","guid":{"rendered":"https:\/\/www.rri.ro\/?p=1056322"},"modified":"2026-09-03T19:23:24","modified_gmt":"2026-09-03T16:23:24","slug":"noticias-del-dia-3010","status":"publish","type":"post","link":"https:\/\/www.rri.ro\/es\/actualidad\/noticias\/noticias-del-dia-3010-id1056322.html","title":{"rendered":"Noticias del d\u00eda"},"content":{"rendered":"<p><span style=\"font-family: arial, helvetica, sans-serif;\"><strong>Titulares:<\/strong><\/span><\/p>\n<p style=\"padding-left: 40px;\"><span style=\"font-family: arial, helvetica, sans-serif;\">\u2013 El presidente de Ruman\u00eda, Nicu\u015for Dan, ha recibido este jueves en Bucarest al presidente del Consejo Europeo, Ant\u00f3nio Costa<\/span><\/p>\n<p style=\"padding-left: 40px;\"><span style=\"font-family: arial, helvetica, sans-serif;\">\u2013 El embajador de Rusia en Bucarest ser\u00e1 convocado a la sede del Ministerio de Asuntos Exteriores rumano, a ra\u00edz del ataque con drones contra el aeropuerto de Leipzig<\/span><\/p>\n<p style=\"padding-left: 40px;\"><span style=\"font-family: arial, helvetica, sans-serif;\">\u2013 La tenista rumana Sorana C\u00eerstea ha derrotado por 2-0 en sets a la francesa Diane Parry en la segunda ronda del US Open.<\/span><\/p>\n<p>&nbsp;<\/p>\n<p><span style=\"font-family: arial, helvetica, sans-serif;\"><strong>CONSEJO EUROPEO \u2013<\/strong> Ruman\u00eda desea un futuro presupuesto de la Uni\u00f3n Europea \u00abambicioso\u00bb, con dotaciones sustanciales para los cap\u00edtulos de Cohesi\u00f3n y Agricultura, seg\u00fan ha declarado el presidente Nicu\u015for Dan en una rueda de prensa conjunta con el presidente del Consejo Europeo, Ant\u00f3nio Costa.<\/span><\/p>\n<p><span style=\"font-family: arial, helvetica, sans-serif;\">El presidente Dan ha recibido este jueves en Bucarest al responsable europeo, que se encuentra en una visita para consultar las prioridades y preocupaciones de Ruman\u00eda. El presidente rumano ha se\u00f1alado que el tema principal del di\u00e1logo ha sido la negociaci\u00f3n del futuro presupuesto de la UE para el periodo 2028-2034. Precis\u00f3 que Ruman\u00eda aboga por un presupuesto \u00abambicioso\u00bb, que permita al pa\u00eds reducir la brecha con respecto al resto de pa\u00edses europeos.<\/span><\/p>\n<p><span style=\"font-family: arial, helvetica, sans-serif;\">Por su parte, Ant\u00f3nio Costa declar\u00f3 que las recientes violaciones del espacio a\u00e9reo rumano, as\u00ed como los incidentes en los que se han visto implicados drones navales, son \u00abprofundamente preocupantes\u00bb y que Bruselas seguir\u00e1 apoyando a Ruman\u00eda, ya que entiende que la seguridad de Ruman\u00eda es la seguridad de Europa en su conjunto. <em>\u00abDebemos estar unidos en nuestros esfuerzos por lograr una paz justa y duradera en Ucrania\u00bb<\/em>, afirm\u00f3 Costa.<\/span><\/p>\n<p><span style=\"font-family: arial, helvetica, sans-serif;\">Por \u00faltimo, expres\u00f3 su agradecimiento por <em>\u00abel firme apoyo prestado por Ruman\u00eda a la Rep\u00fablica de Moldavia en su camino hacia la integraci\u00f3n en la UE\u00bb<\/em>.<\/span><\/p>\n<p><span style=\"font-family: arial, helvetica, sans-serif;\">El presidente del Consejo Europeo viaja a continuaci\u00f3n a Bulgaria y Grecia. Ya ha estado en Eslovaquia, Estonia, Letonia, Lituania, la Rep\u00fablica Checa, Hungr\u00eda, Croacia y Luxemburgo.<\/span><\/p>\n<p>&nbsp;<\/p>\n<p><span style=\"font-family: arial, helvetica, sans-serif;\"><strong>RUSIA \u2013<\/strong> El embajador de Rusia en Bucarest, Vladimir Lipaev, ser\u00e1 convocado a la sede del Ministerio de Asuntos Exteriores rumano, a ra\u00edz del ataque con drones contra el aeropuerto de Leipzig, seg\u00fan ha anunciado la ministra de Asuntos Exteriores en funciones, Oana \u0162oiu.<\/span><\/p>\n<p><span style=\"font-family: arial, helvetica, sans-serif;\">La ministra ha subrayado que las autoridades rumanas se solidarizan con Alemania y con los dem\u00e1s Estados europeos que se han enfrentado a actividades h\u00edbridas, injerencias y provocaciones imprudentes e insistentes por parte de Rusia. <em>\u00abActuamos con firmeza y de forma conjunta, como Estados miembros de la UE y aliados de la OTAN\u00bb<\/em>, ha a\u00f1adido la ministra de Asuntos Exteriores en funciones.<\/span><\/p>\n<p><span style=\"font-family: arial, helvetica, sans-serif;\">Por otra parte, la presidenta de la Comisi\u00f3n Europea, Ursula von der Leyen, y el secretario general de la OTAN, Mark Rutte, han asegurado que la presi\u00f3n sobre Rusia continuar\u00e1 e incluso aumentar\u00e1, tras el ataque h\u00edbrido con drones contra el aeropuerto de Leipzig, atribuido a Mosc\u00fa.<\/span><\/p>\n<p>&nbsp;<\/p>\n<p><span style=\"font-family: arial, helvetica, sans-serif;\"><strong>JUICIO SALARIOS \u2013 <\/strong>El Tribunal Superior de Casaci\u00f3n y Justicia rumano ha aplazado hasta el pr\u00f3ximo 17 de septiembre la sentencia definitiva en el proceso que gan\u00f3 en primera instancia contra el Gobierno y el Ministerio de Hacienda en relaci\u00f3n con el pago de los atrasos salariales a los magistrados, derivados de unos aumentos establecidos con car\u00e1cter retroactivo mediante sentencias judiciales.<\/span><\/p>\n<p><span style=\"font-family: arial, helvetica, sans-serif;\">El proceso se encuentra en fase de recurso, despu\u00e9s de que el Tribunal de Apelaci\u00f3n de Bucarest admitiera el 5 de mayo la demanda presentada por el Tribunal Superior de Casaci\u00f3n y Justicia y obligara al Gobierno y al Ministerio de Hacienda a pagar, incluso mediante una rectificaci\u00f3n presupuestaria, los derechos salariales atrasados de los magistrados.<\/span><\/p>\n<p><span style=\"font-family: arial, helvetica, sans-serif;\">La cuant\u00eda de este proceso asciende a unos 5000 millones de leus (aproximadamente 950 millones de euros).<\/span><\/p>\n<p>&nbsp;<\/p>\n<p><span style=\"font-family: arial, helvetica, sans-serif;\"><strong>JUSTICIA \u2013 <\/strong>El presidente rumano Nicu\u015for Dan ha acudido este jueves al Consejo Superior de la Magistratura (CSM). Se trata de la primera visita del presidente Dan a este organismo, donde ha presidido un punto del orden del d\u00eda de la sesi\u00f3n plenaria, el relativo al nombramiento de fiscales para la Secci\u00f3n Especial que investiga a los magistrados.<\/span><\/p>\n<p><span style=\"font-family: arial, helvetica, sans-serif;\">Nicu\u015for Dan abandon\u00f3 la sede del CSM tras unos 10 minutos y, a la salida, declar\u00f3 que Ruman\u00eda tiene un d\u00e9ficit de fiscales en dicha secci\u00f3n. Precis\u00f3 que es importante que se cubran estos puestos, ya que la sospecha de delito entre los magistrados afecta a la confianza de los ciudadanos en el Estado rumano.<\/span><\/p>\n<p>&nbsp;<\/p>\n<p><span style=\"font-family: arial, helvetica, sans-serif;\"><strong>DEPORTES \u2013 <\/strong>La tenista rumana Sorana C\u00eerstea venci\u00f3 por 2-0 en sets a la francesa Diane Parry en la segunda ronda del abierto de Estados Unidos, el \u00faltimo torneo de Grand Slam del a\u00f1o.<\/span><\/p>\n<p><span style=\"font-family: arial, helvetica, sans-serif;\">En la siguiente ronda, C\u00eerstea (36 a\u00f1os), cabeza de serie n\u00famero 16 en el torneo neoyorquino, se enfrentar\u00e1 el viernes a la italiana Jasmine Paolini.<\/span><\/p>\n<p><span style=\"font-family: arial, helvetica, sans-serif;\">En 2026, en los torneos de Grand Slam, C\u00eerstea lleg\u00f3 a la segunda ronda del Abierto de Australia, a cuartos de final en Roland Garros y a la tercera ronda en Wimbledon.<\/span><\/p>\n","protected":false},"excerpt":{"rendered":"<p>Titulares: \u2013 El presidente de Ruman\u00eda, Nicu\u015for Dan, ha recibido este jueves en Bucarest al presidente del Consejo Europeo, Ant\u00f3nio Costa \u2013 El embajador de Rusia en Bucarest ser\u00e1 convocado a la sede del Ministerio de Asuntos Exteriores rumano, a ra\u00edz del ataque con drones contra el aeropuerto de Leipzig \u2013 La tenista rumana Sorana [&hellip;]<\/p>\n","protected":false},"author":113,"featured_media":723423,"comment_status":"closed","ping_status":"closed","sticky":false,"template":"","format":"standard","meta":{"_acf_changed":false,"footnotes":""},"categories":[49382],"tags":[144003,48960,149733,170096,49247,168055,143980,148318,49125,167525,150077,139544,146555,48989,158016,196036,48949,134235,48953,148806,144276,48962,138100,136928],"coauthors":[116091],"class_list":["post-1056322","post","type-post","status-publish","format-standard","has-post-thumbnail","hentry","category-noticias","tag-agricultura-es","tag-alemania","tag-antonio-costa-es","tag-cohesion-es","tag-consejo-europeo","tag-consejo-superior-de-la-magistratura","tag-deportes","tag-drones-es","tag-justicia","tag-magistrados","tag-mark-rutte-es","tag-moldavia-es","tag-nicusor-dan-es","tag-otan","tag-politica-europea","tag-presupuesto-europeo","tag-rumania","tag-rusia-es","tag-salarios","tag-seguridad-europea","tag-tribunal-superior-de-casacion-y-justicia","tag-ucrania","tag-union-europea","tag-ursula-von-der-leyen-es"],"acf":[],"yoast_head":"<!-- This site is optimized with the Yoast SEO plugin v28.2 - https:\/\/yoast.com\/product\/yoast-seo-wordpress\/ -->\n<title>Noticias del d\u00eda - Radio Ruman\u00eda Internacional<\/title>\n<meta name=\"robots\" content=\"index, follow, max-snippet:-1, max-image-preview:large, max-video-preview:-1\" \/>\n<link rel=\"canonical\" href=\"https:\/\/www.rri.ro\/es\/actualidad\/noticias\/noticias-del-dia-3010-id1056322.html\" \/>\n<meta property=\"og:locale\" content=\"es_ES\" \/>\n<meta property=\"og:type\" content=\"article\" \/>\n<meta property=\"og:title\" content=\"Noticias del d\u00eda - Radio Ruman\u00eda Internacional\" \/>\n<meta property=\"og:description\" content=\"Titulares: \u2013 El presidente de Ruman\u00eda, Nicu\u015for Dan, ha recibido este jueves en Bucarest al presidente del Consejo Europeo, Ant\u00f3nio Costa \u2013 El embajador de Rusia en Bucarest ser\u00e1 convocado a la sede del Ministerio de Asuntos Exteriores rumano, a ra\u00edz del ataque con drones contra el aeropuerto de Leipzig \u2013 La tenista rumana Sorana [&hellip;]\" \/>\n<meta property=\"og:url\" content=\"https:\/\/www.rri.ro\/es\/actualidad\/noticias\/noticias-del-dia-3010-id1056322.html\" \/>\n<meta property=\"og:site_name\" content=\"Radio Ruman\u00eda Internacional\" \/>\n<meta property=\"article:published_time\" content=\"2026-09-03T16:21:02+00:00\" \/>\n<meta property=\"article:modified_time\" content=\"2026-09-03T16:23:24+00:00\" \/>\n<meta property=\"og:image\" content=\"https:\/\/www.rri.ro\/wp-content\/uploads\/2024\/03\/RRI-960x540-Noticias-2-NOU.jpg\" \/>\n\t<meta property=\"og:image:width\" content=\"960\" \/>\n\t<meta property=\"og:image:height\" content=\"540\" \/>\n\t<meta property=\"og:image:type\" content=\"image\/jpeg\" \/>\n<meta name=\"author\" content=\"Newsroom\" \/>\n<meta name=\"twitter:card\" content=\"summary_large_image\" \/>\n<meta name=\"twitter:label1\" content=\"Escrito por\" \/>\n\t<meta name=\"twitter:data1\" content=\"Newsroom\" \/>\n\t<meta name=\"twitter:label2\" content=\"Tiempo de lectura\" \/>\n\t<meta name=\"twitter:data2\" content=\"4 minutos\" \/>\n\t<meta name=\"twitter:label3\" content=\"Written by\" \/>\n\t<meta name=\"twitter:data3\" content=\"Newsroom\" \/>\n<script type=\"application\/ld+json\" class=\"yoast-schema-graph\">{\"@context\":\"https:\\\/\\\/schema.org\",\"@graph\":[{\"@type\":\"Article\",\"@id\":\"https:\\\/\\\/www.rri.ro\\\/es\\\/actualidad\\\/noticias\\\/noticias-del-dia-3010-id1056322.html#article\",\"isPartOf\":{\"@id\":\"https:\\\/\\\/www.rri.ro\\\/es\\\/actualidad\\\/noticias\\\/noticias-del-dia-3010-id1056322.html\"},\"author\":{\"name\":\"Newsroom\",\"@id\":\"https:\\\/\\\/www.rri.ro\\\/#\\\/schema\\\/person\\\/4a479940371b9fdefd194f561e8a7f88\"},\"headline\":\"Noticias del d\u00eda\",\"datePublished\":\"2026-09-03T16:21:02+00:00\",\"dateModified\":\"2026-09-03T16:23:24+00:00\",\"mainEntityOfPage\":{\"@id\":\"https:\\\/\\\/www.rri.ro\\\/es\\\/actualidad\\\/noticias\\\/noticias-del-dia-3010-id1056322.html\"},\"wordCount\":858,\"image\":{\"@id\":\"https:\\\/\\\/www.rri.ro\\\/es\\\/actualidad\\\/noticias\\\/noticias-del-dia-3010-id1056322.html#primaryimage\"},\"thumbnailUrl\":\"https:\\\/\\\/www.rri.ro\\\/wp-content\\\/uploads\\\/2024\\\/03\\\/RRI-960x540-Noticias-2-NOU.jpg\",\"keywords\":[\"Agricultura\",\"Alemania\",\"Antonio Costa\",\"cohesion\",\"Consejo Europeo\",\"Consejo Superior de la Magistratura\",\"deportes\",\"drones\",\"justicia\",\"magistrados\",\"Mark Rutte\",\"Moldavia\",\"Nicusor Dan\",\"OTAN\",\"pol\u00edtica europea\",\"presupuesto europeo\",\"Rumania\",\"Rusia\",\"salarios\",\"seguridad europea\",\"Tribunal Superior de Casaci\u00f3n y Justicia\",\"Ucrania\",\"Uni\u00f3n Europea\",\"Ursula von der Leyen\"],\"articleSection\":[\"Noticias\"],\"inLanguage\":\"es\"},{\"@type\":\"WebPage\",\"@id\":\"https:\\\/\\\/www.rri.ro\\\/es\\\/actualidad\\\/noticias\\\/noticias-del-dia-3010-id1056322.html\",\"url\":\"https:\\\/\\\/www.rri.ro\\\/es\\\/actualidad\\\/noticias\\\/noticias-del-dia-3010-id1056322.html\",\"name\":\"Noticias del d\u00eda - Radio Ruman\u00eda Internacional\",\"isPartOf\":{\"@id\":\"https:\\\/\\\/www.rri.ro\\\/#website\"},\"primaryImageOfPage\":{\"@id\":\"https:\\\/\\\/www.rri.ro\\\/es\\\/actualidad\\\/noticias\\\/noticias-del-dia-3010-id1056322.html#primaryimage\"},\"image\":{\"@id\":\"https:\\\/\\\/www.rri.ro\\\/es\\\/actualidad\\\/noticias\\\/noticias-del-dia-3010-id1056322.html#primaryimage\"},\"thumbnailUrl\":\"https:\\\/\\\/www.rri.ro\\\/wp-content\\\/uploads\\\/2024\\\/03\\\/RRI-960x540-Noticias-2-NOU.jpg\",\"datePublished\":\"2026-09-03T16:21:02+00:00\",\"dateModified\":\"2026-09-03T16:23:24+00:00\",\"author\":{\"@id\":\"https:\\\/\\\/www.rri.ro\\\/#\\\/schema\\\/person\\\/4a479940371b9fdefd194f561e8a7f88\"},\"breadcrumb\":{\"@id\":\"https:\\\/\\\/www.rri.ro\\\/es\\\/actualidad\\\/noticias\\\/noticias-del-dia-3010-id1056322.html#breadcrumb\"},\"inLanguage\":\"es\",\"potentialAction\":[{\"@type\":\"ReadAction\",\"target\":[\"https:\\\/\\\/www.rri.ro\\\/es\\\/actualidad\\\/noticias\\\/noticias-del-dia-3010-id1056322.html\"]}]},{\"@type\":\"ImageObject\",\"inLanguage\":\"es\",\"@id\":\"https:\\\/\\\/www.rri.ro\\\/es\\\/actualidad\\\/noticias\\\/noticias-del-dia-3010-id1056322.html#primaryimage\",\"url\":\"https:\\\/\\\/www.rri.ro\\\/wp-content\\\/uploads\\\/2024\\\/03\\\/RRI-960x540-Noticias-2-NOU.jpg\",\"contentUrl\":\"https:\\\/\\\/www.rri.ro\\\/wp-content\\\/uploads\\\/2024\\\/03\\\/RRI-960x540-Noticias-2-NOU.jpg\",\"width\":960,\"height\":540,\"caption\":\"RRI 960x540 Noticias 2-NOU\"},{\"@type\":\"BreadcrumbList\",\"@id\":\"https:\\\/\\\/www.rri.ro\\\/es\\\/actualidad\\\/noticias\\\/noticias-del-dia-3010-id1056322.html#breadcrumb\",\"itemListElement\":[{\"@type\":\"ListItem\",\"position\":1,\"name\":\"P\u00e1gina de inicio\",\"item\":\"https:\\\/\\\/www.rri.ro\\\/es\"},{\"@type\":\"ListItem\",\"position\":2,\"name\":\"Actualidad\",\"item\":\"https:\\\/\\\/www.rri.ro\\\/es\\\/actualidad\"},{\"@type\":\"ListItem\",\"position\":3,\"name\":\"Noticias\",\"item\":\"https:\\\/\\\/www.rri.ro\\\/es\\\/actualidad\\\/noticias\"},{\"@type\":\"ListItem\",\"position\":4,\"name\":\"Noticias del d\u00eda\"}]},{\"@type\":\"WebSite\",\"@id\":\"https:\\\/\\\/www.rri.ro\\\/#website\",\"url\":\"https:\\\/\\\/www.rri.ro\\\/\",\"name\":\"Radio Ruman\u00eda Internacional\",\"description\":\"Totul despre Rom\u00e2nia \u015fi rom\u00e2ni, \u00een 13 limbi\\\/dialecte!\",\"inLanguage\":\"es\"},{\"@type\":\"Person\",\"@id\":\"https:\\\/\\\/www.rri.ro\\\/#\\\/schema\\\/person\\\/4a479940371b9fdefd194f561e8a7f88\",\"name\":\"Newsroom\",\"url\":\"https:\\\/\\\/www.rri.ro\\\/es\\\/author\\\/newsroom\"}]}<\/script>\n<!-- \/ Yoast SEO plugin. -->","yoast_head_json":{"title":"Noticias del d\u00eda - Radio Ruman\u00eda Internacional","robots":{"index":"index","follow":"follow","max-snippet":"max-snippet:-1","max-image-preview":"max-image-preview:large","max-video-preview":"max-video-preview:-1"},"canonical":"https:\/\/www.rri.ro\/es\/actualidad\/noticias\/noticias-del-dia-3010-id1056322.html","og_locale":"es_ES","og_type":"article","og_title":"Noticias del d\u00eda - Radio Ruman\u00eda Internacional","og_description":"Titulares: \u2013 El presidente de Ruman\u00eda, Nicu\u015for Dan, ha recibido este jueves en Bucarest al presidente del Consejo Europeo, Ant\u00f3nio Costa \u2013 El embajador de Rusia en Bucarest ser\u00e1 convocado a la sede del Ministerio de Asuntos Exteriores rumano, a ra\u00edz del ataque con drones contra el aeropuerto de Leipzig \u2013 La tenista rumana Sorana [&hellip;]","og_url":"https:\/\/www.rri.ro\/es\/actualidad\/noticias\/noticias-del-dia-3010-id1056322.html","og_site_name":"Radio Ruman\u00eda Internacional","article_published_time":"2026-09-03T16:21:02+00:00","article_modified_time":"2026-09-03T16:23:24+00:00","og_image":[{"width":960,"height":540,"url":"https:\/\/www.rri.ro\/wp-content\/uploads\/2024\/03\/RRI-960x540-Noticias-2-NOU.jpg","type":"image\/jpeg"}],"author":"Newsroom","twitter_card":"summary_large_image","twitter_misc":{"Escrito por":"Newsroom","Tiempo de lectura":"4 minutos","Written by":"Newsroom"},"schema":{"@context":"https:\/\/schema.org","@graph":[{"@type":"Article","@id":"https:\/\/www.rri.ro\/es\/actualidad\/noticias\/noticias-del-dia-3010-id1056322.html#article","isPartOf":{"@id":"https:\/\/www.rri.ro\/es\/actualidad\/noticias\/noticias-del-dia-3010-id1056322.html"},"author":{"name":"Newsroom","@id":"https:\/\/www.rri.ro\/#\/schema\/person\/4a479940371b9fdefd194f561e8a7f88"},"headline":"Noticias del d\u00eda","datePublished":"2026-09-03T16:21:02+00:00","dateModified":"2026-09-03T16:23:24+00:00","mainEntityOfPage":{"@id":"https:\/\/www.rri.ro\/es\/actualidad\/noticias\/noticias-del-dia-3010-id1056322.html"},"wordCount":858,"image":{"@id":"https:\/\/www.rri.ro\/es\/actualidad\/noticias\/noticias-del-dia-3010-id1056322.html#primaryimage"},"thumbnailUrl":"https:\/\/www.rri.ro\/wp-content\/uploads\/2024\/03\/RRI-960x540-Noticias-2-NOU.jpg","keywords":["Agricultura","Alemania","Antonio Costa","cohesion","Consejo Europeo","Consejo Superior de la Magistratura","deportes","drones","justicia","magistrados","Mark Rutte","Moldavia","Nicusor Dan","OTAN","pol\u00edtica europea","presupuesto europeo","Rumania","Rusia","salarios","seguridad europea","Tribunal Superior de Casaci\u00f3n y Justicia","Ucrania","Uni\u00f3n Europea","Ursula von der Leyen"],"articleSection":["Noticias"],"inLanguage":"es"},{"@type":"WebPage","@id":"https:\/\/www.rri.ro\/es\/actualidad\/noticias\/noticias-del-dia-3010-id1056322.html","url":"https:\/\/www.rri.ro\/es\/actualidad\/noticias\/noticias-del-dia-3010-id1056322.html","name":"Noticias del d\u00eda - Radio Ruman\u00eda Internacional","isPartOf":{"@id":"https:\/\/www.rri.ro\/#website"},"primaryImageOfPage":{"@id":"https:\/\/www.rri.ro\/es\/actualidad\/noticias\/noticias-del-dia-3010-id1056322.html#primaryimage"},"image":{"@id":"https:\/\/www.rri.ro\/es\/actualidad\/noticias\/noticias-del-dia-3010-id1056322.html#primaryimage"},"thumbnailUrl":"https:\/\/www.rri.ro\/wp-content\/uploads\/2024\/03\/RRI-960x540-Noticias-2-NOU.jpg","datePublished":"2026-09-03T16:21:02+00:00","dateModified":"2026-09-03T16:23:24+00:00","author":{"@id":"https:\/\/www.rri.ro\/#\/schema\/person\/4a479940371b9fdefd194f561e8a7f88"},"breadcrumb":{"@id":"https:\/\/www.rri.ro\/es\/actualidad\/noticias\/noticias-del-dia-3010-id1056322.html#breadcrumb"},"inLanguage":"es","potentialAction":[{"@type":"ReadAction","target":["https:\/\/www.rri.ro\/es\/actualidad\/noticias\/noticias-del-dia-3010-id1056322.html"]}]},{"@type":"ImageObject","inLanguage":"es","@id":"https:\/\/www.rri.ro\/es\/actualidad\/noticias\/noticias-del-dia-3010-id1056322.html#primaryimage","url":"https:\/\/www.rri.ro\/wp-content\/uploads\/2024\/03\/RRI-960x540-Noticias-2-NOU.jpg","contentUrl":"https:\/\/www.rri.ro\/wp-content\/uploads\/2024\/03\/RRI-960x540-Noticias-2-NOU.jpg","width":960,"height":540,"caption":"RRI 960x540 Noticias 2-NOU"},{"@type":"BreadcrumbList","@id":"https:\/\/www.rri.ro\/es\/actualidad\/noticias\/noticias-del-dia-3010-id1056322.html#breadcrumb","itemListElement":[{"@type":"ListItem","position":1,"name":"P\u00e1gina de inicio","item":"https:\/\/www.rri.ro\/es"},{"@type":"ListItem","position":2,"name":"Actualidad","item":"https:\/\/www.rri.ro\/es\/actualidad"},{"@type":"ListItem","position":3,"name":"Noticias","item":"https:\/\/www.rri.ro\/es\/actualidad\/noticias"},{"@type":"ListItem","position":4,"name":"Noticias del d\u00eda"}]},{"@type":"WebSite","@id":"https:\/\/www.rri.ro\/#website","url":"https:\/\/www.rri.ro\/","name":"Radio Ruman\u00eda Internacional","description":"Totul despre Rom\u00e2nia \u015fi rom\u00e2ni, \u00een 13 limbi\/dialecte!","inLanguage":"es"},{"@type":"Person","@id":"https:\/\/www.rri.ro\/#\/schema\/person\/4a479940371b9fdefd194f561e8a7f88","name":"Newsroom","url":"https:\/\/www.rri.ro\/es\/author\/newsroom"}]}},"_links":{"self":[{"href":"https:\/\/www.rri.ro\/es\/wp-json\/wp\/v2\/posts\/1056322","targetHints":{"allow":["GET"]}}],"collection":[{"href":"https:\/\/www.rri.ro\/es\/wp-json\/wp\/v2\/posts"}],"about":[{"href":"https:\/\/www.rri.ro\/es\/wp-json\/wp\/v2\/types\/post"}],"author":[{"embeddable":true,"href":"https:\/\/www.rri.ro\/es\/wp-json\/wp\/v2\/users\/113"}],"replies":[{"embeddable":true,"href":"https:\/\/www.rri.ro\/es\/wp-json\/wp\/v2\/comments?post=1056322"}],"version-history":[{"count":2,"href":"https:\/\/www.rri.ro\/es\/wp-json\/wp\/v2\/posts\/1056322\/revisions"}],"predecessor-version":[{"id":1056362,"href":"https:\/\/www.rri.ro\/es\/wp-json\/wp\/v2\/posts\/1056322\/revisions\/1056362"}],"wp:featuredmedia":[{"embeddable":true,"href":"https:\/\/www.rri.ro\/es\/wp-json\/wp\/v2\/media\/723423"}],"wp:attachment":[{"href":"https:\/\/www.rri.ro\/es\/wp-json\/wp\/v2\/media?parent=1056322"}],"wp:term":[{"taxonomy":"category","embeddable":true,"href":"https:\/\/www.rri.ro\/es\/wp-json\/wp\/v2\/categories?post=1056322"},{"taxonomy":"post_tag","embeddable":true,"href":"https:\/\/www.rri.ro\/es\/wp-json\/wp\/v2\/tags?post=1056322"},{"taxonomy":"author","embeddable":true,"href":"https:\/\/www.rri.ro\/es\/wp-json\/wp\/v2\/coauthors?post=1056322"}],"curies":[{"name":"wp","href":"https:\/\/api.w.org\/{rel}","templated":true}]}}