{"id":1056455,"date":"2026-09-04T11:52:08","date_gmt":"2026-09-04T08:52:08","guid":{"rendered":"https:\/\/www.rri.ro\/?p=1056455"},"modified":"2026-09-04T11:52:08","modified_gmt":"2026-09-04T08:52:08","slug":"el-presidente-del-consejo-europeo-en-bucarest-2","status":"publish","type":"post","link":"https:\/\/www.rri.ro\/es\/actualidad\/en-portada\/el-presidente-del-consejo-europeo-en-bucarest-2-id1056455.html","title":{"rendered":"El presidente del Consejo Europeo, en Bucarest"},"content":{"rendered":"<p>En el marco de una gira por las capitales europeas, el presidente del Consejo Europeo, Ant\u00f3nio Costa, visit\u00f3 el jueves Bucarest, donde fue recibido por el presidente Nicu\u015for Dan. El tema principal de las conversaciones fue el futuro presupuesto de la Uni\u00f3n para el periodo 2028-2034. El responsable europeo se propuso conocer la postura de todos los Estados miembros al respecto, as\u00ed como debatir sobre defensa, la ampliaci\u00f3n de la UE o el apoyo a Ucrania. La Comisi\u00f3n Europea propone un futuro presupuesto de aproximadamente 2.000 mil millones de euros. En el proyecto se prev\u00e9 tambi\u00e9n una reducci\u00f3n de aproximadamente el 10 % de los fondos destinados a la pol\u00edtica agr\u00edcola de la Uni\u00f3n y a la cohesi\u00f3n, cuesti\u00f3n que Ruman\u00eda, junto con otros 16 Estados miembros, ha cuestionado. Ruman\u00eda desea un futuro presupuesto de la UE ambicioso, con dotaciones sustanciales para los cap\u00edtulos de cohesi\u00f3n y agricultura, afirm\u00f3 el jefe de Estado rumano. Se\u00f1al\u00f3 que Bucarest ha definido, a grandes rasgos, su postura en el marco de la iniciativa \u00abAmigos de la cohesi\u00f3n\u00bb, coordinada por Ruman\u00eda, de la que forman parte 17 Estados europeos. Nicu\u015for Dan:<\/p>\n<blockquote><p>\u00abQueremos que se destinen cantidades considerables a los cap\u00edtulos de cohesi\u00f3n y agricultura, precisamente para reducir las diferencias entre los ciudadanos de los distintos pa\u00edses europeos. Nos interesa mucho el pilar relativo a la competitividad. Una vez m\u00e1s, estamos hablando de reducir, o de aspirar a reducir, la brecha entre los pa\u00edses europeos, y queremos que las empresas de pa\u00edses europeos menos desarrollados, como Ruman\u00eda, puedan tener acceso a los fondos destinados a la competitividad\u00bb.<\/p><\/blockquote>\n<p>El pr\u00f3ximo presupuesto plurianual de la UE permitir\u00e1 a Europa reforzar su defensa y su seguridad y aumentar su competitividad, seg\u00fan ha declarado el presidente del Consejo Europeo. Ha destacado que las negociaciones sobre el futuro presupuesto se desarrollan en un contexto geopol\u00edtico<br \/>\ndiferente al del momento en que se aprob\u00f3 el actual marco financiero plurianual. El responsable europeo ha expresado su reconocimiento a Ruman\u00eda por su firme compromiso con la defensa de la seguridad europea. Antonio Costa a\u00f1adi\u00f3 que las recientes violaciones del espacio a\u00e9reo rumano, as\u00ed como los incidentes en los que se han visto implicados drones navales, son \u00abprofundamente preocupantes\u00bb y que Bruselas seguir\u00e1 apoyando a Ruman\u00eda, ya que entiende que la seguridad de Ruman\u00eda es la seguridad de Europa en su conjunto. Debemos estar unidos en los esfuerzos por lograr una paz justa y duradera en Ucrania, subray\u00f3 el responsable europeo.<\/p>\n<p>Durante las conversaciones, Nicu\u015for Dan abord\u00f3 tambi\u00e9n el proceso de ampliaci\u00f3n de la UE, en el contexto de los preparativos para el Consejo Europeo de octubre. El presidente precis\u00f3 que Ruman\u00eda est\u00e1 interesada en que el proceso de adhesi\u00f3n de la Rep\u00fablica de Moldavia a la UE contin\u00fae \u00aba un ritmo sostenido\u00bb. Ant\u00f3nio Costa agradeci\u00f3 a Bucarest el apoyo prestado a Chisin\u00e1u y se\u00f1al\u00f3 que cada ampliaci\u00f3n ha fortalecido a Europa, tanto desde el punto de vista pol\u00edtico como econ\u00f3mico. \u00abEs una de las inversiones geopol\u00edticas m\u00e1s importantes de Europa. Es una inversi\u00f3n en nuestra seguridad, estabilidad y prosperidad\u00bb, afirm\u00f3 Ant\u00f3nio Costa.<\/p>\n<p>Versi\u00f3n en espa\u00f1ol: Monica Tar\u0103u<\/p>\n","protected":false},"excerpt":{"rendered":"<p>En el marco de una gira por las capitales europeas, el presidente del Consejo Europeo, Ant\u00f3nio Costa, visit\u00f3 el jueves Bucarest, donde fue recibido por el presidente Nicu\u015for Dan. El tema principal de las conversaciones fue el futuro presupuesto de la Uni\u00f3n para el periodo 2028-2034. El responsable europeo se propuso conocer la postura de [&hellip;]<\/p>\n","protected":false},"author":61,"featured_media":1056426,"comment_status":"closed","ping_status":"closed","sticky":false,"template":"","format":"standard","meta":{"_acf_changed":false,"footnotes":""},"categories":[23],"tags":[149733,159686,49247,146555],"coauthors":[116698],"class_list":["post-1056455","post","type-post","status-publish","format-standard","has-post-thumbnail","hentry","category-en-portada","tag-antonio-costa-es","tag-capitales-europeas","tag-consejo-europeo","tag-nicusor-dan-es"],"acf":[],"yoast_head":"<!-- This site is optimized with the Yoast SEO plugin v28.2 - https:\/\/yoast.com\/product\/yoast-seo-wordpress\/ -->\n<title>El presidente del Consejo Europeo, en Bucarest - Radio Ruman\u00eda Internacional<\/title>\n<meta name=\"robots\" content=\"index, follow, max-snippet:-1, max-image-preview:large, max-video-preview:-1\" \/>\n<link rel=\"canonical\" href=\"https:\/\/www.rri.ro\/es\/actualidad\/en-portada\/el-presidente-del-consejo-europeo-en-bucarest-2-id1056455.html\" \/>\n<meta property=\"og:locale\" content=\"es_ES\" \/>\n<meta property=\"og:type\" content=\"article\" \/>\n<meta property=\"og:title\" content=\"El presidente del Consejo Europeo, en Bucarest - Radio Ruman\u00eda Internacional\" \/>\n<meta property=\"og:description\" content=\"En el marco de una gira por las capitales europeas, el presidente del Consejo Europeo, Ant\u00f3nio Costa, visit\u00f3 el jueves Bucarest, donde fue recibido por el presidente Nicu\u015for Dan. El tema principal de las conversaciones fue el futuro presupuesto de la Uni\u00f3n para el periodo 2028-2034. El responsable europeo se propuso conocer la postura de [&hellip;]\" \/>\n<meta property=\"og:url\" content=\"https:\/\/www.rri.ro\/es\/actualidad\/en-portada\/el-presidente-del-consejo-europeo-en-bucarest-2-id1056455.html\" \/>\n<meta property=\"og:site_name\" content=\"Radio Ruman\u00eda Internacional\" \/>\n<meta property=\"article:published_time\" content=\"2026-09-04T08:52:08+00:00\" \/>\n<meta property=\"og:image\" content=\"https:\/\/www.rri.ro\/wp-content\/uploads\/2026\/09\/Antonio-Costa-Nicusor-Dan-sep2026-presidency-ro.jpg\" \/>\n\t<meta property=\"og:image:width\" content=\"1280\" \/>\n\t<meta property=\"og:image:height\" content=\"720\" \/>\n\t<meta property=\"og:image:type\" content=\"image\/jpeg\" \/>\n<meta name=\"author\" content=\"Monica Tar\u0103u\" \/>\n<meta name=\"twitter:card\" content=\"summary_large_image\" \/>\n<meta name=\"twitter:label1\" content=\"Escrito por\" \/>\n\t<meta name=\"twitter:data1\" content=\"Monica Tar\u0103u\" \/>\n\t<meta name=\"twitter:label2\" content=\"Tiempo de lectura\" \/>\n\t<meta name=\"twitter:data2\" content=\"3 minutos\" \/>\n\t<meta name=\"twitter:label3\" content=\"Written by\" \/>\n\t<meta name=\"twitter:data3\" content=\"Monica Tar\u0103u\" \/>\n<script type=\"application\/ld+json\" class=\"yoast-schema-graph\">{\"@context\":\"https:\\\/\\\/schema.org\",\"@graph\":[{\"@type\":\"Article\",\"@id\":\"https:\\\/\\\/www.rri.ro\\\/es\\\/actualidad\\\/en-portada\\\/el-presidente-del-consejo-europeo-en-bucarest-2-id1056455.html#article\",\"isPartOf\":{\"@id\":\"https:\\\/\\\/www.rri.ro\\\/es\\\/actualidad\\\/en-portada\\\/el-presidente-del-consejo-europeo-en-bucarest-2-id1056455.html\"},\"author\":{\"name\":\"Monica Tar\u0103u\",\"@id\":\"https:\\\/\\\/www.rri.ro\\\/#\\\/schema\\\/person\\\/bcfb9bd03936efd8c393a7e62bae417a\"},\"headline\":\"El presidente del Consejo Europeo, en Bucarest\",\"datePublished\":\"2026-09-04T08:52:08+00:00\",\"mainEntityOfPage\":{\"@id\":\"https:\\\/\\\/www.rri.ro\\\/es\\\/actualidad\\\/en-portada\\\/el-presidente-del-consejo-europeo-en-bucarest-2-id1056455.html\"},\"wordCount\":571,\"image\":{\"@id\":\"https:\\\/\\\/www.rri.ro\\\/es\\\/actualidad\\\/en-portada\\\/el-presidente-del-consejo-europeo-en-bucarest-2-id1056455.html#primaryimage\"},\"thumbnailUrl\":\"https:\\\/\\\/www.rri.ro\\\/wp-content\\\/uploads\\\/2026\\\/09\\\/Antonio-Costa-Nicusor-Dan-sep2026-presidency-ro.jpg\",\"keywords\":[\"Antonio Costa\",\"capitales europeas\",\"Consejo Europeo\",\"Nicusor Dan\"],\"articleSection\":[\"En portada\"],\"inLanguage\":\"es\"},{\"@type\":\"WebPage\",\"@id\":\"https:\\\/\\\/www.rri.ro\\\/es\\\/actualidad\\\/en-portada\\\/el-presidente-del-consejo-europeo-en-bucarest-2-id1056455.html\",\"url\":\"https:\\\/\\\/www.rri.ro\\\/es\\\/actualidad\\\/en-portada\\\/el-presidente-del-consejo-europeo-en-bucarest-2-id1056455.html\",\"name\":\"El presidente del Consejo Europeo, en Bucarest - Radio Ruman\u00eda Internacional\",\"isPartOf\":{\"@id\":\"https:\\\/\\\/www.rri.ro\\\/#website\"},\"primaryImageOfPage\":{\"@id\":\"https:\\\/\\\/www.rri.ro\\\/es\\\/actualidad\\\/en-portada\\\/el-presidente-del-consejo-europeo-en-bucarest-2-id1056455.html#primaryimage\"},\"image\":{\"@id\":\"https:\\\/\\\/www.rri.ro\\\/es\\\/actualidad\\\/en-portada\\\/el-presidente-del-consejo-europeo-en-bucarest-2-id1056455.html#primaryimage\"},\"thumbnailUrl\":\"https:\\\/\\\/www.rri.ro\\\/wp-content\\\/uploads\\\/2026\\\/09\\\/Antonio-Costa-Nicusor-Dan-sep2026-presidency-ro.jpg\",\"datePublished\":\"2026-09-04T08:52:08+00:00\",\"author\":{\"@id\":\"https:\\\/\\\/www.rri.ro\\\/#\\\/schema\\\/person\\\/bcfb9bd03936efd8c393a7e62bae417a\"},\"breadcrumb\":{\"@id\":\"https:\\\/\\\/www.rri.ro\\\/es\\\/actualidad\\\/en-portada\\\/el-presidente-del-consejo-europeo-en-bucarest-2-id1056455.html#breadcrumb\"},\"inLanguage\":\"es\",\"potentialAction\":[{\"@type\":\"ReadAction\",\"target\":[\"https:\\\/\\\/www.rri.ro\\\/es\\\/actualidad\\\/en-portada\\\/el-presidente-del-consejo-europeo-en-bucarest-2-id1056455.html\"]}]},{\"@type\":\"ImageObject\",\"inLanguage\":\"es\",\"@id\":\"https:\\\/\\\/www.rri.ro\\\/es\\\/actualidad\\\/en-portada\\\/el-presidente-del-consejo-europeo-en-bucarest-2-id1056455.html#primaryimage\",\"url\":\"https:\\\/\\\/www.rri.ro\\\/wp-content\\\/uploads\\\/2026\\\/09\\\/Antonio-Costa-Nicusor-Dan-sep2026-presidency-ro.jpg\",\"contentUrl\":\"https:\\\/\\\/www.rri.ro\\\/wp-content\\\/uploads\\\/2026\\\/09\\\/Antonio-Costa-Nicusor-Dan-sep2026-presidency-ro.jpg\",\"width\":1280,\"height\":720,\"caption\":\"Antonio Costa , primit de Nicusor Dan la Palatul Cotroceni \\\/ Foto: presidency.ro\"},{\"@type\":\"BreadcrumbList\",\"@id\":\"https:\\\/\\\/www.rri.ro\\\/es\\\/actualidad\\\/en-portada\\\/el-presidente-del-consejo-europeo-en-bucarest-2-id1056455.html#breadcrumb\",\"itemListElement\":[{\"@type\":\"ListItem\",\"position\":1,\"name\":\"P\u00e1gina de inicio\",\"item\":\"https:\\\/\\\/www.rri.ro\\\/es\"},{\"@type\":\"ListItem\",\"position\":2,\"name\":\"Actualidad\",\"item\":\"https:\\\/\\\/www.rri.ro\\\/es\\\/actualidad\"},{\"@type\":\"ListItem\",\"position\":3,\"name\":\"En portada\",\"item\":\"https:\\\/\\\/www.rri.ro\\\/es\\\/actualidad\\\/en-portada\"},{\"@type\":\"ListItem\",\"position\":4,\"name\":\"El presidente del Consejo Europeo, en Bucarest\"}]},{\"@type\":\"WebSite\",\"@id\":\"https:\\\/\\\/www.rri.ro\\\/#website\",\"url\":\"https:\\\/\\\/www.rri.ro\\\/\",\"name\":\"Radio Ruman\u00eda Internacional\",\"description\":\"Totul despre Rom\u00e2nia \u015fi rom\u00e2ni, \u00een 13 limbi\\\/dialecte!\",\"inLanguage\":\"es\"},{\"@type\":\"Person\",\"@id\":\"https:\\\/\\\/www.rri.ro\\\/#\\\/schema\\\/person\\\/bcfb9bd03936efd8c393a7e62bae417a\",\"name\":\"Monica Tar\u0103u\",\"url\":\"https:\\\/\\\/www.rri.ro\\\/es\\\/author\\\/monica-tarau\"}]}<\/script>\n<!-- \/ Yoast SEO plugin. -->","yoast_head_json":{"title":"El presidente del Consejo Europeo, en Bucarest - Radio Ruman\u00eda Internacional","robots":{"index":"index","follow":"follow","max-snippet":"max-snippet:-1","max-image-preview":"max-image-preview:large","max-video-preview":"max-video-preview:-1"},"canonical":"https:\/\/www.rri.ro\/es\/actualidad\/en-portada\/el-presidente-del-consejo-europeo-en-bucarest-2-id1056455.html","og_locale":"es_ES","og_type":"article","og_title":"El presidente del Consejo Europeo, en Bucarest - Radio Ruman\u00eda Internacional","og_description":"En el marco de una gira por las capitales europeas, el presidente del Consejo Europeo, Ant\u00f3nio Costa, visit\u00f3 el jueves Bucarest, donde fue recibido por el presidente Nicu\u015for Dan. El tema principal de las conversaciones fue el futuro presupuesto de la Uni\u00f3n para el periodo 2028-2034. El responsable europeo se propuso conocer la postura de [&hellip;]","og_url":"https:\/\/www.rri.ro\/es\/actualidad\/en-portada\/el-presidente-del-consejo-europeo-en-bucarest-2-id1056455.html","og_site_name":"Radio Ruman\u00eda Internacional","article_published_time":"2026-09-04T08:52:08+00:00","og_image":[{"width":1280,"height":720,"url":"https:\/\/www.rri.ro\/wp-content\/uploads\/2026\/09\/Antonio-Costa-Nicusor-Dan-sep2026-presidency-ro.jpg","type":"image\/jpeg"}],"author":"Monica Tar\u0103u","twitter_card":"summary_large_image","twitter_misc":{"Escrito por":"Monica Tar\u0103u","Tiempo de lectura":"3 minutos","Written by":"Monica Tar\u0103u"},"schema":{"@context":"https:\/\/schema.org","@graph":[{"@type":"Article","@id":"https:\/\/www.rri.ro\/es\/actualidad\/en-portada\/el-presidente-del-consejo-europeo-en-bucarest-2-id1056455.html#article","isPartOf":{"@id":"https:\/\/www.rri.ro\/es\/actualidad\/en-portada\/el-presidente-del-consejo-europeo-en-bucarest-2-id1056455.html"},"author":{"name":"Monica Tar\u0103u","@id":"https:\/\/www.rri.ro\/#\/schema\/person\/bcfb9bd03936efd8c393a7e62bae417a"},"headline":"El presidente del Consejo Europeo, en Bucarest","datePublished":"2026-09-04T08:52:08+00:00","mainEntityOfPage":{"@id":"https:\/\/www.rri.ro\/es\/actualidad\/en-portada\/el-presidente-del-consejo-europeo-en-bucarest-2-id1056455.html"},"wordCount":571,"image":{"@id":"https:\/\/www.rri.ro\/es\/actualidad\/en-portada\/el-presidente-del-consejo-europeo-en-bucarest-2-id1056455.html#primaryimage"},"thumbnailUrl":"https:\/\/www.rri.ro\/wp-content\/uploads\/2026\/09\/Antonio-Costa-Nicusor-Dan-sep2026-presidency-ro.jpg","keywords":["Antonio Costa","capitales europeas","Consejo Europeo","Nicusor Dan"],"articleSection":["En portada"],"inLanguage":"es"},{"@type":"WebPage","@id":"https:\/\/www.rri.ro\/es\/actualidad\/en-portada\/el-presidente-del-consejo-europeo-en-bucarest-2-id1056455.html","url":"https:\/\/www.rri.ro\/es\/actualidad\/en-portada\/el-presidente-del-consejo-europeo-en-bucarest-2-id1056455.html","name":"El presidente del Consejo Europeo, en Bucarest - Radio Ruman\u00eda Internacional","isPartOf":{"@id":"https:\/\/www.rri.ro\/#website"},"primaryImageOfPage":{"@id":"https:\/\/www.rri.ro\/es\/actualidad\/en-portada\/el-presidente-del-consejo-europeo-en-bucarest-2-id1056455.html#primaryimage"},"image":{"@id":"https:\/\/www.rri.ro\/es\/actualidad\/en-portada\/el-presidente-del-consejo-europeo-en-bucarest-2-id1056455.html#primaryimage"},"thumbnailUrl":"https:\/\/www.rri.ro\/wp-content\/uploads\/2026\/09\/Antonio-Costa-Nicusor-Dan-sep2026-presidency-ro.jpg","datePublished":"2026-09-04T08:52:08+00:00","author":{"@id":"https:\/\/www.rri.ro\/#\/schema\/person\/bcfb9bd03936efd8c393a7e62bae417a"},"breadcrumb":{"@id":"https:\/\/www.rri.ro\/es\/actualidad\/en-portada\/el-presidente-del-consejo-europeo-en-bucarest-2-id1056455.html#breadcrumb"},"inLanguage":"es","potentialAction":[{"@type":"ReadAction","target":["https:\/\/www.rri.ro\/es\/actualidad\/en-portada\/el-presidente-del-consejo-europeo-en-bucarest-2-id1056455.html"]}]},{"@type":"ImageObject","inLanguage":"es","@id":"https:\/\/www.rri.ro\/es\/actualidad\/en-portada\/el-presidente-del-consejo-europeo-en-bucarest-2-id1056455.html#primaryimage","url":"https:\/\/www.rri.ro\/wp-content\/uploads\/2026\/09\/Antonio-Costa-Nicusor-Dan-sep2026-presidency-ro.jpg","contentUrl":"https:\/\/www.rri.ro\/wp-content\/uploads\/2026\/09\/Antonio-Costa-Nicusor-Dan-sep2026-presidency-ro.jpg","width":1280,"height":720,"caption":"Antonio Costa , primit de Nicusor Dan la Palatul Cotroceni \/ Foto: presidency.ro"},{"@type":"BreadcrumbList","@id":"https:\/\/www.rri.ro\/es\/actualidad\/en-portada\/el-presidente-del-consejo-europeo-en-bucarest-2-id1056455.html#breadcrumb","itemListElement":[{"@type":"ListItem","position":1,"name":"P\u00e1gina de inicio","item":"https:\/\/www.rri.ro\/es"},{"@type":"ListItem","position":2,"name":"Actualidad","item":"https:\/\/www.rri.ro\/es\/actualidad"},{"@type":"ListItem","position":3,"name":"En portada","item":"https:\/\/www.rri.ro\/es\/actualidad\/en-portada"},{"@type":"ListItem","position":4,"name":"El presidente del Consejo Europeo, en Bucarest"}]},{"@type":"WebSite","@id":"https:\/\/www.rri.ro\/#website","url":"https:\/\/www.rri.ro\/","name":"Radio Ruman\u00eda Internacional","description":"Totul despre Rom\u00e2nia \u015fi rom\u00e2ni, \u00een 13 limbi\/dialecte!","inLanguage":"es"},{"@type":"Person","@id":"https:\/\/www.rri.ro\/#\/schema\/person\/bcfb9bd03936efd8c393a7e62bae417a","name":"Monica Tar\u0103u","url":"https:\/\/www.rri.ro\/es\/author\/monica-tarau"}]}},"_links":{"self":[{"href":"https:\/\/www.rri.ro\/es\/wp-json\/wp\/v2\/posts\/1056455","targetHints":{"allow":["GET"]}}],"collection":[{"href":"https:\/\/www.rri.ro\/es\/wp-json\/wp\/v2\/posts"}],"about":[{"href":"https:\/\/www.rri.ro\/es\/wp-json\/wp\/v2\/types\/post"}],"author":[{"embeddable":true,"href":"https:\/\/www.rri.ro\/es\/wp-json\/wp\/v2\/users\/61"}],"replies":[{"embeddable":true,"href":"https:\/\/www.rri.ro\/es\/wp-json\/wp\/v2\/comments?post=1056455"}],"version-history":[{"count":1,"href":"https:\/\/www.rri.ro\/es\/wp-json\/wp\/v2\/posts\/1056455\/revisions"}],"predecessor-version":[{"id":1056476,"href":"https:\/\/www.rri.ro\/es\/wp-json\/wp\/v2\/posts\/1056455\/revisions\/1056476"}],"wp:featuredmedia":[{"embeddable":true,"href":"https:\/\/www.rri.ro\/es\/wp-json\/wp\/v2\/media\/1056426"}],"wp:attachment":[{"href":"https:\/\/www.rri.ro\/es\/wp-json\/wp\/v2\/media?parent=1056455"}],"wp:term":[{"taxonomy":"category","embeddable":true,"href":"https:\/\/www.rri.ro\/es\/wp-json\/wp\/v2\/categories?post=1056455"},{"taxonomy":"post_tag","embeddable":true,"href":"https:\/\/www.rri.ro\/es\/wp-json\/wp\/v2\/tags?post=1056455"},{"taxonomy":"author","embeddable":true,"href":"https:\/\/www.rri.ro\/es\/wp-json\/wp\/v2\/coauthors?post=1056455"}],"curies":[{"name":"wp","href":"https:\/\/api.w.org\/{rel}","templated":true}]}}