{"id":1056516,"date":"2026-09-04T13:39:00","date_gmt":"2026-09-04T10:39:00","guid":{"rendered":"https:\/\/www.rri.ro\/?p=1056516"},"modified":"2026-09-04T13:39:00","modified_gmt":"2026-09-04T10:39:00","slug":"avance-informativo-04-09-2026","status":"publish","type":"post","link":"https:\/\/www.rri.ro\/es\/actualidad\/noticias\/avance-informativo-04-09-2026-id1056516.html","title":{"rendered":"Avance informativo, 04.09.2026"},"content":{"rendered":"<p><span style=\"font-family: arial, helvetica, sans-serif;\"><strong>VISITA LONDRES \u2013<\/strong> La ministra de Asuntos Exteriores de Ruman\u00eda, Oana \u0162oiu, que ocupa el cargo de forma interina, se reuni\u00f3 en Londres con su hom\u00f3logo brit\u00e1nico, Ed Miliband. Seg\u00fan un comunicado del Ministerio de Asuntos Exteriores rumano, la agenda de las conversaciones incluy\u00f3 la di\u00e1spora rumana en el Reino Unido, la cooperaci\u00f3n econ\u00f3mica, la seguridad y la colaboraci\u00f3n en los \u00e1mbitos educativo y cultural.<\/span><\/p>\n<p><span style=\"font-family: arial, helvetica, sans-serif;\">En esta ocasi\u00f3n, Oana \u0162oiu destac\u00f3 la notable contribuci\u00f3n a la consolidaci\u00f3n de las relaciones bilaterales de los m\u00e1s de un mill\u00f3n de ciudadanos rumanos residentes en el Reino Unido y expres\u00f3 su agradecimiento por la misi\u00f3n reforzada de polic\u00eda a\u00e9rea llevada a cabo por las Fuerzas A\u00e9reas Reales en territorio rumano, entre marzo y julio de 2026.<\/span><\/p>\n<p><span style=\"font-family: arial, helvetica, sans-serif;\">Asimismo, ambos responsables debatieron sobre la situaci\u00f3n actual de los intercambios comerciales bilaterales y sobre la adhesi\u00f3n de Ruman\u00eda a la OCDE, seg\u00fan precisa el comunicado del Ministerio de Asuntos Exteriores.<\/span><\/p>\n<p>&nbsp;<\/p>\n<p><span style=\"font-family: arial, helvetica, sans-serif;\"><strong>CONSEJO EUROPEO \u2013<\/strong> El Ruman\u00eda desea un futuro presupuesto de la Uni\u00f3n Europea \u00abambicioso\u00bb, con dotaciones sustanciales para los cap\u00edtulos de Cohesi\u00f3n y Agricultura, seg\u00fan ha declarado el presidente Nicu\u015for Dan en una rueda de prensa conjunta con el presidente del Consejo Europeo, Ant\u00f3nio Costa.<\/span><\/p>\n<p><span style=\"font-family: arial, helvetica, sans-serif;\">Dan recibi\u00f3 el jueves en Bucarest al responsable europeo, que se encontraba en una visita para consultar las prioridades y preocupaciones de Ruman\u00eda. El presidente rumano se\u00f1al\u00f3 que el tema principal del di\u00e1logo fue la negociaci\u00f3n del futuro presupuesto de la UE para el periodo 2028-2034.<\/span><\/p>\n<p><span style=\"font-family: arial, helvetica, sans-serif;\">Las conversaciones entre ambos responsables tambi\u00e9n se centraron en el proceso de ampliaci\u00f3n de la Uni\u00f3n Europea, la situaci\u00f3n de seguridad y el apoyo de la Uni\u00f3n Europea a Ucrania. Tambi\u00e9n el jueves, el presidente del Consejo Europeo viaj\u00f3 a Bulgaria y Grecia.<\/span><\/p>\n<p><span style=\"font-family: arial, helvetica, sans-serif;\">Anteriormente, ya hab\u00eda visitado Eslovaquia, Estonia, Letonia, Lituania, la Rep\u00fablica Checa, Hungr\u00eda, Croacia y Luxemburgo.<\/span><\/p>\n<p>&nbsp;<\/p>\n<p><span style=\"font-family: arial, helvetica, sans-serif;\"><strong>POL\u00cdTICA \u2013<\/strong> El presidente de Ruman\u00eda, Nicu\u015for Dan, ha anunciado que, en los pr\u00f3ximos d\u00edas, designar\u00e1 a un candidato para el cargo de primer ministro. El jefe de Estado ha a\u00f1adido que, debido al receso parlamentario, habr\u00eda sido dif\u00edcil organizar una sesi\u00f3n legislativa para la votaci\u00f3n de investidura de un nuevo Gobierno.<\/span><\/p>\n<p><span style=\"font-family: arial, helvetica, sans-serif;\">Recordemos que Ruman\u00eda carece de un Gobierno estable desde principios de mayo, tras la aprobaci\u00f3n en el Parlamento de una moci\u00f3n de censura contra el Gobierno dirigido por el primer ministro liberal Ilie Bolojan, quien sigue desempe\u00f1ando el cargo de forma interina.<\/span><\/p>\n","protected":false},"excerpt":{"rendered":"<p>VISITA LONDRES \u2013 La ministra de Asuntos Exteriores de Ruman\u00eda, Oana \u0162oiu, que ocupa el cargo de forma interina, se reuni\u00f3 en Londres con su hom\u00f3logo brit\u00e1nico, Ed Miliband. Seg\u00fan un comunicado del Ministerio de Asuntos Exteriores rumano, la agenda de las conversaciones incluy\u00f3 la di\u00e1spora rumana en el Reino Unido, la cooperaci\u00f3n econ\u00f3mica, la [&hellip;]<\/p>\n","protected":false},"author":113,"featured_media":723423,"comment_status":"closed","ping_status":"closed","sticky":false,"template":"","format":"standard","meta":{"_acf_changed":false,"footnotes":""},"categories":[49382],"tags":[152277,156261,48978,162430,112561,165900,178781,169416,49260,158935,49306,49021,146555,153795,132223,158907,150496,49055,173104,48949],"coauthors":[116091],"class_list":["post-1056516","post","type-post","status-publish","format-standard","has-post-thumbnail","hentry","category-noticias","tag-actualidad-rumana","tag-administracion-publica","tag-bucarest","tag-crisis-politica","tag-elecciones","tag-estabilidad-politica","tag-formacion-de-gobierno","tag-gobierno-interino","tag-gobierno-rumano","tag-ilie-bolojan-es","tag-investidura","tag-mocion-de-censura","tag-nicusor-dan-es","tag-parlamento-rumano","tag-partidos-politicos","tag-politica-rumana","tag-presidente-de-rumania","tag-primer-ministro","tag-receso-parlamentario","tag-rumania"],"acf":[],"yoast_head":"<!-- This site is optimized with the Yoast SEO plugin v28.2 - https:\/\/yoast.com\/product\/yoast-seo-wordpress\/ -->\n<title>Avance informativo, 04.09.2026 - Radio Ruman\u00eda Internacional<\/title>\n<meta name=\"robots\" content=\"index, follow, max-snippet:-1, max-image-preview:large, max-video-preview:-1\" \/>\n<link rel=\"canonical\" href=\"https:\/\/www.rri.ro\/es\/actualidad\/noticias\/avance-informativo-04-09-2026-id1056516.html\" \/>\n<meta property=\"og:locale\" content=\"es_ES\" \/>\n<meta property=\"og:type\" content=\"article\" \/>\n<meta property=\"og:title\" content=\"Avance informativo, 04.09.2026 - Radio Ruman\u00eda Internacional\" \/>\n<meta property=\"og:description\" content=\"VISITA LONDRES \u2013 La ministra de Asuntos Exteriores de Ruman\u00eda, Oana \u0162oiu, que ocupa el cargo de forma interina, se reuni\u00f3 en Londres con su hom\u00f3logo brit\u00e1nico, Ed Miliband. Seg\u00fan un comunicado del Ministerio de Asuntos Exteriores rumano, la agenda de las conversaciones incluy\u00f3 la di\u00e1spora rumana en el Reino Unido, la cooperaci\u00f3n econ\u00f3mica, la [&hellip;]\" \/>\n<meta property=\"og:url\" content=\"https:\/\/www.rri.ro\/es\/actualidad\/noticias\/avance-informativo-04-09-2026-id1056516.html\" \/>\n<meta property=\"og:site_name\" content=\"Radio Ruman\u00eda Internacional\" \/>\n<meta property=\"article:published_time\" content=\"2026-09-04T10:39:00+00:00\" \/>\n<meta property=\"og:image\" content=\"https:\/\/www.rri.ro\/wp-content\/uploads\/2024\/03\/RRI-960x540-Noticias-2-NOU.jpg\" \/>\n\t<meta property=\"og:image:width\" content=\"960\" \/>\n\t<meta property=\"og:image:height\" content=\"540\" \/>\n\t<meta property=\"og:image:type\" content=\"image\/jpeg\" \/>\n<meta name=\"author\" content=\"Newsroom\" \/>\n<meta name=\"twitter:card\" content=\"summary_large_image\" \/>\n<meta name=\"twitter:label1\" content=\"Escrito por\" \/>\n\t<meta name=\"twitter:data1\" content=\"Newsroom\" \/>\n\t<meta name=\"twitter:label2\" content=\"Tiempo de lectura\" \/>\n\t<meta name=\"twitter:data2\" content=\"2 minutos\" \/>\n\t<meta name=\"twitter:label3\" content=\"Written by\" \/>\n\t<meta name=\"twitter:data3\" content=\"Newsroom\" \/>\n<script type=\"application\/ld+json\" class=\"yoast-schema-graph\">{\"@context\":\"https:\\\/\\\/schema.org\",\"@graph\":[{\"@type\":\"Article\",\"@id\":\"https:\\\/\\\/www.rri.ro\\\/es\\\/actualidad\\\/noticias\\\/avance-informativo-04-09-2026-id1056516.html#article\",\"isPartOf\":{\"@id\":\"https:\\\/\\\/www.rri.ro\\\/es\\\/actualidad\\\/noticias\\\/avance-informativo-04-09-2026-id1056516.html\"},\"author\":{\"name\":\"Newsroom\",\"@id\":\"https:\\\/\\\/www.rri.ro\\\/#\\\/schema\\\/person\\\/4a479940371b9fdefd194f561e8a7f88\"},\"headline\":\"Avance informativo, 04.09.2026\",\"datePublished\":\"2026-09-04T10:39:00+00:00\",\"mainEntityOfPage\":{\"@id\":\"https:\\\/\\\/www.rri.ro\\\/es\\\/actualidad\\\/noticias\\\/avance-informativo-04-09-2026-id1056516.html\"},\"wordCount\":452,\"image\":{\"@id\":\"https:\\\/\\\/www.rri.ro\\\/es\\\/actualidad\\\/noticias\\\/avance-informativo-04-09-2026-id1056516.html#primaryimage\"},\"thumbnailUrl\":\"https:\\\/\\\/www.rri.ro\\\/wp-content\\\/uploads\\\/2024\\\/03\\\/RRI-960x540-Noticias-2-NOU.jpg\",\"keywords\":[\"actualidad rumana\",\"administraci\u00f3n p\u00fablica\",\"Bucarest\",\"crisis pol\u00edtica\",\"elecciones\",\"estabilidad pol\u00edtica\",\"formaci\u00f3n de gobierno\",\"Gobierno interino\",\"Gobierno rumano\",\"Ilie Bolojan\",\"investidura\",\"moci\u00f3n de censura\",\"Nicusor Dan\",\"Parlamento rumano\",\"partidos pol\u00edticos\",\"pol\u00edtica rumana\",\"presidente de Ruman\u00eda\",\"primer ministro\",\"receso parlamentario\",\"Rumania\"],\"articleSection\":[\"Noticias\"],\"inLanguage\":\"es\"},{\"@type\":\"WebPage\",\"@id\":\"https:\\\/\\\/www.rri.ro\\\/es\\\/actualidad\\\/noticias\\\/avance-informativo-04-09-2026-id1056516.html\",\"url\":\"https:\\\/\\\/www.rri.ro\\\/es\\\/actualidad\\\/noticias\\\/avance-informativo-04-09-2026-id1056516.html\",\"name\":\"Avance informativo, 04.09.2026 - Radio Ruman\u00eda Internacional\",\"isPartOf\":{\"@id\":\"https:\\\/\\\/www.rri.ro\\\/#website\"},\"primaryImageOfPage\":{\"@id\":\"https:\\\/\\\/www.rri.ro\\\/es\\\/actualidad\\\/noticias\\\/avance-informativo-04-09-2026-id1056516.html#primaryimage\"},\"image\":{\"@id\":\"https:\\\/\\\/www.rri.ro\\\/es\\\/actualidad\\\/noticias\\\/avance-informativo-04-09-2026-id1056516.html#primaryimage\"},\"thumbnailUrl\":\"https:\\\/\\\/www.rri.ro\\\/wp-content\\\/uploads\\\/2024\\\/03\\\/RRI-960x540-Noticias-2-NOU.jpg\",\"datePublished\":\"2026-09-04T10:39:00+00:00\",\"author\":{\"@id\":\"https:\\\/\\\/www.rri.ro\\\/#\\\/schema\\\/person\\\/4a479940371b9fdefd194f561e8a7f88\"},\"breadcrumb\":{\"@id\":\"https:\\\/\\\/www.rri.ro\\\/es\\\/actualidad\\\/noticias\\\/avance-informativo-04-09-2026-id1056516.html#breadcrumb\"},\"inLanguage\":\"es\",\"potentialAction\":[{\"@type\":\"ReadAction\",\"target\":[\"https:\\\/\\\/www.rri.ro\\\/es\\\/actualidad\\\/noticias\\\/avance-informativo-04-09-2026-id1056516.html\"]}]},{\"@type\":\"ImageObject\",\"inLanguage\":\"es\",\"@id\":\"https:\\\/\\\/www.rri.ro\\\/es\\\/actualidad\\\/noticias\\\/avance-informativo-04-09-2026-id1056516.html#primaryimage\",\"url\":\"https:\\\/\\\/www.rri.ro\\\/wp-content\\\/uploads\\\/2024\\\/03\\\/RRI-960x540-Noticias-2-NOU.jpg\",\"contentUrl\":\"https:\\\/\\\/www.rri.ro\\\/wp-content\\\/uploads\\\/2024\\\/03\\\/RRI-960x540-Noticias-2-NOU.jpg\",\"width\":960,\"height\":540,\"caption\":\"RRI 960x540 Noticias 2-NOU\"},{\"@type\":\"BreadcrumbList\",\"@id\":\"https:\\\/\\\/www.rri.ro\\\/es\\\/actualidad\\\/noticias\\\/avance-informativo-04-09-2026-id1056516.html#breadcrumb\",\"itemListElement\":[{\"@type\":\"ListItem\",\"position\":1,\"name\":\"P\u00e1gina de inicio\",\"item\":\"https:\\\/\\\/www.rri.ro\\\/es\"},{\"@type\":\"ListItem\",\"position\":2,\"name\":\"Actualidad\",\"item\":\"https:\\\/\\\/www.rri.ro\\\/es\\\/actualidad\"},{\"@type\":\"ListItem\",\"position\":3,\"name\":\"Noticias\",\"item\":\"https:\\\/\\\/www.rri.ro\\\/es\\\/actualidad\\\/noticias\"},{\"@type\":\"ListItem\",\"position\":4,\"name\":\"Avance informativo, 04.09.2026\"}]},{\"@type\":\"WebSite\",\"@id\":\"https:\\\/\\\/www.rri.ro\\\/#website\",\"url\":\"https:\\\/\\\/www.rri.ro\\\/\",\"name\":\"Radio Ruman\u00eda Internacional\",\"description\":\"Totul despre Rom\u00e2nia \u015fi rom\u00e2ni, \u00een 13 limbi\\\/dialecte!\",\"inLanguage\":\"es\"},{\"@type\":\"Person\",\"@id\":\"https:\\\/\\\/www.rri.ro\\\/#\\\/schema\\\/person\\\/4a479940371b9fdefd194f561e8a7f88\",\"name\":\"Newsroom\",\"url\":\"https:\\\/\\\/www.rri.ro\\\/es\\\/author\\\/newsroom\"}]}<\/script>\n<!-- \/ Yoast SEO plugin. -->","yoast_head_json":{"title":"Avance informativo, 04.09.2026 - Radio Ruman\u00eda Internacional","robots":{"index":"index","follow":"follow","max-snippet":"max-snippet:-1","max-image-preview":"max-image-preview:large","max-video-preview":"max-video-preview:-1"},"canonical":"https:\/\/www.rri.ro\/es\/actualidad\/noticias\/avance-informativo-04-09-2026-id1056516.html","og_locale":"es_ES","og_type":"article","og_title":"Avance informativo, 04.09.2026 - Radio Ruman\u00eda Internacional","og_description":"VISITA LONDRES \u2013 La ministra de Asuntos Exteriores de Ruman\u00eda, Oana \u0162oiu, que ocupa el cargo de forma interina, se reuni\u00f3 en Londres con su hom\u00f3logo brit\u00e1nico, Ed Miliband. Seg\u00fan un comunicado del Ministerio de Asuntos Exteriores rumano, la agenda de las conversaciones incluy\u00f3 la di\u00e1spora rumana en el Reino Unido, la cooperaci\u00f3n econ\u00f3mica, la [&hellip;]","og_url":"https:\/\/www.rri.ro\/es\/actualidad\/noticias\/avance-informativo-04-09-2026-id1056516.html","og_site_name":"Radio Ruman\u00eda Internacional","article_published_time":"2026-09-04T10:39:00+00:00","og_image":[{"width":960,"height":540,"url":"https:\/\/www.rri.ro\/wp-content\/uploads\/2024\/03\/RRI-960x540-Noticias-2-NOU.jpg","type":"image\/jpeg"}],"author":"Newsroom","twitter_card":"summary_large_image","twitter_misc":{"Escrito por":"Newsroom","Tiempo de lectura":"2 minutos","Written by":"Newsroom"},"schema":{"@context":"https:\/\/schema.org","@graph":[{"@type":"Article","@id":"https:\/\/www.rri.ro\/es\/actualidad\/noticias\/avance-informativo-04-09-2026-id1056516.html#article","isPartOf":{"@id":"https:\/\/www.rri.ro\/es\/actualidad\/noticias\/avance-informativo-04-09-2026-id1056516.html"},"author":{"name":"Newsroom","@id":"https:\/\/www.rri.ro\/#\/schema\/person\/4a479940371b9fdefd194f561e8a7f88"},"headline":"Avance informativo, 04.09.2026","datePublished":"2026-09-04T10:39:00+00:00","mainEntityOfPage":{"@id":"https:\/\/www.rri.ro\/es\/actualidad\/noticias\/avance-informativo-04-09-2026-id1056516.html"},"wordCount":452,"image":{"@id":"https:\/\/www.rri.ro\/es\/actualidad\/noticias\/avance-informativo-04-09-2026-id1056516.html#primaryimage"},"thumbnailUrl":"https:\/\/www.rri.ro\/wp-content\/uploads\/2024\/03\/RRI-960x540-Noticias-2-NOU.jpg","keywords":["actualidad rumana","administraci\u00f3n p\u00fablica","Bucarest","crisis pol\u00edtica","elecciones","estabilidad pol\u00edtica","formaci\u00f3n de gobierno","Gobierno interino","Gobierno rumano","Ilie Bolojan","investidura","moci\u00f3n de censura","Nicusor Dan","Parlamento rumano","partidos pol\u00edticos","pol\u00edtica rumana","presidente de Ruman\u00eda","primer ministro","receso parlamentario","Rumania"],"articleSection":["Noticias"],"inLanguage":"es"},{"@type":"WebPage","@id":"https:\/\/www.rri.ro\/es\/actualidad\/noticias\/avance-informativo-04-09-2026-id1056516.html","url":"https:\/\/www.rri.ro\/es\/actualidad\/noticias\/avance-informativo-04-09-2026-id1056516.html","name":"Avance informativo, 04.09.2026 - Radio Ruman\u00eda Internacional","isPartOf":{"@id":"https:\/\/www.rri.ro\/#website"},"primaryImageOfPage":{"@id":"https:\/\/www.rri.ro\/es\/actualidad\/noticias\/avance-informativo-04-09-2026-id1056516.html#primaryimage"},"image":{"@id":"https:\/\/www.rri.ro\/es\/actualidad\/noticias\/avance-informativo-04-09-2026-id1056516.html#primaryimage"},"thumbnailUrl":"https:\/\/www.rri.ro\/wp-content\/uploads\/2024\/03\/RRI-960x540-Noticias-2-NOU.jpg","datePublished":"2026-09-04T10:39:00+00:00","author":{"@id":"https:\/\/www.rri.ro\/#\/schema\/person\/4a479940371b9fdefd194f561e8a7f88"},"breadcrumb":{"@id":"https:\/\/www.rri.ro\/es\/actualidad\/noticias\/avance-informativo-04-09-2026-id1056516.html#breadcrumb"},"inLanguage":"es","potentialAction":[{"@type":"ReadAction","target":["https:\/\/www.rri.ro\/es\/actualidad\/noticias\/avance-informativo-04-09-2026-id1056516.html"]}]},{"@type":"ImageObject","inLanguage":"es","@id":"https:\/\/www.rri.ro\/es\/actualidad\/noticias\/avance-informativo-04-09-2026-id1056516.html#primaryimage","url":"https:\/\/www.rri.ro\/wp-content\/uploads\/2024\/03\/RRI-960x540-Noticias-2-NOU.jpg","contentUrl":"https:\/\/www.rri.ro\/wp-content\/uploads\/2024\/03\/RRI-960x540-Noticias-2-NOU.jpg","width":960,"height":540,"caption":"RRI 960x540 Noticias 2-NOU"},{"@type":"BreadcrumbList","@id":"https:\/\/www.rri.ro\/es\/actualidad\/noticias\/avance-informativo-04-09-2026-id1056516.html#breadcrumb","itemListElement":[{"@type":"ListItem","position":1,"name":"P\u00e1gina de inicio","item":"https:\/\/www.rri.ro\/es"},{"@type":"ListItem","position":2,"name":"Actualidad","item":"https:\/\/www.rri.ro\/es\/actualidad"},{"@type":"ListItem","position":3,"name":"Noticias","item":"https:\/\/www.rri.ro\/es\/actualidad\/noticias"},{"@type":"ListItem","position":4,"name":"Avance informativo, 04.09.2026"}]},{"@type":"WebSite","@id":"https:\/\/www.rri.ro\/#website","url":"https:\/\/www.rri.ro\/","name":"Radio Ruman\u00eda Internacional","description":"Totul despre Rom\u00e2nia \u015fi rom\u00e2ni, \u00een 13 limbi\/dialecte!","inLanguage":"es"},{"@type":"Person","@id":"https:\/\/www.rri.ro\/#\/schema\/person\/4a479940371b9fdefd194f561e8a7f88","name":"Newsroom","url":"https:\/\/www.rri.ro\/es\/author\/newsroom"}]}},"_links":{"self":[{"href":"https:\/\/www.rri.ro\/es\/wp-json\/wp\/v2\/posts\/1056516","targetHints":{"allow":["GET"]}}],"collection":[{"href":"https:\/\/www.rri.ro\/es\/wp-json\/wp\/v2\/posts"}],"about":[{"href":"https:\/\/www.rri.ro\/es\/wp-json\/wp\/v2\/types\/post"}],"author":[{"embeddable":true,"href":"https:\/\/www.rri.ro\/es\/wp-json\/wp\/v2\/users\/113"}],"replies":[{"embeddable":true,"href":"https:\/\/www.rri.ro\/es\/wp-json\/wp\/v2\/comments?post=1056516"}],"version-history":[{"count":1,"href":"https:\/\/www.rri.ro\/es\/wp-json\/wp\/v2\/posts\/1056516\/revisions"}],"predecessor-version":[{"id":1056517,"href":"https:\/\/www.rri.ro\/es\/wp-json\/wp\/v2\/posts\/1056516\/revisions\/1056517"}],"wp:featuredmedia":[{"embeddable":true,"href":"https:\/\/www.rri.ro\/es\/wp-json\/wp\/v2\/media\/723423"}],"wp:attachment":[{"href":"https:\/\/www.rri.ro\/es\/wp-json\/wp\/v2\/media?parent=1056516"}],"wp:term":[{"taxonomy":"category","embeddable":true,"href":"https:\/\/www.rri.ro\/es\/wp-json\/wp\/v2\/categories?post=1056516"},{"taxonomy":"post_tag","embeddable":true,"href":"https:\/\/www.rri.ro\/es\/wp-json\/wp\/v2\/tags?post=1056516"},{"taxonomy":"author","embeddable":true,"href":"https:\/\/www.rri.ro\/es\/wp-json\/wp\/v2\/coauthors?post=1056516"}],"curies":[{"name":"wp","href":"https:\/\/api.w.org\/{rel}","templated":true}]}}