{"id":1056561,"date":"2026-09-04T15:45:28","date_gmt":"2026-09-04T12:45:28","guid":{"rendered":"https:\/\/www.rri.ro\/?p=1056561"},"modified":"2026-09-04T15:48:57","modified_gmt":"2026-09-04T12:48:57","slug":"entrevista-a-elisabeta-botan-traductora-al-rumano-del-libro-sinfonia-pagana-de-daniel-montoly","status":"publish","type":"post","link":"https:\/\/www.rri.ro\/es\/panorama-rumano\/paseo-cultural\/entrevista-a-elisabeta-botan-traductora-al-rumano-del-libro-sinfonia-pagana-de-daniel-montoly-id1056561.html","title":{"rendered":"Entrevista a Elisabeta Bo\u0163an, traductora al rumano del libro \u00abSinfon\u00eda pagana\u00bb de Daniel Montoly"},"content":{"rendered":"<p>Hoy nos acompa\u00f1a la autora y traductora de origen rumano Elisabeta Bo\u0163an, quien habla de su traducci\u00f3n al rumano del libro de poemas \u00abSimfonie p\u0103g\u00e2n\u0103 \/ Sinfon\u00eda pagana\u00bb de Daniel Montoly, publicado por la editorial rumana Casa C\u0103r\u021bilor. La imagen de portada, \u00abDialogando con Oviedo\u00bb, es obra del artista dominicano Tony Espaillat. El dise\u00f1o y el pr\u00f3logo pertenecen a Flaviu Mihali.<\/p>\n<p>Es originaria del distrito de Bistri\u021ba-N\u0103s\u0103ud, Ruman\u00eda, y vive en Espa\u00f1a desde 2002. Siempre ha mantenido el nexo con su pa\u00eds de origen. Est\u00e1 perfectamente integrada en la vida cultural de Alcal\u00e1 de Henares, la ciudad donde vive, y organiza tambi\u00e9n varias actividades culturales como es el Recital Fronteras L\u00edricas, cuya pr\u00f3xima reuni\u00f3n tendr\u00e1 lugar el 17 de septiembre en la Biblioteca P\u00fablica Municipal P\u00edo Baroja de la misma ciudad. Elisabeta Bo\u0163an ha participado nuevamente en el programa Paseo cultural. La charla se puede escuchar aqu\u00ed:<\/p>\n<p><iframe loading=\"lazy\" width=\"100%\" height=\"166\" scrolling=\"no\" frameborder=\"no\" allow=\"autoplay; encrypted-media\" src=\"https:\/\/w.soundcloud.com\/player\/?url=https%3A\/\/api.soundcloud.com\/tracks\/soundcloud%253Atracks%253A2394410187&#038;color=%23ff5500&#038;auto_play=false&#038;hide_related=false&#038;show_comments=true&#038;show_user=true&#038;show_reposts=false&#038;show_teaser=true\"><\/iframe><\/p>\n<div style=\"font-size: 10px; color: #cccccc;line-break: anywhere;word-break: normal;overflow: hidden;white-space: nowrap;text-overflow: ellipsis; font-family: Interstate,Lucida Grande,Lucida Sans Unicode,Lucida Sans,Garuda,Verdana,Tahoma,sans-serif;font-weight: 100;\"><a href=\"https:\/\/soundcloud.com\/radioromaniainternational\" title=\"RadioRomaniaInternational\" target=\"_blank\" style=\"color: #cccccc; text-decoration: none;\">RadioRomaniaInternational<\/a> \u00b7 <a href=\"https:\/\/soundcloud.com\/radioromaniainternational\/entrevista-a-elisabeta-bo-an\" title=\"Entrevista a Elisabeta Bo\u0163an, traductora al rumano del libro \u00abSinfon\u00eda pagana\u00bb de Daniel Montoly\" target=\"_blank\" style=\"color: #cccccc; text-decoration: none;\">Entrevista a Elisabeta Bo\u0163an, traductora al rumano del libro \u00abSinfon\u00eda pagana\u00bb de Daniel Montoly<\/a><\/div>\n","protected":false},"excerpt":{"rendered":"<p>Hoy nos acompa\u00f1a la autora y traductora de origen rumano Elisabeta Bo\u0163an, quien habla de su traducci\u00f3n al rumano del libro de poemas \u00abSimfonie p\u0103g\u00e2n\u0103 \/ Sinfon\u00eda pagana\u00bb de Daniel Montoly, publicado por la editorial rumana Casa C\u0103r\u021bilor. La imagen de portada, \u00abDialogando con Oviedo\u00bb, es obra del artista dominicano Tony Espaillat. El dise\u00f1o y [&hellip;]<\/p>\n","protected":false},"author":61,"featured_media":1056553,"comment_status":"closed","ping_status":"closed","sticky":false,"template":"","format":"standard","meta":{"_acf_changed":false,"footnotes":""},"categories":[111717],"tags":[196061,113179,183158,111826],"coauthors":[116698],"class_list":["post-1056561","post","type-post","status-publish","format-standard","has-post-thumbnail","hentry","category-paseo-cultural","tag-daniel-montoly","tag-elisabeta-botan","tag-recital-fronteras-liricas","tag-rumanos-en-espana"],"acf":[],"yoast_head":"<!-- This site is optimized with the Yoast SEO plugin v28.2 - https:\/\/yoast.com\/product\/yoast-seo-wordpress\/ -->\n<title>Entrevista a Elisabeta Bo\u0163an, traductora al rumano del libro \u00abSinfon\u00eda pagana\u00bb de Daniel Montoly - Radio Ruman\u00eda Internacional<\/title>\n<meta name=\"robots\" content=\"index, follow, max-snippet:-1, max-image-preview:large, max-video-preview:-1\" \/>\n<link rel=\"canonical\" href=\"https:\/\/www.rri.ro\/es\/panorama-rumano\/paseo-cultural\/entrevista-a-elisabeta-botan-traductora-al-rumano-del-libro-sinfonia-pagana-de-daniel-montoly-id1056561.html\" \/>\n<meta property=\"og:locale\" content=\"es_ES\" \/>\n<meta property=\"og:type\" content=\"article\" \/>\n<meta property=\"og:title\" content=\"Entrevista a Elisabeta Bo\u0163an, traductora al rumano del libro \u00abSinfon\u00eda pagana\u00bb de Daniel Montoly - Radio Ruman\u00eda Internacional\" \/>\n<meta property=\"og:description\" content=\"Hoy nos acompa\u00f1a la autora y traductora de origen rumano Elisabeta Bo\u0163an, quien habla de su traducci\u00f3n al rumano del libro de poemas \u00abSimfonie p\u0103g\u00e2n\u0103 \/ Sinfon\u00eda pagana\u00bb de Daniel Montoly, publicado por la editorial rumana Casa C\u0103r\u021bilor. La imagen de portada, \u00abDialogando con Oviedo\u00bb, es obra del artista dominicano Tony Espaillat. El dise\u00f1o y [&hellip;]\" \/>\n<meta property=\"og:url\" content=\"https:\/\/www.rri.ro\/es\/panorama-rumano\/paseo-cultural\/entrevista-a-elisabeta-botan-traductora-al-rumano-del-libro-sinfonia-pagana-de-daniel-montoly-id1056561.html\" \/>\n<meta property=\"og:site_name\" content=\"Radio Ruman\u00eda Internacional\" \/>\n<meta property=\"article:published_time\" content=\"2026-09-04T12:45:28+00:00\" \/>\n<meta property=\"article:modified_time\" content=\"2026-09-04T12:48:57+00:00\" \/>\n<meta property=\"og:image\" content=\"https:\/\/www.rri.ro\/wp-content\/uploads\/2026\/09\/elisabeta-botan-foto-arhiva-personala_16x9.jpg\" \/>\n\t<meta property=\"og:image:width\" content=\"1200\" \/>\n\t<meta property=\"og:image:height\" content=\"675\" \/>\n\t<meta property=\"og:image:type\" content=\"image\/jpeg\" \/>\n<meta name=\"author\" content=\"Monica Tar\u0103u\" \/>\n<meta name=\"twitter:card\" content=\"summary_large_image\" \/>\n<meta name=\"twitter:label1\" content=\"Escrito por\" \/>\n\t<meta name=\"twitter:data1\" content=\"Monica Tar\u0103u\" \/>\n\t<meta name=\"twitter:label2\" content=\"Tiempo de lectura\" \/>\n\t<meta name=\"twitter:data2\" content=\"1 minuto\" \/>\n\t<meta name=\"twitter:label3\" content=\"Written by\" \/>\n\t<meta name=\"twitter:data3\" content=\"Monica Tar\u0103u\" \/>\n<script type=\"application\/ld+json\" class=\"yoast-schema-graph\">{\"@context\":\"https:\\\/\\\/schema.org\",\"@graph\":[{\"@type\":\"Article\",\"@id\":\"https:\\\/\\\/www.rri.ro\\\/es\\\/panorama-rumano\\\/paseo-cultural\\\/entrevista-a-elisabeta-botan-traductora-al-rumano-del-libro-sinfonia-pagana-de-daniel-montoly-id1056561.html#article\",\"isPartOf\":{\"@id\":\"https:\\\/\\\/www.rri.ro\\\/es\\\/panorama-rumano\\\/paseo-cultural\\\/entrevista-a-elisabeta-botan-traductora-al-rumano-del-libro-sinfonia-pagana-de-daniel-montoly-id1056561.html\"},\"author\":{\"name\":\"Monica Tar\u0103u\",\"@id\":\"https:\\\/\\\/www.rri.ro\\\/#\\\/schema\\\/person\\\/bcfb9bd03936efd8c393a7e62bae417a\"},\"headline\":\"Entrevista a Elisabeta Bo\u0163an, traductora al rumano del libro \u00abSinfon\u00eda pagana\u00bb de Daniel Montoly\",\"datePublished\":\"2026-09-04T12:45:28+00:00\",\"dateModified\":\"2026-09-04T12:48:57+00:00\",\"mainEntityOfPage\":{\"@id\":\"https:\\\/\\\/www.rri.ro\\\/es\\\/panorama-rumano\\\/paseo-cultural\\\/entrevista-a-elisabeta-botan-traductora-al-rumano-del-libro-sinfonia-pagana-de-daniel-montoly-id1056561.html\"},\"wordCount\":200,\"image\":{\"@id\":\"https:\\\/\\\/www.rri.ro\\\/es\\\/panorama-rumano\\\/paseo-cultural\\\/entrevista-a-elisabeta-botan-traductora-al-rumano-del-libro-sinfonia-pagana-de-daniel-montoly-id1056561.html#primaryimage\"},\"thumbnailUrl\":\"https:\\\/\\\/www.rri.ro\\\/wp-content\\\/uploads\\\/2026\\\/09\\\/elisabeta-botan-foto-arhiva-personala_16x9.jpg\",\"keywords\":[\"Daniel Montoly\",\"Elisabeta Botan\",\"Recital Fronteras L\u00edricas\",\"rumanos en Espa\u00f1a\"],\"articleSection\":[\"Paseo\u00a0cultural\"],\"inLanguage\":\"es\"},{\"@type\":\"WebPage\",\"@id\":\"https:\\\/\\\/www.rri.ro\\\/es\\\/panorama-rumano\\\/paseo-cultural\\\/entrevista-a-elisabeta-botan-traductora-al-rumano-del-libro-sinfonia-pagana-de-daniel-montoly-id1056561.html\",\"url\":\"https:\\\/\\\/www.rri.ro\\\/es\\\/panorama-rumano\\\/paseo-cultural\\\/entrevista-a-elisabeta-botan-traductora-al-rumano-del-libro-sinfonia-pagana-de-daniel-montoly-id1056561.html\",\"name\":\"Entrevista a Elisabeta Bo\u0163an, traductora al rumano del libro \u00abSinfon\u00eda pagana\u00bb de Daniel Montoly - Radio Ruman\u00eda Internacional\",\"isPartOf\":{\"@id\":\"https:\\\/\\\/www.rri.ro\\\/#website\"},\"primaryImageOfPage\":{\"@id\":\"https:\\\/\\\/www.rri.ro\\\/es\\\/panorama-rumano\\\/paseo-cultural\\\/entrevista-a-elisabeta-botan-traductora-al-rumano-del-libro-sinfonia-pagana-de-daniel-montoly-id1056561.html#primaryimage\"},\"image\":{\"@id\":\"https:\\\/\\\/www.rri.ro\\\/es\\\/panorama-rumano\\\/paseo-cultural\\\/entrevista-a-elisabeta-botan-traductora-al-rumano-del-libro-sinfonia-pagana-de-daniel-montoly-id1056561.html#primaryimage\"},\"thumbnailUrl\":\"https:\\\/\\\/www.rri.ro\\\/wp-content\\\/uploads\\\/2026\\\/09\\\/elisabeta-botan-foto-arhiva-personala_16x9.jpg\",\"datePublished\":\"2026-09-04T12:45:28+00:00\",\"dateModified\":\"2026-09-04T12:48:57+00:00\",\"author\":{\"@id\":\"https:\\\/\\\/www.rri.ro\\\/#\\\/schema\\\/person\\\/bcfb9bd03936efd8c393a7e62bae417a\"},\"breadcrumb\":{\"@id\":\"https:\\\/\\\/www.rri.ro\\\/es\\\/panorama-rumano\\\/paseo-cultural\\\/entrevista-a-elisabeta-botan-traductora-al-rumano-del-libro-sinfonia-pagana-de-daniel-montoly-id1056561.html#breadcrumb\"},\"inLanguage\":\"es\",\"potentialAction\":[{\"@type\":\"ReadAction\",\"target\":[\"https:\\\/\\\/www.rri.ro\\\/es\\\/panorama-rumano\\\/paseo-cultural\\\/entrevista-a-elisabeta-botan-traductora-al-rumano-del-libro-sinfonia-pagana-de-daniel-montoly-id1056561.html\"]}]},{\"@type\":\"ImageObject\",\"inLanguage\":\"es\",\"@id\":\"https:\\\/\\\/www.rri.ro\\\/es\\\/panorama-rumano\\\/paseo-cultural\\\/entrevista-a-elisabeta-botan-traductora-al-rumano-del-libro-sinfonia-pagana-de-daniel-montoly-id1056561.html#primaryimage\",\"url\":\"https:\\\/\\\/www.rri.ro\\\/wp-content\\\/uploads\\\/2026\\\/09\\\/elisabeta-botan-foto-arhiva-personala_16x9.jpg\",\"contentUrl\":\"https:\\\/\\\/www.rri.ro\\\/wp-content\\\/uploads\\\/2026\\\/09\\\/elisabeta-botan-foto-arhiva-personala_16x9.jpg\",\"width\":1200,\"height\":675},{\"@type\":\"BreadcrumbList\",\"@id\":\"https:\\\/\\\/www.rri.ro\\\/es\\\/panorama-rumano\\\/paseo-cultural\\\/entrevista-a-elisabeta-botan-traductora-al-rumano-del-libro-sinfonia-pagana-de-daniel-montoly-id1056561.html#breadcrumb\",\"itemListElement\":[{\"@type\":\"ListItem\",\"position\":1,\"name\":\"P\u00e1gina de inicio\",\"item\":\"https:\\\/\\\/www.rri.ro\\\/es\"},{\"@type\":\"ListItem\",\"position\":2,\"name\":\"Panorama rumano\",\"item\":\"https:\\\/\\\/www.rri.ro\\\/es\\\/panorama-rumano\"},{\"@type\":\"ListItem\",\"position\":3,\"name\":\"Paseo\u00a0cultural\",\"item\":\"https:\\\/\\\/www.rri.ro\\\/es\\\/panorama-rumano\\\/paseo-cultural\"},{\"@type\":\"ListItem\",\"position\":4,\"name\":\"Entrevista a Elisabeta Bo\u0163an, traductora al rumano del libro \u00abSinfon\u00eda pagana\u00bb de Daniel Montoly\"}]},{\"@type\":\"WebSite\",\"@id\":\"https:\\\/\\\/www.rri.ro\\\/#website\",\"url\":\"https:\\\/\\\/www.rri.ro\\\/\",\"name\":\"Radio Ruman\u00eda Internacional\",\"description\":\"Totul despre Rom\u00e2nia \u015fi rom\u00e2ni, \u00een 13 limbi\\\/dialecte!\",\"inLanguage\":\"es\"},{\"@type\":\"Person\",\"@id\":\"https:\\\/\\\/www.rri.ro\\\/#\\\/schema\\\/person\\\/bcfb9bd03936efd8c393a7e62bae417a\",\"name\":\"Monica Tar\u0103u\",\"url\":\"https:\\\/\\\/www.rri.ro\\\/es\\\/author\\\/monica-tarau\"}]}<\/script>\n<!-- \/ Yoast SEO plugin. -->","yoast_head_json":{"title":"Entrevista a Elisabeta Bo\u0163an, traductora al rumano del libro \u00abSinfon\u00eda pagana\u00bb de Daniel Montoly - Radio Ruman\u00eda Internacional","robots":{"index":"index","follow":"follow","max-snippet":"max-snippet:-1","max-image-preview":"max-image-preview:large","max-video-preview":"max-video-preview:-1"},"canonical":"https:\/\/www.rri.ro\/es\/panorama-rumano\/paseo-cultural\/entrevista-a-elisabeta-botan-traductora-al-rumano-del-libro-sinfonia-pagana-de-daniel-montoly-id1056561.html","og_locale":"es_ES","og_type":"article","og_title":"Entrevista a Elisabeta Bo\u0163an, traductora al rumano del libro \u00abSinfon\u00eda pagana\u00bb de Daniel Montoly - Radio Ruman\u00eda Internacional","og_description":"Hoy nos acompa\u00f1a la autora y traductora de origen rumano Elisabeta Bo\u0163an, quien habla de su traducci\u00f3n al rumano del libro de poemas \u00abSimfonie p\u0103g\u00e2n\u0103 \/ Sinfon\u00eda pagana\u00bb de Daniel Montoly, publicado por la editorial rumana Casa C\u0103r\u021bilor. La imagen de portada, \u00abDialogando con Oviedo\u00bb, es obra del artista dominicano Tony Espaillat. El dise\u00f1o y [&hellip;]","og_url":"https:\/\/www.rri.ro\/es\/panorama-rumano\/paseo-cultural\/entrevista-a-elisabeta-botan-traductora-al-rumano-del-libro-sinfonia-pagana-de-daniel-montoly-id1056561.html","og_site_name":"Radio Ruman\u00eda Internacional","article_published_time":"2026-09-04T12:45:28+00:00","article_modified_time":"2026-09-04T12:48:57+00:00","og_image":[{"width":1200,"height":675,"url":"https:\/\/www.rri.ro\/wp-content\/uploads\/2026\/09\/elisabeta-botan-foto-arhiva-personala_16x9.jpg","type":"image\/jpeg"}],"author":"Monica Tar\u0103u","twitter_card":"summary_large_image","twitter_misc":{"Escrito por":"Monica Tar\u0103u","Tiempo de lectura":"1 minuto","Written by":"Monica Tar\u0103u"},"schema":{"@context":"https:\/\/schema.org","@graph":[{"@type":"Article","@id":"https:\/\/www.rri.ro\/es\/panorama-rumano\/paseo-cultural\/entrevista-a-elisabeta-botan-traductora-al-rumano-del-libro-sinfonia-pagana-de-daniel-montoly-id1056561.html#article","isPartOf":{"@id":"https:\/\/www.rri.ro\/es\/panorama-rumano\/paseo-cultural\/entrevista-a-elisabeta-botan-traductora-al-rumano-del-libro-sinfonia-pagana-de-daniel-montoly-id1056561.html"},"author":{"name":"Monica Tar\u0103u","@id":"https:\/\/www.rri.ro\/#\/schema\/person\/bcfb9bd03936efd8c393a7e62bae417a"},"headline":"Entrevista a Elisabeta Bo\u0163an, traductora al rumano del libro \u00abSinfon\u00eda pagana\u00bb de Daniel Montoly","datePublished":"2026-09-04T12:45:28+00:00","dateModified":"2026-09-04T12:48:57+00:00","mainEntityOfPage":{"@id":"https:\/\/www.rri.ro\/es\/panorama-rumano\/paseo-cultural\/entrevista-a-elisabeta-botan-traductora-al-rumano-del-libro-sinfonia-pagana-de-daniel-montoly-id1056561.html"},"wordCount":200,"image":{"@id":"https:\/\/www.rri.ro\/es\/panorama-rumano\/paseo-cultural\/entrevista-a-elisabeta-botan-traductora-al-rumano-del-libro-sinfonia-pagana-de-daniel-montoly-id1056561.html#primaryimage"},"thumbnailUrl":"https:\/\/www.rri.ro\/wp-content\/uploads\/2026\/09\/elisabeta-botan-foto-arhiva-personala_16x9.jpg","keywords":["Daniel Montoly","Elisabeta Botan","Recital Fronteras L\u00edricas","rumanos en Espa\u00f1a"],"articleSection":["Paseo\u00a0cultural"],"inLanguage":"es"},{"@type":"WebPage","@id":"https:\/\/www.rri.ro\/es\/panorama-rumano\/paseo-cultural\/entrevista-a-elisabeta-botan-traductora-al-rumano-del-libro-sinfonia-pagana-de-daniel-montoly-id1056561.html","url":"https:\/\/www.rri.ro\/es\/panorama-rumano\/paseo-cultural\/entrevista-a-elisabeta-botan-traductora-al-rumano-del-libro-sinfonia-pagana-de-daniel-montoly-id1056561.html","name":"Entrevista a Elisabeta Bo\u0163an, traductora al rumano del libro \u00abSinfon\u00eda pagana\u00bb de Daniel Montoly - Radio Ruman\u00eda Internacional","isPartOf":{"@id":"https:\/\/www.rri.ro\/#website"},"primaryImageOfPage":{"@id":"https:\/\/www.rri.ro\/es\/panorama-rumano\/paseo-cultural\/entrevista-a-elisabeta-botan-traductora-al-rumano-del-libro-sinfonia-pagana-de-daniel-montoly-id1056561.html#primaryimage"},"image":{"@id":"https:\/\/www.rri.ro\/es\/panorama-rumano\/paseo-cultural\/entrevista-a-elisabeta-botan-traductora-al-rumano-del-libro-sinfonia-pagana-de-daniel-montoly-id1056561.html#primaryimage"},"thumbnailUrl":"https:\/\/www.rri.ro\/wp-content\/uploads\/2026\/09\/elisabeta-botan-foto-arhiva-personala_16x9.jpg","datePublished":"2026-09-04T12:45:28+00:00","dateModified":"2026-09-04T12:48:57+00:00","author":{"@id":"https:\/\/www.rri.ro\/#\/schema\/person\/bcfb9bd03936efd8c393a7e62bae417a"},"breadcrumb":{"@id":"https:\/\/www.rri.ro\/es\/panorama-rumano\/paseo-cultural\/entrevista-a-elisabeta-botan-traductora-al-rumano-del-libro-sinfonia-pagana-de-daniel-montoly-id1056561.html#breadcrumb"},"inLanguage":"es","potentialAction":[{"@type":"ReadAction","target":["https:\/\/www.rri.ro\/es\/panorama-rumano\/paseo-cultural\/entrevista-a-elisabeta-botan-traductora-al-rumano-del-libro-sinfonia-pagana-de-daniel-montoly-id1056561.html"]}]},{"@type":"ImageObject","inLanguage":"es","@id":"https:\/\/www.rri.ro\/es\/panorama-rumano\/paseo-cultural\/entrevista-a-elisabeta-botan-traductora-al-rumano-del-libro-sinfonia-pagana-de-daniel-montoly-id1056561.html#primaryimage","url":"https:\/\/www.rri.ro\/wp-content\/uploads\/2026\/09\/elisabeta-botan-foto-arhiva-personala_16x9.jpg","contentUrl":"https:\/\/www.rri.ro\/wp-content\/uploads\/2026\/09\/elisabeta-botan-foto-arhiva-personala_16x9.jpg","width":1200,"height":675},{"@type":"BreadcrumbList","@id":"https:\/\/www.rri.ro\/es\/panorama-rumano\/paseo-cultural\/entrevista-a-elisabeta-botan-traductora-al-rumano-del-libro-sinfonia-pagana-de-daniel-montoly-id1056561.html#breadcrumb","itemListElement":[{"@type":"ListItem","position":1,"name":"P\u00e1gina de inicio","item":"https:\/\/www.rri.ro\/es"},{"@type":"ListItem","position":2,"name":"Panorama rumano","item":"https:\/\/www.rri.ro\/es\/panorama-rumano"},{"@type":"ListItem","position":3,"name":"Paseo\u00a0cultural","item":"https:\/\/www.rri.ro\/es\/panorama-rumano\/paseo-cultural"},{"@type":"ListItem","position":4,"name":"Entrevista a Elisabeta Bo\u0163an, traductora al rumano del libro \u00abSinfon\u00eda pagana\u00bb de Daniel Montoly"}]},{"@type":"WebSite","@id":"https:\/\/www.rri.ro\/#website","url":"https:\/\/www.rri.ro\/","name":"Radio Ruman\u00eda Internacional","description":"Totul despre Rom\u00e2nia \u015fi rom\u00e2ni, \u00een 13 limbi\/dialecte!","inLanguage":"es"},{"@type":"Person","@id":"https:\/\/www.rri.ro\/#\/schema\/person\/bcfb9bd03936efd8c393a7e62bae417a","name":"Monica Tar\u0103u","url":"https:\/\/www.rri.ro\/es\/author\/monica-tarau"}]}},"_links":{"self":[{"href":"https:\/\/www.rri.ro\/es\/wp-json\/wp\/v2\/posts\/1056561","targetHints":{"allow":["GET"]}}],"collection":[{"href":"https:\/\/www.rri.ro\/es\/wp-json\/wp\/v2\/posts"}],"about":[{"href":"https:\/\/www.rri.ro\/es\/wp-json\/wp\/v2\/types\/post"}],"author":[{"embeddable":true,"href":"https:\/\/www.rri.ro\/es\/wp-json\/wp\/v2\/users\/61"}],"replies":[{"embeddable":true,"href":"https:\/\/www.rri.ro\/es\/wp-json\/wp\/v2\/comments?post=1056561"}],"version-history":[{"count":3,"href":"https:\/\/www.rri.ro\/es\/wp-json\/wp\/v2\/posts\/1056561\/revisions"}],"predecessor-version":[{"id":1056564,"href":"https:\/\/www.rri.ro\/es\/wp-json\/wp\/v2\/posts\/1056561\/revisions\/1056564"}],"wp:featuredmedia":[{"embeddable":true,"href":"https:\/\/www.rri.ro\/es\/wp-json\/wp\/v2\/media\/1056553"}],"wp:attachment":[{"href":"https:\/\/www.rri.ro\/es\/wp-json\/wp\/v2\/media?parent=1056561"}],"wp:term":[{"taxonomy":"category","embeddable":true,"href":"https:\/\/www.rri.ro\/es\/wp-json\/wp\/v2\/categories?post=1056561"},{"taxonomy":"post_tag","embeddable":true,"href":"https:\/\/www.rri.ro\/es\/wp-json\/wp\/v2\/tags?post=1056561"},{"taxonomy":"author","embeddable":true,"href":"https:\/\/www.rri.ro\/es\/wp-json\/wp\/v2\/coauthors?post=1056561"}],"curies":[{"name":"wp","href":"https:\/\/api.w.org\/{rel}","templated":true}]}}