{"id":1056603,"date":"2026-09-05T16:08:07","date_gmt":"2026-09-05T13:08:07","guid":{"rendered":"https:\/\/www.rri.ro\/?p=1056603"},"modified":"2026-09-05T16:08:07","modified_gmt":"2026-09-05T13:08:07","slug":"c50-clase-de-rumano","status":"publish","type":"post","link":"https:\/\/www.rri.ro\/es\/aprende-rumano\/rumano-de-supervivencia\/c50-clase-de-rumano-id1056603.html","title":{"rendered":"C50 Clase de rumano"},"content":{"rendered":"<p class=\"docx_mdparagraph\"><span style=\"font-family: arial, helvetica, sans-serif;\"><em><span lang=\"es-ES\">Bun\u0103<\/span> <span lang=\"es-ES\">sear\u0103<\/span><span lang=\"es-ES\">!<\/span><\/em><span lang=\"es-ES\"> Buenas noches. Bienvenidos a una nueva clase radiof\u00f3nica de rumano.<\/span><\/span><iframe style=\"display: block; width: 100%; height: 160px; border: 0;\" title=\"L50-Lectia 05.09.2026\" src=\"https:\/\/mediahub.srr.ro\/e\/ENll6TN1NS\"><br \/>\n<\/iframe><\/p>\n<p class=\"docx_mdparagraph\"><span style=\"font-family: arial, helvetica, sans-serif;\"><span lang=\"es-ES\">En esta sesi\u00f3n <\/span><span lang=\"es-ES\">vamos a realizar algunos ejercicios pr\u00e1cticos sobre los casos en rumano, centr\u00e1ndonos especialmente en el genitivo de personas. <\/span><\/span><\/p>\n<p class=\"docx_mdparagraph\"><span style=\"font-family: arial, helvetica, sans-serif;\"><span lang=\"es-ES\">Dec\u00edamos en la clase anterior que e<\/span><span lang=\"es-ES\">n rumano existen cinco casos gramaticales: nominativo, acusativo, genitivo, dativo y vocativo. Los casos sirven para indicar la funci\u00f3n que tiene una palabra dentro de una oraci\u00f3n. <\/span><\/span><\/p>\n<p class=\"docx_mdparagraph\"><span style=\"font-family: arial, helvetica, sans-serif;\"><span lang=\"es-ES\">El <\/span><span lang=\"es-ES\">nominativo<\/span><span lang=\"es-ES\"> se utiliza principalmente para indicar <\/span><span lang=\"es-ES\">el sujeto de<\/span><span lang=\"es-ES\"> una acci\u00f3n<\/span><span lang=\"es-ES\">; el acusativo se utiliza<\/span><span lang=\"es-ES\"> para expresar el complemento directo. El <\/span><span lang=\"es-ES\">genitivo<\/span><span lang=\"es-ES\"> indica n<\/span><span lang=\"es-ES\">ormalmente posesi\u00f3n o relaci\u00f3n, mientras que el <\/span><span lang=\"es-ES\">dativo indica normalmente la persona que recibe algo o a quien se dirige una acci\u00f3n. <\/span><span id=\"_GoBack\"><\/span><\/span><\/p>\n<p class=\"docx_mdparagraph\"><span lang=\"es-ES\" style=\"font-family: arial, helvetica, sans-serif;\">Finalmente, el vocativo se utiliza para llamar o dirigirse directamente a una persona. <\/span><\/p>\n<p class=\"docx_mdparagraph\"><span style=\"font-family: arial, helvetica, sans-serif;\"><span lang=\"es-ES\">La primera a<\/span><span lang=\"es-ES\">ctividad<\/span><span lang=\"es-ES\"> tiene como objetivo <\/span><span lang=\"es-ES\">reconocer la funci\u00f3n del nombre propio y distinguir especialmente el genitivo.<\/span><\/span><\/p>\n<p class=\"docx_mdparagraph\"><span lang=\"es-ES\" style=\"font-family: arial, helvetica, sans-serif;\">Lee las siguientes oraciones y escribe qu\u00e9 caso corresponde al nombre destacado: nominativo, acusativo, genitivo, dativo o vocativo.<\/span><\/p>\n<p class=\"docx_mdparagraph\"><span style=\"font-family: arial, helvetica, sans-serif;\"><em><span lang=\"es-ES\">Maria<\/span> <span lang=\"es-ES\">cite\u0219te<\/span><span lang=\"es-ES\"> o <\/span><span lang=\"es-ES\">carte<\/span><\/em><span lang=\"es-ES\"> (Mar\u00eda lee un libro)<\/span><\/span><\/p>\n<p class=\"docx_mdparagraph\"><span style=\"font-family: arial, helvetica, sans-serif;\"><em><span lang=\"es-ES\">Cartea <\/span><span lang=\"es-ES\">Mariei<\/span><span lang=\"es-ES\"> este pe <\/span><span lang=\"es-ES\">mas\u0103<\/span><\/em> <span lang=\"es-ES\">(El libro de Mar\u00eda est\u00e1 sobre la mesa)<\/span><\/span><\/p>\n<p class=\"docx_mdparagraph\"><span style=\"font-family: arial, helvetica, sans-serif;\"><em><span lang=\"es-ES\">\u00cei<\/span> <span lang=\"es-ES\">dau<\/span> <span lang=\"es-ES\">Mariei<\/span><span lang=\"es-ES\"> o <\/span><span lang=\"es-ES\">carte<\/span> <\/em><span lang=\"es-ES\">(Le doy a Mar\u00eda un libro)<\/span><\/span><\/p>\n<p class=\"docx_mdparagraph\"><span style=\"font-family: arial, helvetica, sans-serif;\"><em><span lang=\"es-ES\">Maria<\/span><span lang=\"es-ES\">, vino <\/span><span lang=\"es-ES\">aici<\/span><span lang=\"es-ES\">!<\/span><\/em> <span lang=\"es-ES\">(\u00a1Mar\u00eda, ven aqu\u00ed!)<\/span><\/span><\/p>\n<p class=\"docx_mdparagraph\"><span style=\"font-family: arial, helvetica, sans-serif;\"><em><span lang=\"es-ES\">Fratele<\/span><span lang=\"es-ES\"> lui <\/span><span lang=\"es-ES\">Paul<\/span><span lang=\"es-ES\"> este <\/span><span lang=\"es-ES\">student<\/span><\/em> <span lang=\"es-ES\">(El hermano de Paul es estudiante)<\/span><\/span><\/p>\n<p class=\"docx_mdparagraph\"><span style=\"font-family: arial, helvetica, sans-serif;\"><em><span lang=\"es-ES\">Paul<\/span> <span lang=\"es-ES\">cite\u0219te<\/span><span lang=\"es-ES\"> o <\/span><span lang=\"es-ES\">carte<\/span><\/em> <span lang=\"es-ES\">(Paul lee un libro)<\/span><\/span><\/p>\n<p class=\"docx_mdparagraph\"><span style=\"font-family: arial, helvetica, sans-serif;\"><em><span lang=\"es-ES\">Cartea este <\/span><span lang=\"es-ES\">pentru<\/span> <span lang=\"es-ES\">Paul<\/span><\/em> <span lang=\"es-ES\">(El libro es para Paul)<\/span><\/span><\/p>\n<p class=\"docx_mdparagraph\"><span style=\"font-family: arial, helvetica, sans-serif;\"><em><span lang=\"es-ES\">Sora <\/span><span lang=\"es-ES\">Elenei<\/span><span lang=\"es-ES\"> este <\/span><span lang=\"es-ES\">profesoar\u0103<\/span><\/em> <span lang=\"es-ES\">(La hermana de Elena es profesora).<\/span><\/span><\/p>\n<p class=\"docx_mdparagraph\"><span style=\"font-family: arial, helvetica, sans-serif;\"><span lang=\"es-ES\"><strong>Soluci\u00f3n:<\/strong> <\/span><span lang=\"es-ES\">nominativo, <\/span><span lang=\"es-ES\">genitivo<\/span><span lang=\"es-ES\">, <\/span><span lang=\"es-ES\">dativo<\/span><span lang=\"es-ES\">, <\/span><span lang=\"es-ES\">vocativo<\/span><span lang=\"es-ES\">, <\/span><span lang=\"es-ES\">genitivo<\/span><span lang=\"es-ES\">, <\/span><span lang=\"es-ES\">nominativo<\/span><span lang=\"es-ES\">, <\/span><span lang=\"es-ES\">acusativo<\/span><span lang=\"es-ES\">, <\/span><span lang=\"es-ES\">genitivo<\/span><\/span><\/p>\n<p><strong><span lang=\"es-ES\" style=\"font-family: arial, helvetica, sans-serif;\">XXXX<\/span><\/strong><\/p>\n<p class=\"docx_mdparagraph\"><span style=\"font-family: arial, helvetica, sans-serif;\"><span lang=\"es-ES\">La segunda a<\/span><span lang=\"es-ES\">ctividad<\/span><span lang=\"es-ES\"> que proponemos tiene como finalidad <\/span><span lang=\"es-ES\">practicar la formaci\u00f3n del genitivo con nombres masculinos y femeninos.<\/span><\/span><\/p>\n<p class=\"docx_mdparagraph\"><span lang=\"es-ES\" style=\"font-family: arial, helvetica, sans-serif;\">Instrucciones: Completa cada oraci\u00f3n con la forma correcta del nombre entre par\u00e9ntesis.<\/span><\/p>\n<p class=\"docx_mdparagraph\"><span style=\"font-family: arial, helvetica, sans-serif;\"><em><span lang=\"es-ES\">Cartea ______ <\/span><span lang=\"es-ES\">(<\/span><span lang=\"es-ES\">Maria<\/span><span lang=\"es-ES\">) <\/span><span lang=\"es-ES\">este <\/span><span lang=\"es-ES\">interesant\u0103<\/span><\/em> <span lang=\"es-ES\">(El libro de <\/span><span lang=\"es-ES\">Maria<\/span><span lang=\"es-ES\"> es interesante).<\/span><\/span><\/p>\n<p class=\"docx_mdparagraph\"><span style=\"font-family: arial, helvetica, sans-serif;\"><em><span lang=\"es-ES\">Fratele<\/span><span lang=\"es-ES\"> ______ <\/span><span lang=\"es-ES\">(Paul) este <\/span><span lang=\"es-ES\">student<\/span><\/em><span lang=\"es-ES\"> (El hermano de Paul es estudiante). <\/span><\/span><\/p>\n<p class=\"docx_mdparagraph\"><span style=\"font-family: arial, helvetica, sans-serif;\"><em><span lang=\"es-ES\">Ma\u0219ina<\/span><span lang=\"es-ES\"> ______ <\/span><span lang=\"es-ES\">(Carmen) este <\/span><span lang=\"es-ES\">nou\u0103<\/span><\/em><span lang=\"es-ES\"> (El coche de Carmen es nuevo). <\/span><\/span><\/p>\n<p class=\"docx_mdparagraph\"><span style=\"font-family: arial, helvetica, sans-serif;\"><em><span lang=\"es-ES\">Sora ______ <\/span><span lang=\"es-ES\">(Elena) <\/span><span lang=\"es-ES\">locuie\u0219te<\/span> <span lang=\"es-ES\">\u00een<\/span> <span lang=\"es-ES\">Bucure\u0219ti<\/span><\/em><span lang=\"es-ES\"> (La hermana de Elena vive en Bucarest). <\/span><\/span><\/p>\n<p class=\"docx_mdparagraph\"><span style=\"font-family: arial, helvetica, sans-serif;\"><em><span lang=\"es-ES\">Telefonul<\/span><span lang=\"es-ES\"> ______ <\/span><span lang=\"es-ES\">(Luca) este pe <\/span><span lang=\"es-ES\">mas\u0103<\/span><\/em><span lang=\"es-ES\"> (El tel\u00e9fono de Luca est\u00e1 sobre la mesa<\/span><span lang=\"es-ES\">)<\/span><span lang=\"es-ES\">.<\/span><\/span><\/p>\n<p class=\"docx_mdparagraph\"><span style=\"font-family: arial, helvetica, sans-serif;\"><em><span lang=\"es-ES\">Cartea ______ <\/span><span lang=\"es-ES\">(Anca) este <\/span><span lang=\"es-ES\">\u00een<\/span> <span lang=\"es-ES\">geant\u0103<\/span><\/em> <span lang=\"es-ES\">(<\/span><span lang=\"es-ES\">El libro de <\/span><span lang=\"es-ES\">Anca<\/span><span lang=\"es-ES\"> est\u00e1 en la mochila<\/span><span lang=\"es-ES\">)<\/span><span lang=\"es-ES\">.<\/span><\/span><\/p>\n<p class=\"docx_mdparagraph\"><span style=\"font-family: arial, helvetica, sans-serif;\"><em><span lang=\"es-ES\">Casa ______ <\/span><span lang=\"es-ES\">(Olga) este mare<\/span><\/em><span lang=\"es-ES\"> (<\/span><span lang=\"es-ES\">La casa de <\/span><span lang=\"es-ES\">Olga<\/span><span lang=\"es-ES\"> es grande<\/span><span lang=\"es-ES\">)<\/span><span lang=\"es-ES\">. <\/span><\/span><\/p>\n<p class=\"docx_mdparagraph\"><span style=\"font-family: arial, helvetica, sans-serif;\"><em><span lang=\"es-ES\">Prietena<\/span><span lang=\"es-ES\"> ______ <\/span><span lang=\"es-ES\">(Iris) <\/span><span lang=\"es-ES\">este <\/span><span lang=\"es-ES\">profesoar\u0103<\/span><\/em><span lang=\"es-ES\"> (<\/span><span lang=\"es-ES\">La amiga de <\/span><span lang=\"es-ES\">Iris<\/span><span lang=\"es-ES\"> es profesora<\/span><span lang=\"es-ES\">)<\/span><span lang=\"es-ES\">.<\/span><\/span><\/p>\n<p class=\"docx_mdparagraph\"><span style=\"font-family: arial, helvetica, sans-serif;\"><em><span lang=\"es-ES\">Fratele<\/span><span lang=\"es-ES\"> ______ <\/span><span lang=\"es-ES\">(<\/span><span lang=\"es-ES\">Mircea<\/span><span lang=\"es-ES\">) <\/span><span lang=\"es-ES\">este <\/span><span lang=\"es-ES\">medic<\/span><\/em><span lang=\"es-ES\"> (<\/span><span lang=\"es-ES\">El hermano de <\/span><span lang=\"es-ES\">Mircea<\/span><span lang=\"es-ES\"> es m\u00e9dico<\/span><span lang=\"es-ES\">)<\/span><span lang=\"es-ES\">.<\/span><\/span><\/p>\n<p class=\"docx_mdparagraph\"><span style=\"font-family: arial, helvetica, sans-serif;\"><em><span lang=\"es-ES\">Geanta<\/span><span lang=\"es-ES\"> ______ <\/span><span lang=\"es-ES\">(Ana) <\/span><span lang=\"es-ES\">este <\/span><span lang=\"es-ES\">albastr\u0103<\/span><\/em><span lang=\"es-ES\"> (<\/span><span lang=\"es-ES\">La mochila de <\/span><span lang=\"es-ES\">Ana<\/span><span lang=\"es-ES\"> es azul<\/span><span lang=\"es-ES\">)<\/span><span lang=\"es-ES\">. <\/span><\/span><\/p>\n<p class=\"docx_mdparagraph\"><span style=\"font-family: arial, helvetica, sans-serif;\"><strong><span lang=\"es-ES\">Soluci\u00f3n:<\/span><\/strong> <span lang=\"es-ES\">Mariei<\/span><span lang=\"es-ES\">, <\/span><span lang=\"es-ES\">lui Paul<\/span><span lang=\"es-ES\">, <\/span><span lang=\"es-ES\">lui Carmen<\/span><span lang=\"es-ES\">, <\/span><span lang=\"es-ES\">Elenei<\/span><span lang=\"es-ES\">, <\/span><span lang=\"es-ES\">lui Luca<\/span><span lang=\"es-ES\">, <\/span><span lang=\"es-ES\">Anc\u0103i<\/span><span lang=\"es-ES\">, <\/span><span lang=\"es-ES\">Olg\u0103i<\/span><span lang=\"es-ES\">, <\/span><span lang=\"es-ES\">lui Iris<\/span><span lang=\"es-ES\">, <\/span><span lang=\"es-ES\">lui <\/span><span lang=\"es-ES\">Mircea<\/span><span lang=\"es-ES\">, <\/span><span lang=\"es-ES\">Anei<\/span><span lang=\"es-ES\">.<\/span><\/span><\/p>\n<p class=\"docx_mdparagraph\"><strong><span lang=\"es-ES\" style=\"font-family: arial, helvetica, sans-serif;\">XXXX<\/span><\/strong><\/p>\n<p><span style=\"font-family: arial, helvetica, sans-serif;\"><span lang=\"es-ES\">Continuamos con dos a<\/span><span lang=\"es-ES\">ctividad<\/span><span lang=\"es-ES\">es m\u00e1s. En el ejercicio tres tenemos que <\/span><span lang=\"es-ES\">identificar qu\u00e9 tipo de nombre tenemos y aplicar correctamente la regla del genitivo.<\/span><\/span><\/p>\n<p><span style=\"font-family: arial, helvetica, sans-serif;\"><span lang=\"es-ES\">Instrucciones: Clasifica los <\/span><span lang=\"es-ES\">siguientes <\/span><span lang=\"es-ES\">nombres <\/span><span lang=\"es-ES\">propios <\/span><span lang=\"es-ES\">en tres grupos y despu\u00e9s escribe su forma de genitivo.<\/span><\/span><\/p>\n<p><span style=\"font-family: arial, helvetica, sans-serif;\"><span lang=\"es-ES\">Grupos: Masculino \u2013 Femenino terminado en -a \u2013 <\/span><span lang=\"es-ES\">Femenino no terminado en -a<\/span><\/span><\/p>\n<p><span style=\"font-family: arial, helvetica, sans-serif;\"><span lang=\"es-ES\">Nombres: <\/span><span lang=\"es-ES\">Paul<\/span><span lang=\"es-ES\">, <\/span><span lang=\"es-ES\">Maria<\/span><span lang=\"es-ES\">, <\/span><span lang=\"es-ES\">Carmen<\/span><span lang=\"es-ES\">, <\/span><span lang=\"es-ES\">Luca<\/span><span lang=\"es-ES\">, <\/span><span lang=\"es-ES\">Elena<\/span><span lang=\"es-ES\">, <\/span><span lang=\"es-ES\">Iris, <\/span><span lang=\"es-ES\">Mircea<\/span><span lang=\"es-ES\">, <\/span><span lang=\"es-ES\">Anca<\/span><span lang=\"es-ES\">, <\/span><span lang=\"es-ES\">Olga<\/span><span lang=\"es-ES\">, Roxana, Tudor<\/span><span lang=\"es-ES\"><span class=\"docx-tab-stop\">\u00a0<\/span><\/span><span lang=\"es-ES\"><span class=\"docx-tab-stop\">\u00a0<\/span><\/span><span lang=\"es-ES\"><span class=\"docx-tab-stop\">\u00a0<\/span><\/span><\/span><\/p>\n<p><span style=\"font-family: arial, helvetica, sans-serif;\"><span lang=\"es-ES\">Despu\u00e9s, completa<\/span><span lang=\"es-ES\"> los genitivos de cada uno de los nombres<\/span><span lang=\"es-ES\">:<\/span><\/span><\/p>\n<p><span lang=\"es-ES\" style=\"font-family: arial, helvetica, sans-serif;\">Paul \u2192 __________<\/span><\/p>\n<p><span style=\"font-family: arial, helvetica, sans-serif;\"><span lang=\"es-ES\">Maria<\/span><span lang=\"es-ES\"> \u2192 __________<\/span><\/span><\/p>\n<p><span lang=\"es-ES\" style=\"font-family: arial, helvetica, sans-serif;\">Carmen \u2192 __________<\/span><\/p>\n<p><span lang=\"es-ES\" style=\"font-family: arial, helvetica, sans-serif;\">Luca \u2192 __________<\/span><\/p>\n<p><span lang=\"es-ES\" style=\"font-family: arial, helvetica, sans-serif;\">Elena \u2192 __________<\/span><\/p>\n<p><span lang=\"es-ES\" style=\"font-family: arial, helvetica, sans-serif;\">Iris \u2192 __________<\/span><\/p>\n<p><span style=\"font-family: arial, helvetica, sans-serif;\"><span lang=\"es-ES\">Mircea<\/span><span lang=\"es-ES\"> \u2192 __________<\/span><\/span><\/p>\n<p><span lang=\"es-ES\" style=\"font-family: arial, helvetica, sans-serif;\">Anca \u2192 __________<\/span><\/p>\n<p><span lang=\"es-ES\" style=\"font-family: arial, helvetica, sans-serif;\">Olga \u2192 __________<\/span><\/p>\n<p><span style=\"font-family: arial, helvetica, sans-serif;\"><span lang=\"es-ES\">Roxan<\/span><span lang=\"es-ES\">a \u2192 __________<\/span><\/span><\/p>\n<p><span style=\"font-family: arial, helvetica, sans-serif;\"><span lang=\"es-ES\">Tudor<\/span><span lang=\"es-ES\"> \u2192 __________<\/span><\/span><\/p>\n<p><span style=\"font-family: arial, helvetica, sans-serif;\"><span lang=\"es-ES\">Alice<\/span><span lang=\"es-ES\"> \u2192 __________<\/span><\/span><\/p>\n<p><strong><span lang=\"es-ES\" style=\"font-family: arial, helvetica, sans-serif;\">Soluci\u00f3n:<\/span><\/strong><\/p>\n<p><span style=\"font-family: arial, helvetica, sans-serif;\"><span lang=\"es-ES\">Masculinos: Paul, Luca, <\/span><span lang=\"es-ES\">Mircea<\/span><span lang=\"es-ES\">, Tudor<\/span><span lang=\"es-ES\"> \u2192 lui Paul, lui Luca, lui <\/span><span lang=\"es-ES\">Mircea<\/span><span lang=\"es-ES\">, lui Tudor<\/span><\/span><\/p>\n<p><span style=\"font-family: arial, helvetica, sans-serif;\"><span lang=\"es-ES\">Femeninos terminados en -a: <\/span><span lang=\"es-ES\">Maria<\/span><span lang=\"es-ES\">, Elena, Anca, Olga<\/span><span lang=\"es-ES\">, Roxana<\/span><span lang=\"es-ES\"> \u2192 <\/span><span lang=\"es-ES\">Mariei<\/span><span lang=\"es-ES\">, <\/span><span lang=\"es-ES\">Elenei<\/span><span lang=\"es-ES\">, <\/span><span lang=\"es-ES\">Anc\u0103i<\/span><span lang=\"es-ES\">, <\/span><span lang=\"es-ES\">Olg\u0103i<\/span><span lang=\"es-ES\">, <\/span><span lang=\"es-ES\">Roxanei<\/span><span lang=\"es-ES\">.<\/span><\/span><\/p>\n<p><span style=\"font-family: arial, helvetica, sans-serif;\"><span lang=\"es-ES\">Femeninos no terminados en -a: Carmen, Iris<\/span><span lang=\"es-ES\">, Alice<\/span><span lang=\"es-ES\"> \u2192 lui Carmen, lui Iris<\/span><span lang=\"es-ES\">, lui Alice. <\/span><\/span><\/p>\n<p><strong><span lang=\"es-ES\" style=\"font-family: arial, helvetica, sans-serif;\">XXXX<\/span><\/strong><\/p>\n<p><span style=\"font-family: arial, helvetica, sans-serif;\"><span lang=\"es-ES\">Y finalizamos con una actividad para u<\/span><span lang=\"es-ES\">tilizar el genitivo en contexto y comprender su significado de posesi\u00f3n o relaci\u00f3n.<\/span><\/span><\/p>\n<p><span lang=\"es-ES\" style=\"font-family: arial, helvetica, sans-serif;\">Instrucciones: Lee cada oraci\u00f3n y responde a las preguntas.<\/span><\/p>\n<p>&nbsp;<\/p>\n<p><span style=\"font-family: arial, helvetica, sans-serif;\"><em><span lang=\"es-ES\">Cartea <\/span><span lang=\"es-ES\">Mariei<\/span><span lang=\"es-ES\"> este pe <\/span><span lang=\"es-ES\">mas\u0103<\/span><\/em> <span lang=\"es-ES\">(El libro de Mar\u00eda est\u00e1 sobre la mesa).<\/span><\/span><\/p>\n<p><span lang=\"es-ES\" style=\"font-family: arial, helvetica, sans-serif;\">\u00bfDe qui\u00e9n es el libro?<\/span><\/p>\n<p><span lang=\"es-ES\" style=\"font-family: arial, helvetica, sans-serif;\">\u00bfQu\u00e9 palabra est\u00e1 en genitivo?<\/span><\/p>\n<p>&nbsp;<\/p>\n<p><span style=\"font-family: arial, helvetica, sans-serif;\"><em><span lang=\"es-ES\">Fratele<\/span><span lang=\"es-ES\"> lui Paul este <\/span><span lang=\"es-ES\">student<\/span> <\/em><span lang=\"es-ES\">(El hermano de Paul es estudiante). <\/span><\/span><\/p>\n<p><span lang=\"es-ES\" style=\"font-family: arial, helvetica, sans-serif;\">\u00bfDe qui\u00e9n es el hermano?<\/span><\/p>\n<p><span style=\"font-family: arial, helvetica, sans-serif;\"><span lang=\"es-ES\">\u00bfPor qu\u00e9 utilizamos <\/span><span lang=\"es-ES\">lui<\/span><span lang=\"es-ES\">?<\/span><\/span><\/p>\n<p>&nbsp;<\/p>\n<p><span style=\"font-family: arial, helvetica, sans-serif;\"><em><span lang=\"es-ES\">Ma\u0219ina<\/span><span lang=\"es-ES\"> lui Carmen este <\/span><span lang=\"es-ES\">nou\u0103<\/span><\/em> <span lang=\"es-ES\">(El coche de <\/span><span lang=\"es-ES\">Maria<\/span><span lang=\"es-ES\"> es nuevo). <\/span><\/span><\/p>\n<p><span lang=\"es-ES\" style=\"font-family: arial, helvetica, sans-serif;\">\u00bfDe qui\u00e9n es el coche?<\/span><\/p>\n<p><span style=\"font-family: arial, helvetica, sans-serif;\"><span lang=\"es-ES\">\u00bfPor qu\u00e9 no decimos <\/span><em><span lang=\"es-ES\">Carmenei<\/span><\/em><span lang=\"es-ES\">?<\/span><\/span><\/p>\n<p>&nbsp;<\/p>\n<p><span style=\"font-family: arial, helvetica, sans-serif;\"><em><span lang=\"es-ES\">Cartea <\/span><span lang=\"es-ES\">Anc\u0103i<\/span><span lang=\"es-ES\"> este <\/span><span lang=\"es-ES\">interesant\u0103<\/span><\/em> <span lang=\"es-ES\">(El libro de Anca es interesante). <\/span><\/span><\/p>\n<p><span lang=\"es-ES\" style=\"font-family: arial, helvetica, sans-serif;\">\u00bfDe qui\u00e9n es el libro?<\/span><\/p>\n<p><span style=\"font-family: arial, helvetica, sans-serif;\"><span lang=\"es-ES\">\u00bfQu\u00e9 cambio observamos en <\/span><span lang=\"es-ES\">la palabra <\/span><span lang=\"es-ES\">Anca?<\/span><\/span><\/p>\n<p>&nbsp;<\/p>\n<p><span style=\"font-family: arial, helvetica, sans-serif;\"><em><span lang=\"es-ES\">Sora <\/span><span lang=\"es-ES\">Elenei<\/span><span lang=\"es-ES\"> este <\/span><span lang=\"es-ES\">profesoar\u0103<\/span><\/em> <span lang=\"es-ES\">(La hermana de Elena es profesora). <\/span><\/span><\/p>\n<p><span lang=\"es-ES\" style=\"font-family: arial, helvetica, sans-serif;\">\u00bfDe qui\u00e9n es la hermana?<\/span><\/p>\n<p><span style=\"font-family: arial, helvetica, sans-serif;\"><span lang=\"es-ES\">\u00bfQu\u00e9 cambio experimenta <\/span><span lang=\"es-ES\">el nombre <\/span><span lang=\"es-ES\">Elena?<\/span><\/span><\/p>\n<p>&nbsp;<\/p>\n<p><strong><span lang=\"es-ES\" style=\"font-family: arial, helvetica, sans-serif;\">Soluci\u00f3n:<\/span><\/strong><\/p>\n<p><span style=\"font-family: arial, helvetica, sans-serif;\"><span lang=\"es-ES\">El libro es de Mar\u00eda. \u2192 <\/span><span lang=\"es-ES\">Mariei<\/span><span lang=\"es-ES\"> est\u00e1 en genitivo.<\/span><\/span><\/p>\n<p><span style=\"font-family: arial, helvetica, sans-serif;\"><span lang=\"es-ES\">Es el hermano de Paul. \u2192 <\/span><span lang=\"es-ES\">lui<\/span><span lang=\"es-ES\"> se utiliza porque Paul es un nombre masculino.<\/span><\/span><\/p>\n<p><span style=\"font-family: arial, helvetica, sans-serif;\"><span lang=\"es-ES\">El coche es de Carmen. \u2192 <\/span><span lang=\"es-ES\">lui Carmen<\/span><span lang=\"es-ES\">, porque Carmen es un nombre femenino que no termina en -a.<\/span><\/span><\/p>\n<p><span style=\"font-family: arial, helvetica, sans-serif;\"><span lang=\"es-ES\">El libro es de Anca. \u2192 <\/span><span lang=\"es-ES\">Anc\u0103i<\/span><span lang=\"es-ES\">; se produce tambi\u00e9n un cambio ortogr\u00e1fico.<\/span><\/span><\/p>\n<p><span style=\"font-family: arial, helvetica, sans-serif;\"><span lang=\"es-ES\">Es la hermana de Elena. \u2192 <\/span><span lang=\"es-ES\">Elenei<\/span><span lang=\"es-ES\">; la terminaci\u00f3n <\/span><span lang=\"es-ES\">-a<\/span><span lang=\"es-ES\"> cambia a <\/span><span lang=\"es-ES\">&#8211;<\/span><span lang=\"es-ES\">ei<\/span><span lang=\"es-ES\">.<\/span><\/span><\/p>\n<p>&nbsp;<\/p>\n<p><span style=\"font-family: arial, helvetica, sans-serif;\"><span lang=\"es-ES\">Aqu\u00ed concluye esta clase, t<\/span><\/span><span style=\"font-family: arial, helvetica, sans-serif;\"><span lang=\"es-ES\">e espero la semana pr\u00f3xima con una nueva lecci\u00f3n de rumano.<\/span><\/span><\/p>\n<p class=\"docx_mdparagraph\"><span style=\"font-family: arial, helvetica, sans-serif;\"><em><span lang=\"es-ES\">La <\/span><span lang=\"es-ES\">revedere<\/span><span lang=\"es-ES\">!<\/span><\/em><span lang=\"es-ES\"> \u00a1Hasta la vista!<\/span><\/span><\/p>\n","protected":false},"excerpt":{"rendered":"<p>Bun\u0103 sear\u0103! Buenas noches. Bienvenidos a una nueva clase radiof\u00f3nica de rumano. En esta sesi\u00f3n vamos a realizar algunos ejercicios pr\u00e1cticos sobre los casos en rumano, centr\u00e1ndonos especialmente en el genitivo de personas. Dec\u00edamos en la clase anterior que en rumano existen cinco casos gramaticales: nominativo, acusativo, genitivo, dativo y vocativo. Los casos sirven para [&hellip;]<\/p>\n","protected":false},"author":99,"featured_media":923888,"comment_status":"closed","ping_status":"closed","sticky":false,"template":"","format":"audio","meta":{"_acf_changed":false,"footnotes":""},"categories":[49396],"tags":[175790,147071,195847,156695,195842,175786,175788,49399,195845,175787,195849,156694,195844,175794,175793,143574,175784,142333,195850,195848,195843,175792,175789,136619,175791,175785,116831,195846],"coauthors":[114929],"class_list":["post-1056603","post","type-post","status-publish","format-audio","has-post-thumbnail","hentry","category-rumano-de-supervivencia","tag-academia-de-idiomas","tag-actividades","tag-acusativo","tag-aprender-rumano","tag-casos-gramaticales","tag-clases-de-rumano","tag-curso-de-idioma","tag-curso-de-rumano","tag-dativo","tag-ejercicios-de-rumano","tag-flexion","tag-fonetica","tag-genitivo","tag-gramatica-es","tag-hablar-bien","tag-idioma-rumano","tag-lectia-de-romana","tag-lengua-rumana","tag-lui-es","tag-nombres-de-personas","tag-nominativo","tag-ortografia","tag-principiantes","tag-radio-es","tag-rumano-basico","tag-rumano-para-todos","tag-vocabulario","tag-vocativo","post_format-post-format-audio"],"acf":[],"yoast_head":"<!-- This site is optimized with the Yoast SEO plugin v28.2 - https:\/\/yoast.com\/product\/yoast-seo-wordpress\/ -->\n<title>C50 Clase de rumano - Radio Ruman\u00eda Internacional<\/title>\n<meta name=\"robots\" content=\"index, follow, max-snippet:-1, max-image-preview:large, max-video-preview:-1\" \/>\n<link rel=\"canonical\" href=\"https:\/\/www.rri.ro\/es\/aprende-rumano\/rumano-de-supervivencia\/c50-clase-de-rumano-id1056603.html\" \/>\n<meta property=\"og:locale\" content=\"es_ES\" \/>\n<meta property=\"og:type\" content=\"article\" \/>\n<meta property=\"og:title\" content=\"C50 Clase de rumano - Radio Ruman\u00eda Internacional\" \/>\n<meta property=\"og:description\" content=\"Bun\u0103 sear\u0103! Buenas noches. Bienvenidos a una nueva clase radiof\u00f3nica de rumano. En esta sesi\u00f3n vamos a realizar algunos ejercicios pr\u00e1cticos sobre los casos en rumano, centr\u00e1ndonos especialmente en el genitivo de personas. Dec\u00edamos en la clase anterior que en rumano existen cinco casos gramaticales: nominativo, acusativo, genitivo, dativo y vocativo. Los casos sirven para [&hellip;]\" \/>\n<meta property=\"og:url\" content=\"https:\/\/www.rri.ro\/es\/aprende-rumano\/rumano-de-supervivencia\/c50-clase-de-rumano-id1056603.html\" \/>\n<meta property=\"og:site_name\" content=\"Radio Ruman\u00eda Internacional\" \/>\n<meta property=\"article:published_time\" content=\"2026-09-05T13:08:07+00:00\" \/>\n<meta property=\"og:image\" content=\"https:\/\/www.rri.ro\/wp-content\/uploads\/2025\/09\/lectia-de-romana-foto-RRI.jpg\" \/>\n\t<meta property=\"og:image:width\" content=\"1200\" \/>\n\t<meta property=\"og:image:height\" content=\"675\" \/>\n\t<meta property=\"og:image:type\" content=\"image\/jpeg\" \/>\n<meta name=\"author\" content=\"Antonio Madrid\" \/>\n<meta name=\"twitter:card\" content=\"summary_large_image\" \/>\n<meta name=\"twitter:label1\" content=\"Escrito por\" \/>\n\t<meta name=\"twitter:data1\" content=\"Antonio Madrid\" \/>\n\t<meta name=\"twitter:label2\" content=\"Tiempo de lectura\" \/>\n\t<meta name=\"twitter:data2\" content=\"4 minutos\" \/>\n\t<meta name=\"twitter:label3\" content=\"Written by\" \/>\n\t<meta name=\"twitter:data3\" content=\"Antonio Madrid\" \/>\n<script type=\"application\/ld+json\" class=\"yoast-schema-graph\">{\"@context\":\"https:\\\/\\\/schema.org\",\"@graph\":[{\"@type\":\"Article\",\"@id\":\"https:\\\/\\\/www.rri.ro\\\/es\\\/aprende-rumano\\\/rumano-de-supervivencia\\\/c50-clase-de-rumano-id1056603.html#article\",\"isPartOf\":{\"@id\":\"https:\\\/\\\/www.rri.ro\\\/es\\\/aprende-rumano\\\/rumano-de-supervivencia\\\/c50-clase-de-rumano-id1056603.html\"},\"author\":{\"name\":\"Antonio Madrid\",\"@id\":\"https:\\\/\\\/www.rri.ro\\\/#\\\/schema\\\/person\\\/42648fab0d4c496576143af628fee3bb\"},\"headline\":\"C50 Clase de rumano\",\"datePublished\":\"2026-09-05T13:08:07+00:00\",\"mainEntityOfPage\":{\"@id\":\"https:\\\/\\\/www.rri.ro\\\/es\\\/aprende-rumano\\\/rumano-de-supervivencia\\\/c50-clase-de-rumano-id1056603.html\"},\"wordCount\":826,\"image\":{\"@id\":\"https:\\\/\\\/www.rri.ro\\\/es\\\/aprende-rumano\\\/rumano-de-supervivencia\\\/c50-clase-de-rumano-id1056603.html#primaryimage\"},\"thumbnailUrl\":\"https:\\\/\\\/www.rri.ro\\\/wp-content\\\/uploads\\\/2025\\\/09\\\/lectia-de-romana-foto-RRI.jpg\",\"keywords\":[\"academia de idiomas\",\"actividades\",\"acusativo\",\"Aprender rumano\",\"casos gramaticales\",\"clases de rumano\",\"curso de idioma\",\"curso de rumano\",\"dativo\",\"ejercicios de rumano\",\"flexi\u00f3n\",\"fon\u00e9tica\",\"genitivo\",\"gramatica\",\"hablar bien\",\"idioma rumano\",\"Lectia de romana\",\"lengua rumana\",\"lui\",\"nombres de personas\",\"nominativo\",\"ortograf\u00eda\",\"principiantes\",\"radio\",\"rumano b\u00e1sico\",\"rumano para todos\",\"vocabulario\",\"vocativo\"],\"articleSection\":[\"Rumano de supervivencia\"],\"inLanguage\":\"es\"},{\"@type\":\"WebPage\",\"@id\":\"https:\\\/\\\/www.rri.ro\\\/es\\\/aprende-rumano\\\/rumano-de-supervivencia\\\/c50-clase-de-rumano-id1056603.html\",\"url\":\"https:\\\/\\\/www.rri.ro\\\/es\\\/aprende-rumano\\\/rumano-de-supervivencia\\\/c50-clase-de-rumano-id1056603.html\",\"name\":\"C50 Clase de rumano - Radio Ruman\u00eda Internacional\",\"isPartOf\":{\"@id\":\"https:\\\/\\\/www.rri.ro\\\/#website\"},\"primaryImageOfPage\":{\"@id\":\"https:\\\/\\\/www.rri.ro\\\/es\\\/aprende-rumano\\\/rumano-de-supervivencia\\\/c50-clase-de-rumano-id1056603.html#primaryimage\"},\"image\":{\"@id\":\"https:\\\/\\\/www.rri.ro\\\/es\\\/aprende-rumano\\\/rumano-de-supervivencia\\\/c50-clase-de-rumano-id1056603.html#primaryimage\"},\"thumbnailUrl\":\"https:\\\/\\\/www.rri.ro\\\/wp-content\\\/uploads\\\/2025\\\/09\\\/lectia-de-romana-foto-RRI.jpg\",\"datePublished\":\"2026-09-05T13:08:07+00:00\",\"author\":{\"@id\":\"https:\\\/\\\/www.rri.ro\\\/#\\\/schema\\\/person\\\/42648fab0d4c496576143af628fee3bb\"},\"breadcrumb\":{\"@id\":\"https:\\\/\\\/www.rri.ro\\\/es\\\/aprende-rumano\\\/rumano-de-supervivencia\\\/c50-clase-de-rumano-id1056603.html#breadcrumb\"},\"inLanguage\":\"es\",\"potentialAction\":[{\"@type\":\"ReadAction\",\"target\":[\"https:\\\/\\\/www.rri.ro\\\/es\\\/aprende-rumano\\\/rumano-de-supervivencia\\\/c50-clase-de-rumano-id1056603.html\"]}]},{\"@type\":\"ImageObject\",\"inLanguage\":\"es\",\"@id\":\"https:\\\/\\\/www.rri.ro\\\/es\\\/aprende-rumano\\\/rumano-de-supervivencia\\\/c50-clase-de-rumano-id1056603.html#primaryimage\",\"url\":\"https:\\\/\\\/www.rri.ro\\\/wp-content\\\/uploads\\\/2025\\\/09\\\/lectia-de-romana-foto-RRI.jpg\",\"contentUrl\":\"https:\\\/\\\/www.rri.ro\\\/wp-content\\\/uploads\\\/2025\\\/09\\\/lectia-de-romana-foto-RRI.jpg\",\"width\":1200,\"height\":675},{\"@type\":\"BreadcrumbList\",\"@id\":\"https:\\\/\\\/www.rri.ro\\\/es\\\/aprende-rumano\\\/rumano-de-supervivencia\\\/c50-clase-de-rumano-id1056603.html#breadcrumb\",\"itemListElement\":[{\"@type\":\"ListItem\",\"position\":1,\"name\":\"P\u00e1gina de inicio\",\"item\":\"https:\\\/\\\/www.rri.ro\\\/es\"},{\"@type\":\"ListItem\",\"position\":2,\"name\":\"Aprende rumano\",\"item\":\"https:\\\/\\\/www.rri.ro\\\/es\\\/aprende-rumano\"},{\"@type\":\"ListItem\",\"position\":3,\"name\":\"Rumano de supervivencia\",\"item\":\"https:\\\/\\\/www.rri.ro\\\/es\\\/aprende-rumano\\\/rumano-de-supervivencia\"},{\"@type\":\"ListItem\",\"position\":4,\"name\":\"C50 Clase de rumano\"}]},{\"@type\":\"WebSite\",\"@id\":\"https:\\\/\\\/www.rri.ro\\\/#website\",\"url\":\"https:\\\/\\\/www.rri.ro\\\/\",\"name\":\"Radio Ruman\u00eda Internacional\",\"description\":\"Totul despre Rom\u00e2nia \u015fi rom\u00e2ni, \u00een 13 limbi\\\/dialecte!\",\"inLanguage\":\"es\"},{\"@type\":\"Person\",\"@id\":\"https:\\\/\\\/www.rri.ro\\\/#\\\/schema\\\/person\\\/42648fab0d4c496576143af628fee3bb\",\"name\":\"Antonio Madrid\",\"sameAs\":[\"www.linkedin.com\\\/in\\\/antoniojmadridi\"],\"url\":\"https:\\\/\\\/www.rri.ro\\\/es\\\/author\\\/antonio-madrid\"}]}<\/script>\n<!-- \/ Yoast SEO plugin. -->","yoast_head_json":{"title":"C50 Clase de rumano - Radio Ruman\u00eda Internacional","robots":{"index":"index","follow":"follow","max-snippet":"max-snippet:-1","max-image-preview":"max-image-preview:large","max-video-preview":"max-video-preview:-1"},"canonical":"https:\/\/www.rri.ro\/es\/aprende-rumano\/rumano-de-supervivencia\/c50-clase-de-rumano-id1056603.html","og_locale":"es_ES","og_type":"article","og_title":"C50 Clase de rumano - Radio Ruman\u00eda Internacional","og_description":"Bun\u0103 sear\u0103! Buenas noches. Bienvenidos a una nueva clase radiof\u00f3nica de rumano. En esta sesi\u00f3n vamos a realizar algunos ejercicios pr\u00e1cticos sobre los casos en rumano, centr\u00e1ndonos especialmente en el genitivo de personas. Dec\u00edamos en la clase anterior que en rumano existen cinco casos gramaticales: nominativo, acusativo, genitivo, dativo y vocativo. Los casos sirven para [&hellip;]","og_url":"https:\/\/www.rri.ro\/es\/aprende-rumano\/rumano-de-supervivencia\/c50-clase-de-rumano-id1056603.html","og_site_name":"Radio Ruman\u00eda Internacional","article_published_time":"2026-09-05T13:08:07+00:00","og_image":[{"width":1200,"height":675,"url":"https:\/\/www.rri.ro\/wp-content\/uploads\/2025\/09\/lectia-de-romana-foto-RRI.jpg","type":"image\/jpeg"}],"author":"Antonio Madrid","twitter_card":"summary_large_image","twitter_misc":{"Escrito por":"Antonio Madrid","Tiempo de lectura":"4 minutos","Written by":"Antonio Madrid"},"schema":{"@context":"https:\/\/schema.org","@graph":[{"@type":"Article","@id":"https:\/\/www.rri.ro\/es\/aprende-rumano\/rumano-de-supervivencia\/c50-clase-de-rumano-id1056603.html#article","isPartOf":{"@id":"https:\/\/www.rri.ro\/es\/aprende-rumano\/rumano-de-supervivencia\/c50-clase-de-rumano-id1056603.html"},"author":{"name":"Antonio Madrid","@id":"https:\/\/www.rri.ro\/#\/schema\/person\/42648fab0d4c496576143af628fee3bb"},"headline":"C50 Clase de rumano","datePublished":"2026-09-05T13:08:07+00:00","mainEntityOfPage":{"@id":"https:\/\/www.rri.ro\/es\/aprende-rumano\/rumano-de-supervivencia\/c50-clase-de-rumano-id1056603.html"},"wordCount":826,"image":{"@id":"https:\/\/www.rri.ro\/es\/aprende-rumano\/rumano-de-supervivencia\/c50-clase-de-rumano-id1056603.html#primaryimage"},"thumbnailUrl":"https:\/\/www.rri.ro\/wp-content\/uploads\/2025\/09\/lectia-de-romana-foto-RRI.jpg","keywords":["academia de idiomas","actividades","acusativo","Aprender rumano","casos gramaticales","clases de rumano","curso de idioma","curso de rumano","dativo","ejercicios de rumano","flexi\u00f3n","fon\u00e9tica","genitivo","gramatica","hablar bien","idioma rumano","Lectia de romana","lengua rumana","lui","nombres de personas","nominativo","ortograf\u00eda","principiantes","radio","rumano b\u00e1sico","rumano para todos","vocabulario","vocativo"],"articleSection":["Rumano de supervivencia"],"inLanguage":"es"},{"@type":"WebPage","@id":"https:\/\/www.rri.ro\/es\/aprende-rumano\/rumano-de-supervivencia\/c50-clase-de-rumano-id1056603.html","url":"https:\/\/www.rri.ro\/es\/aprende-rumano\/rumano-de-supervivencia\/c50-clase-de-rumano-id1056603.html","name":"C50 Clase de rumano - Radio Ruman\u00eda Internacional","isPartOf":{"@id":"https:\/\/www.rri.ro\/#website"},"primaryImageOfPage":{"@id":"https:\/\/www.rri.ro\/es\/aprende-rumano\/rumano-de-supervivencia\/c50-clase-de-rumano-id1056603.html#primaryimage"},"image":{"@id":"https:\/\/www.rri.ro\/es\/aprende-rumano\/rumano-de-supervivencia\/c50-clase-de-rumano-id1056603.html#primaryimage"},"thumbnailUrl":"https:\/\/www.rri.ro\/wp-content\/uploads\/2025\/09\/lectia-de-romana-foto-RRI.jpg","datePublished":"2026-09-05T13:08:07+00:00","author":{"@id":"https:\/\/www.rri.ro\/#\/schema\/person\/42648fab0d4c496576143af628fee3bb"},"breadcrumb":{"@id":"https:\/\/www.rri.ro\/es\/aprende-rumano\/rumano-de-supervivencia\/c50-clase-de-rumano-id1056603.html#breadcrumb"},"inLanguage":"es","potentialAction":[{"@type":"ReadAction","target":["https:\/\/www.rri.ro\/es\/aprende-rumano\/rumano-de-supervivencia\/c50-clase-de-rumano-id1056603.html"]}]},{"@type":"ImageObject","inLanguage":"es","@id":"https:\/\/www.rri.ro\/es\/aprende-rumano\/rumano-de-supervivencia\/c50-clase-de-rumano-id1056603.html#primaryimage","url":"https:\/\/www.rri.ro\/wp-content\/uploads\/2025\/09\/lectia-de-romana-foto-RRI.jpg","contentUrl":"https:\/\/www.rri.ro\/wp-content\/uploads\/2025\/09\/lectia-de-romana-foto-RRI.jpg","width":1200,"height":675},{"@type":"BreadcrumbList","@id":"https:\/\/www.rri.ro\/es\/aprende-rumano\/rumano-de-supervivencia\/c50-clase-de-rumano-id1056603.html#breadcrumb","itemListElement":[{"@type":"ListItem","position":1,"name":"P\u00e1gina de inicio","item":"https:\/\/www.rri.ro\/es"},{"@type":"ListItem","position":2,"name":"Aprende rumano","item":"https:\/\/www.rri.ro\/es\/aprende-rumano"},{"@type":"ListItem","position":3,"name":"Rumano de supervivencia","item":"https:\/\/www.rri.ro\/es\/aprende-rumano\/rumano-de-supervivencia"},{"@type":"ListItem","position":4,"name":"C50 Clase de rumano"}]},{"@type":"WebSite","@id":"https:\/\/www.rri.ro\/#website","url":"https:\/\/www.rri.ro\/","name":"Radio Ruman\u00eda Internacional","description":"Totul despre Rom\u00e2nia \u015fi rom\u00e2ni, \u00een 13 limbi\/dialecte!","inLanguage":"es"},{"@type":"Person","@id":"https:\/\/www.rri.ro\/#\/schema\/person\/42648fab0d4c496576143af628fee3bb","name":"Antonio Madrid","sameAs":["www.linkedin.com\/in\/antoniojmadridi"],"url":"https:\/\/www.rri.ro\/es\/author\/antonio-madrid"}]}},"_links":{"self":[{"href":"https:\/\/www.rri.ro\/es\/wp-json\/wp\/v2\/posts\/1056603","targetHints":{"allow":["GET"]}}],"collection":[{"href":"https:\/\/www.rri.ro\/es\/wp-json\/wp\/v2\/posts"}],"about":[{"href":"https:\/\/www.rri.ro\/es\/wp-json\/wp\/v2\/types\/post"}],"author":[{"embeddable":true,"href":"https:\/\/www.rri.ro\/es\/wp-json\/wp\/v2\/users\/99"}],"replies":[{"embeddable":true,"href":"https:\/\/www.rri.ro\/es\/wp-json\/wp\/v2\/comments?post=1056603"}],"version-history":[{"count":2,"href":"https:\/\/www.rri.ro\/es\/wp-json\/wp\/v2\/posts\/1056603\/revisions"}],"predecessor-version":[{"id":1056608,"href":"https:\/\/www.rri.ro\/es\/wp-json\/wp\/v2\/posts\/1056603\/revisions\/1056608"}],"wp:featuredmedia":[{"embeddable":true,"href":"https:\/\/www.rri.ro\/es\/wp-json\/wp\/v2\/media\/923888"}],"wp:attachment":[{"href":"https:\/\/www.rri.ro\/es\/wp-json\/wp\/v2\/media?parent=1056603"}],"wp:term":[{"taxonomy":"category","embeddable":true,"href":"https:\/\/www.rri.ro\/es\/wp-json\/wp\/v2\/categories?post=1056603"},{"taxonomy":"post_tag","embeddable":true,"href":"https:\/\/www.rri.ro\/es\/wp-json\/wp\/v2\/tags?post=1056603"},{"taxonomy":"author","embeddable":true,"href":"https:\/\/www.rri.ro\/es\/wp-json\/wp\/v2\/coauthors?post=1056603"}],"curies":[{"name":"wp","href":"https:\/\/api.w.org\/{rel}","templated":true}]}}