{"id":1056624,"date":"2026-09-04T19:49:45","date_gmt":"2026-09-04T16:49:45","guid":{"rendered":"https:\/\/www.rri.ro\/?p=1056624"},"modified":"2026-09-04T19:49:45","modified_gmt":"2026-09-04T16:49:45","slug":"noticias-del-dia-3011","status":"publish","type":"post","link":"https:\/\/www.rri.ro\/es\/actualidad\/noticias\/noticias-del-dia-3011-id1056624.html","title":{"rendered":"Noticias del d\u00eda"},"content":{"rendered":"<p><span style=\"font-family: arial, helvetica, sans-serif;\"><strong>Titulares:<\/strong><\/span><\/p>\n<p style=\"padding-left: 40px;\"><span style=\"font-family: arial, helvetica, sans-serif;\">\u2013 El presidente de Ruman\u00eda, Nicu\u015for Dan, ha anunciado que, en los pr\u00f3ximos d\u00edas, designar\u00e1 a un candidato para el cargo de primer ministro<\/span><\/p>\n<p style=\"padding-left: 40px;\"><span style=\"font-family: arial, helvetica, sans-serif;\">\u2013 La Embajada de EE. UU. en Bucarest anunci\u00f3 el viernes la entrada en vigor oficial del Acuerdo bilateral en materia de seguridad social entre los Estados Unidos de Am\u00e9rica y Ruman\u00eda<\/span><\/p>\n<p style=\"padding-left: 40px;\"><span style=\"font-family: arial, helvetica, sans-serif;\">\u2013 La tenista rumana Sorana C\u00eerstea venci\u00f3 el viernes a la italiana Jasmine Paolini por 6-3 y 6-3 en la tercera ronda del Abierto de Estados Unidos, el \u00faltimo torneo de Grand Slam del a\u00f1o.<\/span><\/p>\n<p>&nbsp;<\/p>\n<p><span style=\"font-family: arial, helvetica, sans-serif;\"><strong>POL\u00cdTICA \u2013 <\/strong>El presidente de Ruman\u00eda, Nicu\u015for Dan, ha anunciado que, en los pr\u00f3ximos d\u00edas, designar\u00e1 a un candidato para el cargo de primer ministro. El jefe de Estado ha a\u00f1adido que, debido al receso parlamentario, habr\u00eda sido dif\u00edcil organizar una sesi\u00f3n legislativa para la votaci\u00f3n de investidura de un nuevo Gobierno.<\/span><\/p>\n<p><span style=\"font-family: arial, helvetica, sans-serif;\">Recordemos que Ruman\u00eda carece de un Gobierno estable desde principios de mayo, tras la aprobaci\u00f3n en el Parlamento de una moci\u00f3n de censura contra el Gobierno dirigido por el primer ministro liberal Ilie Bolojan, quien sigue desempe\u00f1ando el cargo de forma interina.<\/span><\/p>\n<p><span style=\"font-family: arial, helvetica, sans-serif;\"><strong>\u00a0<\/strong><\/span><\/p>\n<p><span style=\"font-family: arial, helvetica, sans-serif;\"><strong>ACUERDO BILATERAL \u2013 <\/strong>La Embajada de EE. UU. en Bucarest anunci\u00f3 el viernes la entrada en vigor oficial del Acuerdo bilateral en materia de seguridad social entre los Estados Unidos de Am\u00e9rica y Ruman\u00eda.<\/span><\/p>\n<p><span style=\"font-family: arial, helvetica, sans-serif;\">Firmado inicialmente en Bucarest el 23 de marzo de 2023, el acuerdo entra en vigor tras la finalizaci\u00f3n de todos los tr\u00e1mites de ratificaci\u00f3n, seg\u00fan se indica en un comunicado de la Embajada. De esta manera, se consolida la asociaci\u00f3n estrat\u00e9gica entre EE. UU. y Ruman\u00eda mediante la eliminaci\u00f3n de las barreras administrativas, la protecci\u00f3n de los derechos a las prestaciones sociales y la supresi\u00f3n de las cargas financieras para los trabajadores transfronterizos, los jubilados y las empresas multinacionales.<\/span><\/p>\n<p><span style=\"font-family: arial, helvetica, sans-serif;\">Asimismo, el acuerdo supone un avance significativo en las relaciones comerciales bilaterales, ya que ofrece seguridad econ\u00f3mica a largo plazo tanto a los ciudadanos como a las empresas rumanas y estadounidenses.<\/span><\/p>\n<p>&nbsp;<\/p>\n<p><span style=\"font-family: arial, helvetica, sans-serif;\"><strong>ITALIA \u2013 <\/strong>El presidente de Ruman\u00eda, Nicu\u015for Dan, felicit\u00f3 el viernes a Giorgia Meloni despu\u00e9s de que el Gobierno que ella dirige se convirtiera en el ejecutivo m\u00e1s duradero de la historia de Italia; el jefe de Estado destac\u00f3 que la estabilidad gubernamental garantiza la continuidad institucional.<\/span><\/p>\n<p><span style=\"font-family: arial, helvetica, sans-serif;\">En su mensaje publicado en una red social, Nicu\u015for Dan destac\u00f3 tambi\u00e9n las estrechas relaciones entre Ruman\u00eda e Italia, as\u00ed como la importancia de la comunidad rumana en este pa\u00eds.<\/span><\/p>\n<p><span style=\"font-family: arial, helvetica, sans-serif;\"><em>\u00abRuman\u00eda e Italia est\u00e1n unidas por una asociaci\u00f3n estrat\u00e9gica con bases s\u00f3lidas. M\u00e1s de un mill\u00f3n de rumanos viven y trabajan en Italia, lo que constituye la mayor di\u00e1spora de este pa\u00eds, y nuestras econom\u00edas mantienen estrechos v\u00ednculos. Italia es el segundo socio comercial m\u00e1s importante de Ruman\u00eda y la principal fuente de empresas con capital extranjero en nuestro pa\u00eds. Celebramos estos v\u00ednculos con el A\u00f1o Cultural Ruman\u00eda-Italia\u00bb<\/em>, declar\u00f3 el jefe de Estado.<\/span><\/p>\n<p>&nbsp;<\/p>\n<p><span style=\"font-family: arial, helvetica, sans-serif;\"><strong>DRONES \u2013<\/strong> Un fragmento de un dron a\u00e9reo cargado con explosivos, que flotaba a unas 5 millas marinas al este de la entrada al brazo de Sulina (distrito de Tulcea), fue neutralizado este viernes por un equipo de las Fuerzas Navales Rumanas.<\/span><\/p>\n<p><span style=\"font-family: arial, helvetica, sans-serif;\">Seg\u00fan un comunicado del Ministerio de Defensa rumano, el jueves tuvo lugar una intervenci\u00f3n similar, en la que se neutraliz\u00f3 un fragmento de dron a\u00e9reo que transportaba carga explosiva y flotaba en la zona de la Plataforma Central. Ambas situaciones fueron se\u00f1aladas por buques mercantes a trav\u00e9s del Centro Regional de Coordinaci\u00f3n Mar\u00edtima.<\/span><\/p>\n<p><span style=\"font-family: arial, helvetica, sans-serif;\">Por otra parte, el viernes, en una playa de Constanza (sureste de Ruman\u00eda), las olas arrastraron hasta la orilla un ala de dron, sin carga explosiva. El objeto fue retirado del lugar por la Guardia Costera.<\/span><\/p>\n<p><span style=\"font-family: arial, helvetica, sans-serif;\">Incidentes de este tipo se han producido en varias ocasiones en los \u00faltimos meses en el litoral rumano; en uno de los casos se trataba de un fragmento con carga explosiva.<\/span><\/p>\n<p>&nbsp;<\/p>\n<p><span style=\"font-family: arial, helvetica, sans-serif;\"><strong>DEPORTES \u2013 <\/strong>La tenista rumana Sorana C\u00eerstea venci\u00f3 el viernes a la italiana Jasmine Paolini por 6-3 y 6-3 en la tercera ronda del Abierto de Estados Unidos, el \u00faltimo torneo de Grand Slam del a\u00f1o.<\/span><\/p>\n<p><span style=\"font-family: arial, helvetica, sans-serif;\">En 2026, en los torneos de Grand Slam, C\u00eerstea lleg\u00f3 a la segunda ronda del Abierto de Australia, a cuartos de final en Roland Garros y a la tercera ronda en Wimbledon.<\/span><\/p>\n","protected":false},"excerpt":{"rendered":"<p>Titulares: \u2013 El presidente de Ruman\u00eda, Nicu\u015for Dan, ha anunciado que, en los pr\u00f3ximos d\u00edas, designar\u00e1 a un candidato para el cargo de primer ministro \u2013 La Embajada de EE. UU. en Bucarest anunci\u00f3 el viernes la entrada en vigor oficial del Acuerdo bilateral en materia de seguridad social entre los Estados Unidos de Am\u00e9rica [&hellip;]<\/p>\n","protected":false},"author":113,"featured_media":723423,"comment_status":"closed","ping_status":"closed","sticky":false,"template":"","format":"standard","meta":{"_acf_changed":false,"footnotes":""},"categories":[49382],"tags":[196073,151212,196071,112365,143980,148318,196069,134233,153042,136926,151244,150610,196072,146555,158907,49055,111723,48949,196070,179278,162694,139551,139549,133796],"coauthors":[116091],"class_list":["post-1056624","post","type-post","status-publish","format-standard","has-post-thumbnail","hentry","category-noticias","tag-abierto-de-estados-unidos","tag-acuerdo-bilateral","tag-comunidad-rumana-en-italia","tag-constanza","tag-deportes","tag-drones-es","tag-embajada-de-ee-uu","tag-estados-unidos","tag-fuerzas-navales-rumanas","tag-giorgia-meloni-es","tag-gobierno-de-rumania","tag-grand-slam-es","tag-jasmine-paolini","tag-nicusor-dan-es","tag-politica-rumana","tag-primer-ministro","tag-relaciones-bilaterales","tag-rumania","tag-rumania-italia","tag-seguridad-en-el-mar-negro","tag-seguridad-social-es","tag-sorana-cirstea-es","tag-tenis-es","tag-tulcea-es"],"acf":[],"yoast_head":"<!-- This site is optimized with the Yoast SEO plugin v28.2 - https:\/\/yoast.com\/product\/yoast-seo-wordpress\/ -->\n<title>Noticias del d\u00eda - Radio Ruman\u00eda Internacional<\/title>\n<meta name=\"robots\" content=\"index, follow, max-snippet:-1, max-image-preview:large, max-video-preview:-1\" \/>\n<link rel=\"canonical\" href=\"https:\/\/www.rri.ro\/es\/actualidad\/noticias\/noticias-del-dia-3011-id1056624.html\" \/>\n<meta property=\"og:locale\" content=\"es_ES\" \/>\n<meta property=\"og:type\" content=\"article\" \/>\n<meta property=\"og:title\" content=\"Noticias del d\u00eda - Radio Ruman\u00eda Internacional\" \/>\n<meta property=\"og:description\" content=\"Titulares: \u2013 El presidente de Ruman\u00eda, Nicu\u015for Dan, ha anunciado que, en los pr\u00f3ximos d\u00edas, designar\u00e1 a un candidato para el cargo de primer ministro \u2013 La Embajada de EE. UU. en Bucarest anunci\u00f3 el viernes la entrada en vigor oficial del Acuerdo bilateral en materia de seguridad social entre los Estados Unidos de Am\u00e9rica [&hellip;]\" \/>\n<meta property=\"og:url\" content=\"https:\/\/www.rri.ro\/es\/actualidad\/noticias\/noticias-del-dia-3011-id1056624.html\" \/>\n<meta property=\"og:site_name\" content=\"Radio Ruman\u00eda Internacional\" \/>\n<meta property=\"article:published_time\" content=\"2026-09-04T16:49:45+00:00\" \/>\n<meta property=\"og:image\" content=\"https:\/\/www.rri.ro\/wp-content\/uploads\/2024\/03\/RRI-960x540-Noticias-2-NOU.jpg\" \/>\n\t<meta property=\"og:image:width\" content=\"960\" \/>\n\t<meta property=\"og:image:height\" content=\"540\" \/>\n\t<meta property=\"og:image:type\" content=\"image\/jpeg\" \/>\n<meta name=\"author\" content=\"Newsroom\" \/>\n<meta name=\"twitter:card\" content=\"summary_large_image\" \/>\n<meta name=\"twitter:label1\" content=\"Escrito por\" \/>\n\t<meta name=\"twitter:data1\" content=\"Newsroom\" \/>\n\t<meta name=\"twitter:label2\" content=\"Tiempo de lectura\" \/>\n\t<meta name=\"twitter:data2\" content=\"4 minutos\" \/>\n\t<meta name=\"twitter:label3\" content=\"Written by\" \/>\n\t<meta name=\"twitter:data3\" content=\"Newsroom\" \/>\n<script type=\"application\/ld+json\" class=\"yoast-schema-graph\">{\"@context\":\"https:\\\/\\\/schema.org\",\"@graph\":[{\"@type\":\"Article\",\"@id\":\"https:\\\/\\\/www.rri.ro\\\/es\\\/actualidad\\\/noticias\\\/noticias-del-dia-3011-id1056624.html#article\",\"isPartOf\":{\"@id\":\"https:\\\/\\\/www.rri.ro\\\/es\\\/actualidad\\\/noticias\\\/noticias-del-dia-3011-id1056624.html\"},\"author\":{\"name\":\"Newsroom\",\"@id\":\"https:\\\/\\\/www.rri.ro\\\/#\\\/schema\\\/person\\\/4a479940371b9fdefd194f561e8a7f88\"},\"headline\":\"Noticias del d\u00eda\",\"datePublished\":\"2026-09-04T16:49:45+00:00\",\"mainEntityOfPage\":{\"@id\":\"https:\\\/\\\/www.rri.ro\\\/es\\\/actualidad\\\/noticias\\\/noticias-del-dia-3011-id1056624.html\"},\"wordCount\":778,\"image\":{\"@id\":\"https:\\\/\\\/www.rri.ro\\\/es\\\/actualidad\\\/noticias\\\/noticias-del-dia-3011-id1056624.html#primaryimage\"},\"thumbnailUrl\":\"https:\\\/\\\/www.rri.ro\\\/wp-content\\\/uploads\\\/2024\\\/03\\\/RRI-960x540-Noticias-2-NOU.jpg\",\"keywords\":[\"Abierto de Estados Unidos\",\"acuerdo bilateral\",\"comunidad rumana en Italia\",\"constanza\",\"deportes\",\"drones\",\"Embajada de EE. UU.\",\"Estados Unidos\",\"Fuerzas Navales Rumanas\",\"Giorgia Meloni\",\"Gobierno de Ruman\u00eda\",\"Grand Slam\",\"Jasmine Paolini\",\"Nicusor Dan\",\"pol\u00edtica rumana\",\"primer ministro\",\"relaciones bilaterales\",\"Rumania\",\"Ruman\u00eda-Italia\",\"seguridad en el mar Negro\",\"Seguridad Social\",\"Sorana Cirstea\",\"tenis\",\"Tulcea\"],\"articleSection\":[\"Noticias\"],\"inLanguage\":\"es\"},{\"@type\":\"WebPage\",\"@id\":\"https:\\\/\\\/www.rri.ro\\\/es\\\/actualidad\\\/noticias\\\/noticias-del-dia-3011-id1056624.html\",\"url\":\"https:\\\/\\\/www.rri.ro\\\/es\\\/actualidad\\\/noticias\\\/noticias-del-dia-3011-id1056624.html\",\"name\":\"Noticias del d\u00eda - Radio Ruman\u00eda Internacional\",\"isPartOf\":{\"@id\":\"https:\\\/\\\/www.rri.ro\\\/#website\"},\"primaryImageOfPage\":{\"@id\":\"https:\\\/\\\/www.rri.ro\\\/es\\\/actualidad\\\/noticias\\\/noticias-del-dia-3011-id1056624.html#primaryimage\"},\"image\":{\"@id\":\"https:\\\/\\\/www.rri.ro\\\/es\\\/actualidad\\\/noticias\\\/noticias-del-dia-3011-id1056624.html#primaryimage\"},\"thumbnailUrl\":\"https:\\\/\\\/www.rri.ro\\\/wp-content\\\/uploads\\\/2024\\\/03\\\/RRI-960x540-Noticias-2-NOU.jpg\",\"datePublished\":\"2026-09-04T16:49:45+00:00\",\"author\":{\"@id\":\"https:\\\/\\\/www.rri.ro\\\/#\\\/schema\\\/person\\\/4a479940371b9fdefd194f561e8a7f88\"},\"breadcrumb\":{\"@id\":\"https:\\\/\\\/www.rri.ro\\\/es\\\/actualidad\\\/noticias\\\/noticias-del-dia-3011-id1056624.html#breadcrumb\"},\"inLanguage\":\"es\",\"potentialAction\":[{\"@type\":\"ReadAction\",\"target\":[\"https:\\\/\\\/www.rri.ro\\\/es\\\/actualidad\\\/noticias\\\/noticias-del-dia-3011-id1056624.html\"]}]},{\"@type\":\"ImageObject\",\"inLanguage\":\"es\",\"@id\":\"https:\\\/\\\/www.rri.ro\\\/es\\\/actualidad\\\/noticias\\\/noticias-del-dia-3011-id1056624.html#primaryimage\",\"url\":\"https:\\\/\\\/www.rri.ro\\\/wp-content\\\/uploads\\\/2024\\\/03\\\/RRI-960x540-Noticias-2-NOU.jpg\",\"contentUrl\":\"https:\\\/\\\/www.rri.ro\\\/wp-content\\\/uploads\\\/2024\\\/03\\\/RRI-960x540-Noticias-2-NOU.jpg\",\"width\":960,\"height\":540,\"caption\":\"RRI 960x540 Noticias 2-NOU\"},{\"@type\":\"BreadcrumbList\",\"@id\":\"https:\\\/\\\/www.rri.ro\\\/es\\\/actualidad\\\/noticias\\\/noticias-del-dia-3011-id1056624.html#breadcrumb\",\"itemListElement\":[{\"@type\":\"ListItem\",\"position\":1,\"name\":\"P\u00e1gina de inicio\",\"item\":\"https:\\\/\\\/www.rri.ro\\\/es\"},{\"@type\":\"ListItem\",\"position\":2,\"name\":\"Actualidad\",\"item\":\"https:\\\/\\\/www.rri.ro\\\/es\\\/actualidad\"},{\"@type\":\"ListItem\",\"position\":3,\"name\":\"Noticias\",\"item\":\"https:\\\/\\\/www.rri.ro\\\/es\\\/actualidad\\\/noticias\"},{\"@type\":\"ListItem\",\"position\":4,\"name\":\"Noticias del d\u00eda\"}]},{\"@type\":\"WebSite\",\"@id\":\"https:\\\/\\\/www.rri.ro\\\/#website\",\"url\":\"https:\\\/\\\/www.rri.ro\\\/\",\"name\":\"Radio Ruman\u00eda Internacional\",\"description\":\"Totul despre Rom\u00e2nia \u015fi rom\u00e2ni, \u00een 13 limbi\\\/dialecte!\",\"inLanguage\":\"es\"},{\"@type\":\"Person\",\"@id\":\"https:\\\/\\\/www.rri.ro\\\/#\\\/schema\\\/person\\\/4a479940371b9fdefd194f561e8a7f88\",\"name\":\"Newsroom\",\"url\":\"https:\\\/\\\/www.rri.ro\\\/es\\\/author\\\/newsroom\"}]}<\/script>\n<!-- \/ Yoast SEO plugin. -->","yoast_head_json":{"title":"Noticias del d\u00eda - Radio Ruman\u00eda Internacional","robots":{"index":"index","follow":"follow","max-snippet":"max-snippet:-1","max-image-preview":"max-image-preview:large","max-video-preview":"max-video-preview:-1"},"canonical":"https:\/\/www.rri.ro\/es\/actualidad\/noticias\/noticias-del-dia-3011-id1056624.html","og_locale":"es_ES","og_type":"article","og_title":"Noticias del d\u00eda - Radio Ruman\u00eda Internacional","og_description":"Titulares: \u2013 El presidente de Ruman\u00eda, Nicu\u015for Dan, ha anunciado que, en los pr\u00f3ximos d\u00edas, designar\u00e1 a un candidato para el cargo de primer ministro \u2013 La Embajada de EE. UU. en Bucarest anunci\u00f3 el viernes la entrada en vigor oficial del Acuerdo bilateral en materia de seguridad social entre los Estados Unidos de Am\u00e9rica [&hellip;]","og_url":"https:\/\/www.rri.ro\/es\/actualidad\/noticias\/noticias-del-dia-3011-id1056624.html","og_site_name":"Radio Ruman\u00eda Internacional","article_published_time":"2026-09-04T16:49:45+00:00","og_image":[{"width":960,"height":540,"url":"https:\/\/www.rri.ro\/wp-content\/uploads\/2024\/03\/RRI-960x540-Noticias-2-NOU.jpg","type":"image\/jpeg"}],"author":"Newsroom","twitter_card":"summary_large_image","twitter_misc":{"Escrito por":"Newsroom","Tiempo de lectura":"4 minutos","Written by":"Newsroom"},"schema":{"@context":"https:\/\/schema.org","@graph":[{"@type":"Article","@id":"https:\/\/www.rri.ro\/es\/actualidad\/noticias\/noticias-del-dia-3011-id1056624.html#article","isPartOf":{"@id":"https:\/\/www.rri.ro\/es\/actualidad\/noticias\/noticias-del-dia-3011-id1056624.html"},"author":{"name":"Newsroom","@id":"https:\/\/www.rri.ro\/#\/schema\/person\/4a479940371b9fdefd194f561e8a7f88"},"headline":"Noticias del d\u00eda","datePublished":"2026-09-04T16:49:45+00:00","mainEntityOfPage":{"@id":"https:\/\/www.rri.ro\/es\/actualidad\/noticias\/noticias-del-dia-3011-id1056624.html"},"wordCount":778,"image":{"@id":"https:\/\/www.rri.ro\/es\/actualidad\/noticias\/noticias-del-dia-3011-id1056624.html#primaryimage"},"thumbnailUrl":"https:\/\/www.rri.ro\/wp-content\/uploads\/2024\/03\/RRI-960x540-Noticias-2-NOU.jpg","keywords":["Abierto de Estados Unidos","acuerdo bilateral","comunidad rumana en Italia","constanza","deportes","drones","Embajada de EE. UU.","Estados Unidos","Fuerzas Navales Rumanas","Giorgia Meloni","Gobierno de Ruman\u00eda","Grand Slam","Jasmine Paolini","Nicusor Dan","pol\u00edtica rumana","primer ministro","relaciones bilaterales","Rumania","Ruman\u00eda-Italia","seguridad en el mar Negro","Seguridad Social","Sorana Cirstea","tenis","Tulcea"],"articleSection":["Noticias"],"inLanguage":"es"},{"@type":"WebPage","@id":"https:\/\/www.rri.ro\/es\/actualidad\/noticias\/noticias-del-dia-3011-id1056624.html","url":"https:\/\/www.rri.ro\/es\/actualidad\/noticias\/noticias-del-dia-3011-id1056624.html","name":"Noticias del d\u00eda - Radio Ruman\u00eda Internacional","isPartOf":{"@id":"https:\/\/www.rri.ro\/#website"},"primaryImageOfPage":{"@id":"https:\/\/www.rri.ro\/es\/actualidad\/noticias\/noticias-del-dia-3011-id1056624.html#primaryimage"},"image":{"@id":"https:\/\/www.rri.ro\/es\/actualidad\/noticias\/noticias-del-dia-3011-id1056624.html#primaryimage"},"thumbnailUrl":"https:\/\/www.rri.ro\/wp-content\/uploads\/2024\/03\/RRI-960x540-Noticias-2-NOU.jpg","datePublished":"2026-09-04T16:49:45+00:00","author":{"@id":"https:\/\/www.rri.ro\/#\/schema\/person\/4a479940371b9fdefd194f561e8a7f88"},"breadcrumb":{"@id":"https:\/\/www.rri.ro\/es\/actualidad\/noticias\/noticias-del-dia-3011-id1056624.html#breadcrumb"},"inLanguage":"es","potentialAction":[{"@type":"ReadAction","target":["https:\/\/www.rri.ro\/es\/actualidad\/noticias\/noticias-del-dia-3011-id1056624.html"]}]},{"@type":"ImageObject","inLanguage":"es","@id":"https:\/\/www.rri.ro\/es\/actualidad\/noticias\/noticias-del-dia-3011-id1056624.html#primaryimage","url":"https:\/\/www.rri.ro\/wp-content\/uploads\/2024\/03\/RRI-960x540-Noticias-2-NOU.jpg","contentUrl":"https:\/\/www.rri.ro\/wp-content\/uploads\/2024\/03\/RRI-960x540-Noticias-2-NOU.jpg","width":960,"height":540,"caption":"RRI 960x540 Noticias 2-NOU"},{"@type":"BreadcrumbList","@id":"https:\/\/www.rri.ro\/es\/actualidad\/noticias\/noticias-del-dia-3011-id1056624.html#breadcrumb","itemListElement":[{"@type":"ListItem","position":1,"name":"P\u00e1gina de inicio","item":"https:\/\/www.rri.ro\/es"},{"@type":"ListItem","position":2,"name":"Actualidad","item":"https:\/\/www.rri.ro\/es\/actualidad"},{"@type":"ListItem","position":3,"name":"Noticias","item":"https:\/\/www.rri.ro\/es\/actualidad\/noticias"},{"@type":"ListItem","position":4,"name":"Noticias del d\u00eda"}]},{"@type":"WebSite","@id":"https:\/\/www.rri.ro\/#website","url":"https:\/\/www.rri.ro\/","name":"Radio Ruman\u00eda Internacional","description":"Totul despre Rom\u00e2nia \u015fi rom\u00e2ni, \u00een 13 limbi\/dialecte!","inLanguage":"es"},{"@type":"Person","@id":"https:\/\/www.rri.ro\/#\/schema\/person\/4a479940371b9fdefd194f561e8a7f88","name":"Newsroom","url":"https:\/\/www.rri.ro\/es\/author\/newsroom"}]}},"_links":{"self":[{"href":"https:\/\/www.rri.ro\/es\/wp-json\/wp\/v2\/posts\/1056624","targetHints":{"allow":["GET"]}}],"collection":[{"href":"https:\/\/www.rri.ro\/es\/wp-json\/wp\/v2\/posts"}],"about":[{"href":"https:\/\/www.rri.ro\/es\/wp-json\/wp\/v2\/types\/post"}],"author":[{"embeddable":true,"href":"https:\/\/www.rri.ro\/es\/wp-json\/wp\/v2\/users\/113"}],"replies":[{"embeddable":true,"href":"https:\/\/www.rri.ro\/es\/wp-json\/wp\/v2\/comments?post=1056624"}],"version-history":[{"count":1,"href":"https:\/\/www.rri.ro\/es\/wp-json\/wp\/v2\/posts\/1056624\/revisions"}],"predecessor-version":[{"id":1056628,"href":"https:\/\/www.rri.ro\/es\/wp-json\/wp\/v2\/posts\/1056624\/revisions\/1056628"}],"wp:featuredmedia":[{"embeddable":true,"href":"https:\/\/www.rri.ro\/es\/wp-json\/wp\/v2\/media\/723423"}],"wp:attachment":[{"href":"https:\/\/www.rri.ro\/es\/wp-json\/wp\/v2\/media?parent=1056624"}],"wp:term":[{"taxonomy":"category","embeddable":true,"href":"https:\/\/www.rri.ro\/es\/wp-json\/wp\/v2\/categories?post=1056624"},{"taxonomy":"post_tag","embeddable":true,"href":"https:\/\/www.rri.ro\/es\/wp-json\/wp\/v2\/tags?post=1056624"},{"taxonomy":"author","embeddable":true,"href":"https:\/\/www.rri.ro\/es\/wp-json\/wp\/v2\/coauthors?post=1056624"}],"curies":[{"name":"wp","href":"https:\/\/api.w.org\/{rel}","templated":true}]}}