{"id":1056670,"date":"2026-09-05T08:22:14","date_gmt":"2026-09-05T05:22:14","guid":{"rendered":"https:\/\/www.rri.ro\/?p=1056670"},"modified":"2026-09-05T08:22:14","modified_gmt":"2026-09-05T05:22:14","slug":"retrospectiva-semanal-362","status":"publish","type":"post","link":"https:\/\/www.rri.ro\/es\/actualidad\/retrospectiva-semanal\/retrospectiva-semanal-362-id1056670.html","title":{"rendered":"Retrospectiva semanal"},"content":{"rendered":"<p><strong>Reuni\u00f3n Anual de la Diplomacia Rumana<\/strong><\/p>\n<p>Bucarest acogi\u00f3 esta semana la Reuni\u00f3n Anual de la Diplomacia Rumana, en la que participaron los jefes de las misiones diplom\u00e1ticas y de las oficinas consulares en el extranjero, embajadores extranjeros y altos cargos del Estado.<\/p>\n<p>El lema de esta edici\u00f3n fue \u00abLa diplomacia, ancla en un mundo cambiante\u00bb, y la agenda de las conversaciones se centr\u00f3 en el crecimiento econ\u00f3mico, la seguridad y el fortalecimiento de la confianza y de la relaci\u00f3n con la di\u00e1spora.<\/p>\n<p>El refuerzo de la seguridad, las comunidades rumanas en el extranjero y la diplomacia econ\u00f3mica son los tres objetivos de la pol\u00edtica exterior de Ruman\u00eda, declar\u00f3 el presidente Nicu\u0219or Dan en su intervenci\u00f3n ante el cuerpo diplom\u00e1tico.<\/p>\n<p>Ruman\u00eda contribuye a la seguridad transatl\u00e1ntica, a la del Flanco Oriental y a la de la regi\u00f3n en la que se encuentra, afirm\u00f3 el presidente.<\/p>\n<p>Dan se refiri\u00f3 tambi\u00e9n a los grandes proyectos de interconexi\u00f3n regional y anunci\u00f3 que la explotaci\u00f3n de gas en el marco del proyecto offshore Neptun Deep comenzar\u00e1 el pr\u00f3ximo a\u00f1o.<\/p>\n<p>Adem\u00e1s, el presidente aludi\u00f3 a la necesidad urgente de resolver algunas cuestiones administrativas pendientes dentro del sistema, como la situaci\u00f3n de algunas sedes consulares y el retraso en la rotaci\u00f3n de los diplom\u00e1ticos.<\/p>\n<p>Asimismo, reiter\u00f3 el apoyo de Ruman\u00eda a la integraci\u00f3n de la Rep\u00fablica de Moldavia y Ucrania en la Uni\u00f3n Europea y afirm\u00f3 que la relaci\u00f3n con Chi\u0219in\u0103u sigue siendo de suma importancia para la pol\u00edtica exterior rumana.<\/p>\n<p>Por su parte, la ministra interina de Exteriores, Oana \u021aoiu, se\u00f1al\u00f3 que el proceso de adhesi\u00f3n de Ruman\u00eda a la Organizaci\u00f3n para la Cooperaci\u00f3n y el Desarrollo Econ\u00f3micos (OCDE) es uno de los principales objetivos de la diplomacia rumana este a\u00f1o y destac\u00f3 que, entre todos los pa\u00edses que se encuentran en proceso de adhesi\u00f3n, Ruman\u00eda es el que m\u00e1s ha avanzado.<\/p>\n<p>&nbsp;<\/p>\n<p><strong>El PNRR llega a su fin<\/strong><\/p>\n<p>El Plan Nacional de Recuperaci\u00f3n y Resiliencia (PNRR), el paquete europeo de reformas e inversiones p\u00fablicas para el per\u00edodo posterior a la pandemia, ha llegado a su fin.<\/p>\n<p>Hasta el \u00faltimo d\u00eda, el 31 de agosto, en Ruman\u00eda se llevaron a cabo recepciones de proyectos finalizados y el Gobierno de Bucarest aprob\u00f3 actos normativos con el objetivo de cumplir el mayor n\u00famero posible de compromisos asumidos y de hitos previstos.<\/p>\n<p>En T\u00e2rgu Mure\u0219, en el centro del pa\u00eds, fue inaugurado un nuevo Centro de Cirug\u00eda Cardiovascular, mientras que en la autopista A7 de Moldavia se abri\u00f3 al tr\u00e1fico otro tramo de casi 50 kil\u00f3metros.<\/p>\n<p>Los fondos del PNRR ascendieron a 13.500 millones de euros en ayudas no reembolsables y a unos 7.000 millones de euros en pr\u00e9stamos.<\/p>\n<p>En conjunto, Ruman\u00eda logr\u00f3 atraer e invertir m\u00e1s del 90 % de los fondos no reembolsables puestos a su disposici\u00f3n por la Uni\u00f3n Europea a trav\u00e9s de este programa, anunci\u00f3 el primer ministro interino, Ilie Bolojan.<\/p>\n<p>El jefe del Gobierno se\u00f1al\u00f3 que en Ruman\u00eda quedar\u00e1n importantes inversiones en grandes infraestructuras, como l\u00edneas ferroviarias modernizadas y electrificadas, hospitales y escuelas en casi todas las capitales de distrito, adem\u00e1s de proyectos de eficiencia energ\u00e9tica.<\/p>\n<p>El primer ministro indic\u00f3, sin embargo, que se perdieron fondos considerables, entre ellos 770 millones de euros por no haber llevado a cabo la reforma salarial del sector p\u00fablico y casi 100 millones de euros por las medidas incompletas en materia de descarbonizaci\u00f3n.<\/p>\n<p>De las m\u00e1s de 15.000 inversiones previstas, cerca de 4.500 proyectos quedaron sin finalizar o sin ser recepcionados.<\/p>\n<p>En comparaci\u00f3n con el resto de la Uni\u00f3n Europea, Ruman\u00eda se sit\u00faa en los \u00faltimos puestos en cuanto al porcentaje de fondos del PNRR efectivamente recibidos, tras haber asegurado solo alrededor del 61 % del total asignado.<\/p>\n<p>Espa\u00f1a e Italia encabezan la clasificaci\u00f3n en la obtenci\u00f3n de fondos del PNRR, con entre el 90 % y el 100 % de los recursos recibidos, seguidas de Portugal y Grecia, con una tasa de absorci\u00f3n de entre el 80 % y el 85 %.<\/p>\n<p>&nbsp;<\/p>\n<p><strong>El presidente del Consejo Europeo, Ant\u00f3nio Costa, en Bucarest<\/strong><\/p>\n<p>El presidente de Ruman\u00eda, Nicu\u0219or Dan, recibi\u00f3 el jueves en Bucarest al presidente del Consejo Europeo, Ant\u00f3nio Costa, quien realiz\u00f3 una visita de consultas sobre las prioridades y preocupaciones de Ruman\u00eda.<\/p>\n<p>Dan afirm\u00f3 que el principal asunto abordado fue la negociaci\u00f3n del futuro presupuesto de la UE para el per\u00edodo 2028-2034. Precis\u00f3 que Ruman\u00eda aboga por un presupuesto \u00abambicioso\u00bb, con fondos sustanciales para Cohesi\u00f3n y Agricultura, que le permita reducir la brecha con los dem\u00e1s pa\u00edses europeos.<\/p>\n<p>Por su parte, Ant\u00f3nio Costa declar\u00f3 que las recientes violaciones del espacio a\u00e9reo rumano, as\u00ed como los incidentes en los que se han visto implicados drones mar\u00edtimos, son \u00abprofundamente preocupantes\u00bb y que Bruselas seguir\u00e1 al lado de Ruman\u00eda, porque entiende que la seguridad de Ruman\u00eda es la seguridad de Europa en su conjunto.<\/p>\n<p>\u00abDebemos permanecer unidos en los esfuerzos por lograr una paz justa y duradera en Ucrania\u00bb, afirm\u00f3 Costa.<\/p>\n<p>Asimismo, expres\u00f3 su agradecimiento por \u00abel firme apoyo de Ruman\u00eda a la Rep\u00fablica de Moldavia en su camino hacia la integraci\u00f3n en la UE\u00bb.<\/p>\n<p>El presidente del Consejo Europeo visit\u00f3 tambi\u00e9n el jueves Bulgaria y Grecia. Anteriormente hab\u00eda visitado Eslovaquia, Estonia, Letonia, Lituania, Chequia, Hungr\u00eda, Croacia y Luxemburgo.<\/p>\n<p>&nbsp;<\/p>\n<p><strong>Las acciones de Rusia provocan indignaci\u00f3n en las capitales de la Uni\u00f3n Europea<\/strong><\/p>\n<p>El Ministerio rumano de Exteriores convoc\u00f3 al embajador de Rusia en Bucarest, Vladimir Lipaev, para que diera explicaciones sobre el incidente con un dron ocurrido el mes pasado en el aeropuerto de Leipzig, que Alemania atribuye a Rusia.<\/p>\n<p>La ministra interina de Exteriores, Oana \u021aoiu, se\u00f1al\u00f3 que Bucarest se solidariza con Berl\u00edn y con las dem\u00e1s capitales europeas que se han enfrentado a actividades h\u00edbridas, injerencias y provocaciones temerarias y persistentes de Rusia, de las que tambi\u00e9n ha sido objeto Ruman\u00eda.<\/p>\n<p>La presidenta de la Comisi\u00f3n Europea, Ursula von der Leyen, declar\u00f3 que incidentes como el sabotaje con drones rusos en Alemania se han convertido en \u00abla nueva normalidad\u00bb y suponen una nueva escalada de la actividad rusa en territorio de la Uni\u00f3n Europea.<\/p>\n<p>Afirm\u00f3 que, de haber tenido \u00e9xito el ataque, \u00abhabr\u00eda causado enormes da\u00f1os y, posiblemente, incluso p\u00e9rdidas de vidas humanas\u00bb.<\/p>\n<p>Por su parte, el secretario general de la Organizaci\u00f3n del Tratado del Atl\u00e1ntico Norte (OTAN), Mark Rutte, afirm\u00f3 que Rusia se ha vuelto \u00abcada vez m\u00e1s temeraria\u00bb a medida que contin\u00faa su invasi\u00f3n a gran escala de Ucrania, pero asegur\u00f3 que la unidad de los aliados es \u00abinquebrantable\u00bb.<\/p>\n<p>Varios Estados miembros convocaron a los representantes de Mosc\u00fa para pedir explicaciones despu\u00e9s de que la polic\u00eda alemana identificara el ADN de dos hombres con pasaporte ruso sospechosos de haber llevado el dron cargado con explosivos al aeropuerto de Leipzig.<\/p>\n<p>&nbsp;<\/p>\n<p><strong>El D\u00eda de la Lengua Rumana se celebra por primera vez en tres pa\u00edses<\/strong><\/p>\n<p>El D\u00eda de la Lengua Rumana se celebr\u00f3 esta semana, el 31 de agosto, en Ruman\u00eda, la Rep\u00fablica de Moldavia y, por primera vez, en Ucrania.<\/p>\n<p>Con este motivo, se celebr\u00f3 simult\u00e1neamente una sesi\u00f3n solemne en la Academia Rumana y en la Academia de Ciencias de Moldavia.<\/p>\n<p>Adem\u00e1s, el Senado de Bucarest acogi\u00f3 un acto dedicado a la escritura a mano en lengua rumana, titulado \u00abEl Gran Dictado Nacional\u00bb, en el que participaron ni\u00f1os y adultos de distintos \u00e1mbitos. Los participantes fueron invitados a escribir al dictado un fragmento del diario de la reina Mar\u00eda.<\/p>\n<p>Un acto similar tuvo lugar en Chi\u0219in\u0103u. M\u00e1s de 2.500 personas se congregaron en el centro de la capital moldava y transcribieron un fragmento de la obra del actor, director, dramaturgo y humorista Gheorghe Urschi, conocido como \u00abel rey del humor\u00bb de la Rep\u00fablica de Moldavia.<\/p>\n<p>El D\u00eda de la Lengua Rumana se conmemor\u00f3 tambi\u00e9n en Chernivtsi, Ucrania. Representantes de la administraci\u00f3n local, de la diplomacia rumana en Ucrania y de la comunidad rumana de la regi\u00f3n depositaron coronas de flores ante las estatuas de Taras Shevchenko y Mihai Eminescu, el primero considerado el poeta nacional de Ucrania y el segundo, la figura m\u00e1s influyente de la literatura rumana.<\/p>\n<p>\u00abEstamos ante un momento hist\u00f3rico porque, por primera vez, Ruman\u00eda, la Rep\u00fablica de Moldavia y Ucrania celebran el D\u00eda de la Lengua Rumana en la misma fecha\u00bb, declar\u00f3 el embajador de Ruman\u00eda en Kiev, Victor Micula.<\/p>\n<p>El embajador celebr\u00f3 la decisi\u00f3n del presidente ucraniano, Volod\u00edmir Zelenski, de reconocer oficialmente la lengua rumana y de instituir esta celebraci\u00f3n tambi\u00e9n en el pa\u00eds vecino.<\/p>\n<p>Versi\u00f3n en espa\u00f1ol: Valeriu Radulian<\/p>\n","protected":false},"excerpt":{"rendered":"<p>Reuni\u00f3n Anual de la Diplomacia Rumana Bucarest acogi\u00f3 esta semana la Reuni\u00f3n Anual de la Diplomacia Rumana, en la que participaron los jefes de las misiones diplom\u00e1ticas y de las oficinas consulares en el extranjero, embajadores extranjeros y altos cargos del Estado. El lema de esta edici\u00f3n fue \u00abLa diplomacia, ancla en un mundo cambiante\u00bb, [&hellip;]<\/p>\n","protected":false},"author":118,"featured_media":892502,"comment_status":"closed","ping_status":"closed","sticky":false,"template":"","format":"standard","meta":{"_acf_changed":false,"footnotes":""},"categories":[49372],"tags":[196077,149733,111860,143996,175301],"coauthors":[113323],"class_list":["post-1056670","post","type-post","status-publish","format-standard","has-post-thumbnail","hentry","category-retrospectiva-semanal","tag-acciones-de-rusia-en-europa","tag-antonio-costa-es","tag-dia-de-la-lengua-rumana","tag-plan-nacional-de-recuperacion-y-resiliencia","tag-reunion-anual-de-la-diplomacia-rumana"],"acf":[],"yoast_head":"<!-- This site is optimized with the Yoast SEO plugin v28.2 - https:\/\/yoast.com\/product\/yoast-seo-wordpress\/ -->\n<title>Retrospectiva semanal - Radio Ruman\u00eda Internacional<\/title>\n<meta name=\"description\" content=\"Lo m\u00e1s destacado de la semana del 31 de agosto al 05 de septiembre de 2026.\" \/>\n<meta name=\"robots\" content=\"index, follow, max-snippet:-1, max-image-preview:large, max-video-preview:-1\" \/>\n<link rel=\"canonical\" href=\"https:\/\/www.rri.ro\/es\/actualidad\/retrospectiva-semanal\/retrospectiva-semanal-362-id1056670.html\" \/>\n<meta property=\"og:locale\" content=\"es_ES\" \/>\n<meta property=\"og:type\" content=\"article\" \/>\n<meta property=\"og:title\" content=\"Retrospectiva semanal - Radio Ruman\u00eda Internacional\" \/>\n<meta property=\"og:description\" content=\"Lo m\u00e1s destacado de la semana del 31 de agosto al 05 de septiembre de 2026.\" \/>\n<meta property=\"og:url\" content=\"https:\/\/www.rri.ro\/es\/actualidad\/retrospectiva-semanal\/retrospectiva-semanal-362-id1056670.html\" \/>\n<meta property=\"og:site_name\" content=\"Radio Ruman\u00eda Internacional\" \/>\n<meta property=\"article:published_time\" content=\"2026-09-05T05:22:14+00:00\" \/>\n<meta property=\"og:image\" content=\"https:\/\/www.rri.ro\/wp-content\/uploads\/2025\/05\/eveniment-top-ND-2025-16x9-1.jpg\" \/>\n\t<meta property=\"og:image:width\" content=\"1280\" \/>\n\t<meta property=\"og:image:height\" content=\"720\" \/>\n\t<meta property=\"og:image:type\" content=\"image\/jpeg\" \/>\n<meta name=\"author\" content=\"Sorin Iordan\" \/>\n<meta name=\"twitter:card\" content=\"summary_large_image\" \/>\n<meta name=\"twitter:label1\" content=\"Escrito por\" \/>\n\t<meta name=\"twitter:data1\" content=\"Sorin Iordan\" \/>\n\t<meta name=\"twitter:label2\" content=\"Tiempo de lectura\" \/>\n\t<meta name=\"twitter:data2\" content=\"8 minutos\" \/>\n\t<meta name=\"twitter:label3\" content=\"Written by\" \/>\n\t<meta name=\"twitter:data3\" content=\"Sorin Iordan\" \/>\n<script type=\"application\/ld+json\" class=\"yoast-schema-graph\">{\"@context\":\"https:\\\/\\\/schema.org\",\"@graph\":[{\"@type\":\"Article\",\"@id\":\"https:\\\/\\\/www.rri.ro\\\/es\\\/actualidad\\\/retrospectiva-semanal\\\/retrospectiva-semanal-362-id1056670.html#article\",\"isPartOf\":{\"@id\":\"https:\\\/\\\/www.rri.ro\\\/es\\\/actualidad\\\/retrospectiva-semanal\\\/retrospectiva-semanal-362-id1056670.html\"},\"author\":{\"name\":\"Sorin Iordan\",\"@id\":\"https:\\\/\\\/www.rri.ro\\\/#\\\/schema\\\/person\\\/4f66d7193567114976ed046851bb8dc3\"},\"headline\":\"Retrospectiva semanal\",\"datePublished\":\"2026-09-05T05:22:14+00:00\",\"mainEntityOfPage\":{\"@id\":\"https:\\\/\\\/www.rri.ro\\\/es\\\/actualidad\\\/retrospectiva-semanal\\\/retrospectiva-semanal-362-id1056670.html\"},\"wordCount\":1522,\"image\":{\"@id\":\"https:\\\/\\\/www.rri.ro\\\/es\\\/actualidad\\\/retrospectiva-semanal\\\/retrospectiva-semanal-362-id1056670.html#primaryimage\"},\"thumbnailUrl\":\"https:\\\/\\\/www.rri.ro\\\/wp-content\\\/uploads\\\/2025\\\/05\\\/eveniment-top-ND-2025-16x9-1.jpg\",\"keywords\":[\"acciones de Rusia en Europa\",\"Antonio Costa\",\"D\u00eda de la Lengua Rumana\",\"Plan Nacional de Recuperaci\u00f3n y Resiliencia\",\"Reuni\u00f3n Anual de la Diplomacia Rumana\"],\"articleSection\":[\"Retrospectiva semanal\"],\"inLanguage\":\"es\"},{\"@type\":\"WebPage\",\"@id\":\"https:\\\/\\\/www.rri.ro\\\/es\\\/actualidad\\\/retrospectiva-semanal\\\/retrospectiva-semanal-362-id1056670.html\",\"url\":\"https:\\\/\\\/www.rri.ro\\\/es\\\/actualidad\\\/retrospectiva-semanal\\\/retrospectiva-semanal-362-id1056670.html\",\"name\":\"Retrospectiva semanal - Radio Ruman\u00eda Internacional\",\"isPartOf\":{\"@id\":\"https:\\\/\\\/www.rri.ro\\\/#website\"},\"primaryImageOfPage\":{\"@id\":\"https:\\\/\\\/www.rri.ro\\\/es\\\/actualidad\\\/retrospectiva-semanal\\\/retrospectiva-semanal-362-id1056670.html#primaryimage\"},\"image\":{\"@id\":\"https:\\\/\\\/www.rri.ro\\\/es\\\/actualidad\\\/retrospectiva-semanal\\\/retrospectiva-semanal-362-id1056670.html#primaryimage\"},\"thumbnailUrl\":\"https:\\\/\\\/www.rri.ro\\\/wp-content\\\/uploads\\\/2025\\\/05\\\/eveniment-top-ND-2025-16x9-1.jpg\",\"datePublished\":\"2026-09-05T05:22:14+00:00\",\"author\":{\"@id\":\"https:\\\/\\\/www.rri.ro\\\/#\\\/schema\\\/person\\\/4f66d7193567114976ed046851bb8dc3\"},\"description\":\"Lo m\u00e1s destacado de la semana del 31 de agosto al 05 de septiembre de 2026.\",\"breadcrumb\":{\"@id\":\"https:\\\/\\\/www.rri.ro\\\/es\\\/actualidad\\\/retrospectiva-semanal\\\/retrospectiva-semanal-362-id1056670.html#breadcrumb\"},\"inLanguage\":\"es\",\"potentialAction\":[{\"@type\":\"ReadAction\",\"target\":[\"https:\\\/\\\/www.rri.ro\\\/es\\\/actualidad\\\/retrospectiva-semanal\\\/retrospectiva-semanal-362-id1056670.html\"]}]},{\"@type\":\"ImageObject\",\"inLanguage\":\"es\",\"@id\":\"https:\\\/\\\/www.rri.ro\\\/es\\\/actualidad\\\/retrospectiva-semanal\\\/retrospectiva-semanal-362-id1056670.html#primaryimage\",\"url\":\"https:\\\/\\\/www.rri.ro\\\/wp-content\\\/uploads\\\/2025\\\/05\\\/eveniment-top-ND-2025-16x9-1.jpg\",\"contentUrl\":\"https:\\\/\\\/www.rri.ro\\\/wp-content\\\/uploads\\\/2025\\\/05\\\/eveniment-top-ND-2025-16x9-1.jpg\",\"width\":1280,\"height\":720,\"caption\":\"\u041e\u0433\u043b\u044f\u0434 \u043f\u043e\u0434\u0456\u0439 \u0442\u0438\u0436\u043d\u044f\"},{\"@type\":\"BreadcrumbList\",\"@id\":\"https:\\\/\\\/www.rri.ro\\\/es\\\/actualidad\\\/retrospectiva-semanal\\\/retrospectiva-semanal-362-id1056670.html#breadcrumb\",\"itemListElement\":[{\"@type\":\"ListItem\",\"position\":1,\"name\":\"P\u00e1gina de inicio\",\"item\":\"https:\\\/\\\/www.rri.ro\\\/es\"},{\"@type\":\"ListItem\",\"position\":2,\"name\":\"Actualidad\",\"item\":\"https:\\\/\\\/www.rri.ro\\\/es\\\/actualidad\"},{\"@type\":\"ListItem\",\"position\":3,\"name\":\"Retrospectiva semanal\",\"item\":\"https:\\\/\\\/www.rri.ro\\\/es\\\/actualidad\\\/retrospectiva-semanal\"},{\"@type\":\"ListItem\",\"position\":4,\"name\":\"Retrospectiva semanal\"}]},{\"@type\":\"WebSite\",\"@id\":\"https:\\\/\\\/www.rri.ro\\\/#website\",\"url\":\"https:\\\/\\\/www.rri.ro\\\/\",\"name\":\"Radio Ruman\u00eda Internacional\",\"description\":\"Totul despre Rom\u00e2nia \u015fi rom\u00e2ni, \u00een 13 limbi\\\/dialecte!\",\"inLanguage\":\"es\"},{\"@type\":\"Person\",\"@id\":\"https:\\\/\\\/www.rri.ro\\\/#\\\/schema\\\/person\\\/4f66d7193567114976ed046851bb8dc3\",\"name\":\"Sorin Iordan\",\"url\":\"https:\\\/\\\/www.rri.ro\\\/es\\\/author\\\/sorin-iordan\"}]}<\/script>\n<!-- \/ Yoast SEO plugin. -->","yoast_head_json":{"title":"Retrospectiva semanal - Radio Ruman\u00eda Internacional","description":"Lo m\u00e1s destacado de la semana del 31 de agosto al 05 de septiembre de 2026.","robots":{"index":"index","follow":"follow","max-snippet":"max-snippet:-1","max-image-preview":"max-image-preview:large","max-video-preview":"max-video-preview:-1"},"canonical":"https:\/\/www.rri.ro\/es\/actualidad\/retrospectiva-semanal\/retrospectiva-semanal-362-id1056670.html","og_locale":"es_ES","og_type":"article","og_title":"Retrospectiva semanal - Radio Ruman\u00eda Internacional","og_description":"Lo m\u00e1s destacado de la semana del 31 de agosto al 05 de septiembre de 2026.","og_url":"https:\/\/www.rri.ro\/es\/actualidad\/retrospectiva-semanal\/retrospectiva-semanal-362-id1056670.html","og_site_name":"Radio Ruman\u00eda Internacional","article_published_time":"2026-09-05T05:22:14+00:00","og_image":[{"width":1280,"height":720,"url":"https:\/\/www.rri.ro\/wp-content\/uploads\/2025\/05\/eveniment-top-ND-2025-16x9-1.jpg","type":"image\/jpeg"}],"author":"Sorin Iordan","twitter_card":"summary_large_image","twitter_misc":{"Escrito por":"Sorin Iordan","Tiempo de lectura":"8 minutos","Written by":"Sorin Iordan"},"schema":{"@context":"https:\/\/schema.org","@graph":[{"@type":"Article","@id":"https:\/\/www.rri.ro\/es\/actualidad\/retrospectiva-semanal\/retrospectiva-semanal-362-id1056670.html#article","isPartOf":{"@id":"https:\/\/www.rri.ro\/es\/actualidad\/retrospectiva-semanal\/retrospectiva-semanal-362-id1056670.html"},"author":{"name":"Sorin Iordan","@id":"https:\/\/www.rri.ro\/#\/schema\/person\/4f66d7193567114976ed046851bb8dc3"},"headline":"Retrospectiva semanal","datePublished":"2026-09-05T05:22:14+00:00","mainEntityOfPage":{"@id":"https:\/\/www.rri.ro\/es\/actualidad\/retrospectiva-semanal\/retrospectiva-semanal-362-id1056670.html"},"wordCount":1522,"image":{"@id":"https:\/\/www.rri.ro\/es\/actualidad\/retrospectiva-semanal\/retrospectiva-semanal-362-id1056670.html#primaryimage"},"thumbnailUrl":"https:\/\/www.rri.ro\/wp-content\/uploads\/2025\/05\/eveniment-top-ND-2025-16x9-1.jpg","keywords":["acciones de Rusia en Europa","Antonio Costa","D\u00eda de la Lengua Rumana","Plan Nacional de Recuperaci\u00f3n y Resiliencia","Reuni\u00f3n Anual de la Diplomacia Rumana"],"articleSection":["Retrospectiva semanal"],"inLanguage":"es"},{"@type":"WebPage","@id":"https:\/\/www.rri.ro\/es\/actualidad\/retrospectiva-semanal\/retrospectiva-semanal-362-id1056670.html","url":"https:\/\/www.rri.ro\/es\/actualidad\/retrospectiva-semanal\/retrospectiva-semanal-362-id1056670.html","name":"Retrospectiva semanal - Radio Ruman\u00eda Internacional","isPartOf":{"@id":"https:\/\/www.rri.ro\/#website"},"primaryImageOfPage":{"@id":"https:\/\/www.rri.ro\/es\/actualidad\/retrospectiva-semanal\/retrospectiva-semanal-362-id1056670.html#primaryimage"},"image":{"@id":"https:\/\/www.rri.ro\/es\/actualidad\/retrospectiva-semanal\/retrospectiva-semanal-362-id1056670.html#primaryimage"},"thumbnailUrl":"https:\/\/www.rri.ro\/wp-content\/uploads\/2025\/05\/eveniment-top-ND-2025-16x9-1.jpg","datePublished":"2026-09-05T05:22:14+00:00","author":{"@id":"https:\/\/www.rri.ro\/#\/schema\/person\/4f66d7193567114976ed046851bb8dc3"},"description":"Lo m\u00e1s destacado de la semana del 31 de agosto al 05 de septiembre de 2026.","breadcrumb":{"@id":"https:\/\/www.rri.ro\/es\/actualidad\/retrospectiva-semanal\/retrospectiva-semanal-362-id1056670.html#breadcrumb"},"inLanguage":"es","potentialAction":[{"@type":"ReadAction","target":["https:\/\/www.rri.ro\/es\/actualidad\/retrospectiva-semanal\/retrospectiva-semanal-362-id1056670.html"]}]},{"@type":"ImageObject","inLanguage":"es","@id":"https:\/\/www.rri.ro\/es\/actualidad\/retrospectiva-semanal\/retrospectiva-semanal-362-id1056670.html#primaryimage","url":"https:\/\/www.rri.ro\/wp-content\/uploads\/2025\/05\/eveniment-top-ND-2025-16x9-1.jpg","contentUrl":"https:\/\/www.rri.ro\/wp-content\/uploads\/2025\/05\/eveniment-top-ND-2025-16x9-1.jpg","width":1280,"height":720,"caption":"\u041e\u0433\u043b\u044f\u0434 \u043f\u043e\u0434\u0456\u0439 \u0442\u0438\u0436\u043d\u044f"},{"@type":"BreadcrumbList","@id":"https:\/\/www.rri.ro\/es\/actualidad\/retrospectiva-semanal\/retrospectiva-semanal-362-id1056670.html#breadcrumb","itemListElement":[{"@type":"ListItem","position":1,"name":"P\u00e1gina de inicio","item":"https:\/\/www.rri.ro\/es"},{"@type":"ListItem","position":2,"name":"Actualidad","item":"https:\/\/www.rri.ro\/es\/actualidad"},{"@type":"ListItem","position":3,"name":"Retrospectiva semanal","item":"https:\/\/www.rri.ro\/es\/actualidad\/retrospectiva-semanal"},{"@type":"ListItem","position":4,"name":"Retrospectiva semanal"}]},{"@type":"WebSite","@id":"https:\/\/www.rri.ro\/#website","url":"https:\/\/www.rri.ro\/","name":"Radio Ruman\u00eda Internacional","description":"Totul despre Rom\u00e2nia \u015fi rom\u00e2ni, \u00een 13 limbi\/dialecte!","inLanguage":"es"},{"@type":"Person","@id":"https:\/\/www.rri.ro\/#\/schema\/person\/4f66d7193567114976ed046851bb8dc3","name":"Sorin Iordan","url":"https:\/\/www.rri.ro\/es\/author\/sorin-iordan"}]}},"_links":{"self":[{"href":"https:\/\/www.rri.ro\/es\/wp-json\/wp\/v2\/posts\/1056670","targetHints":{"allow":["GET"]}}],"collection":[{"href":"https:\/\/www.rri.ro\/es\/wp-json\/wp\/v2\/posts"}],"about":[{"href":"https:\/\/www.rri.ro\/es\/wp-json\/wp\/v2\/types\/post"}],"author":[{"embeddable":true,"href":"https:\/\/www.rri.ro\/es\/wp-json\/wp\/v2\/users\/118"}],"replies":[{"embeddable":true,"href":"https:\/\/www.rri.ro\/es\/wp-json\/wp\/v2\/comments?post=1056670"}],"version-history":[{"count":1,"href":"https:\/\/www.rri.ro\/es\/wp-json\/wp\/v2\/posts\/1056670\/revisions"}],"predecessor-version":[{"id":1056671,"href":"https:\/\/www.rri.ro\/es\/wp-json\/wp\/v2\/posts\/1056670\/revisions\/1056671"}],"wp:featuredmedia":[{"embeddable":true,"href":"https:\/\/www.rri.ro\/es\/wp-json\/wp\/v2\/media\/892502"}],"wp:attachment":[{"href":"https:\/\/www.rri.ro\/es\/wp-json\/wp\/v2\/media?parent=1056670"}],"wp:term":[{"taxonomy":"category","embeddable":true,"href":"https:\/\/www.rri.ro\/es\/wp-json\/wp\/v2\/categories?post=1056670"},{"taxonomy":"post_tag","embeddable":true,"href":"https:\/\/www.rri.ro\/es\/wp-json\/wp\/v2\/tags?post=1056670"},{"taxonomy":"author","embeddable":true,"href":"https:\/\/www.rri.ro\/es\/wp-json\/wp\/v2\/coauthors?post=1056670"}],"curies":[{"name":"wp","href":"https:\/\/api.w.org\/{rel}","templated":true}]}}