{"id":1056829,"date":"2026-09-06T17:51:47","date_gmt":"2026-09-06T14:51:47","guid":{"rendered":"https:\/\/www.rri.ro\/?p=1056829"},"modified":"2026-09-06T17:53:44","modified_gmt":"2026-09-06T14:53:44","slug":"noticias-del-dia-3013","status":"publish","type":"post","link":"https:\/\/www.rri.ro\/es\/actualidad\/noticias\/noticias-del-dia-3013-id1056829.html","title":{"rendered":"Noticias del d\u00eda"},"content":{"rendered":"<p>Titulares:<\/p>\n<p>El presidente de Ruman\u00eda, Nicu\u015for Dan, ha convocado una reuni\u00f3n del Consejo Supremo de Defensa del Pa\u00eds, que tendr\u00e1 lugar el lunes en Bucarest.<\/p>\n<p>Tambi\u00e9n el lunes comienza el nuevo curso escolar en Ruman\u00eda para casi tres millones de alumnos de primaria y de educaci\u00f3n infantil.<\/p>\n<p>El Gloria Bistri\u021ba, campe\u00f3n de Ruman\u00eda, se impuso al HSG Blomberg-Lippe en Lemgo (Alemania) en la Liga de Campeones de balonmano femenino.<\/p>\n<p>&nbsp;<\/p>\n<p>CSAT: El presidente Nicu\u0219or Dan ha convocado una reuni\u00f3n del Consejo Supremo de Defensa del Pa\u00eds, que tendr\u00e1 lugar el lunes en Bucarest, seg\u00fan ha informado hoy la Administraci\u00f3n Presidencial. El orden del d\u00eda de la reuni\u00f3n incluye temas relacionados con el Plan de Dotaci\u00f3n del Ej\u00e9rcito de Ruman\u00eda para el periodo 2027-2036, el Programa del Ej\u00e9rcito de Ruman\u00eda para el periodo 2044, el documento de an\u00e1lisis sobre la implementaci\u00f3n del programa SAFE, aprobado en la reuni\u00f3n de trabajo interinstitucional celebrada el 13 de agosto, y los t\u00e9rminos de referencia relativos a la revisi\u00f3n, a nivel del Departamento de Guerra, de la postura de las Fuerzas Armadas de Estados Unidos y de sus ubicaciones de despliegue en Europa. Tambi\u00e9n figurar\u00e1 en el orden del d\u00eda la consolidaci\u00f3n de la presencia militar estadounidense en territorio rumano. En el marco de la reuni\u00f3n del Consejo, se analizar\u00e1n tambi\u00e9n otros temas de actualidad en el \u00e1mbito de la seguridad nacional, seg\u00fan precisa la fuente citada.<\/p>\n<p>&nbsp;<\/p>\n<p>Educaci\u00f3n: El lunes comienza el nuevo curso escolar en Ruman\u00eda para casi tres millones de alumnos de primaria y educaci\u00f3n infantil. La estructura del curso sigue dividida en cinco m\u00f3dulos de aprendizaje, pero el primer d\u00eda de clase trae consigo novedades, as\u00ed como cierta incertidumbre en torno a los ex\u00e1menes. La novedad m\u00e1s importante afecta a los alumnos que ingresan al noveno grado, ya que son la primera generaci\u00f3n en casi 20 a\u00f1os que comienza esta etapa con nuevos planes de estudios. El enfoque pasa de la memorizaci\u00f3n a las competencias y a la aplicaci\u00f3n de la informaci\u00f3n en situaciones concretas. Sin embargo, los nuevos libros de texto no estar\u00e1n disponibles el primer d\u00eda. La licitaci\u00f3n ha concluido y, una vez finalizados los tr\u00e1mites y las posibles impugnaciones, los libros de texto digitales deber\u00edan estar disponibles a finales de septiembre, seg\u00fan afirma Bogdan Cristescu, director del Ministerio de Educaci\u00f3n. Otro cambio afecta a la evaluaci\u00f3n: a partir de este a\u00f1o entran en vigor las normas nacionales de evaluaci\u00f3n para los cursos de 1.\u00ba a 8.\u00ba. No obstante, sus resultados no se traducir\u00e1n en calificaciones en el bolet\u00edn de notas. La admisi\u00f3n en el instituto sigue siendo un tema candente. El pol\u00e9mico examen adicional deber\u00eda haber entrado en vigor el 1 de septiembre, pero la propuesta de su eliminaci\u00f3n fue aprobada por unanimidad en la Comisi\u00f3n de Educaci\u00f3n y la decisi\u00f3n definitiva en el pleno del Senado est\u00e1 prevista para el martes.<\/p>\n<p>&nbsp;<\/p>\n<p>Gasolina: En Ruman\u00eda, el precio de la gasolina sigue subiendo, alcanzando un nuevo r\u00e9cord de 9,79 leus (aproximadamente 1,86 euros) por litro, mientras que la reducci\u00f3n del impuesto especial sobre el gas\u00f3leo ha quedado anulada por la subida de nueve bani por litro anunciada por el l\u00edder del mercado de combustibles, OMV Petrom. El gas\u00f3leo est\u00e1ndar se vende en todas las gasolineras a m\u00e1s de 10 leus (aproximadamente 1,9 euros), llegando incluso a los 10,26 leus en algunas estaciones de servicio. Los niveles r\u00e9cord de los precios del combustible vuelven a ejercer presi\u00f3n sobre los costes de transporte e, indirectamente, sobre los precios de los bienes y servicios de gran consumo, en un contexto en el que el hecho de que el impuesto especial ya se haya reducido hasta el l\u00edmite m\u00e1ximo permitido por la ley anula pr\u00e1cticamente la posibilidad de aplicar una medida similar. Las tensiones geopol\u00edticas en Oriente Medio han mantenido los costes de abastecimiento en un nivel elevado y estos aumentos se han trasladado gradualmente a los precios en las gasolineras de Ruman\u00eda. A ello se suman los costes de refinado, transporte y distribuci\u00f3n, as\u00ed como la evoluci\u00f3n del tipo de cambio. Seg\u00fan los analistas, a corto plazo existe el riesgo de que los precios de los combustibles se mantengan altos o incluso sigan subiendo. La cotizaci\u00f3n del petr\u00f3leo Brent subi\u00f3 el 4 de septiembre hasta aproximadamente 95,5 d\u00f3lares por barril, lo que supone un aumento de m\u00e1s del 7 % respecto a principios de semana, en un contexto de tensiones entre EE. UU. e Ir\u00e1n.<\/p>\n<p>&nbsp;<\/p>\n<p>Terremoto: El domingo se produjo un terremoto de magnitud 4,1 en la zona s\u00edsmica de Vrancea, en el distrito de Buz\u0103u (este), seg\u00fan inform\u00f3 el Instituto Nacional de Investigaci\u00f3n y Desarrollo en F\u00edsica de la Tierra (INCDFP). Seg\u00fan esta fuente, el se\u00edsmo se registr\u00f3 a una profundidad de aproximadamente 150 kil\u00f3metros. Vrancea es una de las regiones s\u00edsmicas m\u00e1s activas de Ruman\u00eda. En los \u00faltimos d\u00edas se han registrado en la zona varios se\u00edsmos de peque\u00f1a y moderada magnitud. Sin embargo, el 4 de marzo de 1977 se produjo el terremoto m\u00e1s grave que ha azotado Ruman\u00eda, con una magnitud de 7,2. Este se\u00edsmo se sald\u00f3 con la muerte de 1570 personas, la mayor\u00eda en Bucarest, y provoc\u00f3 da\u00f1os materiales estimados, en aquel momento, en m\u00e1s de dos mil millones de d\u00f3lares. Quedaron destruidas o gravemente da\u00f1adas unas 230 000 viviendas y cientos de unidades econ\u00f3micas quedaron fuera de servicio. El terremoto provoc\u00f3 una crisis econ\u00f3mica y social que, seg\u00fan los historiadores, la dictadura comunista de la \u00e9poca no pudo superar hasta su ca\u00edda en diciembre de 1989. Los expertos advierten de que, en caso de producirse un se\u00edsmo similar al de 1977, podr\u00edan derrumbarse cientos de edificios en Bucarest.<\/p>\n<p>&nbsp;<\/p>\n<p>Balonmano: El campe\u00f3n de Ruman\u00eda, el Gloria Bistri\u021ba, se impuso el domingo por 28-23 al HSG Blomberg-Lippe en Lemgo (Alemania), en el grupo B de la Liga de Campeones de balonmano femenino, la competici\u00f3n m\u00e1s importante de Europa entre clubes. En su tercera temporada en la Liga de Campeones, el Gloria Bistri\u021ba sue\u00f1a con clasificarse para la Final Four de Budapest, despu\u00e9s de que el equipo, entrenado por el espa\u00f1ol Carlos Viver, se haya reforzado considerablemente. En un grupo en el que figuran Gyor, Metz, Odense, Storhamar, Nyk\u00f6bing, Podravka y Blomberg Lippe, las rumanas esperan clasificarse en los puestos tercero y cuarto y poder as\u00ed disputar el partido de vuelta de los cuartos de final en casa. Tambi\u00e9n en la Liga de Campeones de balonmano femenino, el s\u00e1bado el subcampe\u00f3n de Ruman\u00eda, el CSM Bucarest, venci\u00f3 al equipo esloveno RK Krim OTP Group Mercator por 37-29 en Liubliana (Eslovenia) en el primer partido del Grupo A. De este grupo tambi\u00e9n forman parte los equipos Team Esbjerg, FTC-Toyota Kovacs, Brest Bretagne Handball, BV Borussia Dortmund, Sola HK y OTP Group Buducnost. En su duod\u00e9cima temporada en la Liga de Campeones y con m\u00e1s de la mitad de la plantilla renovada respecto a la temporada pasada, el CSM Bucarest tiene como objetivo clasificarse para la Final Four de Budapest. El subcampe\u00f3n de Ruman\u00eda gan\u00f3 la medalla de bronce la temporada pasada, tras la Final Four celebrada en la capital de Hungr\u00eda.<\/p>\n","protected":false},"excerpt":{"rendered":"<p>Titulares: El presidente de Ruman\u00eda, Nicu\u015for Dan, ha convocado una reuni\u00f3n del Consejo Supremo de Defensa del Pa\u00eds, que tendr\u00e1 lugar el lunes en Bucarest. Tambi\u00e9n el lunes comienza el nuevo curso escolar en Ruman\u00eda para casi tres millones de alumnos de primaria y de educaci\u00f3n infantil. El Gloria Bistri\u021ba, campe\u00f3n de Ruman\u00eda, se impuso [&hellip;]<\/p>\n","protected":false},"author":113,"featured_media":723423,"comment_status":"closed","ping_status":"closed","sticky":false,"template":"","format":"standard","meta":{"_acf_changed":false,"footnotes":""},"categories":[49382],"tags":[196097,196094,196095,185817,196093,196096],"coauthors":[116091],"class_list":["post-1056829","post","type-post","status-publish","format-standard","has-post-thumbnail","hentry","category-noticias","tag-el-gloria-bistrita","tag-el-lunes-comienza-el-nuevo-curso-escolar","tag-el-precio-de-la-gasolina","tag-liga-de-campeones-de-balonmano-femenino","tag-reunion-del-consejo-supremo-de-defensa","tag-terremoto-de-magnitud-4"],"acf":[],"yoast_head":"<!-- This site is optimized with the Yoast SEO plugin v28.2 - https:\/\/yoast.com\/product\/yoast-seo-wordpress\/ -->\n<title>Noticias del d\u00eda - Radio Ruman\u00eda Internacional<\/title>\n<meta name=\"description\" content=\"Lo m\u00e1s destacado de la actualidad, 06.09.2026.\" \/>\n<meta name=\"robots\" content=\"index, follow, max-snippet:-1, max-image-preview:large, max-video-preview:-1\" \/>\n<link rel=\"canonical\" href=\"https:\/\/www.rri.ro\/es\/actualidad\/noticias\/noticias-del-dia-3013-id1056829.html\" \/>\n<meta property=\"og:locale\" content=\"es_ES\" \/>\n<meta property=\"og:type\" content=\"article\" \/>\n<meta property=\"og:title\" content=\"Noticias del d\u00eda - Radio Ruman\u00eda Internacional\" \/>\n<meta property=\"og:description\" content=\"Lo m\u00e1s destacado de la actualidad, 06.09.2026.\" \/>\n<meta property=\"og:url\" content=\"https:\/\/www.rri.ro\/es\/actualidad\/noticias\/noticias-del-dia-3013-id1056829.html\" \/>\n<meta property=\"og:site_name\" content=\"Radio Ruman\u00eda Internacional\" \/>\n<meta property=\"article:published_time\" content=\"2026-09-06T14:51:47+00:00\" \/>\n<meta property=\"article:modified_time\" content=\"2026-09-06T14:53:44+00:00\" \/>\n<meta property=\"og:image\" content=\"https:\/\/www.rri.ro\/wp-content\/uploads\/2024\/03\/RRI-960x540-Noticias-2-NOU.jpg\" \/>\n\t<meta property=\"og:image:width\" content=\"960\" \/>\n\t<meta property=\"og:image:height\" content=\"540\" \/>\n\t<meta property=\"og:image:type\" content=\"image\/jpeg\" \/>\n<meta name=\"author\" content=\"Newsroom\" \/>\n<meta name=\"twitter:card\" content=\"summary_large_image\" \/>\n<meta name=\"twitter:label1\" content=\"Escrito por\" \/>\n\t<meta name=\"twitter:data1\" content=\"Newsroom\" \/>\n\t<meta name=\"twitter:label2\" content=\"Tiempo de lectura\" \/>\n\t<meta name=\"twitter:data2\" content=\"6 minutos\" \/>\n\t<meta name=\"twitter:label3\" content=\"Written by\" \/>\n\t<meta name=\"twitter:data3\" content=\"Newsroom\" \/>\n<script type=\"application\/ld+json\" class=\"yoast-schema-graph\">{\"@context\":\"https:\\\/\\\/schema.org\",\"@graph\":[{\"@type\":\"Article\",\"@id\":\"https:\\\/\\\/www.rri.ro\\\/es\\\/actualidad\\\/noticias\\\/noticias-del-dia-3013-id1056829.html#article\",\"isPartOf\":{\"@id\":\"https:\\\/\\\/www.rri.ro\\\/es\\\/actualidad\\\/noticias\\\/noticias-del-dia-3013-id1056829.html\"},\"author\":{\"name\":\"Newsroom\",\"@id\":\"https:\\\/\\\/www.rri.ro\\\/#\\\/schema\\\/person\\\/4a479940371b9fdefd194f561e8a7f88\"},\"headline\":\"Noticias del d\u00eda\",\"datePublished\":\"2026-09-06T14:51:47+00:00\",\"dateModified\":\"2026-09-06T14:53:44+00:00\",\"mainEntityOfPage\":{\"@id\":\"https:\\\/\\\/www.rri.ro\\\/es\\\/actualidad\\\/noticias\\\/noticias-del-dia-3013-id1056829.html\"},\"wordCount\":1290,\"image\":{\"@id\":\"https:\\\/\\\/www.rri.ro\\\/es\\\/actualidad\\\/noticias\\\/noticias-del-dia-3013-id1056829.html#primaryimage\"},\"thumbnailUrl\":\"https:\\\/\\\/www.rri.ro\\\/wp-content\\\/uploads\\\/2024\\\/03\\\/RRI-960x540-Noticias-2-NOU.jpg\",\"keywords\":[\"el Gloria Bistri\u021ba\",\"el lunes comienza el nuevo curso escolar\",\"el precio de la gasolina\",\"Liga de Campeones de Balonmano Femenino\",\"reuni\u00f3n del Consejo Supremo de Defensa\",\"terremoto de magnitud 4\"],\"articleSection\":[\"Noticias\"],\"inLanguage\":\"es\"},{\"@type\":\"WebPage\",\"@id\":\"https:\\\/\\\/www.rri.ro\\\/es\\\/actualidad\\\/noticias\\\/noticias-del-dia-3013-id1056829.html\",\"url\":\"https:\\\/\\\/www.rri.ro\\\/es\\\/actualidad\\\/noticias\\\/noticias-del-dia-3013-id1056829.html\",\"name\":\"Noticias del d\u00eda - Radio Ruman\u00eda Internacional\",\"isPartOf\":{\"@id\":\"https:\\\/\\\/www.rri.ro\\\/#website\"},\"primaryImageOfPage\":{\"@id\":\"https:\\\/\\\/www.rri.ro\\\/es\\\/actualidad\\\/noticias\\\/noticias-del-dia-3013-id1056829.html#primaryimage\"},\"image\":{\"@id\":\"https:\\\/\\\/www.rri.ro\\\/es\\\/actualidad\\\/noticias\\\/noticias-del-dia-3013-id1056829.html#primaryimage\"},\"thumbnailUrl\":\"https:\\\/\\\/www.rri.ro\\\/wp-content\\\/uploads\\\/2024\\\/03\\\/RRI-960x540-Noticias-2-NOU.jpg\",\"datePublished\":\"2026-09-06T14:51:47+00:00\",\"dateModified\":\"2026-09-06T14:53:44+00:00\",\"author\":{\"@id\":\"https:\\\/\\\/www.rri.ro\\\/#\\\/schema\\\/person\\\/4a479940371b9fdefd194f561e8a7f88\"},\"description\":\"Lo m\u00e1s destacado de la actualidad, 06.09.2026.\",\"breadcrumb\":{\"@id\":\"https:\\\/\\\/www.rri.ro\\\/es\\\/actualidad\\\/noticias\\\/noticias-del-dia-3013-id1056829.html#breadcrumb\"},\"inLanguage\":\"es\",\"potentialAction\":[{\"@type\":\"ReadAction\",\"target\":[\"https:\\\/\\\/www.rri.ro\\\/es\\\/actualidad\\\/noticias\\\/noticias-del-dia-3013-id1056829.html\"]}]},{\"@type\":\"ImageObject\",\"inLanguage\":\"es\",\"@id\":\"https:\\\/\\\/www.rri.ro\\\/es\\\/actualidad\\\/noticias\\\/noticias-del-dia-3013-id1056829.html#primaryimage\",\"url\":\"https:\\\/\\\/www.rri.ro\\\/wp-content\\\/uploads\\\/2024\\\/03\\\/RRI-960x540-Noticias-2-NOU.jpg\",\"contentUrl\":\"https:\\\/\\\/www.rri.ro\\\/wp-content\\\/uploads\\\/2024\\\/03\\\/RRI-960x540-Noticias-2-NOU.jpg\",\"width\":960,\"height\":540,\"caption\":\"RRI 960x540 Noticias 2-NOU\"},{\"@type\":\"BreadcrumbList\",\"@id\":\"https:\\\/\\\/www.rri.ro\\\/es\\\/actualidad\\\/noticias\\\/noticias-del-dia-3013-id1056829.html#breadcrumb\",\"itemListElement\":[{\"@type\":\"ListItem\",\"position\":1,\"name\":\"P\u00e1gina de inicio\",\"item\":\"https:\\\/\\\/www.rri.ro\\\/es\"},{\"@type\":\"ListItem\",\"position\":2,\"name\":\"Actualidad\",\"item\":\"https:\\\/\\\/www.rri.ro\\\/es\\\/actualidad\"},{\"@type\":\"ListItem\",\"position\":3,\"name\":\"Noticias\",\"item\":\"https:\\\/\\\/www.rri.ro\\\/es\\\/actualidad\\\/noticias\"},{\"@type\":\"ListItem\",\"position\":4,\"name\":\"Noticias del d\u00eda\"}]},{\"@type\":\"WebSite\",\"@id\":\"https:\\\/\\\/www.rri.ro\\\/#website\",\"url\":\"https:\\\/\\\/www.rri.ro\\\/\",\"name\":\"Radio Ruman\u00eda Internacional\",\"description\":\"Totul despre Rom\u00e2nia \u015fi rom\u00e2ni, \u00een 13 limbi\\\/dialecte!\",\"inLanguage\":\"es\"},{\"@type\":\"Person\",\"@id\":\"https:\\\/\\\/www.rri.ro\\\/#\\\/schema\\\/person\\\/4a479940371b9fdefd194f561e8a7f88\",\"name\":\"Newsroom\",\"url\":\"https:\\\/\\\/www.rri.ro\\\/es\\\/author\\\/newsroom\"}]}<\/script>\n<!-- \/ Yoast SEO plugin. -->","yoast_head_json":{"title":"Noticias del d\u00eda - Radio Ruman\u00eda Internacional","description":"Lo m\u00e1s destacado de la actualidad, 06.09.2026.","robots":{"index":"index","follow":"follow","max-snippet":"max-snippet:-1","max-image-preview":"max-image-preview:large","max-video-preview":"max-video-preview:-1"},"canonical":"https:\/\/www.rri.ro\/es\/actualidad\/noticias\/noticias-del-dia-3013-id1056829.html","og_locale":"es_ES","og_type":"article","og_title":"Noticias del d\u00eda - Radio Ruman\u00eda Internacional","og_description":"Lo m\u00e1s destacado de la actualidad, 06.09.2026.","og_url":"https:\/\/www.rri.ro\/es\/actualidad\/noticias\/noticias-del-dia-3013-id1056829.html","og_site_name":"Radio Ruman\u00eda Internacional","article_published_time":"2026-09-06T14:51:47+00:00","article_modified_time":"2026-09-06T14:53:44+00:00","og_image":[{"width":960,"height":540,"url":"https:\/\/www.rri.ro\/wp-content\/uploads\/2024\/03\/RRI-960x540-Noticias-2-NOU.jpg","type":"image\/jpeg"}],"author":"Newsroom","twitter_card":"summary_large_image","twitter_misc":{"Escrito por":"Newsroom","Tiempo de lectura":"6 minutos","Written by":"Newsroom"},"schema":{"@context":"https:\/\/schema.org","@graph":[{"@type":"Article","@id":"https:\/\/www.rri.ro\/es\/actualidad\/noticias\/noticias-del-dia-3013-id1056829.html#article","isPartOf":{"@id":"https:\/\/www.rri.ro\/es\/actualidad\/noticias\/noticias-del-dia-3013-id1056829.html"},"author":{"name":"Newsroom","@id":"https:\/\/www.rri.ro\/#\/schema\/person\/4a479940371b9fdefd194f561e8a7f88"},"headline":"Noticias del d\u00eda","datePublished":"2026-09-06T14:51:47+00:00","dateModified":"2026-09-06T14:53:44+00:00","mainEntityOfPage":{"@id":"https:\/\/www.rri.ro\/es\/actualidad\/noticias\/noticias-del-dia-3013-id1056829.html"},"wordCount":1290,"image":{"@id":"https:\/\/www.rri.ro\/es\/actualidad\/noticias\/noticias-del-dia-3013-id1056829.html#primaryimage"},"thumbnailUrl":"https:\/\/www.rri.ro\/wp-content\/uploads\/2024\/03\/RRI-960x540-Noticias-2-NOU.jpg","keywords":["el Gloria Bistri\u021ba","el lunes comienza el nuevo curso escolar","el precio de la gasolina","Liga de Campeones de Balonmano Femenino","reuni\u00f3n del Consejo Supremo de Defensa","terremoto de magnitud 4"],"articleSection":["Noticias"],"inLanguage":"es"},{"@type":"WebPage","@id":"https:\/\/www.rri.ro\/es\/actualidad\/noticias\/noticias-del-dia-3013-id1056829.html","url":"https:\/\/www.rri.ro\/es\/actualidad\/noticias\/noticias-del-dia-3013-id1056829.html","name":"Noticias del d\u00eda - Radio Ruman\u00eda Internacional","isPartOf":{"@id":"https:\/\/www.rri.ro\/#website"},"primaryImageOfPage":{"@id":"https:\/\/www.rri.ro\/es\/actualidad\/noticias\/noticias-del-dia-3013-id1056829.html#primaryimage"},"image":{"@id":"https:\/\/www.rri.ro\/es\/actualidad\/noticias\/noticias-del-dia-3013-id1056829.html#primaryimage"},"thumbnailUrl":"https:\/\/www.rri.ro\/wp-content\/uploads\/2024\/03\/RRI-960x540-Noticias-2-NOU.jpg","datePublished":"2026-09-06T14:51:47+00:00","dateModified":"2026-09-06T14:53:44+00:00","author":{"@id":"https:\/\/www.rri.ro\/#\/schema\/person\/4a479940371b9fdefd194f561e8a7f88"},"description":"Lo m\u00e1s destacado de la actualidad, 06.09.2026.","breadcrumb":{"@id":"https:\/\/www.rri.ro\/es\/actualidad\/noticias\/noticias-del-dia-3013-id1056829.html#breadcrumb"},"inLanguage":"es","potentialAction":[{"@type":"ReadAction","target":["https:\/\/www.rri.ro\/es\/actualidad\/noticias\/noticias-del-dia-3013-id1056829.html"]}]},{"@type":"ImageObject","inLanguage":"es","@id":"https:\/\/www.rri.ro\/es\/actualidad\/noticias\/noticias-del-dia-3013-id1056829.html#primaryimage","url":"https:\/\/www.rri.ro\/wp-content\/uploads\/2024\/03\/RRI-960x540-Noticias-2-NOU.jpg","contentUrl":"https:\/\/www.rri.ro\/wp-content\/uploads\/2024\/03\/RRI-960x540-Noticias-2-NOU.jpg","width":960,"height":540,"caption":"RRI 960x540 Noticias 2-NOU"},{"@type":"BreadcrumbList","@id":"https:\/\/www.rri.ro\/es\/actualidad\/noticias\/noticias-del-dia-3013-id1056829.html#breadcrumb","itemListElement":[{"@type":"ListItem","position":1,"name":"P\u00e1gina de inicio","item":"https:\/\/www.rri.ro\/es"},{"@type":"ListItem","position":2,"name":"Actualidad","item":"https:\/\/www.rri.ro\/es\/actualidad"},{"@type":"ListItem","position":3,"name":"Noticias","item":"https:\/\/www.rri.ro\/es\/actualidad\/noticias"},{"@type":"ListItem","position":4,"name":"Noticias del d\u00eda"}]},{"@type":"WebSite","@id":"https:\/\/www.rri.ro\/#website","url":"https:\/\/www.rri.ro\/","name":"Radio Ruman\u00eda Internacional","description":"Totul despre Rom\u00e2nia \u015fi rom\u00e2ni, \u00een 13 limbi\/dialecte!","inLanguage":"es"},{"@type":"Person","@id":"https:\/\/www.rri.ro\/#\/schema\/person\/4a479940371b9fdefd194f561e8a7f88","name":"Newsroom","url":"https:\/\/www.rri.ro\/es\/author\/newsroom"}]}},"_links":{"self":[{"href":"https:\/\/www.rri.ro\/es\/wp-json\/wp\/v2\/posts\/1056829","targetHints":{"allow":["GET"]}}],"collection":[{"href":"https:\/\/www.rri.ro\/es\/wp-json\/wp\/v2\/posts"}],"about":[{"href":"https:\/\/www.rri.ro\/es\/wp-json\/wp\/v2\/types\/post"}],"author":[{"embeddable":true,"href":"https:\/\/www.rri.ro\/es\/wp-json\/wp\/v2\/users\/113"}],"replies":[{"embeddable":true,"href":"https:\/\/www.rri.ro\/es\/wp-json\/wp\/v2\/comments?post=1056829"}],"version-history":[{"count":1,"href":"https:\/\/www.rri.ro\/es\/wp-json\/wp\/v2\/posts\/1056829\/revisions"}],"predecessor-version":[{"id":1056830,"href":"https:\/\/www.rri.ro\/es\/wp-json\/wp\/v2\/posts\/1056829\/revisions\/1056830"}],"wp:featuredmedia":[{"embeddable":true,"href":"https:\/\/www.rri.ro\/es\/wp-json\/wp\/v2\/media\/723423"}],"wp:attachment":[{"href":"https:\/\/www.rri.ro\/es\/wp-json\/wp\/v2\/media?parent=1056829"}],"wp:term":[{"taxonomy":"category","embeddable":true,"href":"https:\/\/www.rri.ro\/es\/wp-json\/wp\/v2\/categories?post=1056829"},{"taxonomy":"post_tag","embeddable":true,"href":"https:\/\/www.rri.ro\/es\/wp-json\/wp\/v2\/tags?post=1056829"},{"taxonomy":"author","embeddable":true,"href":"https:\/\/www.rri.ro\/es\/wp-json\/wp\/v2\/coauthors?post=1056829"}],"curies":[{"name":"wp","href":"https:\/\/api.w.org\/{rel}","templated":true}]}}