{"id":202262,"date":"2016-05-10T13:08:00","date_gmt":"2016-05-10T10:08:00","guid":{"rendered":"http:\/\/devrri.freshlemon.ro\/actualidad\/la-monarquia-rumana-150-anos-id202262.html"},"modified":"2024-02-21T11:38:52","modified_gmt":"2024-02-21T09:38:52","slug":"la-monarquia-rumana-150-anos","status":"publish","type":"post","link":"https:\/\/www.rri.ro\/es\/actualidad\/en-portada\/la-monarquia-rumana-150-anos-id202262.html","title":{"rendered":"La monarqu\u00eda rumana, 150 a\u00f1os"},"content":{"rendered":"<\/p>\n<p>&#13;<br \/>\n&#13;<\/p>\n<p>&#13;<br \/>\n&#13;<\/p>\n<p>El 10 de mayo es el D\u00eda de la Realeza, marcada a partir de este a\u00f1o como fiesta nacional en Ruman\u00eda. Esta fecha tiene varios significados importantes en la historia del pa\u00eds. Pero este a\u00f1o tiene un significado especial, porque se cumplen 150 a\u00f1os desde que Carlos de Hohenzollern-Sigmaringen fue proclamado pr\u00edncipe soberano de los Principados Unidos. El 10 de mayo de 1866 tom\u00f3 juramento como jefe del Estado rumano. Su instalaci\u00f3n en Bucarest se hizo tras un acuerdo entre los pol\u00edticos rumanos de la \u00e9poca. Ellos consideraron que s\u00f3lo un pr\u00edncipe extranjero podr\u00eda estar suficientemente lejos de la encarnizada rivalidad entre varias familias pol\u00edticas del pa\u00eds y, por lo tanto, traer la objetividad y la neutralidad que hac\u00eda falta. Con la aceptaci\u00f3n del emperador franc\u00e9s Napole\u00f3n III y del rey de Prusia, Guillermo I, el pr\u00edncipe Carlos se fue a Ruman\u00eda a finales de abril de 1866. Deja el castillo de Sigmaringen, cerca de <em>D\u00fcsseldorf, y cruza Suiza y Austria. Llega en barco a <\/em>Turnu Severin y entra en Bucarest el 10 de mayo de 1866.<\/p>\n<p>&#13;<br \/>\n&#13;<\/p>\n<p>&#13;<br \/>\n&#13;<\/p>\n<p>Comienza as\u00ed un reinado de 48 a\u00f1os, el m\u00e1s largo de la historia de Ruman\u00eda. Es el per\u00edodo en el que el 10 de mayo entra en la conciencia de los rumanos como el D\u00eda Nacional y el D\u00eda de la Dinast\u00eda. Los a\u00f1os del reinado de Carlos I  estuvieron entre los mejores. Fueron tiempos de estabilidad, y Ruman\u00eda prosper\u00f3 y se consolid\u00f3 econ\u00f3mica y pol\u00edticamente. Otro importante significado del 10 de mayo es la proclamaci\u00f3n de la independencia en 1877. En el Parlamento, la oposici\u00f3n estaba esperando la reacci\u00f3n del gobierno ante una interpelaci\u00f3n sobre la preparaci\u00f3n del ej\u00e9rcito y, en el discurso de respuesta, el ministro de Exteriores Mihail Kog\u0103lniceanu pronunci\u00f3 la c\u00e9lebre frase: \u201cSomos independientes, somos una naci\u00f3n soberana\u201d. El parlamento vot\u00f3 despu\u00e9s por unanimidad una resoluci\u00f3n, proclamando la total independencia del pa\u00eds.<\/p>\n<p>&#13;<br \/>\n&#13;<\/p>\n<p>&#13;<br \/>\n&#13;<\/p>\n<p>El 10 de mayo de 1877, los parlamentarios fueron todos al Palacio Real y el pr\u00edncipe Carlos respondi\u00f3 a la proclamaci\u00f3n de la independencia. Cuatro a\u00f1os m\u00e1s tarde, el mismo 10 de mayo, en una Europa mon\u00e1rquica, Ruman\u00eda se convirti\u00f3 en reino. La proclamaci\u00f3n del reino signific\u00f3 much\u00edsimo para el pa\u00eds, porque marc\u00f3 la aceptaci\u00f3n de Ruman\u00eda con estatuto de igualdad por parte de los dem\u00e1s Estados europeos. Carlos I fue el primer monarca de la dinast\u00eda de Hohenzollern-Sigmaringen, cuyo nombre se convierte a partir del rey Fernando I en Casa Real de Ruman\u00eda, dinast\u00eda que lider\u00f3 despu\u00e9s el pa\u00eds mediante Carlos II y su hijo, Miguel I.<\/p>\n<p>&#13;<br \/>\n&#13;<\/p>\n<p>&#13;<br \/>\n&#13;<\/p>\n<p>En 1917, la ocupaci\u00f3n alemana prohibi\u00f3 por primera vez que se celebrara el 10 de mayo y el r\u00e9gimen comunista lo prohibi\u00f3 por segunda vez, tras la abdicaci\u00f3n forzada del rey Miguel en 1947. Los comunistas confiscaron esta gran fiesta y la borraron de manera deliberada de la memoria colectiva mediante una propaganda t\u00edpica de un r\u00e9gimen totalitario. El D\u00eda de la Realeza est\u00e1 recuperando el lugar que merece en la historia y ha vuelto al alma de los rumanos mediante varios acontecimientos desarrollados estos d\u00edas en todo el pa\u00eds.<\/p>\n<p>&#13;<br \/>\n&#13;<\/p>\n<p>&#13;<br \/>\n&#13;<\/p>\n<p>&#13;<br \/>\n&#13;<\/p>\n<p>&#13;<br \/>\n&#13;<\/p>\n<p>&#13;<br \/>\n&#13;<\/p>\n<p>&#13;<br \/>\n&#13;<\/p>\n<p>&#13;<br \/>\n&#13;<\/p>\n<p>&#13;<br \/>\n&#13;<\/p>\n<p>&#13;<br \/>\n&#13;<\/p>\n<p>&#13;<\/p>\n","protected":false},"excerpt":{"rendered":"<p>El 10 de mayo es d\u00eda de fiesta  ya que se celebran los  150 a\u00f1os desde el inicio del reinado de Carlos I, la proclamaci\u00f3n de la Independencia del Estado y la coronaci\u00f3n del primer rey de Ruman\u00eda. El D\u00eda del Rey fue el d\u00eda nacional de Ruman\u00eda entre 1867 y<\/p>\n","protected":false},"author":106,"featured_media":68456,"comment_status":"closed","ping_status":"closed","sticky":false,"template":"","format":"standard","meta":{"_acf_changed":false,"footnotes":""},"categories":[23],"tags":[],"coauthors":[],"class_list":["post-202262","post","type-post","status-publish","format-standard","has-post-thumbnail","hentry","category-en-portada"],"acf":[],"yoast_head":"<!-- This site is optimized with the Yoast SEO plugin v27.5 - https:\/\/yoast.com\/product\/yoast-seo-wordpress\/ -->\n<title>La monarqu\u00eda rumana, 150 a\u00f1os - Radio Ruman\u00eda Internacional<\/title>\n<meta name=\"robots\" content=\"index, follow, max-snippet:-1, max-image-preview:large, max-video-preview:-1\" \/>\n<link rel=\"canonical\" href=\"https:\/\/www.rri.ro\/es\/actualidad\/en-portada\/la-monarquia-rumana-150-anos-id202262.html\" \/>\n<meta property=\"og:locale\" content=\"es_ES\" \/>\n<meta property=\"og:type\" content=\"article\" \/>\n<meta property=\"og:title\" content=\"La monarqu\u00eda rumana, 150 a\u00f1os - Radio Ruman\u00eda Internacional\" \/>\n<meta property=\"og:description\" content=\"El 10 de mayo es d\u00eda de fiesta ya que se celebran los 150 a\u00f1os desde el inicio del reinado de Carlos I, la proclamaci\u00f3n de la Independencia del Estado y la coronaci\u00f3n del primer rey de Ruman\u00eda. El D\u00eda del Rey fue el d\u00eda nacional de Ruman\u00eda entre 1867 y\" \/>\n<meta property=\"og:url\" content=\"https:\/\/www.rri.ro\/es\/actualidad\/en-portada\/la-monarquia-rumana-150-anos-id202262.html\" \/>\n<meta property=\"og:site_name\" content=\"Radio Ruman\u00eda Internacional\" \/>\n<meta property=\"article:published_time\" content=\"2016-05-10T10:08:00+00:00\" \/>\n<meta property=\"article:modified_time\" content=\"2024-02-21T09:38:52+00:00\" \/>\n<meta property=\"og:image\" content=\"https:\/\/www.rri.ro\/wp-content\/uploads\/2023\/10\/regele-mihai-margareta.png\" \/>\n\t<meta property=\"og:image:width\" content=\"640\" \/>\n\t<meta property=\"og:image:height\" content=\"480\" \/>\n\t<meta property=\"og:image:type\" content=\"image\/png\" \/>\n<meta name=\"author\" content=\"Mihai Pelin\" \/>\n<meta name=\"twitter:card\" content=\"summary_large_image\" \/>\n<meta name=\"twitter:label1\" content=\"Escrito por\" \/>\n\t<meta name=\"twitter:data1\" content=\"Mihai Pelin\" \/>\n\t<meta name=\"twitter:label2\" content=\"Tiempo de lectura\" \/>\n\t<meta name=\"twitter:data2\" content=\"3 minutos\" \/>\n\t<meta name=\"twitter:label3\" content=\"Written by\" \/>\n\t<meta name=\"twitter:data3\" content=\"Mihai Pelin\" \/>\n<script type=\"application\/ld+json\" class=\"yoast-schema-graph\">{\"@context\":\"https:\\\/\\\/schema.org\",\"@graph\":[{\"@type\":\"Article\",\"@id\":\"https:\\\/\\\/www.rri.ro\\\/es\\\/actualidad\\\/en-portada\\\/la-monarquia-rumana-150-anos-id202262.html#article\",\"isPartOf\":{\"@id\":\"https:\\\/\\\/www.rri.ro\\\/es\\\/actualidad\\\/en-portada\\\/la-monarquia-rumana-150-anos-id202262.html\"},\"author\":{\"name\":\"Mihai Pelin\",\"@id\":\"https:\\\/\\\/www.rri.ro\\\/#\\\/schema\\\/person\\\/c6036c822534c855dc3aad41a484f05d\"},\"headline\":\"La monarqu\u00eda rumana, 150 a\u00f1os\",\"datePublished\":\"2016-05-10T10:08:00+00:00\",\"dateModified\":\"2024-02-21T09:38:52+00:00\",\"mainEntityOfPage\":{\"@id\":\"https:\\\/\\\/www.rri.ro\\\/es\\\/actualidad\\\/en-portada\\\/la-monarquia-rumana-150-anos-id202262.html\"},\"wordCount\":569,\"image\":{\"@id\":\"https:\\\/\\\/www.rri.ro\\\/es\\\/actualidad\\\/en-portada\\\/la-monarquia-rumana-150-anos-id202262.html#primaryimage\"},\"thumbnailUrl\":\"https:\\\/\\\/www.rri.ro\\\/wp-content\\\/uploads\\\/2023\\\/10\\\/regele-mihai-margareta.png\",\"articleSection\":[\"En portada\"],\"inLanguage\":\"es\"},{\"@type\":\"WebPage\",\"@id\":\"https:\\\/\\\/www.rri.ro\\\/es\\\/actualidad\\\/en-portada\\\/la-monarquia-rumana-150-anos-id202262.html\",\"url\":\"https:\\\/\\\/www.rri.ro\\\/es\\\/actualidad\\\/en-portada\\\/la-monarquia-rumana-150-anos-id202262.html\",\"name\":\"La monarqu\u00eda rumana, 150 a\u00f1os - Radio Ruman\u00eda Internacional\",\"isPartOf\":{\"@id\":\"https:\\\/\\\/www.rri.ro\\\/#website\"},\"primaryImageOfPage\":{\"@id\":\"https:\\\/\\\/www.rri.ro\\\/es\\\/actualidad\\\/en-portada\\\/la-monarquia-rumana-150-anos-id202262.html#primaryimage\"},\"image\":{\"@id\":\"https:\\\/\\\/www.rri.ro\\\/es\\\/actualidad\\\/en-portada\\\/la-monarquia-rumana-150-anos-id202262.html#primaryimage\"},\"thumbnailUrl\":\"https:\\\/\\\/www.rri.ro\\\/wp-content\\\/uploads\\\/2023\\\/10\\\/regele-mihai-margareta.png\",\"datePublished\":\"2016-05-10T10:08:00+00:00\",\"dateModified\":\"2024-02-21T09:38:52+00:00\",\"author\":{\"@id\":\"https:\\\/\\\/www.rri.ro\\\/#\\\/schema\\\/person\\\/c6036c822534c855dc3aad41a484f05d\"},\"breadcrumb\":{\"@id\":\"https:\\\/\\\/www.rri.ro\\\/es\\\/actualidad\\\/en-portada\\\/la-monarquia-rumana-150-anos-id202262.html#breadcrumb\"},\"inLanguage\":\"es\",\"potentialAction\":[{\"@type\":\"ReadAction\",\"target\":[\"https:\\\/\\\/www.rri.ro\\\/es\\\/actualidad\\\/en-portada\\\/la-monarquia-rumana-150-anos-id202262.html\"]}]},{\"@type\":\"ImageObject\",\"inLanguage\":\"es\",\"@id\":\"https:\\\/\\\/www.rri.ro\\\/es\\\/actualidad\\\/en-portada\\\/la-monarquia-rumana-150-anos-id202262.html#primaryimage\",\"url\":\"https:\\\/\\\/www.rri.ro\\\/wp-content\\\/uploads\\\/2023\\\/10\\\/regele-mihai-margareta.png\",\"contentUrl\":\"https:\\\/\\\/www.rri.ro\\\/wp-content\\\/uploads\\\/2023\\\/10\\\/regele-mihai-margareta.png\",\"width\":640,\"height\":480},{\"@type\":\"BreadcrumbList\",\"@id\":\"https:\\\/\\\/www.rri.ro\\\/es\\\/actualidad\\\/en-portada\\\/la-monarquia-rumana-150-anos-id202262.html#breadcrumb\",\"itemListElement\":[{\"@type\":\"ListItem\",\"position\":1,\"name\":\"P\u00e1gina de inicio\",\"item\":\"https:\\\/\\\/www.rri.ro\\\/es\"},{\"@type\":\"ListItem\",\"position\":2,\"name\":\"Actualidad\",\"item\":\"https:\\\/\\\/www.rri.ro\\\/es\\\/actualidad\"},{\"@type\":\"ListItem\",\"position\":3,\"name\":\"En portada\",\"item\":\"https:\\\/\\\/www.rri.ro\\\/es\\\/actualidad\\\/en-portada\"},{\"@type\":\"ListItem\",\"position\":4,\"name\":\"La monarqu\u00eda rumana, 150 a\u00f1os\"}]},{\"@type\":\"WebSite\",\"@id\":\"https:\\\/\\\/www.rri.ro\\\/#website\",\"url\":\"https:\\\/\\\/www.rri.ro\\\/\",\"name\":\"Radio Ruman\u00eda Internacional\",\"description\":\"Totul despre Rom\u00e2nia \u015fi rom\u00e2ni, \u00een 13 limbi\\\/dialecte!\",\"inLanguage\":\"es\"},{\"@type\":\"Person\",\"@id\":\"https:\\\/\\\/www.rri.ro\\\/#\\\/schema\\\/person\\\/c6036c822534c855dc3aad41a484f05d\",\"name\":\"Mihai Pelin\",\"url\":\"https:\\\/\\\/www.rri.ro\\\/es\\\/author\\\/mihai-pelin\"}]}<\/script>\n<!-- \/ Yoast SEO plugin. -->","yoast_head_json":{"title":"La monarqu\u00eda rumana, 150 a\u00f1os - Radio Ruman\u00eda Internacional","robots":{"index":"index","follow":"follow","max-snippet":"max-snippet:-1","max-image-preview":"max-image-preview:large","max-video-preview":"max-video-preview:-1"},"canonical":"https:\/\/www.rri.ro\/es\/actualidad\/en-portada\/la-monarquia-rumana-150-anos-id202262.html","og_locale":"es_ES","og_type":"article","og_title":"La monarqu\u00eda rumana, 150 a\u00f1os - Radio Ruman\u00eda Internacional","og_description":"El 10 de mayo es d\u00eda de fiesta ya que se celebran los 150 a\u00f1os desde el inicio del reinado de Carlos I, la proclamaci\u00f3n de la Independencia del Estado y la coronaci\u00f3n del primer rey de Ruman\u00eda. El D\u00eda del Rey fue el d\u00eda nacional de Ruman\u00eda entre 1867 y","og_url":"https:\/\/www.rri.ro\/es\/actualidad\/en-portada\/la-monarquia-rumana-150-anos-id202262.html","og_site_name":"Radio Ruman\u00eda Internacional","article_published_time":"2016-05-10T10:08:00+00:00","article_modified_time":"2024-02-21T09:38:52+00:00","og_image":[{"width":640,"height":480,"url":"https:\/\/www.rri.ro\/wp-content\/uploads\/2023\/10\/regele-mihai-margareta.png","type":"image\/png"}],"author":"Mihai Pelin","twitter_card":"summary_large_image","twitter_misc":{"Escrito por":"Mihai Pelin","Tiempo de lectura":"3 minutos","Written by":"Mihai Pelin"},"schema":{"@context":"https:\/\/schema.org","@graph":[{"@type":"Article","@id":"https:\/\/www.rri.ro\/es\/actualidad\/en-portada\/la-monarquia-rumana-150-anos-id202262.html#article","isPartOf":{"@id":"https:\/\/www.rri.ro\/es\/actualidad\/en-portada\/la-monarquia-rumana-150-anos-id202262.html"},"author":{"name":"Mihai Pelin","@id":"https:\/\/www.rri.ro\/#\/schema\/person\/c6036c822534c855dc3aad41a484f05d"},"headline":"La monarqu\u00eda rumana, 150 a\u00f1os","datePublished":"2016-05-10T10:08:00+00:00","dateModified":"2024-02-21T09:38:52+00:00","mainEntityOfPage":{"@id":"https:\/\/www.rri.ro\/es\/actualidad\/en-portada\/la-monarquia-rumana-150-anos-id202262.html"},"wordCount":569,"image":{"@id":"https:\/\/www.rri.ro\/es\/actualidad\/en-portada\/la-monarquia-rumana-150-anos-id202262.html#primaryimage"},"thumbnailUrl":"https:\/\/www.rri.ro\/wp-content\/uploads\/2023\/10\/regele-mihai-margareta.png","articleSection":["En portada"],"inLanguage":"es"},{"@type":"WebPage","@id":"https:\/\/www.rri.ro\/es\/actualidad\/en-portada\/la-monarquia-rumana-150-anos-id202262.html","url":"https:\/\/www.rri.ro\/es\/actualidad\/en-portada\/la-monarquia-rumana-150-anos-id202262.html","name":"La monarqu\u00eda rumana, 150 a\u00f1os - Radio Ruman\u00eda Internacional","isPartOf":{"@id":"https:\/\/www.rri.ro\/#website"},"primaryImageOfPage":{"@id":"https:\/\/www.rri.ro\/es\/actualidad\/en-portada\/la-monarquia-rumana-150-anos-id202262.html#primaryimage"},"image":{"@id":"https:\/\/www.rri.ro\/es\/actualidad\/en-portada\/la-monarquia-rumana-150-anos-id202262.html#primaryimage"},"thumbnailUrl":"https:\/\/www.rri.ro\/wp-content\/uploads\/2023\/10\/regele-mihai-margareta.png","datePublished":"2016-05-10T10:08:00+00:00","dateModified":"2024-02-21T09:38:52+00:00","author":{"@id":"https:\/\/www.rri.ro\/#\/schema\/person\/c6036c822534c855dc3aad41a484f05d"},"breadcrumb":{"@id":"https:\/\/www.rri.ro\/es\/actualidad\/en-portada\/la-monarquia-rumana-150-anos-id202262.html#breadcrumb"},"inLanguage":"es","potentialAction":[{"@type":"ReadAction","target":["https:\/\/www.rri.ro\/es\/actualidad\/en-portada\/la-monarquia-rumana-150-anos-id202262.html"]}]},{"@type":"ImageObject","inLanguage":"es","@id":"https:\/\/www.rri.ro\/es\/actualidad\/en-portada\/la-monarquia-rumana-150-anos-id202262.html#primaryimage","url":"https:\/\/www.rri.ro\/wp-content\/uploads\/2023\/10\/regele-mihai-margareta.png","contentUrl":"https:\/\/www.rri.ro\/wp-content\/uploads\/2023\/10\/regele-mihai-margareta.png","width":640,"height":480},{"@type":"BreadcrumbList","@id":"https:\/\/www.rri.ro\/es\/actualidad\/en-portada\/la-monarquia-rumana-150-anos-id202262.html#breadcrumb","itemListElement":[{"@type":"ListItem","position":1,"name":"P\u00e1gina de inicio","item":"https:\/\/www.rri.ro\/es"},{"@type":"ListItem","position":2,"name":"Actualidad","item":"https:\/\/www.rri.ro\/es\/actualidad"},{"@type":"ListItem","position":3,"name":"En portada","item":"https:\/\/www.rri.ro\/es\/actualidad\/en-portada"},{"@type":"ListItem","position":4,"name":"La monarqu\u00eda rumana, 150 a\u00f1os"}]},{"@type":"WebSite","@id":"https:\/\/www.rri.ro\/#website","url":"https:\/\/www.rri.ro\/","name":"Radio Ruman\u00eda Internacional","description":"Totul despre Rom\u00e2nia \u015fi rom\u00e2ni, \u00een 13 limbi\/dialecte!","inLanguage":"es"},{"@type":"Person","@id":"https:\/\/www.rri.ro\/#\/schema\/person\/c6036c822534c855dc3aad41a484f05d","name":"Mihai Pelin","url":"https:\/\/www.rri.ro\/es\/author\/mihai-pelin"}]}},"_links":{"self":[{"href":"https:\/\/www.rri.ro\/es\/wp-json\/wp\/v2\/posts\/202262","targetHints":{"allow":["GET"]}}],"collection":[{"href":"https:\/\/www.rri.ro\/es\/wp-json\/wp\/v2\/posts"}],"about":[{"href":"https:\/\/www.rri.ro\/es\/wp-json\/wp\/v2\/types\/post"}],"author":[{"embeddable":true,"href":"https:\/\/www.rri.ro\/es\/wp-json\/wp\/v2\/users\/106"}],"replies":[{"embeddable":true,"href":"https:\/\/www.rri.ro\/es\/wp-json\/wp\/v2\/comments?post=202262"}],"version-history":[{"count":0,"href":"https:\/\/www.rri.ro\/es\/wp-json\/wp\/v2\/posts\/202262\/revisions"}],"wp:featuredmedia":[{"embeddable":true,"href":"https:\/\/www.rri.ro\/es\/wp-json\/wp\/v2\/media\/68456"}],"wp:attachment":[{"href":"https:\/\/www.rri.ro\/es\/wp-json\/wp\/v2\/media?parent=202262"}],"wp:term":[{"taxonomy":"category","embeddable":true,"href":"https:\/\/www.rri.ro\/es\/wp-json\/wp\/v2\/categories?post=202262"},{"taxonomy":"post_tag","embeddable":true,"href":"https:\/\/www.rri.ro\/es\/wp-json\/wp\/v2\/tags?post=202262"},{"taxonomy":"author","embeddable":true,"href":"https:\/\/www.rri.ro\/es\/wp-json\/wp\/v2\/coauthors?post=202262"}],"curies":[{"name":"wp","href":"https:\/\/api.w.org\/{rel}","templated":true}]}}