{"id":204484,"date":"2022-02-09T14:18:00","date_gmt":"2022-02-09T12:18:00","guid":{"rendered":"http:\/\/devrri.freshlemon.ro\/actualidad\/no-hay-riesgo-de-crisis-alimentaria-id204484.html"},"modified":"2024-02-21T13:25:40","modified_gmt":"2024-02-21T11:25:40","slug":"no-hay-riesgo-de-crisis-alimentaria","status":"publish","type":"post","link":"https:\/\/www.rri.ro\/es\/actualidad\/en-portada\/no-hay-riesgo-de-crisis-alimentaria-id204484.html","title":{"rendered":"No hay riesgo de crisis alimentaria"},"content":{"rendered":"<p>Tras la crisis sanitaria generada por la COVID-19 en todo el mundo, los especialistas est\u00e1n analizando ahora el riesgo de una crisis alimentaria determinada por la explosiva subida de precios y la falta de apoyo a los agricultores. Sin embargo, las asociaciones de empleadores y los sindicatos de la industria alimentaria garantizan que no existe riesgo de una crisis de este tipo en Ruman\u00eda. El presidente de la Federaci\u00f3n Nacional de Sindicatos de la Industria Alimentaria, Dragos Frumosu, explic\u00f3 en Radio Ruman\u00eda que adoptar medidas para limitar los precios de los alimentos, medida que se est\u00e1 analizando estos d\u00edas en Bucarest, pondr\u00eda en peligro el suministro de la poblaci\u00f3n y estimular\u00eda la especulaci\u00f3n. Drago\u015f Frumosu:<\/p>\n<p>&#13;<br \/>\n&#13;<\/p>\n<p><em>\u00abCreo que aprobar una medida que racionalice determinados alimentos b\u00e1sicos ser\u00eda un error muy grande, porque, en primer lugar, crear\u00eda mucho p\u00e1nico y, en segundo lugar, har\u00eda que la gente comprara grandes cantidades y as\u00ed terminar\u00edamos desperdiciando alimentos\u00bb. <\/em><\/p>\n<p>&#13;<br \/>\n&#13;<\/p>\n<p>Los productores de alimentos exigen estabilidad, previsibilidad y apoyo de los responsables de la toma de decisiones para poder continuar su actividad, dado el aumento de las facturas de luz y gas y el de los precios de las materias primas. El ministro de Agricultura, Adrian Chesnoiu, excluye la posibilidad de una crisis alimentaria en Ruman\u00eda, as\u00ed como el racionamiento de alimentos. Asegura que se est\u00e1n buscando soluciones que apoyen tanto a los ciudadanos como a los agricultores. Adrian Chesnoiu:<\/p>\n<p>&#13;<br \/>\n&#13;<\/p>\n<p><em>\u00abEstamos analizando varios m\u00e9todos de intervenci\u00f3n para apoyar tanto a los productores como a los ciudadanos. Actualmente, se presentan y se analizan soluciones destinadas a proteger a los rumanos y asegurar su canasta b\u00e1sica y analizamos el impacto de las medidas propuestas\u00bb. <\/em><\/p>\n<p>&#13;<br \/>\n&#13;<\/p>\n<p>Por su parte, el presidente del Partido Nacional Liberal (parte de la coalici\u00f3n gubernamental) Florin C\u00ee\u0163u, afirma que la limitaci\u00f3n de los precios de los alimentos conducir\u00eda a la pobreza porque ning\u00fan productor querr\u00e1 invertir en una industria donde los precios est\u00e1n limitados y Ruman\u00eda no va en esta direcci\u00f3n. Sin embargo, su socio en el Gobierno, el PSD no comparte la misma opini\u00f3n. Los socialdem\u00f3cratas proponen limitar los precios de los alimentos b\u00e1sicos durante un per\u00edodo determinado, siguiendo el modelo aplicado en el caso de la luz y el gas. El presidente del PSD, Marcel Ciolacu, agreg\u00f3, que el Gobierno tomar\u00e1 la decisi\u00f3n final despu\u00e9s de conversaciones que mantendr\u00e1 con los productores y comerciantes.<\/p>\n<p>&#13;<br \/>\n&#13;<\/p>\n<p>A nivel europeo, tras la crisis de la COVID-19, la UE ya est\u00e1 tomando medidas para evitar que los ciudadanos europeos se enfrenten a la escasez de alimentos durante las crisis. A finales del a\u00f1o pasado, la Comisi\u00f3n Europea adopt\u00f3 el Plan de Emergencia para el Suministro y la Seguridad Alimentaria y anunci\u00f3 que establecer\u00eda un Mecanismo Europeo de Preparaci\u00f3n y Respuesta ante una posible crisis alimentaria.<\/p>\n<p>&#13;<br \/>\n&#13;<\/p>\n<p>Versi\u00f3n en espa\u00f1ol: Victoria Sepciu<\/p>\n<p>&#13;<\/p>\n","protected":false},"excerpt":{"rendered":"<p>Tanto los especialistas en la materia como las autoridades aseguran que en Ruman\u00eda no existe, en este momento, ning\u00fan riesgo de crisis alimentaria.<\/p>\n","protected":false},"author":107,"featured_media":91044,"comment_status":"closed","ping_status":"closed","sticky":false,"template":"","format":"standard","meta":{"_acf_changed":false,"footnotes":""},"categories":[23],"tags":[],"coauthors":[],"class_list":["post-204484","post","type-post","status-publish","format-standard","has-post-thumbnail","hentry","category-en-portada"],"acf":[],"yoast_head":"<!-- This site is optimized with the Yoast SEO plugin v27.3 - https:\/\/yoast.com\/product\/yoast-seo-wordpress\/ -->\n<title>No hay riesgo de crisis alimentaria - Radio Ruman\u00eda Internacional<\/title>\n<meta name=\"robots\" content=\"index, follow, max-snippet:-1, max-image-preview:large, max-video-preview:-1\" \/>\n<link rel=\"canonical\" href=\"https:\/\/www.rri.ro\/es\/actualidad\/en-portada\/no-hay-riesgo-de-crisis-alimentaria-id204484.html\" \/>\n<meta property=\"og:locale\" content=\"es_ES\" \/>\n<meta property=\"og:type\" content=\"article\" \/>\n<meta property=\"og:title\" content=\"No hay riesgo de crisis alimentaria - Radio Ruman\u00eda Internacional\" \/>\n<meta property=\"og:description\" content=\"Tanto los especialistas en la materia como las autoridades aseguran que en Ruman\u00eda no existe, en este momento, ning\u00fan riesgo de crisis alimentaria.\" \/>\n<meta property=\"og:url\" content=\"https:\/\/www.rri.ro\/es\/actualidad\/en-portada\/no-hay-riesgo-de-crisis-alimentaria-id204484.html\" \/>\n<meta property=\"og:site_name\" content=\"Radio Ruman\u00eda Internacional\" \/>\n<meta property=\"article:published_time\" content=\"2022-02-09T12:18:00+00:00\" \/>\n<meta property=\"article:modified_time\" content=\"2024-02-21T11:25:40+00:00\" \/>\n<meta property=\"og:image\" content=\"https:\/\/www.rri.ro\/wp-content\/uploads\/2023\/10\/alimente-rafturi-supermarket-martijn-baudoin-unsplash-com.jpg\" \/>\n\t<meta property=\"og:image:width\" content=\"640\" \/>\n\t<meta property=\"og:image:height\" content=\"427\" \/>\n\t<meta property=\"og:image:type\" content=\"image\/jpeg\" \/>\n<meta name=\"author\" content=\"Daniela Budu\" \/>\n<meta name=\"twitter:card\" content=\"summary_large_image\" \/>\n<meta name=\"twitter:label1\" content=\"Escrito por\" \/>\n\t<meta name=\"twitter:data1\" content=\"Daniela Budu\" \/>\n\t<meta name=\"twitter:label2\" content=\"Tiempo de lectura\" \/>\n\t<meta name=\"twitter:data2\" content=\"3 minutos\" \/>\n\t<meta name=\"twitter:label3\" content=\"Written by\" \/>\n\t<meta name=\"twitter:data3\" content=\"Daniela Budu\" \/>\n<script type=\"application\/ld+json\" class=\"yoast-schema-graph\">{\"@context\":\"https:\\\/\\\/schema.org\",\"@graph\":[{\"@type\":\"Article\",\"@id\":\"https:\\\/\\\/www.rri.ro\\\/es\\\/actualidad\\\/en-portada\\\/no-hay-riesgo-de-crisis-alimentaria-id204484.html#article\",\"isPartOf\":{\"@id\":\"https:\\\/\\\/www.rri.ro\\\/es\\\/actualidad\\\/en-portada\\\/no-hay-riesgo-de-crisis-alimentaria-id204484.html\"},\"author\":{\"name\":\"Daniela Budu\",\"@id\":\"https:\\\/\\\/www.rri.ro\\\/#\\\/schema\\\/person\\\/b46b8f80d7d6e4b5ac9f14f0acbad0c4\"},\"headline\":\"No hay riesgo de crisis alimentaria\",\"datePublished\":\"2022-02-09T12:18:00+00:00\",\"dateModified\":\"2024-02-21T11:25:40+00:00\",\"mainEntityOfPage\":{\"@id\":\"https:\\\/\\\/www.rri.ro\\\/es\\\/actualidad\\\/en-portada\\\/no-hay-riesgo-de-crisis-alimentaria-id204484.html\"},\"wordCount\":508,\"image\":{\"@id\":\"https:\\\/\\\/www.rri.ro\\\/es\\\/actualidad\\\/en-portada\\\/no-hay-riesgo-de-crisis-alimentaria-id204484.html#primaryimage\"},\"thumbnailUrl\":\"https:\\\/\\\/www.rri.ro\\\/wp-content\\\/uploads\\\/2023\\\/10\\\/alimente-rafturi-supermarket-martijn-baudoin-unsplash-com.jpg\",\"articleSection\":[\"En portada\"],\"inLanguage\":\"es\"},{\"@type\":\"WebPage\",\"@id\":\"https:\\\/\\\/www.rri.ro\\\/es\\\/actualidad\\\/en-portada\\\/no-hay-riesgo-de-crisis-alimentaria-id204484.html\",\"url\":\"https:\\\/\\\/www.rri.ro\\\/es\\\/actualidad\\\/en-portada\\\/no-hay-riesgo-de-crisis-alimentaria-id204484.html\",\"name\":\"No hay riesgo de crisis alimentaria - Radio Ruman\u00eda Internacional\",\"isPartOf\":{\"@id\":\"https:\\\/\\\/www.rri.ro\\\/#website\"},\"primaryImageOfPage\":{\"@id\":\"https:\\\/\\\/www.rri.ro\\\/es\\\/actualidad\\\/en-portada\\\/no-hay-riesgo-de-crisis-alimentaria-id204484.html#primaryimage\"},\"image\":{\"@id\":\"https:\\\/\\\/www.rri.ro\\\/es\\\/actualidad\\\/en-portada\\\/no-hay-riesgo-de-crisis-alimentaria-id204484.html#primaryimage\"},\"thumbnailUrl\":\"https:\\\/\\\/www.rri.ro\\\/wp-content\\\/uploads\\\/2023\\\/10\\\/alimente-rafturi-supermarket-martijn-baudoin-unsplash-com.jpg\",\"datePublished\":\"2022-02-09T12:18:00+00:00\",\"dateModified\":\"2024-02-21T11:25:40+00:00\",\"author\":{\"@id\":\"https:\\\/\\\/www.rri.ro\\\/#\\\/schema\\\/person\\\/b46b8f80d7d6e4b5ac9f14f0acbad0c4\"},\"breadcrumb\":{\"@id\":\"https:\\\/\\\/www.rri.ro\\\/es\\\/actualidad\\\/en-portada\\\/no-hay-riesgo-de-crisis-alimentaria-id204484.html#breadcrumb\"},\"inLanguage\":\"es\",\"potentialAction\":[{\"@type\":\"ReadAction\",\"target\":[\"https:\\\/\\\/www.rri.ro\\\/es\\\/actualidad\\\/en-portada\\\/no-hay-riesgo-de-crisis-alimentaria-id204484.html\"]}]},{\"@type\":\"ImageObject\",\"inLanguage\":\"es\",\"@id\":\"https:\\\/\\\/www.rri.ro\\\/es\\\/actualidad\\\/en-portada\\\/no-hay-riesgo-de-crisis-alimentaria-id204484.html#primaryimage\",\"url\":\"https:\\\/\\\/www.rri.ro\\\/wp-content\\\/uploads\\\/2023\\\/10\\\/alimente-rafturi-supermarket-martijn-baudoin-unsplash-com.jpg\",\"contentUrl\":\"https:\\\/\\\/www.rri.ro\\\/wp-content\\\/uploads\\\/2023\\\/10\\\/alimente-rafturi-supermarket-martijn-baudoin-unsplash-com.jpg\",\"width\":640,\"height\":427},{\"@type\":\"BreadcrumbList\",\"@id\":\"https:\\\/\\\/www.rri.ro\\\/es\\\/actualidad\\\/en-portada\\\/no-hay-riesgo-de-crisis-alimentaria-id204484.html#breadcrumb\",\"itemListElement\":[{\"@type\":\"ListItem\",\"position\":1,\"name\":\"P\u00e1gina de inicio\",\"item\":\"https:\\\/\\\/www.rri.ro\\\/es\"},{\"@type\":\"ListItem\",\"position\":2,\"name\":\"Actualidad\",\"item\":\"https:\\\/\\\/www.rri.ro\\\/es\\\/actualidad\"},{\"@type\":\"ListItem\",\"position\":3,\"name\":\"En portada\",\"item\":\"https:\\\/\\\/www.rri.ro\\\/es\\\/actualidad\\\/en-portada\"},{\"@type\":\"ListItem\",\"position\":4,\"name\":\"No hay riesgo de crisis alimentaria\"}]},{\"@type\":\"WebSite\",\"@id\":\"https:\\\/\\\/www.rri.ro\\\/#website\",\"url\":\"https:\\\/\\\/www.rri.ro\\\/\",\"name\":\"Radio Ruman\u00eda Internacional\",\"description\":\"Totul despre Rom\u00e2nia \u015fi rom\u00e2ni, \u00een 13 limbi\\\/dialecte!\",\"inLanguage\":\"es\"},{\"@type\":\"Person\",\"@id\":\"https:\\\/\\\/www.rri.ro\\\/#\\\/schema\\\/person\\\/b46b8f80d7d6e4b5ac9f14f0acbad0c4\",\"name\":\"Daniela Budu\",\"url\":\"https:\\\/\\\/www.rri.ro\\\/es\\\/author\\\/daniela-budu\"}]}<\/script>\n<!-- \/ Yoast SEO plugin. -->","yoast_head_json":{"title":"No hay riesgo de crisis alimentaria - Radio Ruman\u00eda Internacional","robots":{"index":"index","follow":"follow","max-snippet":"max-snippet:-1","max-image-preview":"max-image-preview:large","max-video-preview":"max-video-preview:-1"},"canonical":"https:\/\/www.rri.ro\/es\/actualidad\/en-portada\/no-hay-riesgo-de-crisis-alimentaria-id204484.html","og_locale":"es_ES","og_type":"article","og_title":"No hay riesgo de crisis alimentaria - Radio Ruman\u00eda Internacional","og_description":"Tanto los especialistas en la materia como las autoridades aseguran que en Ruman\u00eda no existe, en este momento, ning\u00fan riesgo de crisis alimentaria.","og_url":"https:\/\/www.rri.ro\/es\/actualidad\/en-portada\/no-hay-riesgo-de-crisis-alimentaria-id204484.html","og_site_name":"Radio Ruman\u00eda Internacional","article_published_time":"2022-02-09T12:18:00+00:00","article_modified_time":"2024-02-21T11:25:40+00:00","og_image":[{"width":640,"height":427,"url":"https:\/\/www.rri.ro\/wp-content\/uploads\/2023\/10\/alimente-rafturi-supermarket-martijn-baudoin-unsplash-com.jpg","type":"image\/jpeg"}],"author":"Daniela Budu","twitter_card":"summary_large_image","twitter_misc":{"Escrito por":"Daniela Budu","Tiempo de lectura":"3 minutos","Written by":"Daniela Budu"},"schema":{"@context":"https:\/\/schema.org","@graph":[{"@type":"Article","@id":"https:\/\/www.rri.ro\/es\/actualidad\/en-portada\/no-hay-riesgo-de-crisis-alimentaria-id204484.html#article","isPartOf":{"@id":"https:\/\/www.rri.ro\/es\/actualidad\/en-portada\/no-hay-riesgo-de-crisis-alimentaria-id204484.html"},"author":{"name":"Daniela Budu","@id":"https:\/\/www.rri.ro\/#\/schema\/person\/b46b8f80d7d6e4b5ac9f14f0acbad0c4"},"headline":"No hay riesgo de crisis alimentaria","datePublished":"2022-02-09T12:18:00+00:00","dateModified":"2024-02-21T11:25:40+00:00","mainEntityOfPage":{"@id":"https:\/\/www.rri.ro\/es\/actualidad\/en-portada\/no-hay-riesgo-de-crisis-alimentaria-id204484.html"},"wordCount":508,"image":{"@id":"https:\/\/www.rri.ro\/es\/actualidad\/en-portada\/no-hay-riesgo-de-crisis-alimentaria-id204484.html#primaryimage"},"thumbnailUrl":"https:\/\/www.rri.ro\/wp-content\/uploads\/2023\/10\/alimente-rafturi-supermarket-martijn-baudoin-unsplash-com.jpg","articleSection":["En portada"],"inLanguage":"es"},{"@type":"WebPage","@id":"https:\/\/www.rri.ro\/es\/actualidad\/en-portada\/no-hay-riesgo-de-crisis-alimentaria-id204484.html","url":"https:\/\/www.rri.ro\/es\/actualidad\/en-portada\/no-hay-riesgo-de-crisis-alimentaria-id204484.html","name":"No hay riesgo de crisis alimentaria - Radio Ruman\u00eda Internacional","isPartOf":{"@id":"https:\/\/www.rri.ro\/#website"},"primaryImageOfPage":{"@id":"https:\/\/www.rri.ro\/es\/actualidad\/en-portada\/no-hay-riesgo-de-crisis-alimentaria-id204484.html#primaryimage"},"image":{"@id":"https:\/\/www.rri.ro\/es\/actualidad\/en-portada\/no-hay-riesgo-de-crisis-alimentaria-id204484.html#primaryimage"},"thumbnailUrl":"https:\/\/www.rri.ro\/wp-content\/uploads\/2023\/10\/alimente-rafturi-supermarket-martijn-baudoin-unsplash-com.jpg","datePublished":"2022-02-09T12:18:00+00:00","dateModified":"2024-02-21T11:25:40+00:00","author":{"@id":"https:\/\/www.rri.ro\/#\/schema\/person\/b46b8f80d7d6e4b5ac9f14f0acbad0c4"},"breadcrumb":{"@id":"https:\/\/www.rri.ro\/es\/actualidad\/en-portada\/no-hay-riesgo-de-crisis-alimentaria-id204484.html#breadcrumb"},"inLanguage":"es","potentialAction":[{"@type":"ReadAction","target":["https:\/\/www.rri.ro\/es\/actualidad\/en-portada\/no-hay-riesgo-de-crisis-alimentaria-id204484.html"]}]},{"@type":"ImageObject","inLanguage":"es","@id":"https:\/\/www.rri.ro\/es\/actualidad\/en-portada\/no-hay-riesgo-de-crisis-alimentaria-id204484.html#primaryimage","url":"https:\/\/www.rri.ro\/wp-content\/uploads\/2023\/10\/alimente-rafturi-supermarket-martijn-baudoin-unsplash-com.jpg","contentUrl":"https:\/\/www.rri.ro\/wp-content\/uploads\/2023\/10\/alimente-rafturi-supermarket-martijn-baudoin-unsplash-com.jpg","width":640,"height":427},{"@type":"BreadcrumbList","@id":"https:\/\/www.rri.ro\/es\/actualidad\/en-portada\/no-hay-riesgo-de-crisis-alimentaria-id204484.html#breadcrumb","itemListElement":[{"@type":"ListItem","position":1,"name":"P\u00e1gina de inicio","item":"https:\/\/www.rri.ro\/es"},{"@type":"ListItem","position":2,"name":"Actualidad","item":"https:\/\/www.rri.ro\/es\/actualidad"},{"@type":"ListItem","position":3,"name":"En portada","item":"https:\/\/www.rri.ro\/es\/actualidad\/en-portada"},{"@type":"ListItem","position":4,"name":"No hay riesgo de crisis alimentaria"}]},{"@type":"WebSite","@id":"https:\/\/www.rri.ro\/#website","url":"https:\/\/www.rri.ro\/","name":"Radio Ruman\u00eda Internacional","description":"Totul despre Rom\u00e2nia \u015fi rom\u00e2ni, \u00een 13 limbi\/dialecte!","inLanguage":"es"},{"@type":"Person","@id":"https:\/\/www.rri.ro\/#\/schema\/person\/b46b8f80d7d6e4b5ac9f14f0acbad0c4","name":"Daniela Budu","url":"https:\/\/www.rri.ro\/es\/author\/daniela-budu"}]}},"_links":{"self":[{"href":"https:\/\/www.rri.ro\/es\/wp-json\/wp\/v2\/posts\/204484","targetHints":{"allow":["GET"]}}],"collection":[{"href":"https:\/\/www.rri.ro\/es\/wp-json\/wp\/v2\/posts"}],"about":[{"href":"https:\/\/www.rri.ro\/es\/wp-json\/wp\/v2\/types\/post"}],"author":[{"embeddable":true,"href":"https:\/\/www.rri.ro\/es\/wp-json\/wp\/v2\/users\/107"}],"replies":[{"embeddable":true,"href":"https:\/\/www.rri.ro\/es\/wp-json\/wp\/v2\/comments?post=204484"}],"version-history":[{"count":0,"href":"https:\/\/www.rri.ro\/es\/wp-json\/wp\/v2\/posts\/204484\/revisions"}],"wp:featuredmedia":[{"embeddable":true,"href":"https:\/\/www.rri.ro\/es\/wp-json\/wp\/v2\/media\/91044"}],"wp:attachment":[{"href":"https:\/\/www.rri.ro\/es\/wp-json\/wp\/v2\/media?parent=204484"}],"wp:term":[{"taxonomy":"category","embeddable":true,"href":"https:\/\/www.rri.ro\/es\/wp-json\/wp\/v2\/categories?post=204484"},{"taxonomy":"post_tag","embeddable":true,"href":"https:\/\/www.rri.ro\/es\/wp-json\/wp\/v2\/tags?post=204484"},{"taxonomy":"author","embeddable":true,"href":"https:\/\/www.rri.ro\/es\/wp-json\/wp\/v2\/coauthors?post=204484"}],"curies":[{"name":"wp","href":"https:\/\/api.w.org\/{rel}","templated":true}]}}