{"id":204989,"date":"2023-02-28T14:37:00","date_gmt":"2023-02-28T12:37:00","guid":{"rendered":"http:\/\/devrri.freshlemon.ro\/actualidad\/nuevos-proyectos-de-ley-sobre-educacion-id204989.html"},"modified":"2024-02-21T13:33:05","modified_gmt":"2024-02-21T11:33:05","slug":"nuevos-proyectos-de-ley-sobre-educacion","status":"publish","type":"post","link":"https:\/\/www.rri.ro\/es\/actualidad\/en-portada\/nuevos-proyectos-de-ley-sobre-educacion-id204989.html","title":{"rendered":"Nuevos proyectos de ley sobre educaci\u00f3n"},"content":{"rendered":"<p>Despu\u00e9s de varios meses durante los cuales fueron analizadas por los expertos del Ministerio y los representantes de la coalici\u00f3n gubernamental de Ruman\u00eda, y despu\u00e9s de casi diez mil enmiendas, los nuevos proyectos de ley de Educaci\u00f3n han sido presentados este lunes por la ministra Ligia Deca. Basados, seg\u00fan afirma la ministra, en el proyecto \u00abRuman\u00eda educada\u00bb y en los informes de los expertos de la OCDE (Organizaci\u00f3n para la Cooperaci\u00f3n y el Desarrollo Econ\u00f3micos), los proyectos se proponen aumentar la calidad de la educaci\u00f3n y la reducci\u00f3n del analfabetismo funcional. Los cambios propuestos se realizan en el contexto de las cifras preocupantes que colocan a Ruman\u00eda en los \u00faltimos lugares de la clasificaci\u00f3n europea respecto al rendimiento educativo. Ligia Deca:<\/p>\n<p>&#13;<br \/>\n&#13;<\/p>\n<p><em>\u00abCinco de cada diez estudiantes de 15 a\u00f1os tienen conocimientos matem\u00e1ticos o cient\u00edficos por debajo del nivel m\u00ednimo de rendimiento, es decir, no pueden usar el pensamiento l\u00f3gico en situaciones cotidianas ni pueden explicar fen\u00f3menos o procesos cient\u00edficos conocidos. Cuatro de cada diez estudiantes de 15 a\u00f1os tienen competencias lectoras por debajo del nivel m\u00ednimo de rendimiento definido en el contexto del estudio PISA, es decir, leen un texto y no pueden extraer conclusiones f\u00e1cilmente. Dos de cada diez participantes en el examen de bachillerato no han aprobado, y tambi\u00e9n sabemos que tres de cada diez profesores de ciencias pocas veces crean una relaci\u00f3n entre las lecciones o la parte te\u00f3rica y lo que pueden ver los estudiantes en la vida diaria. Adem\u00e1s, seis de cada diez de ellos no han participado en ning\u00fan curso de ense\u00f1anza de las ciencias con m\u00e9todos modernos en los \u00faltimos dos a\u00f1os\u00bb.<\/em><\/p>\n<p>&#13;<br \/>\n&#13;<\/p>\n<p>Seg\u00fan el proyecto de Ley de la educaci\u00f3n preuniversitaria, uno de los cambios importantes ser\u00e1 la posibilidad de organizar un examen de ingreso para ocupar m\u00e1s de la mitad de las plazas en los institutos donde hay gran competencia. Ligia Deca lo explic\u00f3 as\u00ed:<\/p>\n<p>&#13;<br \/>\n&#13;<\/p>\n<p><em>\u00abLa Evaluaci\u00f3n Nacional tendr\u00e1 pruebas de lengua rumana, matem\u00e1ticas y, en su caso, lengua materna, por lo que no hay cambios en el formato actual. La novedad es el posible concurso de ingreso en el instituto. Si el instituto lo quiere y hay competencia demostrada en los a\u00f1os anteriores, en las especializaciones en las que haya una competencia probada, el 60 % de las plazas podr\u00e1n ocuparse mediante concurso\u00bb.<\/em><\/p>\n<p>&#13;<br \/>\n&#13;<\/p>\n<p>Respecto al bachillerato, al formato actual se a\u00f1adir\u00e1 una prueba \u00abcomplementaria\u00bb de habilidades b\u00e1sicas. Los nuevos proyectos de ley de educaci\u00f3n tambi\u00e9n prev\u00e9n, entre otros, aumentar las becas de m\u00e9rito y aquellas que se conceden a estudiantes con buenos resultados en las olimpiadas escolares, as\u00ed como aumentos salariales progresivos en el caso de los profesores. Pol\u00edticos, sindicatos y asociaciones de padres han acusado a la ministra de Educaci\u00f3n de falta de transparencia y de no haber organizado consultas con las personas interesadas respecto a las futuras leyes. Desde la oposici\u00f3n, la USR considera que los cambios presentados por la ministra Ligia Deca no pueden ser parte de un programa denominado \u00abRuman\u00eda educada\u00bb y no pueden modernizar el sistema de educaci\u00f3n. Sin embargo, el primer ministro opina que \u00abambos proyectos de acto normativo, que regulan la educaci\u00f3n preuniversitaria y superior, introducir\u00e1n normas y pr\u00e1cticas procedentes de los Estados europeos con antiguas tradiciones educativas y con buenos resultados a nivel internacional\u00bb.<\/p>\n<p>&#13;<br \/>\n&#13;<\/p>\n<p>&#13;<br \/>\n&#13;<\/p>\n<p>Autora: Daniela Budu<\/p>\n<p>&#13;<br \/>\n&#13;<\/p>\n<p>Traducci\u00f3n al espa\u00f1ol: Monica Tar\u0103u<\/p>\n<p>&#13;<\/p>\n","protected":false},"excerpt":{"rendered":"<p>El aumento de la calidad de la educaci\u00f3n y la reducci\u00f3n del analfabetismo funcional son los principales objetivos de las nuevas leyes de Educaci\u00f3n presentadas por la ministra Ligia Deca.<\/p>\n","protected":false},"author":107,"featured_media":93336,"comment_status":"closed","ping_status":"closed","sticky":false,"template":"","format":"standard","meta":{"_acf_changed":false,"footnotes":""},"categories":[23],"tags":[],"coauthors":[],"class_list":["post-204989","post","type-post","status-publish","format-standard","has-post-thumbnail","hentry","category-en-portada"],"acf":[],"yoast_head":"<!-- This site is optimized with the Yoast SEO plugin v27.3 - https:\/\/yoast.com\/product\/yoast-seo-wordpress\/ -->\n<title>Nuevos proyectos de ley sobre educaci\u00f3n - Radio Ruman\u00eda Internacional<\/title>\n<meta name=\"robots\" content=\"index, follow, max-snippet:-1, max-image-preview:large, max-video-preview:-1\" \/>\n<link rel=\"canonical\" href=\"https:\/\/www.rri.ro\/es\/actualidad\/en-portada\/nuevos-proyectos-de-ley-sobre-educacion-id204989.html\" \/>\n<meta property=\"og:locale\" content=\"es_ES\" \/>\n<meta property=\"og:type\" content=\"article\" \/>\n<meta property=\"og:title\" content=\"Nuevos proyectos de ley sobre educaci\u00f3n - Radio Ruman\u00eda Internacional\" \/>\n<meta property=\"og:description\" content=\"El aumento de la calidad de la educaci\u00f3n y la reducci\u00f3n del analfabetismo funcional son los principales objetivos de las nuevas leyes de Educaci\u00f3n presentadas por la ministra Ligia Deca.\" \/>\n<meta property=\"og:url\" content=\"https:\/\/www.rri.ro\/es\/actualidad\/en-portada\/nuevos-proyectos-de-ley-sobre-educacion-id204989.html\" \/>\n<meta property=\"og:site_name\" content=\"Radio Ruman\u00eda Internacional\" \/>\n<meta property=\"article:published_time\" content=\"2023-02-28T12:37:00+00:00\" \/>\n<meta property=\"article:modified_time\" content=\"2024-02-21T11:33:05+00:00\" \/>\n<meta property=\"og:image\" content=\"https:\/\/www.rri.ro\/wp-content\/uploads\/2023\/10\/ligia-deca-foto-facebook-ligia-deca.png\" \/>\n\t<meta property=\"og:image:width\" content=\"640\" \/>\n\t<meta property=\"og:image:height\" content=\"480\" \/>\n\t<meta property=\"og:image:type\" content=\"image\/png\" \/>\n<meta name=\"author\" content=\"Daniela Budu\" \/>\n<meta name=\"twitter:card\" content=\"summary_large_image\" \/>\n<meta name=\"twitter:label1\" content=\"Escrito por\" \/>\n\t<meta name=\"twitter:data1\" content=\"Daniela Budu\" \/>\n\t<meta name=\"twitter:label2\" content=\"Tiempo de lectura\" \/>\n\t<meta name=\"twitter:data2\" content=\"3 minutos\" \/>\n\t<meta name=\"twitter:label3\" content=\"Written by\" \/>\n\t<meta name=\"twitter:data3\" content=\"Daniela Budu\" \/>\n<script type=\"application\/ld+json\" class=\"yoast-schema-graph\">{\"@context\":\"https:\\\/\\\/schema.org\",\"@graph\":[{\"@type\":\"Article\",\"@id\":\"https:\\\/\\\/www.rri.ro\\\/es\\\/actualidad\\\/en-portada\\\/nuevos-proyectos-de-ley-sobre-educacion-id204989.html#article\",\"isPartOf\":{\"@id\":\"https:\\\/\\\/www.rri.ro\\\/es\\\/actualidad\\\/en-portada\\\/nuevos-proyectos-de-ley-sobre-educacion-id204989.html\"},\"author\":{\"name\":\"Daniela Budu\",\"@id\":\"https:\\\/\\\/www.rri.ro\\\/#\\\/schema\\\/person\\\/b46b8f80d7d6e4b5ac9f14f0acbad0c4\"},\"headline\":\"Nuevos proyectos de ley sobre educaci\u00f3n\",\"datePublished\":\"2023-02-28T12:37:00+00:00\",\"dateModified\":\"2024-02-21T11:33:05+00:00\",\"mainEntityOfPage\":{\"@id\":\"https:\\\/\\\/www.rri.ro\\\/es\\\/actualidad\\\/en-portada\\\/nuevos-proyectos-de-ley-sobre-educacion-id204989.html\"},\"wordCount\":608,\"image\":{\"@id\":\"https:\\\/\\\/www.rri.ro\\\/es\\\/actualidad\\\/en-portada\\\/nuevos-proyectos-de-ley-sobre-educacion-id204989.html#primaryimage\"},\"thumbnailUrl\":\"https:\\\/\\\/www.rri.ro\\\/wp-content\\\/uploads\\\/2023\\\/10\\\/ligia-deca-foto-facebook-ligia-deca.png\",\"articleSection\":[\"En portada\"],\"inLanguage\":\"es\"},{\"@type\":\"WebPage\",\"@id\":\"https:\\\/\\\/www.rri.ro\\\/es\\\/actualidad\\\/en-portada\\\/nuevos-proyectos-de-ley-sobre-educacion-id204989.html\",\"url\":\"https:\\\/\\\/www.rri.ro\\\/es\\\/actualidad\\\/en-portada\\\/nuevos-proyectos-de-ley-sobre-educacion-id204989.html\",\"name\":\"Nuevos proyectos de ley sobre educaci\u00f3n - Radio Ruman\u00eda Internacional\",\"isPartOf\":{\"@id\":\"https:\\\/\\\/www.rri.ro\\\/#website\"},\"primaryImageOfPage\":{\"@id\":\"https:\\\/\\\/www.rri.ro\\\/es\\\/actualidad\\\/en-portada\\\/nuevos-proyectos-de-ley-sobre-educacion-id204989.html#primaryimage\"},\"image\":{\"@id\":\"https:\\\/\\\/www.rri.ro\\\/es\\\/actualidad\\\/en-portada\\\/nuevos-proyectos-de-ley-sobre-educacion-id204989.html#primaryimage\"},\"thumbnailUrl\":\"https:\\\/\\\/www.rri.ro\\\/wp-content\\\/uploads\\\/2023\\\/10\\\/ligia-deca-foto-facebook-ligia-deca.png\",\"datePublished\":\"2023-02-28T12:37:00+00:00\",\"dateModified\":\"2024-02-21T11:33:05+00:00\",\"author\":{\"@id\":\"https:\\\/\\\/www.rri.ro\\\/#\\\/schema\\\/person\\\/b46b8f80d7d6e4b5ac9f14f0acbad0c4\"},\"breadcrumb\":{\"@id\":\"https:\\\/\\\/www.rri.ro\\\/es\\\/actualidad\\\/en-portada\\\/nuevos-proyectos-de-ley-sobre-educacion-id204989.html#breadcrumb\"},\"inLanguage\":\"es\",\"potentialAction\":[{\"@type\":\"ReadAction\",\"target\":[\"https:\\\/\\\/www.rri.ro\\\/es\\\/actualidad\\\/en-portada\\\/nuevos-proyectos-de-ley-sobre-educacion-id204989.html\"]}]},{\"@type\":\"ImageObject\",\"inLanguage\":\"es\",\"@id\":\"https:\\\/\\\/www.rri.ro\\\/es\\\/actualidad\\\/en-portada\\\/nuevos-proyectos-de-ley-sobre-educacion-id204989.html#primaryimage\",\"url\":\"https:\\\/\\\/www.rri.ro\\\/wp-content\\\/uploads\\\/2023\\\/10\\\/ligia-deca-foto-facebook-ligia-deca.png\",\"contentUrl\":\"https:\\\/\\\/www.rri.ro\\\/wp-content\\\/uploads\\\/2023\\\/10\\\/ligia-deca-foto-facebook-ligia-deca.png\",\"width\":640,\"height\":480},{\"@type\":\"BreadcrumbList\",\"@id\":\"https:\\\/\\\/www.rri.ro\\\/es\\\/actualidad\\\/en-portada\\\/nuevos-proyectos-de-ley-sobre-educacion-id204989.html#breadcrumb\",\"itemListElement\":[{\"@type\":\"ListItem\",\"position\":1,\"name\":\"P\u00e1gina de inicio\",\"item\":\"https:\\\/\\\/www.rri.ro\\\/es\"},{\"@type\":\"ListItem\",\"position\":2,\"name\":\"Actualidad\",\"item\":\"https:\\\/\\\/www.rri.ro\\\/es\\\/actualidad\"},{\"@type\":\"ListItem\",\"position\":3,\"name\":\"En portada\",\"item\":\"https:\\\/\\\/www.rri.ro\\\/es\\\/actualidad\\\/en-portada\"},{\"@type\":\"ListItem\",\"position\":4,\"name\":\"Nuevos proyectos de ley sobre educaci\u00f3n\"}]},{\"@type\":\"WebSite\",\"@id\":\"https:\\\/\\\/www.rri.ro\\\/#website\",\"url\":\"https:\\\/\\\/www.rri.ro\\\/\",\"name\":\"Radio Ruman\u00eda Internacional\",\"description\":\"Totul despre Rom\u00e2nia \u015fi rom\u00e2ni, \u00een 13 limbi\\\/dialecte!\",\"inLanguage\":\"es\"},{\"@type\":\"Person\",\"@id\":\"https:\\\/\\\/www.rri.ro\\\/#\\\/schema\\\/person\\\/b46b8f80d7d6e4b5ac9f14f0acbad0c4\",\"name\":\"Daniela Budu\",\"url\":\"https:\\\/\\\/www.rri.ro\\\/es\\\/author\\\/daniela-budu\"}]}<\/script>\n<!-- \/ Yoast SEO plugin. -->","yoast_head_json":{"title":"Nuevos proyectos de ley sobre educaci\u00f3n - Radio Ruman\u00eda Internacional","robots":{"index":"index","follow":"follow","max-snippet":"max-snippet:-1","max-image-preview":"max-image-preview:large","max-video-preview":"max-video-preview:-1"},"canonical":"https:\/\/www.rri.ro\/es\/actualidad\/en-portada\/nuevos-proyectos-de-ley-sobre-educacion-id204989.html","og_locale":"es_ES","og_type":"article","og_title":"Nuevos proyectos de ley sobre educaci\u00f3n - Radio Ruman\u00eda Internacional","og_description":"El aumento de la calidad de la educaci\u00f3n y la reducci\u00f3n del analfabetismo funcional son los principales objetivos de las nuevas leyes de Educaci\u00f3n presentadas por la ministra Ligia Deca.","og_url":"https:\/\/www.rri.ro\/es\/actualidad\/en-portada\/nuevos-proyectos-de-ley-sobre-educacion-id204989.html","og_site_name":"Radio Ruman\u00eda Internacional","article_published_time":"2023-02-28T12:37:00+00:00","article_modified_time":"2024-02-21T11:33:05+00:00","og_image":[{"width":640,"height":480,"url":"https:\/\/www.rri.ro\/wp-content\/uploads\/2023\/10\/ligia-deca-foto-facebook-ligia-deca.png","type":"image\/png"}],"author":"Daniela Budu","twitter_card":"summary_large_image","twitter_misc":{"Escrito por":"Daniela Budu","Tiempo de lectura":"3 minutos","Written by":"Daniela Budu"},"schema":{"@context":"https:\/\/schema.org","@graph":[{"@type":"Article","@id":"https:\/\/www.rri.ro\/es\/actualidad\/en-portada\/nuevos-proyectos-de-ley-sobre-educacion-id204989.html#article","isPartOf":{"@id":"https:\/\/www.rri.ro\/es\/actualidad\/en-portada\/nuevos-proyectos-de-ley-sobre-educacion-id204989.html"},"author":{"name":"Daniela Budu","@id":"https:\/\/www.rri.ro\/#\/schema\/person\/b46b8f80d7d6e4b5ac9f14f0acbad0c4"},"headline":"Nuevos proyectos de ley sobre educaci\u00f3n","datePublished":"2023-02-28T12:37:00+00:00","dateModified":"2024-02-21T11:33:05+00:00","mainEntityOfPage":{"@id":"https:\/\/www.rri.ro\/es\/actualidad\/en-portada\/nuevos-proyectos-de-ley-sobre-educacion-id204989.html"},"wordCount":608,"image":{"@id":"https:\/\/www.rri.ro\/es\/actualidad\/en-portada\/nuevos-proyectos-de-ley-sobre-educacion-id204989.html#primaryimage"},"thumbnailUrl":"https:\/\/www.rri.ro\/wp-content\/uploads\/2023\/10\/ligia-deca-foto-facebook-ligia-deca.png","articleSection":["En portada"],"inLanguage":"es"},{"@type":"WebPage","@id":"https:\/\/www.rri.ro\/es\/actualidad\/en-portada\/nuevos-proyectos-de-ley-sobre-educacion-id204989.html","url":"https:\/\/www.rri.ro\/es\/actualidad\/en-portada\/nuevos-proyectos-de-ley-sobre-educacion-id204989.html","name":"Nuevos proyectos de ley sobre educaci\u00f3n - Radio Ruman\u00eda Internacional","isPartOf":{"@id":"https:\/\/www.rri.ro\/#website"},"primaryImageOfPage":{"@id":"https:\/\/www.rri.ro\/es\/actualidad\/en-portada\/nuevos-proyectos-de-ley-sobre-educacion-id204989.html#primaryimage"},"image":{"@id":"https:\/\/www.rri.ro\/es\/actualidad\/en-portada\/nuevos-proyectos-de-ley-sobre-educacion-id204989.html#primaryimage"},"thumbnailUrl":"https:\/\/www.rri.ro\/wp-content\/uploads\/2023\/10\/ligia-deca-foto-facebook-ligia-deca.png","datePublished":"2023-02-28T12:37:00+00:00","dateModified":"2024-02-21T11:33:05+00:00","author":{"@id":"https:\/\/www.rri.ro\/#\/schema\/person\/b46b8f80d7d6e4b5ac9f14f0acbad0c4"},"breadcrumb":{"@id":"https:\/\/www.rri.ro\/es\/actualidad\/en-portada\/nuevos-proyectos-de-ley-sobre-educacion-id204989.html#breadcrumb"},"inLanguage":"es","potentialAction":[{"@type":"ReadAction","target":["https:\/\/www.rri.ro\/es\/actualidad\/en-portada\/nuevos-proyectos-de-ley-sobre-educacion-id204989.html"]}]},{"@type":"ImageObject","inLanguage":"es","@id":"https:\/\/www.rri.ro\/es\/actualidad\/en-portada\/nuevos-proyectos-de-ley-sobre-educacion-id204989.html#primaryimage","url":"https:\/\/www.rri.ro\/wp-content\/uploads\/2023\/10\/ligia-deca-foto-facebook-ligia-deca.png","contentUrl":"https:\/\/www.rri.ro\/wp-content\/uploads\/2023\/10\/ligia-deca-foto-facebook-ligia-deca.png","width":640,"height":480},{"@type":"BreadcrumbList","@id":"https:\/\/www.rri.ro\/es\/actualidad\/en-portada\/nuevos-proyectos-de-ley-sobre-educacion-id204989.html#breadcrumb","itemListElement":[{"@type":"ListItem","position":1,"name":"P\u00e1gina de inicio","item":"https:\/\/www.rri.ro\/es"},{"@type":"ListItem","position":2,"name":"Actualidad","item":"https:\/\/www.rri.ro\/es\/actualidad"},{"@type":"ListItem","position":3,"name":"En portada","item":"https:\/\/www.rri.ro\/es\/actualidad\/en-portada"},{"@type":"ListItem","position":4,"name":"Nuevos proyectos de ley sobre educaci\u00f3n"}]},{"@type":"WebSite","@id":"https:\/\/www.rri.ro\/#website","url":"https:\/\/www.rri.ro\/","name":"Radio Ruman\u00eda Internacional","description":"Totul despre Rom\u00e2nia \u015fi rom\u00e2ni, \u00een 13 limbi\/dialecte!","inLanguage":"es"},{"@type":"Person","@id":"https:\/\/www.rri.ro\/#\/schema\/person\/b46b8f80d7d6e4b5ac9f14f0acbad0c4","name":"Daniela Budu","url":"https:\/\/www.rri.ro\/es\/author\/daniela-budu"}]}},"_links":{"self":[{"href":"https:\/\/www.rri.ro\/es\/wp-json\/wp\/v2\/posts\/204989","targetHints":{"allow":["GET"]}}],"collection":[{"href":"https:\/\/www.rri.ro\/es\/wp-json\/wp\/v2\/posts"}],"about":[{"href":"https:\/\/www.rri.ro\/es\/wp-json\/wp\/v2\/types\/post"}],"author":[{"embeddable":true,"href":"https:\/\/www.rri.ro\/es\/wp-json\/wp\/v2\/users\/107"}],"replies":[{"embeddable":true,"href":"https:\/\/www.rri.ro\/es\/wp-json\/wp\/v2\/comments?post=204989"}],"version-history":[{"count":0,"href":"https:\/\/www.rri.ro\/es\/wp-json\/wp\/v2\/posts\/204989\/revisions"}],"wp:featuredmedia":[{"embeddable":true,"href":"https:\/\/www.rri.ro\/es\/wp-json\/wp\/v2\/media\/93336"}],"wp:attachment":[{"href":"https:\/\/www.rri.ro\/es\/wp-json\/wp\/v2\/media?parent=204989"}],"wp:term":[{"taxonomy":"category","embeddable":true,"href":"https:\/\/www.rri.ro\/es\/wp-json\/wp\/v2\/categories?post=204989"},{"taxonomy":"post_tag","embeddable":true,"href":"https:\/\/www.rri.ro\/es\/wp-json\/wp\/v2\/tags?post=204989"},{"taxonomy":"author","embeddable":true,"href":"https:\/\/www.rri.ro\/es\/wp-json\/wp\/v2\/coauthors?post=204989"}],"curies":[{"name":"wp","href":"https:\/\/api.w.org\/{rel}","templated":true}]}}