{"id":205007,"date":"2023-03-07T14:22:00","date_gmt":"2023-03-07T12:22:00","guid":{"rendered":"http:\/\/devrri.freshlemon.ro\/actualidad\/brote-de-covid-en-timisoara-id205007.html"},"modified":"2024-02-21T13:33:12","modified_gmt":"2024-02-21T11:33:12","slug":"brote-de-covid-en-timisoara","status":"publish","type":"post","link":"https:\/\/www.rri.ro\/es\/actualidad\/en-portada\/brote-de-covid-en-timisoara-id205007.html","title":{"rendered":"Brote de COVID en Timi\u0219oara"},"content":{"rendered":"<p>Despu\u00e9s de muchos meses en los que los rumanos ya no estaban preocupados por el coronavirus, los casos de COVID empiezan a multiplicarse de nuevo en Ruman\u00eda, seg\u00fan datos oficiales. Tambi\u00e9n ha aparecido un nuevo brote en un hospital infantil de Timi\u0219oara (oeste), el primero despu\u00e9s de mucho tiempo, que se encuentra bajo vigilancia epidemiol\u00f3gica. La mayor\u00eda de los infectados son pacientes, pero tambi\u00e9n personal m\u00e9dico y familiares. Las autoridades han tomado las medidas necesarias y el portavoz de la unidad sanitaria asegura que la situaci\u00f3n est\u00e1 bajo control. Este ha precisado que el hospital tiene la experiencia de dos brotes de COVID durante la pandemia cuando la situaci\u00f3n era m\u00e1s grave.<\/p>\n<p>&#13;<br \/>\n&#13;<\/p>\n<p> Volviendo a la situaci\u00f3n en todo el pa\u00eds, el Instituto Nacional de Salud P\u00fablica anuncia que m\u00e1s de 5.700 personas dieron positivas en las pruebas de COVID realizadas la semana pasada y la cifra es m\u00e1s del doble que la reportada hace un mes. En la \u00faltima semana tambi\u00e9n se han registrado 32 muertes. Y en los hospitales, el n\u00famero de pacientes infectados por el SARS-CoV-2 va en aumento. Actualmente, hay m\u00e1s de 1.200 personas hospitalizadas en salas y unas 150 en cuidados intensivos.<\/p>\n<p>&#13;<br \/>\n&#13;<\/p>\n<p>Fuera del foco de la atenci\u00f3n p\u00fablica, la vacunaci\u00f3n anti-COVID contin\u00faa t\u00edmidamente. Toda la semana pasada, poco m\u00e1s de 500 personas recibieron una dosis del suero. La mayor\u00eda fue vacunada con Pfizer \u00d3micron, la vacuna adaptada a las nuevas cepas de coronavirus, que se administra en Ruman\u00eda desde finales de noviembre del a\u00f1o pasado. Las autoridades contin\u00faan recomendando la vacunaci\u00f3n anti-Covid, especialmente para las personas de los grupos de riesgo porque, en su opini\u00f3n, la vacunaci\u00f3n reduce el riesgo de infecci\u00f3n y transmisi\u00f3n del virus, adem\u00e1s de reducir considerablemente el peligro de hospitalizaci\u00f3n y el riesgo de muerte. A pesar de los reiterados llamamientos de las autoridades, en los m\u00e1s de dos a\u00f1os de existencia de la vacuna en Ruman\u00eda, menos de la mitad de la poblaci\u00f3n elegible ha decidido administrar el suero, es decir, algo m\u00e1s de ocho millones de personas.<\/p>\n<p>&#13;<br \/>\n&#13;<\/p>\n<p>Y desde hace m\u00e1s de tres a\u00f1os, cuando empezaron a aparecer casos de COVID en Ruman\u00eda tambi\u00e9n, m\u00e1s de 3,3 millones de personas se han infectado por el nuevo coronavirus y unas 68 mil han perdido la vida como consecuencia de la infecci\u00f3n. Mientras tanto, la atenci\u00f3n de las autoridades de Bucarest tambi\u00e9n se centra en otros proyectos relacionados con la salud. El Senado, como primera c\u00e1mara revisora, adopt\u00f3 la iniciativa legislativa sobre el derecho del paciente a la medicina personalizada. En concreto, la medicina personalizada significa que los pacientes que padecen la misma enfermedad recibir\u00e1n diferentes tratamientos en funci\u00f3n de la recomendaci\u00f3n de un especialista despu\u00e9s de presentarles las opciones m\u00e9dicas, con los beneficios y riesgos estimados. El documento pasar\u00e1 ahora a la C\u00e1mara de los Diputados, que es el \u00f3rgano decisorio en este caso.<\/p>\n<p>&#13;<br \/>\n&#13;<\/p>\n<p>&#13;\n <\/p>\n<p>&#13;<br \/>\n&#13;<\/p>\n<p>&#13;<br \/>\n&#13;<\/p>\n<p>&#13;<br \/>\n&#13;<\/p>\n<p>&#13;<br \/>\n&#13;<\/p>\n<p>&#13;<br \/>\n&#13;<\/p>\n<p>&#13;<br \/>\n&#13;<\/p>\n<p>&#13;<\/p>\n","protected":false},"excerpt":{"rendered":"<p>Un nuevo brote de COVID ha aparecido en Ruman\u00eda.<\/p>\n","protected":false},"author":107,"featured_media":86120,"comment_status":"closed","ping_status":"closed","sticky":false,"template":"","format":"standard","meta":{"_acf_changed":false,"footnotes":""},"categories":[23],"tags":[],"coauthors":[],"class_list":["post-205007","post","type-post","status-publish","format-standard","has-post-thumbnail","hentry","category-en-portada"],"acf":[],"yoast_head":"<!-- This site is optimized with the Yoast SEO plugin v27.3 - https:\/\/yoast.com\/product\/yoast-seo-wordpress\/ -->\n<title>Brote de COVID en Timi\u0219oara - Radio Ruman\u00eda Internacional<\/title>\n<meta name=\"robots\" content=\"index, follow, max-snippet:-1, max-image-preview:large, max-video-preview:-1\" \/>\n<link rel=\"canonical\" href=\"https:\/\/www.rri.ro\/es\/actualidad\/en-portada\/brote-de-covid-en-timisoara-id205007.html\" \/>\n<meta property=\"og:locale\" content=\"es_ES\" \/>\n<meta property=\"og:type\" content=\"article\" \/>\n<meta property=\"og:title\" content=\"Brote de COVID en Timi\u0219oara - Radio Ruman\u00eda Internacional\" \/>\n<meta property=\"og:description\" content=\"Un nuevo brote de COVID ha aparecido en Ruman\u00eda.\" \/>\n<meta property=\"og:url\" content=\"https:\/\/www.rri.ro\/es\/actualidad\/en-portada\/brote-de-covid-en-timisoara-id205007.html\" \/>\n<meta property=\"og:site_name\" content=\"Radio Ruman\u00eda Internacional\" \/>\n<meta property=\"article:published_time\" content=\"2023-03-07T12:22:00+00:00\" \/>\n<meta property=\"article:modified_time\" content=\"2024-02-21T11:33:12+00:00\" \/>\n<meta property=\"og:image\" content=\"https:\/\/www.rri.ro\/wp-content\/uploads\/2023\/10\/pandemie-covid19-coronavirus-foto-pixabay-com.png\" \/>\n\t<meta property=\"og:image:width\" content=\"640\" \/>\n\t<meta property=\"og:image:height\" content=\"427\" \/>\n\t<meta property=\"og:image:type\" content=\"image\/png\" \/>\n<meta name=\"author\" content=\"Daniela Budu\" \/>\n<meta name=\"twitter:card\" content=\"summary_large_image\" \/>\n<meta name=\"twitter:label1\" content=\"Escrito por\" \/>\n\t<meta name=\"twitter:data1\" content=\"Daniela Budu\" \/>\n\t<meta name=\"twitter:label2\" content=\"Tiempo de lectura\" \/>\n\t<meta name=\"twitter:data2\" content=\"3 minutos\" \/>\n\t<meta name=\"twitter:label3\" content=\"Written by\" \/>\n\t<meta name=\"twitter:data3\" content=\"Daniela Budu\" \/>\n<script type=\"application\/ld+json\" class=\"yoast-schema-graph\">{\"@context\":\"https:\\\/\\\/schema.org\",\"@graph\":[{\"@type\":\"Article\",\"@id\":\"https:\\\/\\\/www.rri.ro\\\/es\\\/actualidad\\\/en-portada\\\/brote-de-covid-en-timisoara-id205007.html#article\",\"isPartOf\":{\"@id\":\"https:\\\/\\\/www.rri.ro\\\/es\\\/actualidad\\\/en-portada\\\/brote-de-covid-en-timisoara-id205007.html\"},\"author\":{\"name\":\"Daniela Budu\",\"@id\":\"https:\\\/\\\/www.rri.ro\\\/#\\\/schema\\\/person\\\/b46b8f80d7d6e4b5ac9f14f0acbad0c4\"},\"headline\":\"Brote de COVID en Timi\u0219oara\",\"datePublished\":\"2023-03-07T12:22:00+00:00\",\"dateModified\":\"2024-02-21T11:33:12+00:00\",\"mainEntityOfPage\":{\"@id\":\"https:\\\/\\\/www.rri.ro\\\/es\\\/actualidad\\\/en-portada\\\/brote-de-covid-en-timisoara-id205007.html\"},\"wordCount\":531,\"image\":{\"@id\":\"https:\\\/\\\/www.rri.ro\\\/es\\\/actualidad\\\/en-portada\\\/brote-de-covid-en-timisoara-id205007.html#primaryimage\"},\"thumbnailUrl\":\"https:\\\/\\\/www.rri.ro\\\/wp-content\\\/uploads\\\/2023\\\/10\\\/pandemie-covid19-coronavirus-foto-pixabay-com.png\",\"articleSection\":[\"En portada\"],\"inLanguage\":\"es\"},{\"@type\":\"WebPage\",\"@id\":\"https:\\\/\\\/www.rri.ro\\\/es\\\/actualidad\\\/en-portada\\\/brote-de-covid-en-timisoara-id205007.html\",\"url\":\"https:\\\/\\\/www.rri.ro\\\/es\\\/actualidad\\\/en-portada\\\/brote-de-covid-en-timisoara-id205007.html\",\"name\":\"Brote de COVID en Timi\u0219oara - Radio Ruman\u00eda Internacional\",\"isPartOf\":{\"@id\":\"https:\\\/\\\/www.rri.ro\\\/#website\"},\"primaryImageOfPage\":{\"@id\":\"https:\\\/\\\/www.rri.ro\\\/es\\\/actualidad\\\/en-portada\\\/brote-de-covid-en-timisoara-id205007.html#primaryimage\"},\"image\":{\"@id\":\"https:\\\/\\\/www.rri.ro\\\/es\\\/actualidad\\\/en-portada\\\/brote-de-covid-en-timisoara-id205007.html#primaryimage\"},\"thumbnailUrl\":\"https:\\\/\\\/www.rri.ro\\\/wp-content\\\/uploads\\\/2023\\\/10\\\/pandemie-covid19-coronavirus-foto-pixabay-com.png\",\"datePublished\":\"2023-03-07T12:22:00+00:00\",\"dateModified\":\"2024-02-21T11:33:12+00:00\",\"author\":{\"@id\":\"https:\\\/\\\/www.rri.ro\\\/#\\\/schema\\\/person\\\/b46b8f80d7d6e4b5ac9f14f0acbad0c4\"},\"breadcrumb\":{\"@id\":\"https:\\\/\\\/www.rri.ro\\\/es\\\/actualidad\\\/en-portada\\\/brote-de-covid-en-timisoara-id205007.html#breadcrumb\"},\"inLanguage\":\"es\",\"potentialAction\":[{\"@type\":\"ReadAction\",\"target\":[\"https:\\\/\\\/www.rri.ro\\\/es\\\/actualidad\\\/en-portada\\\/brote-de-covid-en-timisoara-id205007.html\"]}]},{\"@type\":\"ImageObject\",\"inLanguage\":\"es\",\"@id\":\"https:\\\/\\\/www.rri.ro\\\/es\\\/actualidad\\\/en-portada\\\/brote-de-covid-en-timisoara-id205007.html#primaryimage\",\"url\":\"https:\\\/\\\/www.rri.ro\\\/wp-content\\\/uploads\\\/2023\\\/10\\\/pandemie-covid19-coronavirus-foto-pixabay-com.png\",\"contentUrl\":\"https:\\\/\\\/www.rri.ro\\\/wp-content\\\/uploads\\\/2023\\\/10\\\/pandemie-covid19-coronavirus-foto-pixabay-com.png\",\"width\":640,\"height\":427},{\"@type\":\"BreadcrumbList\",\"@id\":\"https:\\\/\\\/www.rri.ro\\\/es\\\/actualidad\\\/en-portada\\\/brote-de-covid-en-timisoara-id205007.html#breadcrumb\",\"itemListElement\":[{\"@type\":\"ListItem\",\"position\":1,\"name\":\"P\u00e1gina de inicio\",\"item\":\"https:\\\/\\\/www.rri.ro\\\/es\"},{\"@type\":\"ListItem\",\"position\":2,\"name\":\"Actualidad\",\"item\":\"https:\\\/\\\/www.rri.ro\\\/es\\\/actualidad\"},{\"@type\":\"ListItem\",\"position\":3,\"name\":\"En portada\",\"item\":\"https:\\\/\\\/www.rri.ro\\\/es\\\/actualidad\\\/en-portada\"},{\"@type\":\"ListItem\",\"position\":4,\"name\":\"Brote de COVID en Timi\u0219oara\"}]},{\"@type\":\"WebSite\",\"@id\":\"https:\\\/\\\/www.rri.ro\\\/#website\",\"url\":\"https:\\\/\\\/www.rri.ro\\\/\",\"name\":\"Radio Ruman\u00eda Internacional\",\"description\":\"Totul despre Rom\u00e2nia \u015fi rom\u00e2ni, \u00een 13 limbi\\\/dialecte!\",\"inLanguage\":\"es\"},{\"@type\":\"Person\",\"@id\":\"https:\\\/\\\/www.rri.ro\\\/#\\\/schema\\\/person\\\/b46b8f80d7d6e4b5ac9f14f0acbad0c4\",\"name\":\"Daniela Budu\",\"url\":\"https:\\\/\\\/www.rri.ro\\\/es\\\/author\\\/daniela-budu\"}]}<\/script>\n<!-- \/ Yoast SEO plugin. -->","yoast_head_json":{"title":"Brote de COVID en Timi\u0219oara - Radio Ruman\u00eda Internacional","robots":{"index":"index","follow":"follow","max-snippet":"max-snippet:-1","max-image-preview":"max-image-preview:large","max-video-preview":"max-video-preview:-1"},"canonical":"https:\/\/www.rri.ro\/es\/actualidad\/en-portada\/brote-de-covid-en-timisoara-id205007.html","og_locale":"es_ES","og_type":"article","og_title":"Brote de COVID en Timi\u0219oara - Radio Ruman\u00eda Internacional","og_description":"Un nuevo brote de COVID ha aparecido en Ruman\u00eda.","og_url":"https:\/\/www.rri.ro\/es\/actualidad\/en-portada\/brote-de-covid-en-timisoara-id205007.html","og_site_name":"Radio Ruman\u00eda Internacional","article_published_time":"2023-03-07T12:22:00+00:00","article_modified_time":"2024-02-21T11:33:12+00:00","og_image":[{"width":640,"height":427,"url":"https:\/\/www.rri.ro\/wp-content\/uploads\/2023\/10\/pandemie-covid19-coronavirus-foto-pixabay-com.png","type":"image\/png"}],"author":"Daniela Budu","twitter_card":"summary_large_image","twitter_misc":{"Escrito por":"Daniela Budu","Tiempo de lectura":"3 minutos","Written by":"Daniela Budu"},"schema":{"@context":"https:\/\/schema.org","@graph":[{"@type":"Article","@id":"https:\/\/www.rri.ro\/es\/actualidad\/en-portada\/brote-de-covid-en-timisoara-id205007.html#article","isPartOf":{"@id":"https:\/\/www.rri.ro\/es\/actualidad\/en-portada\/brote-de-covid-en-timisoara-id205007.html"},"author":{"name":"Daniela Budu","@id":"https:\/\/www.rri.ro\/#\/schema\/person\/b46b8f80d7d6e4b5ac9f14f0acbad0c4"},"headline":"Brote de COVID en Timi\u0219oara","datePublished":"2023-03-07T12:22:00+00:00","dateModified":"2024-02-21T11:33:12+00:00","mainEntityOfPage":{"@id":"https:\/\/www.rri.ro\/es\/actualidad\/en-portada\/brote-de-covid-en-timisoara-id205007.html"},"wordCount":531,"image":{"@id":"https:\/\/www.rri.ro\/es\/actualidad\/en-portada\/brote-de-covid-en-timisoara-id205007.html#primaryimage"},"thumbnailUrl":"https:\/\/www.rri.ro\/wp-content\/uploads\/2023\/10\/pandemie-covid19-coronavirus-foto-pixabay-com.png","articleSection":["En portada"],"inLanguage":"es"},{"@type":"WebPage","@id":"https:\/\/www.rri.ro\/es\/actualidad\/en-portada\/brote-de-covid-en-timisoara-id205007.html","url":"https:\/\/www.rri.ro\/es\/actualidad\/en-portada\/brote-de-covid-en-timisoara-id205007.html","name":"Brote de COVID en Timi\u0219oara - Radio Ruman\u00eda Internacional","isPartOf":{"@id":"https:\/\/www.rri.ro\/#website"},"primaryImageOfPage":{"@id":"https:\/\/www.rri.ro\/es\/actualidad\/en-portada\/brote-de-covid-en-timisoara-id205007.html#primaryimage"},"image":{"@id":"https:\/\/www.rri.ro\/es\/actualidad\/en-portada\/brote-de-covid-en-timisoara-id205007.html#primaryimage"},"thumbnailUrl":"https:\/\/www.rri.ro\/wp-content\/uploads\/2023\/10\/pandemie-covid19-coronavirus-foto-pixabay-com.png","datePublished":"2023-03-07T12:22:00+00:00","dateModified":"2024-02-21T11:33:12+00:00","author":{"@id":"https:\/\/www.rri.ro\/#\/schema\/person\/b46b8f80d7d6e4b5ac9f14f0acbad0c4"},"breadcrumb":{"@id":"https:\/\/www.rri.ro\/es\/actualidad\/en-portada\/brote-de-covid-en-timisoara-id205007.html#breadcrumb"},"inLanguage":"es","potentialAction":[{"@type":"ReadAction","target":["https:\/\/www.rri.ro\/es\/actualidad\/en-portada\/brote-de-covid-en-timisoara-id205007.html"]}]},{"@type":"ImageObject","inLanguage":"es","@id":"https:\/\/www.rri.ro\/es\/actualidad\/en-portada\/brote-de-covid-en-timisoara-id205007.html#primaryimage","url":"https:\/\/www.rri.ro\/wp-content\/uploads\/2023\/10\/pandemie-covid19-coronavirus-foto-pixabay-com.png","contentUrl":"https:\/\/www.rri.ro\/wp-content\/uploads\/2023\/10\/pandemie-covid19-coronavirus-foto-pixabay-com.png","width":640,"height":427},{"@type":"BreadcrumbList","@id":"https:\/\/www.rri.ro\/es\/actualidad\/en-portada\/brote-de-covid-en-timisoara-id205007.html#breadcrumb","itemListElement":[{"@type":"ListItem","position":1,"name":"P\u00e1gina de inicio","item":"https:\/\/www.rri.ro\/es"},{"@type":"ListItem","position":2,"name":"Actualidad","item":"https:\/\/www.rri.ro\/es\/actualidad"},{"@type":"ListItem","position":3,"name":"En portada","item":"https:\/\/www.rri.ro\/es\/actualidad\/en-portada"},{"@type":"ListItem","position":4,"name":"Brote de COVID en Timi\u0219oara"}]},{"@type":"WebSite","@id":"https:\/\/www.rri.ro\/#website","url":"https:\/\/www.rri.ro\/","name":"Radio Ruman\u00eda Internacional","description":"Totul despre Rom\u00e2nia \u015fi rom\u00e2ni, \u00een 13 limbi\/dialecte!","inLanguage":"es"},{"@type":"Person","@id":"https:\/\/www.rri.ro\/#\/schema\/person\/b46b8f80d7d6e4b5ac9f14f0acbad0c4","name":"Daniela Budu","url":"https:\/\/www.rri.ro\/es\/author\/daniela-budu"}]}},"_links":{"self":[{"href":"https:\/\/www.rri.ro\/es\/wp-json\/wp\/v2\/posts\/205007","targetHints":{"allow":["GET"]}}],"collection":[{"href":"https:\/\/www.rri.ro\/es\/wp-json\/wp\/v2\/posts"}],"about":[{"href":"https:\/\/www.rri.ro\/es\/wp-json\/wp\/v2\/types\/post"}],"author":[{"embeddable":true,"href":"https:\/\/www.rri.ro\/es\/wp-json\/wp\/v2\/users\/107"}],"replies":[{"embeddable":true,"href":"https:\/\/www.rri.ro\/es\/wp-json\/wp\/v2\/comments?post=205007"}],"version-history":[{"count":0,"href":"https:\/\/www.rri.ro\/es\/wp-json\/wp\/v2\/posts\/205007\/revisions"}],"wp:featuredmedia":[{"embeddable":true,"href":"https:\/\/www.rri.ro\/es\/wp-json\/wp\/v2\/media\/86120"}],"wp:attachment":[{"href":"https:\/\/www.rri.ro\/es\/wp-json\/wp\/v2\/media?parent=205007"}],"wp:term":[{"taxonomy":"category","embeddable":true,"href":"https:\/\/www.rri.ro\/es\/wp-json\/wp\/v2\/categories?post=205007"},{"taxonomy":"post_tag","embeddable":true,"href":"https:\/\/www.rri.ro\/es\/wp-json\/wp\/v2\/tags?post=205007"},{"taxonomy":"author","embeddable":true,"href":"https:\/\/www.rri.ro\/es\/wp-json\/wp\/v2\/coauthors?post=205007"}],"curies":[{"name":"wp","href":"https:\/\/api.w.org\/{rel}","templated":true}]}}