{"id":205011,"date":"2023-03-13T13:33:00","date_gmt":"2023-03-13T11:33:00","guid":{"rendered":"http:\/\/devrri.freshlemon.ro\/actualidad\/sobre-el-abandono-escolar-en-rumania-id205011.html"},"modified":"2024-02-21T13:33:17","modified_gmt":"2024-02-21T11:33:17","slug":"sobre-el-abandono-escolar-en-rumania","status":"publish","type":"post","link":"https:\/\/www.rri.ro\/es\/actualidad\/en-portada\/sobre-el-abandono-escolar-en-rumania-id205011.html","title":{"rendered":"Sobre el abandono escolar en Ruman\u00eda"},"content":{"rendered":"<p>Con un \u00edndice del 15 %, Ruman\u00eda se encuentra lejos del objetivo de la UE de erradicar el abandono escolar temprano, teniendo en cuenta que el promedio europeo alcanza la mitad y los Estados modernos se sit\u00faan por debajo del 3 %. En Ruman\u00eda, anualmente, m\u00e1s de 45.000 ni\u00f1os dejan de ir a la escuela, y casi la mitad de los ni\u00f1os en el medio rural est\u00e1n al borde de la pobreza y de la exclusi\u00f3n social. Adem\u00e1s, seg\u00fan indican las estad\u00edsticas oficiales, seis de cada diez ni\u00f1os del medio rural rumano tienen dificultad para leer y escribir. Una investigaci\u00f3n publicada recientemente por el Centro Nacional de Pol\u00edticas y Evaluaci\u00f3n en la Educaci\u00f3n muestra que, en Ruman\u00eda, solo tres cuartos de los estudiantes que terminaron el octavo grado en plena pandemia, es decir en 2021, consiguieron aprobar el examen final, la Evaluaci\u00f3n Nacional, con calificaciones superiores a cinco. Esto significa que numerosos estudiantes decidieron no hacer el examen. Estamos hablando de un 12 % de los estudiantes de entre el quinto y el octavo grado que no terminaron esta etapa de la ense\u00f1anza secundaria, debido al abandono escolar, a las expulsiones de la escuela, a la migraci\u00f3n o porque no hab\u00edan obtenido todas las calificaciones escolares.<\/p>\n<p>&#13;<br \/>\n&#13;<\/p>\n<p>Seg\u00fan el Centro Nacional de Pol\u00edticas y Evaluaci\u00f3n en la Educaci\u00f3n, a ellos se les a\u00f1aden otros 9.000 estudiantes que terminaron el octavo grado, pero no se inscribieron para la evaluaci\u00f3n nacional, y otros casi 8.000 que s\u00ed lo hicieron, pero no se presentaron. El estudio tambi\u00e9n indica que la mayor\u00eda de los estudiantes que est\u00e1n en una de estas situaciones proceden del medio rural. Cara\u015f-Severin (oeste), Br\u0103ila (sudeste), Sibiu (centro), Bihor (noroeste), Mure\u015f (centro), C\u0103l\u0103ra\u015fi (sur) y Satu Mare (norte) son los distritos en los que se registran m\u00e1s abandonos durante la secundaria. Adem\u00e1s, las cifras indican que un 86 % de los estudiantes del medio urbano consiguieron obtener calificaciones superiores a 5, frente a tan solo un 63 %, en las aldeas. M\u00e1s a\u00fan, los del medio rural obtuvieron resultados peores en todas las pruebas.<\/p>\n<p>&#13;<br \/>\n&#13;<\/p>\n<p>Este a\u00f1o, los ex\u00e1menes de la Evaluaci\u00f3n Nacional tendr\u00e1n lugar del 19 al 22 de junio, y los resultados finales se publicar\u00e1n el 4 de julio. Hasta entonces, la pr\u00f3xima semana, los estudiantes de octavo grado en todo el pa\u00eds participar\u00e1n en el simulacro de la Evaluaci\u00f3n Nacional. Para los pr\u00f3ximos a\u00f1os, los proyectos de las nuevas leyes sobre la educaci\u00f3n anuncian cambios importantes tanto en la evaluaci\u00f3n nacional, como en el examen de bachillerato. En la presentaci\u00f3n de los documentos, la ministra Ligia Deca ha declarado que los proyectos tienen por objetivos principales, entre otros, modernizar los programas, cambiar la evaluaci\u00f3n de los estudiantes, reducir el abandono escolar y tambi\u00e9n proporcionar nuevas medidas de apoyo a los ni\u00f1os procedentes de entornos desfavorecidos. El Gobierno rumano aprobar\u00e1 los proyectos de las nuevas leyes sobre la educaci\u00f3n dentro de dos semanas, para ser enviados despu\u00e9s al Parlamento, que decidir\u00e1 su versi\u00f3n final.<\/p>\n<p>&#13;<br \/>\n&#13;<\/p>\n<p>&#13;<br \/>\n&#13;<\/p>\n<p>Traducci\u00f3n al espa\u00f1ol: Monica Tar\u0103u<\/p>\n<p>&#13;<\/p>\n","protected":false},"excerpt":{"rendered":"<p>En Ruman\u00eda, las cifras oficiales indican que uno de cada cuatro ni\u00f1os en el medio rural abandona la escuela antes de llegar al octavo grado. Entre las causas principales est\u00e1n la falta de recursos materiales y los resultados escolares muy malos.<\/p>\n","protected":false},"author":107,"featured_media":94428,"comment_status":"closed","ping_status":"closed","sticky":false,"template":"","format":"standard","meta":{"_acf_changed":false,"footnotes":""},"categories":[23],"tags":[],"coauthors":[],"class_list":["post-205011","post","type-post","status-publish","format-standard","has-post-thumbnail","hentry","category-en-portada"],"acf":[],"yoast_head":"<!-- This site is optimized with the Yoast SEO plugin v27.3 - https:\/\/yoast.com\/product\/yoast-seo-wordpress\/ -->\n<title>Sobre el abandono escolar en Ruman\u00eda - Radio Ruman\u00eda Internacional<\/title>\n<meta name=\"robots\" content=\"index, follow, max-snippet:-1, max-image-preview:large, max-video-preview:-1\" \/>\n<link rel=\"canonical\" href=\"https:\/\/www.rri.ro\/es\/actualidad\/en-portada\/sobre-el-abandono-escolar-en-rumania-id205011.html\" \/>\n<meta property=\"og:locale\" content=\"es_ES\" \/>\n<meta property=\"og:type\" content=\"article\" \/>\n<meta property=\"og:title\" content=\"Sobre el abandono escolar en Ruman\u00eda - Radio Ruman\u00eda Internacional\" \/>\n<meta property=\"og:description\" content=\"En Ruman\u00eda, las cifras oficiales indican que uno de cada cuatro ni\u00f1os en el medio rural abandona la escuela antes de llegar al octavo grado. Entre las causas principales est\u00e1n la falta de recursos materiales y los resultados escolares muy malos.\" \/>\n<meta property=\"og:url\" content=\"https:\/\/www.rri.ro\/es\/actualidad\/en-portada\/sobre-el-abandono-escolar-en-rumania-id205011.html\" \/>\n<meta property=\"og:site_name\" content=\"Radio Ruman\u00eda Internacional\" \/>\n<meta property=\"article:published_time\" content=\"2023-03-13T11:33:00+00:00\" \/>\n<meta property=\"article:modified_time\" content=\"2024-02-21T11:33:17+00:00\" \/>\n<meta property=\"og:image\" content=\"https:\/\/www.rri.ro\/wp-content\/uploads\/2023\/10\/scoala-clasa-banca-elevi-foto-pixabay.png\" \/>\n\t<meta property=\"og:image:width\" content=\"640\" \/>\n\t<meta property=\"og:image:height\" content=\"480\" \/>\n\t<meta property=\"og:image:type\" content=\"image\/png\" \/>\n<meta name=\"author\" content=\"Daniela Budu\" \/>\n<meta name=\"twitter:card\" content=\"summary_large_image\" \/>\n<meta name=\"twitter:label1\" content=\"Escrito por\" \/>\n\t<meta name=\"twitter:data1\" content=\"Daniela Budu\" \/>\n\t<meta name=\"twitter:label2\" content=\"Tiempo de lectura\" \/>\n\t<meta name=\"twitter:data2\" content=\"3 minutos\" \/>\n\t<meta name=\"twitter:label3\" content=\"Written by\" \/>\n\t<meta name=\"twitter:data3\" content=\"Daniela Budu\" \/>\n<script type=\"application\/ld+json\" class=\"yoast-schema-graph\">{\"@context\":\"https:\\\/\\\/schema.org\",\"@graph\":[{\"@type\":\"Article\",\"@id\":\"https:\\\/\\\/www.rri.ro\\\/es\\\/actualidad\\\/en-portada\\\/sobre-el-abandono-escolar-en-rumania-id205011.html#article\",\"isPartOf\":{\"@id\":\"https:\\\/\\\/www.rri.ro\\\/es\\\/actualidad\\\/en-portada\\\/sobre-el-abandono-escolar-en-rumania-id205011.html\"},\"author\":{\"name\":\"Daniela Budu\",\"@id\":\"https:\\\/\\\/www.rri.ro\\\/#\\\/schema\\\/person\\\/b46b8f80d7d6e4b5ac9f14f0acbad0c4\"},\"headline\":\"Sobre el abandono escolar en Ruman\u00eda\",\"datePublished\":\"2023-03-13T11:33:00+00:00\",\"dateModified\":\"2024-02-21T11:33:17+00:00\",\"mainEntityOfPage\":{\"@id\":\"https:\\\/\\\/www.rri.ro\\\/es\\\/actualidad\\\/en-portada\\\/sobre-el-abandono-escolar-en-rumania-id205011.html\"},\"wordCount\":550,\"image\":{\"@id\":\"https:\\\/\\\/www.rri.ro\\\/es\\\/actualidad\\\/en-portada\\\/sobre-el-abandono-escolar-en-rumania-id205011.html#primaryimage\"},\"thumbnailUrl\":\"https:\\\/\\\/www.rri.ro\\\/wp-content\\\/uploads\\\/2023\\\/10\\\/scoala-clasa-banca-elevi-foto-pixabay.png\",\"articleSection\":[\"En portada\"],\"inLanguage\":\"es\"},{\"@type\":\"WebPage\",\"@id\":\"https:\\\/\\\/www.rri.ro\\\/es\\\/actualidad\\\/en-portada\\\/sobre-el-abandono-escolar-en-rumania-id205011.html\",\"url\":\"https:\\\/\\\/www.rri.ro\\\/es\\\/actualidad\\\/en-portada\\\/sobre-el-abandono-escolar-en-rumania-id205011.html\",\"name\":\"Sobre el abandono escolar en Ruman\u00eda - Radio Ruman\u00eda Internacional\",\"isPartOf\":{\"@id\":\"https:\\\/\\\/www.rri.ro\\\/#website\"},\"primaryImageOfPage\":{\"@id\":\"https:\\\/\\\/www.rri.ro\\\/es\\\/actualidad\\\/en-portada\\\/sobre-el-abandono-escolar-en-rumania-id205011.html#primaryimage\"},\"image\":{\"@id\":\"https:\\\/\\\/www.rri.ro\\\/es\\\/actualidad\\\/en-portada\\\/sobre-el-abandono-escolar-en-rumania-id205011.html#primaryimage\"},\"thumbnailUrl\":\"https:\\\/\\\/www.rri.ro\\\/wp-content\\\/uploads\\\/2023\\\/10\\\/scoala-clasa-banca-elevi-foto-pixabay.png\",\"datePublished\":\"2023-03-13T11:33:00+00:00\",\"dateModified\":\"2024-02-21T11:33:17+00:00\",\"author\":{\"@id\":\"https:\\\/\\\/www.rri.ro\\\/#\\\/schema\\\/person\\\/b46b8f80d7d6e4b5ac9f14f0acbad0c4\"},\"breadcrumb\":{\"@id\":\"https:\\\/\\\/www.rri.ro\\\/es\\\/actualidad\\\/en-portada\\\/sobre-el-abandono-escolar-en-rumania-id205011.html#breadcrumb\"},\"inLanguage\":\"es\",\"potentialAction\":[{\"@type\":\"ReadAction\",\"target\":[\"https:\\\/\\\/www.rri.ro\\\/es\\\/actualidad\\\/en-portada\\\/sobre-el-abandono-escolar-en-rumania-id205011.html\"]}]},{\"@type\":\"ImageObject\",\"inLanguage\":\"es\",\"@id\":\"https:\\\/\\\/www.rri.ro\\\/es\\\/actualidad\\\/en-portada\\\/sobre-el-abandono-escolar-en-rumania-id205011.html#primaryimage\",\"url\":\"https:\\\/\\\/www.rri.ro\\\/wp-content\\\/uploads\\\/2023\\\/10\\\/scoala-clasa-banca-elevi-foto-pixabay.png\",\"contentUrl\":\"https:\\\/\\\/www.rri.ro\\\/wp-content\\\/uploads\\\/2023\\\/10\\\/scoala-clasa-banca-elevi-foto-pixabay.png\",\"width\":640,\"height\":480},{\"@type\":\"BreadcrumbList\",\"@id\":\"https:\\\/\\\/www.rri.ro\\\/es\\\/actualidad\\\/en-portada\\\/sobre-el-abandono-escolar-en-rumania-id205011.html#breadcrumb\",\"itemListElement\":[{\"@type\":\"ListItem\",\"position\":1,\"name\":\"P\u00e1gina de inicio\",\"item\":\"https:\\\/\\\/www.rri.ro\\\/es\"},{\"@type\":\"ListItem\",\"position\":2,\"name\":\"Actualidad\",\"item\":\"https:\\\/\\\/www.rri.ro\\\/es\\\/actualidad\"},{\"@type\":\"ListItem\",\"position\":3,\"name\":\"En portada\",\"item\":\"https:\\\/\\\/www.rri.ro\\\/es\\\/actualidad\\\/en-portada\"},{\"@type\":\"ListItem\",\"position\":4,\"name\":\"Sobre el abandono escolar en Ruman\u00eda\"}]},{\"@type\":\"WebSite\",\"@id\":\"https:\\\/\\\/www.rri.ro\\\/#website\",\"url\":\"https:\\\/\\\/www.rri.ro\\\/\",\"name\":\"Radio Ruman\u00eda Internacional\",\"description\":\"Totul despre Rom\u00e2nia \u015fi rom\u00e2ni, \u00een 13 limbi\\\/dialecte!\",\"inLanguage\":\"es\"},{\"@type\":\"Person\",\"@id\":\"https:\\\/\\\/www.rri.ro\\\/#\\\/schema\\\/person\\\/b46b8f80d7d6e4b5ac9f14f0acbad0c4\",\"name\":\"Daniela Budu\",\"url\":\"https:\\\/\\\/www.rri.ro\\\/es\\\/author\\\/daniela-budu\"}]}<\/script>\n<!-- \/ Yoast SEO plugin. -->","yoast_head_json":{"title":"Sobre el abandono escolar en Ruman\u00eda - Radio Ruman\u00eda Internacional","robots":{"index":"index","follow":"follow","max-snippet":"max-snippet:-1","max-image-preview":"max-image-preview:large","max-video-preview":"max-video-preview:-1"},"canonical":"https:\/\/www.rri.ro\/es\/actualidad\/en-portada\/sobre-el-abandono-escolar-en-rumania-id205011.html","og_locale":"es_ES","og_type":"article","og_title":"Sobre el abandono escolar en Ruman\u00eda - Radio Ruman\u00eda Internacional","og_description":"En Ruman\u00eda, las cifras oficiales indican que uno de cada cuatro ni\u00f1os en el medio rural abandona la escuela antes de llegar al octavo grado. Entre las causas principales est\u00e1n la falta de recursos materiales y los resultados escolares muy malos.","og_url":"https:\/\/www.rri.ro\/es\/actualidad\/en-portada\/sobre-el-abandono-escolar-en-rumania-id205011.html","og_site_name":"Radio Ruman\u00eda Internacional","article_published_time":"2023-03-13T11:33:00+00:00","article_modified_time":"2024-02-21T11:33:17+00:00","og_image":[{"width":640,"height":480,"url":"https:\/\/www.rri.ro\/wp-content\/uploads\/2023\/10\/scoala-clasa-banca-elevi-foto-pixabay.png","type":"image\/png"}],"author":"Daniela Budu","twitter_card":"summary_large_image","twitter_misc":{"Escrito por":"Daniela Budu","Tiempo de lectura":"3 minutos","Written by":"Daniela Budu"},"schema":{"@context":"https:\/\/schema.org","@graph":[{"@type":"Article","@id":"https:\/\/www.rri.ro\/es\/actualidad\/en-portada\/sobre-el-abandono-escolar-en-rumania-id205011.html#article","isPartOf":{"@id":"https:\/\/www.rri.ro\/es\/actualidad\/en-portada\/sobre-el-abandono-escolar-en-rumania-id205011.html"},"author":{"name":"Daniela Budu","@id":"https:\/\/www.rri.ro\/#\/schema\/person\/b46b8f80d7d6e4b5ac9f14f0acbad0c4"},"headline":"Sobre el abandono escolar en Ruman\u00eda","datePublished":"2023-03-13T11:33:00+00:00","dateModified":"2024-02-21T11:33:17+00:00","mainEntityOfPage":{"@id":"https:\/\/www.rri.ro\/es\/actualidad\/en-portada\/sobre-el-abandono-escolar-en-rumania-id205011.html"},"wordCount":550,"image":{"@id":"https:\/\/www.rri.ro\/es\/actualidad\/en-portada\/sobre-el-abandono-escolar-en-rumania-id205011.html#primaryimage"},"thumbnailUrl":"https:\/\/www.rri.ro\/wp-content\/uploads\/2023\/10\/scoala-clasa-banca-elevi-foto-pixabay.png","articleSection":["En portada"],"inLanguage":"es"},{"@type":"WebPage","@id":"https:\/\/www.rri.ro\/es\/actualidad\/en-portada\/sobre-el-abandono-escolar-en-rumania-id205011.html","url":"https:\/\/www.rri.ro\/es\/actualidad\/en-portada\/sobre-el-abandono-escolar-en-rumania-id205011.html","name":"Sobre el abandono escolar en Ruman\u00eda - Radio Ruman\u00eda Internacional","isPartOf":{"@id":"https:\/\/www.rri.ro\/#website"},"primaryImageOfPage":{"@id":"https:\/\/www.rri.ro\/es\/actualidad\/en-portada\/sobre-el-abandono-escolar-en-rumania-id205011.html#primaryimage"},"image":{"@id":"https:\/\/www.rri.ro\/es\/actualidad\/en-portada\/sobre-el-abandono-escolar-en-rumania-id205011.html#primaryimage"},"thumbnailUrl":"https:\/\/www.rri.ro\/wp-content\/uploads\/2023\/10\/scoala-clasa-banca-elevi-foto-pixabay.png","datePublished":"2023-03-13T11:33:00+00:00","dateModified":"2024-02-21T11:33:17+00:00","author":{"@id":"https:\/\/www.rri.ro\/#\/schema\/person\/b46b8f80d7d6e4b5ac9f14f0acbad0c4"},"breadcrumb":{"@id":"https:\/\/www.rri.ro\/es\/actualidad\/en-portada\/sobre-el-abandono-escolar-en-rumania-id205011.html#breadcrumb"},"inLanguage":"es","potentialAction":[{"@type":"ReadAction","target":["https:\/\/www.rri.ro\/es\/actualidad\/en-portada\/sobre-el-abandono-escolar-en-rumania-id205011.html"]}]},{"@type":"ImageObject","inLanguage":"es","@id":"https:\/\/www.rri.ro\/es\/actualidad\/en-portada\/sobre-el-abandono-escolar-en-rumania-id205011.html#primaryimage","url":"https:\/\/www.rri.ro\/wp-content\/uploads\/2023\/10\/scoala-clasa-banca-elevi-foto-pixabay.png","contentUrl":"https:\/\/www.rri.ro\/wp-content\/uploads\/2023\/10\/scoala-clasa-banca-elevi-foto-pixabay.png","width":640,"height":480},{"@type":"BreadcrumbList","@id":"https:\/\/www.rri.ro\/es\/actualidad\/en-portada\/sobre-el-abandono-escolar-en-rumania-id205011.html#breadcrumb","itemListElement":[{"@type":"ListItem","position":1,"name":"P\u00e1gina de inicio","item":"https:\/\/www.rri.ro\/es"},{"@type":"ListItem","position":2,"name":"Actualidad","item":"https:\/\/www.rri.ro\/es\/actualidad"},{"@type":"ListItem","position":3,"name":"En portada","item":"https:\/\/www.rri.ro\/es\/actualidad\/en-portada"},{"@type":"ListItem","position":4,"name":"Sobre el abandono escolar en Ruman\u00eda"}]},{"@type":"WebSite","@id":"https:\/\/www.rri.ro\/#website","url":"https:\/\/www.rri.ro\/","name":"Radio Ruman\u00eda Internacional","description":"Totul despre Rom\u00e2nia \u015fi rom\u00e2ni, \u00een 13 limbi\/dialecte!","inLanguage":"es"},{"@type":"Person","@id":"https:\/\/www.rri.ro\/#\/schema\/person\/b46b8f80d7d6e4b5ac9f14f0acbad0c4","name":"Daniela Budu","url":"https:\/\/www.rri.ro\/es\/author\/daniela-budu"}]}},"_links":{"self":[{"href":"https:\/\/www.rri.ro\/es\/wp-json\/wp\/v2\/posts\/205011","targetHints":{"allow":["GET"]}}],"collection":[{"href":"https:\/\/www.rri.ro\/es\/wp-json\/wp\/v2\/posts"}],"about":[{"href":"https:\/\/www.rri.ro\/es\/wp-json\/wp\/v2\/types\/post"}],"author":[{"embeddable":true,"href":"https:\/\/www.rri.ro\/es\/wp-json\/wp\/v2\/users\/107"}],"replies":[{"embeddable":true,"href":"https:\/\/www.rri.ro\/es\/wp-json\/wp\/v2\/comments?post=205011"}],"version-history":[{"count":0,"href":"https:\/\/www.rri.ro\/es\/wp-json\/wp\/v2\/posts\/205011\/revisions"}],"wp:featuredmedia":[{"embeddable":true,"href":"https:\/\/www.rri.ro\/es\/wp-json\/wp\/v2\/media\/94428"}],"wp:attachment":[{"href":"https:\/\/www.rri.ro\/es\/wp-json\/wp\/v2\/media?parent=205011"}],"wp:term":[{"taxonomy":"category","embeddable":true,"href":"https:\/\/www.rri.ro\/es\/wp-json\/wp\/v2\/categories?post=205011"},{"taxonomy":"post_tag","embeddable":true,"href":"https:\/\/www.rri.ro\/es\/wp-json\/wp\/v2\/tags?post=205011"},{"taxonomy":"author","embeddable":true,"href":"https:\/\/www.rri.ro\/es\/wp-json\/wp\/v2\/coauthors?post=205011"}],"curies":[{"name":"wp","href":"https:\/\/api.w.org\/{rel}","templated":true}]}}