{"id":205013,"date":"2023-03-15T13:42:00","date_gmt":"2023-03-15T11:42:00","guid":{"rendered":"http:\/\/devrri.freshlemon.ro\/actualidad\/los-productores-de-leche-en-peligro-id205013.html"},"modified":"2024-02-21T13:33:19","modified_gmt":"2024-02-21T11:33:19","slug":"los-productores-de-leche-en-peligro","status":"publish","type":"post","link":"https:\/\/www.rri.ro\/es\/actualidad\/en-portada\/los-productores-de-leche-en-peligro-id205013.html","title":{"rendered":"Los productores de leche, en peligro"},"content":{"rendered":"<p>Un an\u00e1lisis realizado por los periodistas del Ziarul Financiar indica que Ruman\u00eda tiene el precio de la leche fresca m\u00e1s elevada en Europa, al ser un producto que se encuentra cada d\u00eda en el carrito de compras. En concreto, un litro de leche fresca integral en Ruman\u00eda cuesta 1,45 euros en las tiendas, mientras que en Francia y B\u00e9lgica cuesta 1,19 euros, un poco m\u00e1s de un euro en Espa\u00f1a, y tan solo 0,76 euros en Polonia. Seg\u00fan se menciona en la publicaci\u00f3n, el sueldo mensual promedio neto de un rumano es de 900 euros, es decir que gana dos o tres veces menos que un franc\u00e9s, un espa\u00f1ol o un belga. Adem\u00e1s, en Polonia, la econom\u00eda m\u00e1s desarrollada en Europa Central y del Este, donde el salario medio neto es de 1.100 euros, un litro de leche cuesta casi la mitad de lo que cuesta en Ruman\u00eda. Cabe a\u00f1adir que, frente a hace 2 o 3 a\u00f1os, en nuestro pa\u00eds, el precio de un litro de leche en las tiendas casi se duplic\u00f3, y las granjas rumanas tuvieron en 2021 la producci\u00f3n m\u00e1s baja registrada en los \u00faltimos 10 a\u00f1os, es decir de unos 41,7 millones de hectolitros de leche. Pero han aumentado las importaciones. Los datos oficiales indican que las importaciones de leche y de nata superaron 100 millones de euros en 2021, cifras que se duplicaron en diez a\u00f1os.<\/p>\n<p>&#13;<br \/>\n&#13;<\/p>\n<p>En este contexto, muchos agricultores rumanos afirman que corren el riesgo de cerrar sus negocios a causa de la importaci\u00f3n de leche barata y del aumento del precio en las tiendas, por parte de los minoristas. Seg\u00fan el Instituto Nacional de Estad\u00edstica, en las tiendas, el precio de la mayor\u00eda de los productos l\u00e1cteos ha aumentado durante el \u00faltimo a\u00f1o en m\u00e1s de un 30 %, y el precio de la mantequilla a\u00fan m\u00e1s, en casi un 45 %. Sin embargo, el presidente del Comit\u00e9 Directivo de la Asociaci\u00f3n Mure\u015f (centro) de la Federaci\u00f3n de Ganaderos de Bovinos, Iacob Boca, ha afirmado que el precio de la leche rumana ha bajado en un 30 % en los \u00faltimos dos meses, y los ganaderos est\u00e1n desesperados. Iacob Boca:<\/p>\n<p>&#13;<br \/>\n&#13;<\/p>\n<p><strong><em>\u00abHay zonas en el distrito de Mure\u015f y en el resto del pa\u00eds donde la leche se vende a 1,40 leus (Nota de la Editora: 0,28 euros), 1,50 leus (0,3 euros, N. de la E.) y 1,70 leus (N. de la E: 0,34 euros). Ante la insistencia y la desesperaci\u00f3n de mis compa\u00f1eros, hemos decidido pensar en lo que tenemos que hacer de ahora en adelante: vender los animales porque no podemos sobrevivir, continuar a pesar de registrar p\u00e9rdidas o dirigirnos al ministro de Agricultura, al primer ministro de Ruman\u00eda, al presidente del pa\u00eds, para decirles que nos vemos obligados a cerrar el negocio\u00bb.<\/em><\/strong><\/p>\n<p>&#13;<br \/>\n&#13;<\/p>\n<p>Seg\u00fan ha afirmado Boca, los procesadores traen leche importada, y los productores rumanos se quedan con cientos de miles de litros sin vender. Por lo tanto, los granjeros rumanos anuncian que pedir\u00e1n a los \u00f3rganos decisorios nacionales que protejan por ley la producci\u00f3n aut\u00f3ctona de leche y enviar\u00e1n un memorando al Gobierno. Nuevamente ante los micr\u00f3fonos, Iacob Boca:<\/p>\n<p>&#13;<br \/>\n&#13;<\/p>\n<p><strong><em>\u00abLos granjeros tienen que pagar plazos, arrendamientos, tienen que pagar a los empleados, tienen insumos que comienzan a llegar a trav\u00e9s de la campa\u00f1a de primavera. Est\u00e1n desesperados y, finalmente, ceder\u00e1n y firmar\u00e1n el contrato por 1,50 leus, por 1,40 leus, para poder sobrevivir uno o dos meses m\u00e1s, para superar la primavera con las vacas\u00bb.<\/em><\/strong><\/p>\n<p>&#13;<br \/>\n&#13;<\/p>\n<p>Los productores rumanos de leche han anunciado que la pr\u00f3xima semana organizar\u00e1n manifestaciones en todo el pa\u00eds para expresar su descontento.<\/p>\n<p>&#13;<br \/>\n&#13;<\/p>\n<p>&#13;<br \/>\n&#13;<\/p>\n<p>Traducci\u00f3n al espa\u00f1ol: Monica Tar\u0103u<\/p>\n<p>&#13;<\/p>\n","protected":false},"excerpt":{"rendered":"<p>Los ganaderos rumanos de bovinos est\u00e1n decididos a manifestarse, dado que reciben cada menos dinero por la leche que venden en la puerta de la granja, aunque los precios en las tiendas hayan subido.<\/p>\n","protected":false},"author":107,"featured_media":95049,"comment_status":"closed","ping_status":"closed","sticky":false,"template":"","format":"standard","meta":{"_acf_changed":false,"footnotes":""},"categories":[23],"tags":[],"coauthors":[],"class_list":["post-205013","post","type-post","status-publish","format-standard","has-post-thumbnail","hentry","category-en-portada"],"acf":[],"yoast_head":"<!-- This site is optimized with the Yoast SEO plugin v27.3 - https:\/\/yoast.com\/product\/yoast-seo-wordpress\/ -->\n<title>Los productores de leche, en peligro - Radio Ruman\u00eda Internacional<\/title>\n<meta name=\"robots\" content=\"index, follow, max-snippet:-1, max-image-preview:large, max-video-preview:-1\" \/>\n<link rel=\"canonical\" href=\"https:\/\/www.rri.ro\/es\/actualidad\/en-portada\/los-productores-de-leche-en-peligro-id205013.html\" \/>\n<meta property=\"og:locale\" content=\"es_ES\" \/>\n<meta property=\"og:type\" content=\"article\" \/>\n<meta property=\"og:title\" content=\"Los productores de leche, en peligro - Radio Ruman\u00eda Internacional\" \/>\n<meta property=\"og:description\" content=\"Los ganaderos rumanos de bovinos est\u00e1n decididos a manifestarse, dado que reciben cada menos dinero por la leche que venden en la puerta de la granja, aunque los precios en las tiendas hayan subido.\" \/>\n<meta property=\"og:url\" content=\"https:\/\/www.rri.ro\/es\/actualidad\/en-portada\/los-productores-de-leche-en-peligro-id205013.html\" \/>\n<meta property=\"og:site_name\" content=\"Radio Ruman\u00eda Internacional\" \/>\n<meta property=\"article:published_time\" content=\"2023-03-15T11:42:00+00:00\" \/>\n<meta property=\"article:modified_time\" content=\"2024-02-21T11:33:19+00:00\" \/>\n<meta property=\"og:image\" content=\"https:\/\/www.rri.ro\/wp-content\/uploads\/2023\/10\/lapte-in-pahar-foto-pixabay-com.png\" \/>\n\t<meta property=\"og:image:width\" content=\"640\" \/>\n\t<meta property=\"og:image:height\" content=\"427\" \/>\n\t<meta property=\"og:image:type\" content=\"image\/png\" \/>\n<meta name=\"author\" content=\"Daniela Budu\" \/>\n<meta name=\"twitter:card\" content=\"summary_large_image\" \/>\n<meta name=\"twitter:label1\" content=\"Escrito por\" \/>\n\t<meta name=\"twitter:data1\" content=\"Daniela Budu\" \/>\n\t<meta name=\"twitter:label2\" content=\"Tiempo de lectura\" \/>\n\t<meta name=\"twitter:data2\" content=\"3 minutos\" \/>\n\t<meta name=\"twitter:label3\" content=\"Written by\" \/>\n\t<meta name=\"twitter:data3\" content=\"Daniela Budu\" \/>\n<script type=\"application\/ld+json\" class=\"yoast-schema-graph\">{\"@context\":\"https:\\\/\\\/schema.org\",\"@graph\":[{\"@type\":\"Article\",\"@id\":\"https:\\\/\\\/www.rri.ro\\\/es\\\/actualidad\\\/en-portada\\\/los-productores-de-leche-en-peligro-id205013.html#article\",\"isPartOf\":{\"@id\":\"https:\\\/\\\/www.rri.ro\\\/es\\\/actualidad\\\/en-portada\\\/los-productores-de-leche-en-peligro-id205013.html\"},\"author\":{\"name\":\"Daniela Budu\",\"@id\":\"https:\\\/\\\/www.rri.ro\\\/#\\\/schema\\\/person\\\/b46b8f80d7d6e4b5ac9f14f0acbad0c4\"},\"headline\":\"Los productores de leche, en peligro\",\"datePublished\":\"2023-03-15T11:42:00+00:00\",\"dateModified\":\"2024-02-21T11:33:19+00:00\",\"mainEntityOfPage\":{\"@id\":\"https:\\\/\\\/www.rri.ro\\\/es\\\/actualidad\\\/en-portada\\\/los-productores-de-leche-en-peligro-id205013.html\"},\"wordCount\":642,\"image\":{\"@id\":\"https:\\\/\\\/www.rri.ro\\\/es\\\/actualidad\\\/en-portada\\\/los-productores-de-leche-en-peligro-id205013.html#primaryimage\"},\"thumbnailUrl\":\"https:\\\/\\\/www.rri.ro\\\/wp-content\\\/uploads\\\/2023\\\/10\\\/lapte-in-pahar-foto-pixabay-com.png\",\"articleSection\":[\"En portada\"],\"inLanguage\":\"es\"},{\"@type\":\"WebPage\",\"@id\":\"https:\\\/\\\/www.rri.ro\\\/es\\\/actualidad\\\/en-portada\\\/los-productores-de-leche-en-peligro-id205013.html\",\"url\":\"https:\\\/\\\/www.rri.ro\\\/es\\\/actualidad\\\/en-portada\\\/los-productores-de-leche-en-peligro-id205013.html\",\"name\":\"Los productores de leche, en peligro - Radio Ruman\u00eda Internacional\",\"isPartOf\":{\"@id\":\"https:\\\/\\\/www.rri.ro\\\/#website\"},\"primaryImageOfPage\":{\"@id\":\"https:\\\/\\\/www.rri.ro\\\/es\\\/actualidad\\\/en-portada\\\/los-productores-de-leche-en-peligro-id205013.html#primaryimage\"},\"image\":{\"@id\":\"https:\\\/\\\/www.rri.ro\\\/es\\\/actualidad\\\/en-portada\\\/los-productores-de-leche-en-peligro-id205013.html#primaryimage\"},\"thumbnailUrl\":\"https:\\\/\\\/www.rri.ro\\\/wp-content\\\/uploads\\\/2023\\\/10\\\/lapte-in-pahar-foto-pixabay-com.png\",\"datePublished\":\"2023-03-15T11:42:00+00:00\",\"dateModified\":\"2024-02-21T11:33:19+00:00\",\"author\":{\"@id\":\"https:\\\/\\\/www.rri.ro\\\/#\\\/schema\\\/person\\\/b46b8f80d7d6e4b5ac9f14f0acbad0c4\"},\"breadcrumb\":{\"@id\":\"https:\\\/\\\/www.rri.ro\\\/es\\\/actualidad\\\/en-portada\\\/los-productores-de-leche-en-peligro-id205013.html#breadcrumb\"},\"inLanguage\":\"es\",\"potentialAction\":[{\"@type\":\"ReadAction\",\"target\":[\"https:\\\/\\\/www.rri.ro\\\/es\\\/actualidad\\\/en-portada\\\/los-productores-de-leche-en-peligro-id205013.html\"]}]},{\"@type\":\"ImageObject\",\"inLanguage\":\"es\",\"@id\":\"https:\\\/\\\/www.rri.ro\\\/es\\\/actualidad\\\/en-portada\\\/los-productores-de-leche-en-peligro-id205013.html#primaryimage\",\"url\":\"https:\\\/\\\/www.rri.ro\\\/wp-content\\\/uploads\\\/2023\\\/10\\\/lapte-in-pahar-foto-pixabay-com.png\",\"contentUrl\":\"https:\\\/\\\/www.rri.ro\\\/wp-content\\\/uploads\\\/2023\\\/10\\\/lapte-in-pahar-foto-pixabay-com.png\",\"width\":640,\"height\":427},{\"@type\":\"BreadcrumbList\",\"@id\":\"https:\\\/\\\/www.rri.ro\\\/es\\\/actualidad\\\/en-portada\\\/los-productores-de-leche-en-peligro-id205013.html#breadcrumb\",\"itemListElement\":[{\"@type\":\"ListItem\",\"position\":1,\"name\":\"P\u00e1gina de inicio\",\"item\":\"https:\\\/\\\/www.rri.ro\\\/es\"},{\"@type\":\"ListItem\",\"position\":2,\"name\":\"Actualidad\",\"item\":\"https:\\\/\\\/www.rri.ro\\\/es\\\/actualidad\"},{\"@type\":\"ListItem\",\"position\":3,\"name\":\"En portada\",\"item\":\"https:\\\/\\\/www.rri.ro\\\/es\\\/actualidad\\\/en-portada\"},{\"@type\":\"ListItem\",\"position\":4,\"name\":\"Los productores de leche, en peligro\"}]},{\"@type\":\"WebSite\",\"@id\":\"https:\\\/\\\/www.rri.ro\\\/#website\",\"url\":\"https:\\\/\\\/www.rri.ro\\\/\",\"name\":\"Radio Ruman\u00eda Internacional\",\"description\":\"Totul despre Rom\u00e2nia \u015fi rom\u00e2ni, \u00een 13 limbi\\\/dialecte!\",\"inLanguage\":\"es\"},{\"@type\":\"Person\",\"@id\":\"https:\\\/\\\/www.rri.ro\\\/#\\\/schema\\\/person\\\/b46b8f80d7d6e4b5ac9f14f0acbad0c4\",\"name\":\"Daniela Budu\",\"url\":\"https:\\\/\\\/www.rri.ro\\\/es\\\/author\\\/daniela-budu\"}]}<\/script>\n<!-- \/ Yoast SEO plugin. -->","yoast_head_json":{"title":"Los productores de leche, en peligro - Radio Ruman\u00eda Internacional","robots":{"index":"index","follow":"follow","max-snippet":"max-snippet:-1","max-image-preview":"max-image-preview:large","max-video-preview":"max-video-preview:-1"},"canonical":"https:\/\/www.rri.ro\/es\/actualidad\/en-portada\/los-productores-de-leche-en-peligro-id205013.html","og_locale":"es_ES","og_type":"article","og_title":"Los productores de leche, en peligro - Radio Ruman\u00eda Internacional","og_description":"Los ganaderos rumanos de bovinos est\u00e1n decididos a manifestarse, dado que reciben cada menos dinero por la leche que venden en la puerta de la granja, aunque los precios en las tiendas hayan subido.","og_url":"https:\/\/www.rri.ro\/es\/actualidad\/en-portada\/los-productores-de-leche-en-peligro-id205013.html","og_site_name":"Radio Ruman\u00eda Internacional","article_published_time":"2023-03-15T11:42:00+00:00","article_modified_time":"2024-02-21T11:33:19+00:00","og_image":[{"width":640,"height":427,"url":"https:\/\/www.rri.ro\/wp-content\/uploads\/2023\/10\/lapte-in-pahar-foto-pixabay-com.png","type":"image\/png"}],"author":"Daniela Budu","twitter_card":"summary_large_image","twitter_misc":{"Escrito por":"Daniela Budu","Tiempo de lectura":"3 minutos","Written by":"Daniela Budu"},"schema":{"@context":"https:\/\/schema.org","@graph":[{"@type":"Article","@id":"https:\/\/www.rri.ro\/es\/actualidad\/en-portada\/los-productores-de-leche-en-peligro-id205013.html#article","isPartOf":{"@id":"https:\/\/www.rri.ro\/es\/actualidad\/en-portada\/los-productores-de-leche-en-peligro-id205013.html"},"author":{"name":"Daniela Budu","@id":"https:\/\/www.rri.ro\/#\/schema\/person\/b46b8f80d7d6e4b5ac9f14f0acbad0c4"},"headline":"Los productores de leche, en peligro","datePublished":"2023-03-15T11:42:00+00:00","dateModified":"2024-02-21T11:33:19+00:00","mainEntityOfPage":{"@id":"https:\/\/www.rri.ro\/es\/actualidad\/en-portada\/los-productores-de-leche-en-peligro-id205013.html"},"wordCount":642,"image":{"@id":"https:\/\/www.rri.ro\/es\/actualidad\/en-portada\/los-productores-de-leche-en-peligro-id205013.html#primaryimage"},"thumbnailUrl":"https:\/\/www.rri.ro\/wp-content\/uploads\/2023\/10\/lapte-in-pahar-foto-pixabay-com.png","articleSection":["En portada"],"inLanguage":"es"},{"@type":"WebPage","@id":"https:\/\/www.rri.ro\/es\/actualidad\/en-portada\/los-productores-de-leche-en-peligro-id205013.html","url":"https:\/\/www.rri.ro\/es\/actualidad\/en-portada\/los-productores-de-leche-en-peligro-id205013.html","name":"Los productores de leche, en peligro - Radio Ruman\u00eda Internacional","isPartOf":{"@id":"https:\/\/www.rri.ro\/#website"},"primaryImageOfPage":{"@id":"https:\/\/www.rri.ro\/es\/actualidad\/en-portada\/los-productores-de-leche-en-peligro-id205013.html#primaryimage"},"image":{"@id":"https:\/\/www.rri.ro\/es\/actualidad\/en-portada\/los-productores-de-leche-en-peligro-id205013.html#primaryimage"},"thumbnailUrl":"https:\/\/www.rri.ro\/wp-content\/uploads\/2023\/10\/lapte-in-pahar-foto-pixabay-com.png","datePublished":"2023-03-15T11:42:00+00:00","dateModified":"2024-02-21T11:33:19+00:00","author":{"@id":"https:\/\/www.rri.ro\/#\/schema\/person\/b46b8f80d7d6e4b5ac9f14f0acbad0c4"},"breadcrumb":{"@id":"https:\/\/www.rri.ro\/es\/actualidad\/en-portada\/los-productores-de-leche-en-peligro-id205013.html#breadcrumb"},"inLanguage":"es","potentialAction":[{"@type":"ReadAction","target":["https:\/\/www.rri.ro\/es\/actualidad\/en-portada\/los-productores-de-leche-en-peligro-id205013.html"]}]},{"@type":"ImageObject","inLanguage":"es","@id":"https:\/\/www.rri.ro\/es\/actualidad\/en-portada\/los-productores-de-leche-en-peligro-id205013.html#primaryimage","url":"https:\/\/www.rri.ro\/wp-content\/uploads\/2023\/10\/lapte-in-pahar-foto-pixabay-com.png","contentUrl":"https:\/\/www.rri.ro\/wp-content\/uploads\/2023\/10\/lapte-in-pahar-foto-pixabay-com.png","width":640,"height":427},{"@type":"BreadcrumbList","@id":"https:\/\/www.rri.ro\/es\/actualidad\/en-portada\/los-productores-de-leche-en-peligro-id205013.html#breadcrumb","itemListElement":[{"@type":"ListItem","position":1,"name":"P\u00e1gina de inicio","item":"https:\/\/www.rri.ro\/es"},{"@type":"ListItem","position":2,"name":"Actualidad","item":"https:\/\/www.rri.ro\/es\/actualidad"},{"@type":"ListItem","position":3,"name":"En portada","item":"https:\/\/www.rri.ro\/es\/actualidad\/en-portada"},{"@type":"ListItem","position":4,"name":"Los productores de leche, en peligro"}]},{"@type":"WebSite","@id":"https:\/\/www.rri.ro\/#website","url":"https:\/\/www.rri.ro\/","name":"Radio Ruman\u00eda Internacional","description":"Totul despre Rom\u00e2nia \u015fi rom\u00e2ni, \u00een 13 limbi\/dialecte!","inLanguage":"es"},{"@type":"Person","@id":"https:\/\/www.rri.ro\/#\/schema\/person\/b46b8f80d7d6e4b5ac9f14f0acbad0c4","name":"Daniela Budu","url":"https:\/\/www.rri.ro\/es\/author\/daniela-budu"}]}},"_links":{"self":[{"href":"https:\/\/www.rri.ro\/es\/wp-json\/wp\/v2\/posts\/205013","targetHints":{"allow":["GET"]}}],"collection":[{"href":"https:\/\/www.rri.ro\/es\/wp-json\/wp\/v2\/posts"}],"about":[{"href":"https:\/\/www.rri.ro\/es\/wp-json\/wp\/v2\/types\/post"}],"author":[{"embeddable":true,"href":"https:\/\/www.rri.ro\/es\/wp-json\/wp\/v2\/users\/107"}],"replies":[{"embeddable":true,"href":"https:\/\/www.rri.ro\/es\/wp-json\/wp\/v2\/comments?post=205013"}],"version-history":[{"count":0,"href":"https:\/\/www.rri.ro\/es\/wp-json\/wp\/v2\/posts\/205013\/revisions"}],"wp:featuredmedia":[{"embeddable":true,"href":"https:\/\/www.rri.ro\/es\/wp-json\/wp\/v2\/media\/95049"}],"wp:attachment":[{"href":"https:\/\/www.rri.ro\/es\/wp-json\/wp\/v2\/media?parent=205013"}],"wp:term":[{"taxonomy":"category","embeddable":true,"href":"https:\/\/www.rri.ro\/es\/wp-json\/wp\/v2\/categories?post=205013"},{"taxonomy":"post_tag","embeddable":true,"href":"https:\/\/www.rri.ro\/es\/wp-json\/wp\/v2\/tags?post=205013"},{"taxonomy":"author","embeddable":true,"href":"https:\/\/www.rri.ro\/es\/wp-json\/wp\/v2\/coauthors?post=205013"}],"curies":[{"name":"wp","href":"https:\/\/api.w.org\/{rel}","templated":true}]}}