{"id":205014,"date":"2023-03-16T13:41:00","date_gmt":"2023-03-16T11:41:00","guid":{"rendered":"http:\/\/devrri.freshlemon.ro\/actualidad\/asociacion-estrategica-rumania-bulgaria-id205014.html"},"modified":"2024-02-21T13:33:21","modified_gmt":"2024-02-21T11:33:21","slug":"asociacion-estrategica-rumania-bulgaria","status":"publish","type":"post","link":"https:\/\/www.rri.ro\/es\/actualidad\/en-portada\/asociacion-estrategica-rumania-bulgaria-id205014.html","title":{"rendered":"Asociaci\u00f3n estrat\u00e9gica Ruman\u00eda &#8211; Bulgaria"},"content":{"rendered":"<p>Ruman\u00eda y Bulgaria continuar\u00e1n sus esfuerzos conjuntos para la adopci\u00f3n este a\u00f1o de la decisi\u00f3n de unirse al espacio de Schengen. El anuncio se ha hecho durante la visita que el presidente rumano, Klaus Iohannis, realiz\u00f3 este mi\u00e9rcoles a Sof\u00eda, donde fue recibido por su hom\u00f3logo, Rumen Radev, para establecer una estrategia com\u00fan en relaci\u00f3n con Schengen. En esta ocasi\u00f3n, los dos jefes de Estado tambi\u00e9n firmaron una declaraci\u00f3n de Asociaci\u00f3n Estrat\u00e9gica que prev\u00e9, entre otras cosas, la intensificaci\u00f3n del di\u00e1logo pol\u00edtico bilateral, el fomento de los intercambios econ\u00f3micos y la cooperaci\u00f3n transfronteriza, as\u00ed como la garant\u00eda de la seguridad energ\u00e9tica. Adem\u00e1s, dice Klaus Iohannis, a trav\u00e9s de esta Asociaci\u00f3n Estrat\u00e9gica, avanzar\u00e1n los proyectos de infraestructura de transporte, navegabilidad en el Danubio y en el \u00e1mbito de la energ\u00eda verde. En ese contexto, los funcionarios establecieron que los dos Estados vecinos deben priorizar las \u00e1reas que correspondan a sus intereses estrat\u00e9gicos, a fin de garantizar su resiliencia, desarrollo econ\u00f3mico y seguridad.<\/p>\n<p>&#13;<br \/>\n&#13;<\/p>\n<p>&#13;<br \/>\n&#13;<\/p>\n<p>En cuanto al espacio de libre circulaci\u00f3n, Klaus Iohannis reiter\u00f3 que Ruman\u00eda y Bulgaria estaban listas para la adhesi\u00f3n y explic\u00f3 que los dos pa\u00edses actuaban de manera responsable para protegerla. La expansi\u00f3n no est\u00e1 relacionada con la inmigraci\u00f3n ilegal desde las fronteras exteriores de la Uni\u00f3n Europea, seg\u00fan considera el jefe de Estado, y Ruman\u00eda y Bulgaria han expresado repetidamente su voluntad de ser parte de las soluciones para gestionar este desaf\u00edo.<\/p>\n<p>&#13;<br \/>\n&#13;<\/p>\n<p>&#13;<br \/>\n&#13;<\/p>\n<p>Klaus Iohannis:<\/p>\n<p>&#13;<br \/>\n&#13;<\/p>\n<p>&#13;<br \/>\n&#13;<\/p>\n<p><em>\u00abEl espacio de Schengen se refiere al derecho de un ciudadano europeo a moverse libremente en los Estados de la Uni\u00f3n Europea. La migraci\u00f3n ilegal es total y completamente diferente. Se trata de personas que ingresan ilegalmente a la Uni\u00f3n Europea e intentan pasar de un Estado a otro. Por razones pol\u00edticas, algunos pol\u00edticos europeos confunden estos dos temas. Es un error, pero entendemos las dificultades de algunos Estados europeos en materia de inmigraci\u00f3n ilegal. Estamos dispuestos a participar en todos los programas que vengan a solucionar estos problemas\u00bb.<\/em><\/p>\n<p>&#13;<br \/>\n&#13;<\/p>\n<p>&#13;<br \/>\n&#13;<\/p>\n<p>Tambi\u00e9n el presidente b\u00falgaro reafirm\u00f3 que se har\u00edan esfuerzos adicionales para la adhesi\u00f3n m\u00e1s r\u00e1pida posible al espacio de Schengen, y se\u00f1al\u00f3 que en los \u00faltimos meses los dos pa\u00edses han luchado contra el flujo de inmigrantes ilegales, que ha disminuido considerablemente. Rumen Radev:<\/p>\n<p>&#13;<br \/>\n&#13;<\/p>\n<p>&#13;<br \/>\n&#13;<\/p>\n<p><em>\u00abConsideramos que esta barrera injustificada, que se puso frente a nuestros pa\u00edses, no debe usarse para resolver problemas internos u otros problemas dentro de la Uni\u00f3n Europea. El levantamiento de esta barrera, para lo que trabajaremos juntos, dar\u00e1 una gran contribuci\u00f3n y responder\u00e1 a nuestros ciudadanos sobre la igualdad de derechos en la Uni\u00f3n Europea\u00bb.<\/em><\/p>\n<p>&#13;<br \/>\n&#13;<\/p>\n<p>&#13;<br \/>\n&#13;<\/p>\n<p>En este contexto, el presidente b\u00falgaro anunci\u00f3 que propondr\u00e1 a la Uni\u00f3n Europea la creaci\u00f3n de un grupo de trabajo en Bulgaria con representantes de los servicios sociales de todos los Estados afectados por el tr\u00e1nsito balc\u00e1nico. Cabe recordar que en el Consejo de Justicia y Asuntos Interiores del 8 de diciembre de 2022, Ruman\u00eda y Bulgaria registraron un fracaso en cuanto al acceso a Schengen, aunque los dos pa\u00edses cumpl\u00edan todas las condiciones t\u00e9cnicas necesarias. La oposici\u00f3n provino de Austria y los Pa\u00edses Bajos, este \u00faltimo especificando que Bulgaria a\u00fan no estaba lista para ingresar a Schengen. Austria bloque\u00f3 la adhesi\u00f3n ante la preocupaci\u00f3n sobre la inmigraci\u00f3n ilegal en la ruta de los Balcanes. Ruman\u00eda rechaz\u00f3 las acusaciones, que tambi\u00e9n fueron negadas oficialmente por las instituciones europeas y la Europol.<\/p>\n<p>&#13;<br \/>\n&#13;<\/p>\n<p>&#13;<\/p>\n","protected":false},"excerpt":{"rendered":"<p>Ruman\u00eda y Bulgaria est\u00e1n intensificando su cooperaci\u00f3n en varios campos.<\/p>\n","protected":false},"author":107,"featured_media":95064,"comment_status":"closed","ping_status":"closed","sticky":false,"template":"","format":"standard","meta":{"_acf_changed":false,"footnotes":""},"categories":[23],"tags":[],"coauthors":[],"class_list":["post-205014","post","type-post","status-publish","format-standard","has-post-thumbnail","hentry","category-en-portada"],"acf":[],"yoast_head":"<!-- This site is optimized with the Yoast SEO plugin v27.3 - https:\/\/yoast.com\/product\/yoast-seo-wordpress\/ -->\n<title>Asociaci\u00f3n estrat\u00e9gica Ruman\u00eda - Bulgaria - Radio Ruman\u00eda Internacional<\/title>\n<meta name=\"robots\" content=\"index, follow, max-snippet:-1, max-image-preview:large, max-video-preview:-1\" \/>\n<link rel=\"canonical\" href=\"https:\/\/www.rri.ro\/es\/actualidad\/en-portada\/asociacion-estrategica-rumania-bulgaria-id205014.html\" \/>\n<meta property=\"og:locale\" content=\"es_ES\" \/>\n<meta property=\"og:type\" content=\"article\" \/>\n<meta property=\"og:title\" content=\"Asociaci\u00f3n estrat\u00e9gica Ruman\u00eda - Bulgaria - Radio Ruman\u00eda Internacional\" \/>\n<meta property=\"og:description\" content=\"Ruman\u00eda y Bulgaria est\u00e1n intensificando su cooperaci\u00f3n en varios campos.\" \/>\n<meta property=\"og:url\" content=\"https:\/\/www.rri.ro\/es\/actualidad\/en-portada\/asociacion-estrategica-rumania-bulgaria-id205014.html\" \/>\n<meta property=\"og:site_name\" content=\"Radio Ruman\u00eda Internacional\" \/>\n<meta property=\"article:published_time\" content=\"2023-03-16T11:41:00+00:00\" \/>\n<meta property=\"article:modified_time\" content=\"2024-02-21T11:33:21+00:00\" \/>\n<meta property=\"og:image\" content=\"https:\/\/www.rri.ro\/wp-content\/uploads\/2023\/10\/iohanis-radev-sofia-foto-fbadministratiaprezidentiala.png\" \/>\n\t<meta property=\"og:image:width\" content=\"640\" \/>\n\t<meta property=\"og:image:height\" content=\"430\" \/>\n\t<meta property=\"og:image:type\" content=\"image\/png\" \/>\n<meta name=\"author\" content=\"Daniela Budu\" \/>\n<meta name=\"twitter:card\" content=\"summary_large_image\" \/>\n<meta name=\"twitter:label1\" content=\"Escrito por\" \/>\n\t<meta name=\"twitter:data1\" content=\"Daniela Budu\" \/>\n\t<meta name=\"twitter:label2\" content=\"Tiempo de lectura\" \/>\n\t<meta name=\"twitter:data2\" content=\"3 minutos\" \/>\n\t<meta name=\"twitter:label3\" content=\"Written by\" \/>\n\t<meta name=\"twitter:data3\" content=\"Daniela Budu\" \/>\n<script type=\"application\/ld+json\" class=\"yoast-schema-graph\">{\"@context\":\"https:\\\/\\\/schema.org\",\"@graph\":[{\"@type\":\"Article\",\"@id\":\"https:\\\/\\\/www.rri.ro\\\/es\\\/actualidad\\\/en-portada\\\/asociacion-estrategica-rumania-bulgaria-id205014.html#article\",\"isPartOf\":{\"@id\":\"https:\\\/\\\/www.rri.ro\\\/es\\\/actualidad\\\/en-portada\\\/asociacion-estrategica-rumania-bulgaria-id205014.html\"},\"author\":{\"name\":\"Daniela Budu\",\"@id\":\"https:\\\/\\\/www.rri.ro\\\/#\\\/schema\\\/person\\\/b46b8f80d7d6e4b5ac9f14f0acbad0c4\"},\"headline\":\"Asociaci\u00f3n estrat\u00e9gica Ruman\u00eda &#8211; Bulgaria\",\"datePublished\":\"2023-03-16T11:41:00+00:00\",\"dateModified\":\"2024-02-21T11:33:21+00:00\",\"mainEntityOfPage\":{\"@id\":\"https:\\\/\\\/www.rri.ro\\\/es\\\/actualidad\\\/en-portada\\\/asociacion-estrategica-rumania-bulgaria-id205014.html\"},\"wordCount\":636,\"image\":{\"@id\":\"https:\\\/\\\/www.rri.ro\\\/es\\\/actualidad\\\/en-portada\\\/asociacion-estrategica-rumania-bulgaria-id205014.html#primaryimage\"},\"thumbnailUrl\":\"https:\\\/\\\/www.rri.ro\\\/wp-content\\\/uploads\\\/2023\\\/10\\\/iohanis-radev-sofia-foto-fbadministratiaprezidentiala.png\",\"articleSection\":[\"En portada\"],\"inLanguage\":\"es\"},{\"@type\":\"WebPage\",\"@id\":\"https:\\\/\\\/www.rri.ro\\\/es\\\/actualidad\\\/en-portada\\\/asociacion-estrategica-rumania-bulgaria-id205014.html\",\"url\":\"https:\\\/\\\/www.rri.ro\\\/es\\\/actualidad\\\/en-portada\\\/asociacion-estrategica-rumania-bulgaria-id205014.html\",\"name\":\"Asociaci\u00f3n estrat\u00e9gica Ruman\u00eda - Bulgaria - Radio Ruman\u00eda Internacional\",\"isPartOf\":{\"@id\":\"https:\\\/\\\/www.rri.ro\\\/#website\"},\"primaryImageOfPage\":{\"@id\":\"https:\\\/\\\/www.rri.ro\\\/es\\\/actualidad\\\/en-portada\\\/asociacion-estrategica-rumania-bulgaria-id205014.html#primaryimage\"},\"image\":{\"@id\":\"https:\\\/\\\/www.rri.ro\\\/es\\\/actualidad\\\/en-portada\\\/asociacion-estrategica-rumania-bulgaria-id205014.html#primaryimage\"},\"thumbnailUrl\":\"https:\\\/\\\/www.rri.ro\\\/wp-content\\\/uploads\\\/2023\\\/10\\\/iohanis-radev-sofia-foto-fbadministratiaprezidentiala.png\",\"datePublished\":\"2023-03-16T11:41:00+00:00\",\"dateModified\":\"2024-02-21T11:33:21+00:00\",\"author\":{\"@id\":\"https:\\\/\\\/www.rri.ro\\\/#\\\/schema\\\/person\\\/b46b8f80d7d6e4b5ac9f14f0acbad0c4\"},\"breadcrumb\":{\"@id\":\"https:\\\/\\\/www.rri.ro\\\/es\\\/actualidad\\\/en-portada\\\/asociacion-estrategica-rumania-bulgaria-id205014.html#breadcrumb\"},\"inLanguage\":\"es\",\"potentialAction\":[{\"@type\":\"ReadAction\",\"target\":[\"https:\\\/\\\/www.rri.ro\\\/es\\\/actualidad\\\/en-portada\\\/asociacion-estrategica-rumania-bulgaria-id205014.html\"]}]},{\"@type\":\"ImageObject\",\"inLanguage\":\"es\",\"@id\":\"https:\\\/\\\/www.rri.ro\\\/es\\\/actualidad\\\/en-portada\\\/asociacion-estrategica-rumania-bulgaria-id205014.html#primaryimage\",\"url\":\"https:\\\/\\\/www.rri.ro\\\/wp-content\\\/uploads\\\/2023\\\/10\\\/iohanis-radev-sofia-foto-fbadministratiaprezidentiala.png\",\"contentUrl\":\"https:\\\/\\\/www.rri.ro\\\/wp-content\\\/uploads\\\/2023\\\/10\\\/iohanis-radev-sofia-foto-fbadministratiaprezidentiala.png\",\"width\":640,\"height\":430},{\"@type\":\"BreadcrumbList\",\"@id\":\"https:\\\/\\\/www.rri.ro\\\/es\\\/actualidad\\\/en-portada\\\/asociacion-estrategica-rumania-bulgaria-id205014.html#breadcrumb\",\"itemListElement\":[{\"@type\":\"ListItem\",\"position\":1,\"name\":\"P\u00e1gina de inicio\",\"item\":\"https:\\\/\\\/www.rri.ro\\\/es\"},{\"@type\":\"ListItem\",\"position\":2,\"name\":\"Actualidad\",\"item\":\"https:\\\/\\\/www.rri.ro\\\/es\\\/actualidad\"},{\"@type\":\"ListItem\",\"position\":3,\"name\":\"En portada\",\"item\":\"https:\\\/\\\/www.rri.ro\\\/es\\\/actualidad\\\/en-portada\"},{\"@type\":\"ListItem\",\"position\":4,\"name\":\"Asociaci\u00f3n estrat\u00e9gica Ruman\u00eda &#8211; Bulgaria\"}]},{\"@type\":\"WebSite\",\"@id\":\"https:\\\/\\\/www.rri.ro\\\/#website\",\"url\":\"https:\\\/\\\/www.rri.ro\\\/\",\"name\":\"Radio Ruman\u00eda Internacional\",\"description\":\"Totul despre Rom\u00e2nia \u015fi rom\u00e2ni, \u00een 13 limbi\\\/dialecte!\",\"inLanguage\":\"es\"},{\"@type\":\"Person\",\"@id\":\"https:\\\/\\\/www.rri.ro\\\/#\\\/schema\\\/person\\\/b46b8f80d7d6e4b5ac9f14f0acbad0c4\",\"name\":\"Daniela Budu\",\"url\":\"https:\\\/\\\/www.rri.ro\\\/es\\\/author\\\/daniela-budu\"}]}<\/script>\n<!-- \/ Yoast SEO plugin. -->","yoast_head_json":{"title":"Asociaci\u00f3n estrat\u00e9gica Ruman\u00eda - Bulgaria - Radio Ruman\u00eda Internacional","robots":{"index":"index","follow":"follow","max-snippet":"max-snippet:-1","max-image-preview":"max-image-preview:large","max-video-preview":"max-video-preview:-1"},"canonical":"https:\/\/www.rri.ro\/es\/actualidad\/en-portada\/asociacion-estrategica-rumania-bulgaria-id205014.html","og_locale":"es_ES","og_type":"article","og_title":"Asociaci\u00f3n estrat\u00e9gica Ruman\u00eda - Bulgaria - Radio Ruman\u00eda Internacional","og_description":"Ruman\u00eda y Bulgaria est\u00e1n intensificando su cooperaci\u00f3n en varios campos.","og_url":"https:\/\/www.rri.ro\/es\/actualidad\/en-portada\/asociacion-estrategica-rumania-bulgaria-id205014.html","og_site_name":"Radio Ruman\u00eda Internacional","article_published_time":"2023-03-16T11:41:00+00:00","article_modified_time":"2024-02-21T11:33:21+00:00","og_image":[{"width":640,"height":430,"url":"https:\/\/www.rri.ro\/wp-content\/uploads\/2023\/10\/iohanis-radev-sofia-foto-fbadministratiaprezidentiala.png","type":"image\/png"}],"author":"Daniela Budu","twitter_card":"summary_large_image","twitter_misc":{"Escrito por":"Daniela Budu","Tiempo de lectura":"3 minutos","Written by":"Daniela Budu"},"schema":{"@context":"https:\/\/schema.org","@graph":[{"@type":"Article","@id":"https:\/\/www.rri.ro\/es\/actualidad\/en-portada\/asociacion-estrategica-rumania-bulgaria-id205014.html#article","isPartOf":{"@id":"https:\/\/www.rri.ro\/es\/actualidad\/en-portada\/asociacion-estrategica-rumania-bulgaria-id205014.html"},"author":{"name":"Daniela Budu","@id":"https:\/\/www.rri.ro\/#\/schema\/person\/b46b8f80d7d6e4b5ac9f14f0acbad0c4"},"headline":"Asociaci\u00f3n estrat\u00e9gica Ruman\u00eda &#8211; Bulgaria","datePublished":"2023-03-16T11:41:00+00:00","dateModified":"2024-02-21T11:33:21+00:00","mainEntityOfPage":{"@id":"https:\/\/www.rri.ro\/es\/actualidad\/en-portada\/asociacion-estrategica-rumania-bulgaria-id205014.html"},"wordCount":636,"image":{"@id":"https:\/\/www.rri.ro\/es\/actualidad\/en-portada\/asociacion-estrategica-rumania-bulgaria-id205014.html#primaryimage"},"thumbnailUrl":"https:\/\/www.rri.ro\/wp-content\/uploads\/2023\/10\/iohanis-radev-sofia-foto-fbadministratiaprezidentiala.png","articleSection":["En portada"],"inLanguage":"es"},{"@type":"WebPage","@id":"https:\/\/www.rri.ro\/es\/actualidad\/en-portada\/asociacion-estrategica-rumania-bulgaria-id205014.html","url":"https:\/\/www.rri.ro\/es\/actualidad\/en-portada\/asociacion-estrategica-rumania-bulgaria-id205014.html","name":"Asociaci\u00f3n estrat\u00e9gica Ruman\u00eda - Bulgaria - Radio Ruman\u00eda Internacional","isPartOf":{"@id":"https:\/\/www.rri.ro\/#website"},"primaryImageOfPage":{"@id":"https:\/\/www.rri.ro\/es\/actualidad\/en-portada\/asociacion-estrategica-rumania-bulgaria-id205014.html#primaryimage"},"image":{"@id":"https:\/\/www.rri.ro\/es\/actualidad\/en-portada\/asociacion-estrategica-rumania-bulgaria-id205014.html#primaryimage"},"thumbnailUrl":"https:\/\/www.rri.ro\/wp-content\/uploads\/2023\/10\/iohanis-radev-sofia-foto-fbadministratiaprezidentiala.png","datePublished":"2023-03-16T11:41:00+00:00","dateModified":"2024-02-21T11:33:21+00:00","author":{"@id":"https:\/\/www.rri.ro\/#\/schema\/person\/b46b8f80d7d6e4b5ac9f14f0acbad0c4"},"breadcrumb":{"@id":"https:\/\/www.rri.ro\/es\/actualidad\/en-portada\/asociacion-estrategica-rumania-bulgaria-id205014.html#breadcrumb"},"inLanguage":"es","potentialAction":[{"@type":"ReadAction","target":["https:\/\/www.rri.ro\/es\/actualidad\/en-portada\/asociacion-estrategica-rumania-bulgaria-id205014.html"]}]},{"@type":"ImageObject","inLanguage":"es","@id":"https:\/\/www.rri.ro\/es\/actualidad\/en-portada\/asociacion-estrategica-rumania-bulgaria-id205014.html#primaryimage","url":"https:\/\/www.rri.ro\/wp-content\/uploads\/2023\/10\/iohanis-radev-sofia-foto-fbadministratiaprezidentiala.png","contentUrl":"https:\/\/www.rri.ro\/wp-content\/uploads\/2023\/10\/iohanis-radev-sofia-foto-fbadministratiaprezidentiala.png","width":640,"height":430},{"@type":"BreadcrumbList","@id":"https:\/\/www.rri.ro\/es\/actualidad\/en-portada\/asociacion-estrategica-rumania-bulgaria-id205014.html#breadcrumb","itemListElement":[{"@type":"ListItem","position":1,"name":"P\u00e1gina de inicio","item":"https:\/\/www.rri.ro\/es"},{"@type":"ListItem","position":2,"name":"Actualidad","item":"https:\/\/www.rri.ro\/es\/actualidad"},{"@type":"ListItem","position":3,"name":"En portada","item":"https:\/\/www.rri.ro\/es\/actualidad\/en-portada"},{"@type":"ListItem","position":4,"name":"Asociaci\u00f3n estrat\u00e9gica Ruman\u00eda &#8211; Bulgaria"}]},{"@type":"WebSite","@id":"https:\/\/www.rri.ro\/#website","url":"https:\/\/www.rri.ro\/","name":"Radio Ruman\u00eda Internacional","description":"Totul despre Rom\u00e2nia \u015fi rom\u00e2ni, \u00een 13 limbi\/dialecte!","inLanguage":"es"},{"@type":"Person","@id":"https:\/\/www.rri.ro\/#\/schema\/person\/b46b8f80d7d6e4b5ac9f14f0acbad0c4","name":"Daniela Budu","url":"https:\/\/www.rri.ro\/es\/author\/daniela-budu"}]}},"_links":{"self":[{"href":"https:\/\/www.rri.ro\/es\/wp-json\/wp\/v2\/posts\/205014","targetHints":{"allow":["GET"]}}],"collection":[{"href":"https:\/\/www.rri.ro\/es\/wp-json\/wp\/v2\/posts"}],"about":[{"href":"https:\/\/www.rri.ro\/es\/wp-json\/wp\/v2\/types\/post"}],"author":[{"embeddable":true,"href":"https:\/\/www.rri.ro\/es\/wp-json\/wp\/v2\/users\/107"}],"replies":[{"embeddable":true,"href":"https:\/\/www.rri.ro\/es\/wp-json\/wp\/v2\/comments?post=205014"}],"version-history":[{"count":0,"href":"https:\/\/www.rri.ro\/es\/wp-json\/wp\/v2\/posts\/205014\/revisions"}],"wp:featuredmedia":[{"embeddable":true,"href":"https:\/\/www.rri.ro\/es\/wp-json\/wp\/v2\/media\/95064"}],"wp:attachment":[{"href":"https:\/\/www.rri.ro\/es\/wp-json\/wp\/v2\/media?parent=205014"}],"wp:term":[{"taxonomy":"category","embeddable":true,"href":"https:\/\/www.rri.ro\/es\/wp-json\/wp\/v2\/categories?post=205014"},{"taxonomy":"post_tag","embeddable":true,"href":"https:\/\/www.rri.ro\/es\/wp-json\/wp\/v2\/tags?post=205014"},{"taxonomy":"author","embeddable":true,"href":"https:\/\/www.rri.ro\/es\/wp-json\/wp\/v2\/coauthors?post=205014"}],"curies":[{"name":"wp","href":"https:\/\/api.w.org\/{rel}","templated":true}]}}