{"id":205042,"date":"2023-04-06T12:52:00","date_gmt":"2023-04-06T09:52:00","guid":{"rendered":"http:\/\/devrri.freshlemon.ro\/actualidad\/seguridad-en-las-escuelas-hacia-donde-id205042.html"},"modified":"2024-02-21T13:33:48","modified_gmt":"2024-02-21T11:33:48","slug":"seguridad-en-las-escuelas-hacia-donde","status":"publish","type":"post","link":"https:\/\/www.rri.ro\/es\/actualidad\/en-portada\/seguridad-en-las-escuelas-hacia-donde-id205042.html","title":{"rendered":"Seguridad en las escuelas, \u00bfhacia d\u00f3nde?"},"content":{"rendered":"<p>La seguridad en las escuelas rumanas ha vuelto a estar en el punto de mira de los responsables, y no solo, despu\u00e9s de que una profesora de un colegio de Bucarest resultara herida el mi\u00e9rcoles con un cuchillo por un alumno en el aula. El agresor cursa el 10\u00ba curso y apu\u00f1al\u00f3 a la profesora en el cuello al comienzo de la clase de japon\u00e9s sin motivo aparente. El incidente ha suscitado numerosas reacciones tanto de las autoridades como de los sindicatos. El Ministerio de Educaci\u00f3n ha anunciado que las instituciones competentes est\u00e1n investigando las circunstancias que rodearon el incidente. Adem\u00e1s, asegura que supervisar\u00e1 las medidas que se tomen en el centro educativo, tanto desde el punto de vista jur\u00eddico como en lo que se refiere al apoyo a los alumnos que presenciaron el episodio.<\/p>\n<p>&#13;<br \/>\n&#13;<\/p>\n<p>&#13;<br \/>\n&#13;<\/p>\n<p>La ministra Ligia Deca considera el incidente una llamada de atenci\u00f3n, que se suma a otras situaciones que han llamado la atenci\u00f3n sobre la importancia de la seguridad en el entorno escolar. Seg\u00fan ella, la escuela debe ser un lugar donde tanto los ni\u00f1os como los profesores se sientan seguros.<\/p>\n<p>&#13;<br \/>\n&#13;<\/p>\n<p>&#13;<br \/>\n&#13;<\/p>\n<p>Por su parte, la Federaci\u00f3n de Sindicatos de la Ense\u00f1anza \u00abSpiru Haret\u00bb pidi\u00f3 al Gobierno que intensifique las medidas para prevenir la violencia en las escuelas y que endurezca la legislaci\u00f3n vigente sobre seguridad escolar. En un comunicado de prensa, la Federaci\u00f3n se\u00f1ala que recibe informes semanales sobre violencia y consumo de drogas en las escuelas. Tambi\u00e9n considera que las escuelas no disponen de las herramientas necesarias para tomar medidas inmediatas y eficaces en caso de violencia contra los empleados. Adem\u00e1s, las sanciones actuales, como la expulsi\u00f3n disciplinaria y la bajada de notas por comportamiento, son completamente ineficaces. Por ello, la Federaci\u00f3n pide a los parlamentarios que establezcan salvaguardias para los empleados cuando se debata el proyecto de ley sobre la ense\u00f1anza preuniversitaria. Por su parte, la Federaci\u00f3n de Organizaciones Sindicales Libres de la Ense\u00f1anza considera que el incidente deber\u00eda alarmar no solo al sistema educativo y a los padres, sino especialmente a las autoridades: \u00abEl entorno escolar ya se ha vuelto inseguro, basta con pensar en lo que ha ocurrido recientemente, cuando hemos sido testigos de actos de violencia, amenazas, abusos o consumo de drogas\u00bb, declar\u00f3 en un comunicado.<\/p>\n<p>&#13;<br \/>\n&#13;<\/p>\n<p>&#13;<br \/>\n&#13;<\/p>\n<p>Los sindicalistas de la ense\u00f1anza afirman que la falta de una intervenci\u00f3n r\u00e1pida y firme de las autoridades har\u00e1 que los profesores tengan miedo de realizar su trabajo en las escuelas y que los alumnos se vean influidos negativamente por quienes perturban la paz en los centros educativos. Un estudio de la Fundaci\u00f3n World Vision Ruman\u00eda se\u00f1alaba hace unos a\u00f1os que el 71 % de los alumnos rumanos presenciaban o eran v\u00edctimas de la violencia de camino a la escuela, durante los recreos o incluso durante las clases. Y los datos se complementaban con un informe de la Organizaci\u00f3n Mundial de la Salud, que situaba a Ruman\u00eda en el tercer lugar de Europa en la clasificaci\u00f3n de 42 pa\u00edses en los que se investig\u00f3 el acoso escolar.<\/p>\n<p>&#13;<br \/>\n&#13;<\/p>\n<p>&#13;<br \/>\n&#13;<\/p>\n<p>Traducci\u00f3n al espa\u00f1ol: Antonio Madrid<\/p>\n<p>&#13;<br \/>\n&#13;<\/p>\n<p>&#13;<\/p>\n","protected":false},"excerpt":{"rendered":"<p>Los sindicatos de la ense\u00f1anza advierten de que las escuelas de Ruman\u00eda pueden convertirse en un lugar peligroso, por lo que alumnos y empleados necesitan protecci\u00f3n.<\/p>\n","protected":false},"author":107,"featured_media":95327,"comment_status":"closed","ping_status":"closed","sticky":false,"template":"","format":"standard","meta":{"_acf_changed":false,"footnotes":""},"categories":[23],"tags":[],"coauthors":[],"class_list":["post-205042","post","type-post","status-publish","format-standard","has-post-thumbnail","hentry","category-en-portada"],"acf":[],"yoast_head":"<!-- This site is optimized with the Yoast SEO plugin v27.3 - https:\/\/yoast.com\/product\/yoast-seo-wordpress\/ -->\n<title>Seguridad en las escuelas, \u00bfhacia d\u00f3nde? - Radio Ruman\u00eda Internacional<\/title>\n<meta name=\"robots\" content=\"index, follow, max-snippet:-1, max-image-preview:large, max-video-preview:-1\" \/>\n<link rel=\"canonical\" href=\"https:\/\/www.rri.ro\/es\/actualidad\/en-portada\/seguridad-en-las-escuelas-hacia-donde-id205042.html\" \/>\n<meta property=\"og:locale\" content=\"es_ES\" \/>\n<meta property=\"og:type\" content=\"article\" \/>\n<meta property=\"og:title\" content=\"Seguridad en las escuelas, \u00bfhacia d\u00f3nde? - Radio Ruman\u00eda Internacional\" \/>\n<meta property=\"og:description\" content=\"Los sindicatos de la ense\u00f1anza advierten de que las escuelas de Ruman\u00eda pueden convertirse en un lugar peligroso, por lo que alumnos y empleados necesitan protecci\u00f3n.\" \/>\n<meta property=\"og:url\" content=\"https:\/\/www.rri.ro\/es\/actualidad\/en-portada\/seguridad-en-las-escuelas-hacia-donde-id205042.html\" \/>\n<meta property=\"og:site_name\" content=\"Radio Ruman\u00eda Internacional\" \/>\n<meta property=\"article:published_time\" content=\"2023-04-06T09:52:00+00:00\" \/>\n<meta property=\"article:modified_time\" content=\"2024-02-21T11:33:48+00:00\" \/>\n<meta property=\"og:image\" content=\"https:\/\/www.rri.ro\/wp-content\/uploads\/2023\/10\/scoala-elev-desen-coyot-pixabay-com.jpg\" \/>\n\t<meta property=\"og:image:width\" content=\"640\" \/>\n\t<meta property=\"og:image:height\" content=\"427\" \/>\n\t<meta property=\"og:image:type\" content=\"image\/jpeg\" \/>\n<meta name=\"author\" content=\"Daniela Budu\" \/>\n<meta name=\"twitter:card\" content=\"summary_large_image\" \/>\n<meta name=\"twitter:label1\" content=\"Escrito por\" \/>\n\t<meta name=\"twitter:data1\" content=\"Daniela Budu\" \/>\n\t<meta name=\"twitter:label2\" content=\"Tiempo de lectura\" \/>\n\t<meta name=\"twitter:data2\" content=\"3 minutos\" \/>\n\t<meta name=\"twitter:label3\" content=\"Written by\" \/>\n\t<meta name=\"twitter:data3\" content=\"Daniela Budu\" \/>\n<script type=\"application\/ld+json\" class=\"yoast-schema-graph\">{\"@context\":\"https:\\\/\\\/schema.org\",\"@graph\":[{\"@type\":\"Article\",\"@id\":\"https:\\\/\\\/www.rri.ro\\\/es\\\/actualidad\\\/en-portada\\\/seguridad-en-las-escuelas-hacia-donde-id205042.html#article\",\"isPartOf\":{\"@id\":\"https:\\\/\\\/www.rri.ro\\\/es\\\/actualidad\\\/en-portada\\\/seguridad-en-las-escuelas-hacia-donde-id205042.html\"},\"author\":{\"name\":\"Daniela Budu\",\"@id\":\"https:\\\/\\\/www.rri.ro\\\/#\\\/schema\\\/person\\\/b46b8f80d7d6e4b5ac9f14f0acbad0c4\"},\"headline\":\"Seguridad en las escuelas, \u00bfhacia d\u00f3nde?\",\"datePublished\":\"2023-04-06T09:52:00+00:00\",\"dateModified\":\"2024-02-21T11:33:48+00:00\",\"mainEntityOfPage\":{\"@id\":\"https:\\\/\\\/www.rri.ro\\\/es\\\/actualidad\\\/en-portada\\\/seguridad-en-las-escuelas-hacia-donde-id205042.html\"},\"wordCount\":549,\"image\":{\"@id\":\"https:\\\/\\\/www.rri.ro\\\/es\\\/actualidad\\\/en-portada\\\/seguridad-en-las-escuelas-hacia-donde-id205042.html#primaryimage\"},\"thumbnailUrl\":\"https:\\\/\\\/www.rri.ro\\\/wp-content\\\/uploads\\\/2023\\\/10\\\/scoala-elev-desen-coyot-pixabay-com.jpg\",\"articleSection\":[\"En portada\"],\"inLanguage\":\"es\"},{\"@type\":\"WebPage\",\"@id\":\"https:\\\/\\\/www.rri.ro\\\/es\\\/actualidad\\\/en-portada\\\/seguridad-en-las-escuelas-hacia-donde-id205042.html\",\"url\":\"https:\\\/\\\/www.rri.ro\\\/es\\\/actualidad\\\/en-portada\\\/seguridad-en-las-escuelas-hacia-donde-id205042.html\",\"name\":\"Seguridad en las escuelas, \u00bfhacia d\u00f3nde? - Radio Ruman\u00eda Internacional\",\"isPartOf\":{\"@id\":\"https:\\\/\\\/www.rri.ro\\\/#website\"},\"primaryImageOfPage\":{\"@id\":\"https:\\\/\\\/www.rri.ro\\\/es\\\/actualidad\\\/en-portada\\\/seguridad-en-las-escuelas-hacia-donde-id205042.html#primaryimage\"},\"image\":{\"@id\":\"https:\\\/\\\/www.rri.ro\\\/es\\\/actualidad\\\/en-portada\\\/seguridad-en-las-escuelas-hacia-donde-id205042.html#primaryimage\"},\"thumbnailUrl\":\"https:\\\/\\\/www.rri.ro\\\/wp-content\\\/uploads\\\/2023\\\/10\\\/scoala-elev-desen-coyot-pixabay-com.jpg\",\"datePublished\":\"2023-04-06T09:52:00+00:00\",\"dateModified\":\"2024-02-21T11:33:48+00:00\",\"author\":{\"@id\":\"https:\\\/\\\/www.rri.ro\\\/#\\\/schema\\\/person\\\/b46b8f80d7d6e4b5ac9f14f0acbad0c4\"},\"breadcrumb\":{\"@id\":\"https:\\\/\\\/www.rri.ro\\\/es\\\/actualidad\\\/en-portada\\\/seguridad-en-las-escuelas-hacia-donde-id205042.html#breadcrumb\"},\"inLanguage\":\"es\",\"potentialAction\":[{\"@type\":\"ReadAction\",\"target\":[\"https:\\\/\\\/www.rri.ro\\\/es\\\/actualidad\\\/en-portada\\\/seguridad-en-las-escuelas-hacia-donde-id205042.html\"]}]},{\"@type\":\"ImageObject\",\"inLanguage\":\"es\",\"@id\":\"https:\\\/\\\/www.rri.ro\\\/es\\\/actualidad\\\/en-portada\\\/seguridad-en-las-escuelas-hacia-donde-id205042.html#primaryimage\",\"url\":\"https:\\\/\\\/www.rri.ro\\\/wp-content\\\/uploads\\\/2023\\\/10\\\/scoala-elev-desen-coyot-pixabay-com.jpg\",\"contentUrl\":\"https:\\\/\\\/www.rri.ro\\\/wp-content\\\/uploads\\\/2023\\\/10\\\/scoala-elev-desen-coyot-pixabay-com.jpg\",\"width\":640,\"height\":427},{\"@type\":\"BreadcrumbList\",\"@id\":\"https:\\\/\\\/www.rri.ro\\\/es\\\/actualidad\\\/en-portada\\\/seguridad-en-las-escuelas-hacia-donde-id205042.html#breadcrumb\",\"itemListElement\":[{\"@type\":\"ListItem\",\"position\":1,\"name\":\"P\u00e1gina de inicio\",\"item\":\"https:\\\/\\\/www.rri.ro\\\/es\"},{\"@type\":\"ListItem\",\"position\":2,\"name\":\"Actualidad\",\"item\":\"https:\\\/\\\/www.rri.ro\\\/es\\\/actualidad\"},{\"@type\":\"ListItem\",\"position\":3,\"name\":\"En portada\",\"item\":\"https:\\\/\\\/www.rri.ro\\\/es\\\/actualidad\\\/en-portada\"},{\"@type\":\"ListItem\",\"position\":4,\"name\":\"Seguridad en las escuelas, \u00bfhacia d\u00f3nde?\"}]},{\"@type\":\"WebSite\",\"@id\":\"https:\\\/\\\/www.rri.ro\\\/#website\",\"url\":\"https:\\\/\\\/www.rri.ro\\\/\",\"name\":\"Radio Ruman\u00eda Internacional\",\"description\":\"Totul despre Rom\u00e2nia \u015fi rom\u00e2ni, \u00een 13 limbi\\\/dialecte!\",\"inLanguage\":\"es\"},{\"@type\":\"Person\",\"@id\":\"https:\\\/\\\/www.rri.ro\\\/#\\\/schema\\\/person\\\/b46b8f80d7d6e4b5ac9f14f0acbad0c4\",\"name\":\"Daniela Budu\",\"url\":\"https:\\\/\\\/www.rri.ro\\\/es\\\/author\\\/daniela-budu\"}]}<\/script>\n<!-- \/ Yoast SEO plugin. -->","yoast_head_json":{"title":"Seguridad en las escuelas, \u00bfhacia d\u00f3nde? - Radio Ruman\u00eda Internacional","robots":{"index":"index","follow":"follow","max-snippet":"max-snippet:-1","max-image-preview":"max-image-preview:large","max-video-preview":"max-video-preview:-1"},"canonical":"https:\/\/www.rri.ro\/es\/actualidad\/en-portada\/seguridad-en-las-escuelas-hacia-donde-id205042.html","og_locale":"es_ES","og_type":"article","og_title":"Seguridad en las escuelas, \u00bfhacia d\u00f3nde? - Radio Ruman\u00eda Internacional","og_description":"Los sindicatos de la ense\u00f1anza advierten de que las escuelas de Ruman\u00eda pueden convertirse en un lugar peligroso, por lo que alumnos y empleados necesitan protecci\u00f3n.","og_url":"https:\/\/www.rri.ro\/es\/actualidad\/en-portada\/seguridad-en-las-escuelas-hacia-donde-id205042.html","og_site_name":"Radio Ruman\u00eda Internacional","article_published_time":"2023-04-06T09:52:00+00:00","article_modified_time":"2024-02-21T11:33:48+00:00","og_image":[{"width":640,"height":427,"url":"https:\/\/www.rri.ro\/wp-content\/uploads\/2023\/10\/scoala-elev-desen-coyot-pixabay-com.jpg","type":"image\/jpeg"}],"author":"Daniela Budu","twitter_card":"summary_large_image","twitter_misc":{"Escrito por":"Daniela Budu","Tiempo de lectura":"3 minutos","Written by":"Daniela Budu"},"schema":{"@context":"https:\/\/schema.org","@graph":[{"@type":"Article","@id":"https:\/\/www.rri.ro\/es\/actualidad\/en-portada\/seguridad-en-las-escuelas-hacia-donde-id205042.html#article","isPartOf":{"@id":"https:\/\/www.rri.ro\/es\/actualidad\/en-portada\/seguridad-en-las-escuelas-hacia-donde-id205042.html"},"author":{"name":"Daniela Budu","@id":"https:\/\/www.rri.ro\/#\/schema\/person\/b46b8f80d7d6e4b5ac9f14f0acbad0c4"},"headline":"Seguridad en las escuelas, \u00bfhacia d\u00f3nde?","datePublished":"2023-04-06T09:52:00+00:00","dateModified":"2024-02-21T11:33:48+00:00","mainEntityOfPage":{"@id":"https:\/\/www.rri.ro\/es\/actualidad\/en-portada\/seguridad-en-las-escuelas-hacia-donde-id205042.html"},"wordCount":549,"image":{"@id":"https:\/\/www.rri.ro\/es\/actualidad\/en-portada\/seguridad-en-las-escuelas-hacia-donde-id205042.html#primaryimage"},"thumbnailUrl":"https:\/\/www.rri.ro\/wp-content\/uploads\/2023\/10\/scoala-elev-desen-coyot-pixabay-com.jpg","articleSection":["En portada"],"inLanguage":"es"},{"@type":"WebPage","@id":"https:\/\/www.rri.ro\/es\/actualidad\/en-portada\/seguridad-en-las-escuelas-hacia-donde-id205042.html","url":"https:\/\/www.rri.ro\/es\/actualidad\/en-portada\/seguridad-en-las-escuelas-hacia-donde-id205042.html","name":"Seguridad en las escuelas, \u00bfhacia d\u00f3nde? - Radio Ruman\u00eda Internacional","isPartOf":{"@id":"https:\/\/www.rri.ro\/#website"},"primaryImageOfPage":{"@id":"https:\/\/www.rri.ro\/es\/actualidad\/en-portada\/seguridad-en-las-escuelas-hacia-donde-id205042.html#primaryimage"},"image":{"@id":"https:\/\/www.rri.ro\/es\/actualidad\/en-portada\/seguridad-en-las-escuelas-hacia-donde-id205042.html#primaryimage"},"thumbnailUrl":"https:\/\/www.rri.ro\/wp-content\/uploads\/2023\/10\/scoala-elev-desen-coyot-pixabay-com.jpg","datePublished":"2023-04-06T09:52:00+00:00","dateModified":"2024-02-21T11:33:48+00:00","author":{"@id":"https:\/\/www.rri.ro\/#\/schema\/person\/b46b8f80d7d6e4b5ac9f14f0acbad0c4"},"breadcrumb":{"@id":"https:\/\/www.rri.ro\/es\/actualidad\/en-portada\/seguridad-en-las-escuelas-hacia-donde-id205042.html#breadcrumb"},"inLanguage":"es","potentialAction":[{"@type":"ReadAction","target":["https:\/\/www.rri.ro\/es\/actualidad\/en-portada\/seguridad-en-las-escuelas-hacia-donde-id205042.html"]}]},{"@type":"ImageObject","inLanguage":"es","@id":"https:\/\/www.rri.ro\/es\/actualidad\/en-portada\/seguridad-en-las-escuelas-hacia-donde-id205042.html#primaryimage","url":"https:\/\/www.rri.ro\/wp-content\/uploads\/2023\/10\/scoala-elev-desen-coyot-pixabay-com.jpg","contentUrl":"https:\/\/www.rri.ro\/wp-content\/uploads\/2023\/10\/scoala-elev-desen-coyot-pixabay-com.jpg","width":640,"height":427},{"@type":"BreadcrumbList","@id":"https:\/\/www.rri.ro\/es\/actualidad\/en-portada\/seguridad-en-las-escuelas-hacia-donde-id205042.html#breadcrumb","itemListElement":[{"@type":"ListItem","position":1,"name":"P\u00e1gina de inicio","item":"https:\/\/www.rri.ro\/es"},{"@type":"ListItem","position":2,"name":"Actualidad","item":"https:\/\/www.rri.ro\/es\/actualidad"},{"@type":"ListItem","position":3,"name":"En portada","item":"https:\/\/www.rri.ro\/es\/actualidad\/en-portada"},{"@type":"ListItem","position":4,"name":"Seguridad en las escuelas, \u00bfhacia d\u00f3nde?"}]},{"@type":"WebSite","@id":"https:\/\/www.rri.ro\/#website","url":"https:\/\/www.rri.ro\/","name":"Radio Ruman\u00eda Internacional","description":"Totul despre Rom\u00e2nia \u015fi rom\u00e2ni, \u00een 13 limbi\/dialecte!","inLanguage":"es"},{"@type":"Person","@id":"https:\/\/www.rri.ro\/#\/schema\/person\/b46b8f80d7d6e4b5ac9f14f0acbad0c4","name":"Daniela Budu","url":"https:\/\/www.rri.ro\/es\/author\/daniela-budu"}]}},"_links":{"self":[{"href":"https:\/\/www.rri.ro\/es\/wp-json\/wp\/v2\/posts\/205042","targetHints":{"allow":["GET"]}}],"collection":[{"href":"https:\/\/www.rri.ro\/es\/wp-json\/wp\/v2\/posts"}],"about":[{"href":"https:\/\/www.rri.ro\/es\/wp-json\/wp\/v2\/types\/post"}],"author":[{"embeddable":true,"href":"https:\/\/www.rri.ro\/es\/wp-json\/wp\/v2\/users\/107"}],"replies":[{"embeddable":true,"href":"https:\/\/www.rri.ro\/es\/wp-json\/wp\/v2\/comments?post=205042"}],"version-history":[{"count":0,"href":"https:\/\/www.rri.ro\/es\/wp-json\/wp\/v2\/posts\/205042\/revisions"}],"wp:featuredmedia":[{"embeddable":true,"href":"https:\/\/www.rri.ro\/es\/wp-json\/wp\/v2\/media\/95327"}],"wp:attachment":[{"href":"https:\/\/www.rri.ro\/es\/wp-json\/wp\/v2\/media?parent=205042"}],"wp:term":[{"taxonomy":"category","embeddable":true,"href":"https:\/\/www.rri.ro\/es\/wp-json\/wp\/v2\/categories?post=205042"},{"taxonomy":"post_tag","embeddable":true,"href":"https:\/\/www.rri.ro\/es\/wp-json\/wp\/v2\/tags?post=205042"},{"taxonomy":"author","embeddable":true,"href":"https:\/\/www.rri.ro\/es\/wp-json\/wp\/v2\/coauthors?post=205042"}],"curies":[{"name":"wp","href":"https:\/\/api.w.org\/{rel}","templated":true}]}}