{"id":209679,"date":"2023-03-02T14:12:00","date_gmt":"2023-03-02T12:12:00","guid":{"rendered":"http:\/\/devrri.freshlemon.ro\/actualidad\/legislacion-para-la-proteccion-antisismica-id209679.html"},"modified":"2024-02-21T14:48:35","modified_gmt":"2024-02-21T12:48:35","slug":"legislacion-para-la-proteccion-antisismica","status":"publish","type":"post","link":"https:\/\/www.rri.ro\/es\/actualidad\/tema-del-dia\/legislacion-para-la-proteccion-antisismica-id209679.html","title":{"rendered":"Legislaci\u00f3n para la protecci\u00f3n antis\u00edsmica"},"content":{"rendered":"<p>El primer ministro Nicolae Ciuc\u0103 declar\u00f3, en el consejo de ministros del mi\u00e9rcoles, que Ruman\u00eda era un pa\u00eds de riesgo s\u00edsmico, mencionando que habr\u00eda que implementar a la mayor brevedad posible el procedimiento de certificaci\u00f3n de las compa\u00f1\u00edas, por \u00e1mbitos de especialidad, en el sector de la construcci\u00f3n. Es m\u00e1s, seg\u00fan el primer ministro, habr\u00e1 que regular la responsabilidad relativa a la estructura de resistencia. El primer ministro asegur\u00f3 que seguir\u00e1 tomando medidas gubernamentales en materia de riesgos s\u00edsmicos, y que el Gobierno y las autoridades locales tomar\u00e1n medidas de modo que se puedan gestionar todos los programas y proyectos de consolidaci\u00f3n de la infraestructura.<\/p>\n<p>&#13;<br \/>\n&#13;<\/p>\n<p>&#13;<br \/>\n&#13;<\/p>\n<p>Mientras tanto, el Ministerio de Fomento rumano ya est\u00e1 implementando <em>el Programa Nacional de Consolidaci\u00f3n de los Edificios de Riesgo S\u00edsmico Elevado, <\/em>al que se le asign\u00f3, para este a\u00f1o, un presupuesto de 200 millones de leus (unos 40 millones de euros) en concepto de cr\u00e9ditos presupuestarios, y 500 millones de leus (unos 100 millones de euros) en concepto de cr\u00e9ditos de compromiso, con una financiaci\u00f3n del       100 %. As\u00ed pues, las personas que viven en edificios consolidados y las autoridades locales no se ver\u00e1n obligadas a devolver el dinero asignado a la consolidaci\u00f3n.<\/p>\n<p>&#13;<br \/>\n&#13;<\/p>\n<p>&#13;<br \/>\n&#13;<\/p>\n<p>Seg\u00fan los datos oficiales, desde principios de 2023 se han presentado solicitudes de financiaci\u00f3n para la consolidaci\u00f3n s\u00edsmica de casi 400 edificios. El ministro de Fomento, Cseke Attila, ha anunciado que los primeros 50 proyectos presentados dentro del Programa Nacional de Consolidaci\u00f3n de los edificios de riesgo s\u00edsmico elevado ya han sido seleccionados, de cara a su financiaci\u00f3n. Centros de educaci\u00f3n, edificios socioculturales, bloques de viviendas, edificios administrativos y centros sanitarios han sido incluidos en el listado de los que pueden recibir financiaci\u00f3n, despu\u00e9s de que las autoridades locales presenten la documentaci\u00f3n adicional requerida.<\/p>\n<p>&#13;<br \/>\n&#13;<\/p>\n<p>&#13;<br \/>\n&#13;<\/p>\n<p>Los edificios est\u00e1n en todo el pa\u00eds y la cantidad total solicitada para su consolidaci\u00f3n es de 738 millones de leus (unos 148 millones de euros). Adem\u00e1s, el Gobierno decidi\u00f3, en su junta del mi\u00e9rcoles pasado, enviar al Parlamento para debate y aprobaci\u00f3n un proyecto de ley que propon\u00eda, entre otras cuestiones, prohibir el alquiler de los pisos en edificios del primer grupo de riesgo s\u00edsmico. La interdicci\u00f3n empieza en el momento en que se realiza la evaluaci\u00f3n r\u00e1pida visual y cesa cuando terminan las obras de consolidaci\u00f3n del edificio. Seg\u00fan el ministro de Fomento, despu\u00e9s de que esta ley entre en vigor, los contratos de alquiler existentes cesar\u00e1n de pleno derecho en un plazo m\u00e1ximo de 30 d\u00edas.<\/p>\n<p>&#13;<br \/>\n&#13;<\/p>\n<p>&#13;<br \/>\n&#13;<\/p>\n<p>El mi\u00e9rcoles pasado tambi\u00e9n, el Ejecutivo rumano adopt\u00f3 un decreto ley de urgencia referente al programa \u00abEscuelas seguras y saludables\u00bb, que propone un procedimiento simplificado para incluir en el programa de inversiones las escuelas encuadradas en la primera categor\u00eda de riesgo s\u00edsmico. El listado de las escuelas lo elaborar\u00e1 el Ministerio de Educaci\u00f3n y lo enviar\u00e1 al Ministerio de Fomento.<\/p>\n<p>&#13;<br \/>\n&#13;<\/p>\n<p>&#13;<br \/>\n&#13;<\/p>\n<p>Seg\u00fan los datos oficiales, aparte de los edificios consolidados mediante el Programa Nacional de Consolidaci\u00f3n, el ministerio tambi\u00e9n est\u00e1 financiando, a trav\u00e9s del Plan Nacional de Recuperaci\u00f3n y Resiliencia, otros 251 edificios y, a trav\u00e9s de la Compa\u00f1\u00eda Nacional de Inversiones, 57 edificios.<\/p>\n<p>&#13;<br \/>\n&#13;<\/p>\n<p>&#13;<br \/>\n&#13;<\/p>\n<p>Traducci\u00f3n al espa\u00f1ol: Gabriela Ristea<\/p>\n<p>&#13;<\/p>\n","protected":false},"excerpt":{"rendered":"<p>Los fuertes terremotos producidos el mes pasado en Turqu\u00eda y Siria, y la reciente actividad s\u00edsmica del sur de Ruman\u00eda han vuelto a centrar la atenci\u00f3n de las autoridades rumanas en el asunto de la consolidaci\u00f3n de los edificios de riesgo.<\/p>\n","protected":false},"author":107,"featured_media":94821,"comment_status":"closed","ping_status":"closed","sticky":false,"template":"","format":"standard","meta":{"_acf_changed":false,"footnotes":""},"categories":[49231],"tags":[],"coauthors":[],"class_list":["post-209679","post","type-post","status-publish","format-standard","has-post-thumbnail","hentry","category-tema-del-dia"],"acf":[],"yoast_head":"<!-- This site is optimized with the Yoast SEO plugin v27.3 - https:\/\/yoast.com\/product\/yoast-seo-wordpress\/ -->\n<title>Legislaci\u00f3n para la protecci\u00f3n antis\u00edsmica - Radio Ruman\u00eda Internacional<\/title>\n<meta name=\"robots\" content=\"index, follow, max-snippet:-1, max-image-preview:large, max-video-preview:-1\" \/>\n<link rel=\"canonical\" href=\"https:\/\/www.rri.ro\/es\/actualidad\/tema-del-dia\/legislacion-para-la-proteccion-antisismica-id209679.html\" \/>\n<meta property=\"og:locale\" content=\"es_ES\" \/>\n<meta property=\"og:type\" content=\"article\" \/>\n<meta property=\"og:title\" content=\"Legislaci\u00f3n para la protecci\u00f3n antis\u00edsmica - Radio Ruman\u00eda Internacional\" \/>\n<meta property=\"og:description\" content=\"Los fuertes terremotos producidos el mes pasado en Turqu\u00eda y Siria, y la reciente actividad s\u00edsmica del sur de Ruman\u00eda han vuelto a centrar la atenci\u00f3n de las autoridades rumanas en el asunto de la consolidaci\u00f3n de los edificios de riesgo.\" \/>\n<meta property=\"og:url\" content=\"https:\/\/www.rri.ro\/es\/actualidad\/tema-del-dia\/legislacion-para-la-proteccion-antisismica-id209679.html\" \/>\n<meta property=\"og:site_name\" content=\"Radio Ruman\u00eda Internacional\" \/>\n<meta property=\"article:published_time\" content=\"2023-03-02T12:12:00+00:00\" \/>\n<meta property=\"article:modified_time\" content=\"2024-02-21T12:48:35+00:00\" \/>\n<meta property=\"og:image\" content=\"https:\/\/www.rri.ro\/wp-content\/uploads\/2023\/10\/cladiri-cu-risc-seismic-ridicat-foto-ministerul-lucrarilor-publice-fb.png\" \/>\n\t<meta property=\"og:image:width\" content=\"640\" \/>\n\t<meta property=\"og:image:height\" content=\"473\" \/>\n\t<meta property=\"og:image:type\" content=\"image\/png\" \/>\n<meta name=\"author\" content=\"Daniela Budu\" \/>\n<meta name=\"twitter:card\" content=\"summary_large_image\" \/>\n<meta name=\"twitter:label1\" content=\"Escrito por\" \/>\n\t<meta name=\"twitter:data1\" content=\"Daniela Budu\" \/>\n\t<meta name=\"twitter:label2\" content=\"Tiempo de lectura\" \/>\n\t<meta name=\"twitter:data2\" content=\"3 minutos\" \/>\n\t<meta name=\"twitter:label3\" content=\"Written by\" \/>\n\t<meta name=\"twitter:data3\" content=\"Daniela Budu\" \/>\n<script type=\"application\/ld+json\" class=\"yoast-schema-graph\">{\"@context\":\"https:\\\/\\\/schema.org\",\"@graph\":[{\"@type\":\"Article\",\"@id\":\"https:\\\/\\\/www.rri.ro\\\/es\\\/actualidad\\\/tema-del-dia\\\/legislacion-para-la-proteccion-antisismica-id209679.html#article\",\"isPartOf\":{\"@id\":\"https:\\\/\\\/www.rri.ro\\\/es\\\/actualidad\\\/tema-del-dia\\\/legislacion-para-la-proteccion-antisismica-id209679.html\"},\"author\":{\"name\":\"Daniela Budu\",\"@id\":\"https:\\\/\\\/www.rri.ro\\\/#\\\/schema\\\/person\\\/b46b8f80d7d6e4b5ac9f14f0acbad0c4\"},\"headline\":\"Legislaci\u00f3n para la protecci\u00f3n antis\u00edsmica\",\"datePublished\":\"2023-03-02T12:12:00+00:00\",\"dateModified\":\"2024-02-21T12:48:35+00:00\",\"mainEntityOfPage\":{\"@id\":\"https:\\\/\\\/www.rri.ro\\\/es\\\/actualidad\\\/tema-del-dia\\\/legislacion-para-la-proteccion-antisismica-id209679.html\"},\"wordCount\":577,\"image\":{\"@id\":\"https:\\\/\\\/www.rri.ro\\\/es\\\/actualidad\\\/tema-del-dia\\\/legislacion-para-la-proteccion-antisismica-id209679.html#primaryimage\"},\"thumbnailUrl\":\"https:\\\/\\\/www.rri.ro\\\/wp-content\\\/uploads\\\/2023\\\/10\\\/cladiri-cu-risc-seismic-ridicat-foto-ministerul-lucrarilor-publice-fb.png\",\"articleSection\":[\"Tema del d\u00eda\"],\"inLanguage\":\"es\"},{\"@type\":\"WebPage\",\"@id\":\"https:\\\/\\\/www.rri.ro\\\/es\\\/actualidad\\\/tema-del-dia\\\/legislacion-para-la-proteccion-antisismica-id209679.html\",\"url\":\"https:\\\/\\\/www.rri.ro\\\/es\\\/actualidad\\\/tema-del-dia\\\/legislacion-para-la-proteccion-antisismica-id209679.html\",\"name\":\"Legislaci\u00f3n para la protecci\u00f3n antis\u00edsmica - Radio Ruman\u00eda Internacional\",\"isPartOf\":{\"@id\":\"https:\\\/\\\/www.rri.ro\\\/#website\"},\"primaryImageOfPage\":{\"@id\":\"https:\\\/\\\/www.rri.ro\\\/es\\\/actualidad\\\/tema-del-dia\\\/legislacion-para-la-proteccion-antisismica-id209679.html#primaryimage\"},\"image\":{\"@id\":\"https:\\\/\\\/www.rri.ro\\\/es\\\/actualidad\\\/tema-del-dia\\\/legislacion-para-la-proteccion-antisismica-id209679.html#primaryimage\"},\"thumbnailUrl\":\"https:\\\/\\\/www.rri.ro\\\/wp-content\\\/uploads\\\/2023\\\/10\\\/cladiri-cu-risc-seismic-ridicat-foto-ministerul-lucrarilor-publice-fb.png\",\"datePublished\":\"2023-03-02T12:12:00+00:00\",\"dateModified\":\"2024-02-21T12:48:35+00:00\",\"author\":{\"@id\":\"https:\\\/\\\/www.rri.ro\\\/#\\\/schema\\\/person\\\/b46b8f80d7d6e4b5ac9f14f0acbad0c4\"},\"breadcrumb\":{\"@id\":\"https:\\\/\\\/www.rri.ro\\\/es\\\/actualidad\\\/tema-del-dia\\\/legislacion-para-la-proteccion-antisismica-id209679.html#breadcrumb\"},\"inLanguage\":\"es\",\"potentialAction\":[{\"@type\":\"ReadAction\",\"target\":[\"https:\\\/\\\/www.rri.ro\\\/es\\\/actualidad\\\/tema-del-dia\\\/legislacion-para-la-proteccion-antisismica-id209679.html\"]}]},{\"@type\":\"ImageObject\",\"inLanguage\":\"es\",\"@id\":\"https:\\\/\\\/www.rri.ro\\\/es\\\/actualidad\\\/tema-del-dia\\\/legislacion-para-la-proteccion-antisismica-id209679.html#primaryimage\",\"url\":\"https:\\\/\\\/www.rri.ro\\\/wp-content\\\/uploads\\\/2023\\\/10\\\/cladiri-cu-risc-seismic-ridicat-foto-ministerul-lucrarilor-publice-fb.png\",\"contentUrl\":\"https:\\\/\\\/www.rri.ro\\\/wp-content\\\/uploads\\\/2023\\\/10\\\/cladiri-cu-risc-seismic-ridicat-foto-ministerul-lucrarilor-publice-fb.png\",\"width\":640,\"height\":473},{\"@type\":\"BreadcrumbList\",\"@id\":\"https:\\\/\\\/www.rri.ro\\\/es\\\/actualidad\\\/tema-del-dia\\\/legislacion-para-la-proteccion-antisismica-id209679.html#breadcrumb\",\"itemListElement\":[{\"@type\":\"ListItem\",\"position\":1,\"name\":\"P\u00e1gina de inicio\",\"item\":\"https:\\\/\\\/www.rri.ro\\\/es\"},{\"@type\":\"ListItem\",\"position\":2,\"name\":\"Actualidad\",\"item\":\"https:\\\/\\\/www.rri.ro\\\/es\\\/actualidad\"},{\"@type\":\"ListItem\",\"position\":3,\"name\":\"Tema del d\u00eda\",\"item\":\"https:\\\/\\\/www.rri.ro\\\/es\\\/actualidad\\\/tema-del-dia\"},{\"@type\":\"ListItem\",\"position\":4,\"name\":\"Legislaci\u00f3n para la protecci\u00f3n antis\u00edsmica\"}]},{\"@type\":\"WebSite\",\"@id\":\"https:\\\/\\\/www.rri.ro\\\/#website\",\"url\":\"https:\\\/\\\/www.rri.ro\\\/\",\"name\":\"Radio Ruman\u00eda Internacional\",\"description\":\"Totul despre Rom\u00e2nia \u015fi rom\u00e2ni, \u00een 13 limbi\\\/dialecte!\",\"inLanguage\":\"es\"},{\"@type\":\"Person\",\"@id\":\"https:\\\/\\\/www.rri.ro\\\/#\\\/schema\\\/person\\\/b46b8f80d7d6e4b5ac9f14f0acbad0c4\",\"name\":\"Daniela Budu\",\"url\":\"https:\\\/\\\/www.rri.ro\\\/es\\\/author\\\/daniela-budu\"}]}<\/script>\n<!-- \/ Yoast SEO plugin. -->","yoast_head_json":{"title":"Legislaci\u00f3n para la protecci\u00f3n antis\u00edsmica - Radio Ruman\u00eda Internacional","robots":{"index":"index","follow":"follow","max-snippet":"max-snippet:-1","max-image-preview":"max-image-preview:large","max-video-preview":"max-video-preview:-1"},"canonical":"https:\/\/www.rri.ro\/es\/actualidad\/tema-del-dia\/legislacion-para-la-proteccion-antisismica-id209679.html","og_locale":"es_ES","og_type":"article","og_title":"Legislaci\u00f3n para la protecci\u00f3n antis\u00edsmica - Radio Ruman\u00eda Internacional","og_description":"Los fuertes terremotos producidos el mes pasado en Turqu\u00eda y Siria, y la reciente actividad s\u00edsmica del sur de Ruman\u00eda han vuelto a centrar la atenci\u00f3n de las autoridades rumanas en el asunto de la consolidaci\u00f3n de los edificios de riesgo.","og_url":"https:\/\/www.rri.ro\/es\/actualidad\/tema-del-dia\/legislacion-para-la-proteccion-antisismica-id209679.html","og_site_name":"Radio Ruman\u00eda Internacional","article_published_time":"2023-03-02T12:12:00+00:00","article_modified_time":"2024-02-21T12:48:35+00:00","og_image":[{"width":640,"height":473,"url":"https:\/\/www.rri.ro\/wp-content\/uploads\/2023\/10\/cladiri-cu-risc-seismic-ridicat-foto-ministerul-lucrarilor-publice-fb.png","type":"image\/png"}],"author":"Daniela Budu","twitter_card":"summary_large_image","twitter_misc":{"Escrito por":"Daniela Budu","Tiempo de lectura":"3 minutos","Written by":"Daniela Budu"},"schema":{"@context":"https:\/\/schema.org","@graph":[{"@type":"Article","@id":"https:\/\/www.rri.ro\/es\/actualidad\/tema-del-dia\/legislacion-para-la-proteccion-antisismica-id209679.html#article","isPartOf":{"@id":"https:\/\/www.rri.ro\/es\/actualidad\/tema-del-dia\/legislacion-para-la-proteccion-antisismica-id209679.html"},"author":{"name":"Daniela Budu","@id":"https:\/\/www.rri.ro\/#\/schema\/person\/b46b8f80d7d6e4b5ac9f14f0acbad0c4"},"headline":"Legislaci\u00f3n para la protecci\u00f3n antis\u00edsmica","datePublished":"2023-03-02T12:12:00+00:00","dateModified":"2024-02-21T12:48:35+00:00","mainEntityOfPage":{"@id":"https:\/\/www.rri.ro\/es\/actualidad\/tema-del-dia\/legislacion-para-la-proteccion-antisismica-id209679.html"},"wordCount":577,"image":{"@id":"https:\/\/www.rri.ro\/es\/actualidad\/tema-del-dia\/legislacion-para-la-proteccion-antisismica-id209679.html#primaryimage"},"thumbnailUrl":"https:\/\/www.rri.ro\/wp-content\/uploads\/2023\/10\/cladiri-cu-risc-seismic-ridicat-foto-ministerul-lucrarilor-publice-fb.png","articleSection":["Tema del d\u00eda"],"inLanguage":"es"},{"@type":"WebPage","@id":"https:\/\/www.rri.ro\/es\/actualidad\/tema-del-dia\/legislacion-para-la-proteccion-antisismica-id209679.html","url":"https:\/\/www.rri.ro\/es\/actualidad\/tema-del-dia\/legislacion-para-la-proteccion-antisismica-id209679.html","name":"Legislaci\u00f3n para la protecci\u00f3n antis\u00edsmica - Radio Ruman\u00eda Internacional","isPartOf":{"@id":"https:\/\/www.rri.ro\/#website"},"primaryImageOfPage":{"@id":"https:\/\/www.rri.ro\/es\/actualidad\/tema-del-dia\/legislacion-para-la-proteccion-antisismica-id209679.html#primaryimage"},"image":{"@id":"https:\/\/www.rri.ro\/es\/actualidad\/tema-del-dia\/legislacion-para-la-proteccion-antisismica-id209679.html#primaryimage"},"thumbnailUrl":"https:\/\/www.rri.ro\/wp-content\/uploads\/2023\/10\/cladiri-cu-risc-seismic-ridicat-foto-ministerul-lucrarilor-publice-fb.png","datePublished":"2023-03-02T12:12:00+00:00","dateModified":"2024-02-21T12:48:35+00:00","author":{"@id":"https:\/\/www.rri.ro\/#\/schema\/person\/b46b8f80d7d6e4b5ac9f14f0acbad0c4"},"breadcrumb":{"@id":"https:\/\/www.rri.ro\/es\/actualidad\/tema-del-dia\/legislacion-para-la-proteccion-antisismica-id209679.html#breadcrumb"},"inLanguage":"es","potentialAction":[{"@type":"ReadAction","target":["https:\/\/www.rri.ro\/es\/actualidad\/tema-del-dia\/legislacion-para-la-proteccion-antisismica-id209679.html"]}]},{"@type":"ImageObject","inLanguage":"es","@id":"https:\/\/www.rri.ro\/es\/actualidad\/tema-del-dia\/legislacion-para-la-proteccion-antisismica-id209679.html#primaryimage","url":"https:\/\/www.rri.ro\/wp-content\/uploads\/2023\/10\/cladiri-cu-risc-seismic-ridicat-foto-ministerul-lucrarilor-publice-fb.png","contentUrl":"https:\/\/www.rri.ro\/wp-content\/uploads\/2023\/10\/cladiri-cu-risc-seismic-ridicat-foto-ministerul-lucrarilor-publice-fb.png","width":640,"height":473},{"@type":"BreadcrumbList","@id":"https:\/\/www.rri.ro\/es\/actualidad\/tema-del-dia\/legislacion-para-la-proteccion-antisismica-id209679.html#breadcrumb","itemListElement":[{"@type":"ListItem","position":1,"name":"P\u00e1gina de inicio","item":"https:\/\/www.rri.ro\/es"},{"@type":"ListItem","position":2,"name":"Actualidad","item":"https:\/\/www.rri.ro\/es\/actualidad"},{"@type":"ListItem","position":3,"name":"Tema del d\u00eda","item":"https:\/\/www.rri.ro\/es\/actualidad\/tema-del-dia"},{"@type":"ListItem","position":4,"name":"Legislaci\u00f3n para la protecci\u00f3n antis\u00edsmica"}]},{"@type":"WebSite","@id":"https:\/\/www.rri.ro\/#website","url":"https:\/\/www.rri.ro\/","name":"Radio Ruman\u00eda Internacional","description":"Totul despre Rom\u00e2nia \u015fi rom\u00e2ni, \u00een 13 limbi\/dialecte!","inLanguage":"es"},{"@type":"Person","@id":"https:\/\/www.rri.ro\/#\/schema\/person\/b46b8f80d7d6e4b5ac9f14f0acbad0c4","name":"Daniela Budu","url":"https:\/\/www.rri.ro\/es\/author\/daniela-budu"}]}},"_links":{"self":[{"href":"https:\/\/www.rri.ro\/es\/wp-json\/wp\/v2\/posts\/209679","targetHints":{"allow":["GET"]}}],"collection":[{"href":"https:\/\/www.rri.ro\/es\/wp-json\/wp\/v2\/posts"}],"about":[{"href":"https:\/\/www.rri.ro\/es\/wp-json\/wp\/v2\/types\/post"}],"author":[{"embeddable":true,"href":"https:\/\/www.rri.ro\/es\/wp-json\/wp\/v2\/users\/107"}],"replies":[{"embeddable":true,"href":"https:\/\/www.rri.ro\/es\/wp-json\/wp\/v2\/comments?post=209679"}],"version-history":[{"count":0,"href":"https:\/\/www.rri.ro\/es\/wp-json\/wp\/v2\/posts\/209679\/revisions"}],"wp:featuredmedia":[{"embeddable":true,"href":"https:\/\/www.rri.ro\/es\/wp-json\/wp\/v2\/media\/94821"}],"wp:attachment":[{"href":"https:\/\/www.rri.ro\/es\/wp-json\/wp\/v2\/media?parent=209679"}],"wp:term":[{"taxonomy":"category","embeddable":true,"href":"https:\/\/www.rri.ro\/es\/wp-json\/wp\/v2\/categories?post=209679"},{"taxonomy":"post_tag","embeddable":true,"href":"https:\/\/www.rri.ro\/es\/wp-json\/wp\/v2\/tags?post=209679"},{"taxonomy":"author","embeddable":true,"href":"https:\/\/www.rri.ro\/es\/wp-json\/wp\/v2\/coauthors?post=209679"}],"curies":[{"name":"wp","href":"https:\/\/api.w.org\/{rel}","templated":true}]}}