{"id":209711,"date":"2023-03-10T13:26:00","date_gmt":"2023-03-10T11:26:00","guid":{"rendered":"http:\/\/devrri.freshlemon.ro\/actualidad\/rumania-y-el-espacio-schengen-id209711.html"},"modified":"2024-02-21T14:48:48","modified_gmt":"2024-02-21T12:48:48","slug":"rumania-y-el-espacio-schengen","status":"publish","type":"post","link":"https:\/\/www.rri.ro\/es\/actualidad\/tema-del-dia\/rumania-y-el-espacio-schengen-id209711.html","title":{"rendered":"Ruman\u00eda y el espacio Schengen"},"content":{"rendered":"<p>Ruman\u00eda mantiene su objetivo de adherirse al espacio Schengen este a\u00f1o, anunci\u00f3 en Bruselas el ministro del Interior, Lucian Bode.  Aunque el tema del ingreso de Ruman\u00eda en el espacio de libre circulaci\u00f3n no estuvo en la agenda del Consejo de Justicia y Asuntos de Interior, el alto cargo rumano reiter\u00f3 que quiz\u00e1s Ruman\u00eda tenga la oportunidad de adherirse en 2023. Para ello, sin embargo, el asunto deber\u00eda estar incluido en el listado de prioridades de Espa\u00f1a, que ostentar\u00e1 la presidencia rotatoria de la Uni\u00f3n Europea en la segunda parte de este a\u00f1o. Seg\u00fan el alto cargo, los ministros europeos del Interior reafirmaron su apoyo, pero Austria, que se opuso en diciembre tambi\u00e9n a la adhesi\u00f3n, mantiene sus reservas.<\/p>\n<p>&#13;<br \/>\n&#13;<\/p>\n<p style=margin-left:36.0pt;>Lucian Bode: <em>\u00abQuiero saludar la intervenci\u00f3n de varios ministros del Interior, que han reafirmado su apoyo a la adhesi\u00f3n de Ruman\u00eda y Bulgaria al espacio Schengen. El ministro espa\u00f1ol del Interior ha solicitado expresamente que los Estados miembros alcancen este objetivo este a\u00f1o. Me ha confirmado que, el 30 de marzo, realizar\u00e1 un viaje de trabajo a Bucarest y, con ese motivo, podremos hablar, sin duda, de los objetivos de la presidencia espa\u00f1ola y del objetivo que nosotros deseamos que sea una prioridad para la presidencia espa\u00f1ola, que es la adhesi\u00f3n de Ruman\u00eda al espacio Schengen\u00bb. <\/em><\/p>\n<p>&#13;<br \/>\n&#13;<\/p>\n<p style=margin-left:36.0pt;>\n<p>&#13;<br \/>\n&#13;<\/p>\n<p>Seg\u00fan Lucian Bode, la ampliaci\u00f3n del espacio Schengen, aparte de las ventajas que supone para Ruman\u00eda, aumentar\u00e1 el nivel de seguridad en las fronteras europeas. Adem\u00e1s, afirma el dignatario, las nuevas cifras que la Comisi\u00f3n Europea present\u00f3 durante la reuni\u00f3n muestran que la migraci\u00f3n por el corredor de los Balcanes Occidentales se ha reducido en casi un 50 %, en comparaci\u00f3n con el a\u00f1o pasado. El ministro rumano considera que \u00e9ste es un argumento m\u00e1s que demuestra que la seguridad en las fronteras de Europa ha aumentado. <\/p>\n<p>&#13;<br \/>\n&#13;<\/p>\n<p>&#13;<br \/>\n&#13;<\/p>\n<p>Sin embargo, algunos eurodiputados rumanos afirman que Ruman\u00eda no tendr\u00eda posibilidades de ingresar en el espacio de libre circulaci\u00f3n este a\u00f1o. Eugen Tomac, el que interpuso una demanda contra el Consejo Europeo en el Tribunal de Justicia, acusa al Consejo de estar vulnerando la normativa europea y estar discriminando pol\u00edticamente. \u00c9l dice que, a pesar de que los tres Estados s\u00ed reun\u00edan los requisitos t\u00e9cnicos, el Consejo tom\u00f3 la decisi\u00f3n pol\u00edtica de denegar la adhesi\u00f3n de Ruman\u00eda y Bulgaria, mientras que a Croacia s\u00ed la acept\u00f3, en la junta del Consejo de diciembre, celebrada en Bruselas. Eugen Tomac tambi\u00e9n ha iniciado una petici\u00f3n titulada \u00abRuman\u00eda merece estar en Schengen\u00bb e invita a los rumanos a firmarla.<\/p>\n<p>&#13;<br \/>\n&#13;<\/p>\n<p style=margin-left:36.0pt;>Eugen Tomac: <em>\u00abQueremos que nuestra voz, nuestro mensaje relativo a este asunto, sean entendidos muy clara y correctamente por los responsables europeos. Es un objetivo leg\u00edtimo, se produjo una injusticia y hay que rectificarla en el Tribunal de Justicia de la Uni\u00f3n Europea\u00bb.<\/em><\/p>\n<p>&#13;<br \/>\n&#13;<\/p>\n<p style=margin-left:36.0pt;>\n<p>&#13;<br \/>\n&#13;<\/p>\n<p>Cabe mencionar, igualmente, que Espa\u00f1a asumir\u00e1 la presidencia del Consejo en un per\u00edodo dif\u00edcil.<\/p>\n<p>&#13;<br \/>\n&#13;<\/p>\n<p>&#13;<br \/>\n&#13;<\/p>\n<p>Traducci\u00f3n al espa\u00f1ol: Gabriela Ristea<\/p>\n<p>&#13;<\/p>\n","protected":false},"excerpt":{"rendered":"<p>Los altos cargos rumanos han vuelto a plantear, en Bruselas, el asunto de la adhesi\u00f3n de Ruman\u00eda al espacio Schengen.<\/p>\n","protected":false},"author":107,"featured_media":94978,"comment_status":"closed","ping_status":"closed","sticky":false,"template":"","format":"standard","meta":{"_acf_changed":false,"footnotes":""},"categories":[49231],"tags":[],"coauthors":[],"class_list":["post-209711","post","type-post","status-publish","format-standard","has-post-thumbnail","hentry","category-tema-del-dia"],"acf":[],"yoast_head":"<!-- This site is optimized with the Yoast SEO plugin v27.3 - https:\/\/yoast.com\/product\/yoast-seo-wordpress\/ -->\n<title>Ruman\u00eda y el espacio Schengen - Radio Ruman\u00eda Internacional<\/title>\n<meta name=\"robots\" content=\"index, follow, max-snippet:-1, max-image-preview:large, max-video-preview:-1\" \/>\n<link rel=\"canonical\" href=\"https:\/\/www.rri.ro\/es\/actualidad\/tema-del-dia\/rumania-y-el-espacio-schengen-id209711.html\" \/>\n<meta property=\"og:locale\" content=\"es_ES\" \/>\n<meta property=\"og:type\" content=\"article\" \/>\n<meta property=\"og:title\" content=\"Ruman\u00eda y el espacio Schengen - Radio Ruman\u00eda Internacional\" \/>\n<meta property=\"og:description\" content=\"Los altos cargos rumanos han vuelto a plantear, en Bruselas, el asunto de la adhesi\u00f3n de Ruman\u00eda al espacio Schengen.\" \/>\n<meta property=\"og:url\" content=\"https:\/\/www.rri.ro\/es\/actualidad\/tema-del-dia\/rumania-y-el-espacio-schengen-id209711.html\" \/>\n<meta property=\"og:site_name\" content=\"Radio Ruman\u00eda Internacional\" \/>\n<meta property=\"article:published_time\" content=\"2023-03-10T11:26:00+00:00\" \/>\n<meta property=\"article:modified_time\" content=\"2024-02-21T12:48:48+00:00\" \/>\n<meta property=\"og:image\" content=\"https:\/\/www.rri.ro\/wp-content\/uploads\/2023\/10\/lucian-bode-foto-facebook-lucianbode-ro.png\" \/>\n\t<meta property=\"og:image:width\" content=\"640\" \/>\n\t<meta property=\"og:image:height\" content=\"480\" \/>\n\t<meta property=\"og:image:type\" content=\"image\/png\" \/>\n<meta name=\"author\" content=\"Daniela Budu\" \/>\n<meta name=\"twitter:card\" content=\"summary_large_image\" \/>\n<meta name=\"twitter:label1\" content=\"Escrito por\" \/>\n\t<meta name=\"twitter:data1\" content=\"Daniela Budu\" \/>\n\t<meta name=\"twitter:label2\" content=\"Tiempo de lectura\" \/>\n\t<meta name=\"twitter:data2\" content=\"3 minutos\" \/>\n\t<meta name=\"twitter:label3\" content=\"Written by\" \/>\n\t<meta name=\"twitter:data3\" content=\"Daniela Budu\" \/>\n<script type=\"application\/ld+json\" class=\"yoast-schema-graph\">{\"@context\":\"https:\\\/\\\/schema.org\",\"@graph\":[{\"@type\":\"Article\",\"@id\":\"https:\\\/\\\/www.rri.ro\\\/es\\\/actualidad\\\/tema-del-dia\\\/rumania-y-el-espacio-schengen-id209711.html#article\",\"isPartOf\":{\"@id\":\"https:\\\/\\\/www.rri.ro\\\/es\\\/actualidad\\\/tema-del-dia\\\/rumania-y-el-espacio-schengen-id209711.html\"},\"author\":{\"name\":\"Daniela Budu\",\"@id\":\"https:\\\/\\\/www.rri.ro\\\/#\\\/schema\\\/person\\\/b46b8f80d7d6e4b5ac9f14f0acbad0c4\"},\"headline\":\"Ruman\u00eda y el espacio Schengen\",\"datePublished\":\"2023-03-10T11:26:00+00:00\",\"dateModified\":\"2024-02-21T12:48:48+00:00\",\"mainEntityOfPage\":{\"@id\":\"https:\\\/\\\/www.rri.ro\\\/es\\\/actualidad\\\/tema-del-dia\\\/rumania-y-el-espacio-schengen-id209711.html\"},\"wordCount\":535,\"image\":{\"@id\":\"https:\\\/\\\/www.rri.ro\\\/es\\\/actualidad\\\/tema-del-dia\\\/rumania-y-el-espacio-schengen-id209711.html#primaryimage\"},\"thumbnailUrl\":\"https:\\\/\\\/www.rri.ro\\\/wp-content\\\/uploads\\\/2023\\\/10\\\/lucian-bode-foto-facebook-lucianbode-ro.png\",\"articleSection\":[\"Tema del d\u00eda\"],\"inLanguage\":\"es\"},{\"@type\":\"WebPage\",\"@id\":\"https:\\\/\\\/www.rri.ro\\\/es\\\/actualidad\\\/tema-del-dia\\\/rumania-y-el-espacio-schengen-id209711.html\",\"url\":\"https:\\\/\\\/www.rri.ro\\\/es\\\/actualidad\\\/tema-del-dia\\\/rumania-y-el-espacio-schengen-id209711.html\",\"name\":\"Ruman\u00eda y el espacio Schengen - Radio Ruman\u00eda Internacional\",\"isPartOf\":{\"@id\":\"https:\\\/\\\/www.rri.ro\\\/#website\"},\"primaryImageOfPage\":{\"@id\":\"https:\\\/\\\/www.rri.ro\\\/es\\\/actualidad\\\/tema-del-dia\\\/rumania-y-el-espacio-schengen-id209711.html#primaryimage\"},\"image\":{\"@id\":\"https:\\\/\\\/www.rri.ro\\\/es\\\/actualidad\\\/tema-del-dia\\\/rumania-y-el-espacio-schengen-id209711.html#primaryimage\"},\"thumbnailUrl\":\"https:\\\/\\\/www.rri.ro\\\/wp-content\\\/uploads\\\/2023\\\/10\\\/lucian-bode-foto-facebook-lucianbode-ro.png\",\"datePublished\":\"2023-03-10T11:26:00+00:00\",\"dateModified\":\"2024-02-21T12:48:48+00:00\",\"author\":{\"@id\":\"https:\\\/\\\/www.rri.ro\\\/#\\\/schema\\\/person\\\/b46b8f80d7d6e4b5ac9f14f0acbad0c4\"},\"breadcrumb\":{\"@id\":\"https:\\\/\\\/www.rri.ro\\\/es\\\/actualidad\\\/tema-del-dia\\\/rumania-y-el-espacio-schengen-id209711.html#breadcrumb\"},\"inLanguage\":\"es\",\"potentialAction\":[{\"@type\":\"ReadAction\",\"target\":[\"https:\\\/\\\/www.rri.ro\\\/es\\\/actualidad\\\/tema-del-dia\\\/rumania-y-el-espacio-schengen-id209711.html\"]}]},{\"@type\":\"ImageObject\",\"inLanguage\":\"es\",\"@id\":\"https:\\\/\\\/www.rri.ro\\\/es\\\/actualidad\\\/tema-del-dia\\\/rumania-y-el-espacio-schengen-id209711.html#primaryimage\",\"url\":\"https:\\\/\\\/www.rri.ro\\\/wp-content\\\/uploads\\\/2023\\\/10\\\/lucian-bode-foto-facebook-lucianbode-ro.png\",\"contentUrl\":\"https:\\\/\\\/www.rri.ro\\\/wp-content\\\/uploads\\\/2023\\\/10\\\/lucian-bode-foto-facebook-lucianbode-ro.png\",\"width\":640,\"height\":480},{\"@type\":\"BreadcrumbList\",\"@id\":\"https:\\\/\\\/www.rri.ro\\\/es\\\/actualidad\\\/tema-del-dia\\\/rumania-y-el-espacio-schengen-id209711.html#breadcrumb\",\"itemListElement\":[{\"@type\":\"ListItem\",\"position\":1,\"name\":\"P\u00e1gina de inicio\",\"item\":\"https:\\\/\\\/www.rri.ro\\\/es\"},{\"@type\":\"ListItem\",\"position\":2,\"name\":\"Actualidad\",\"item\":\"https:\\\/\\\/www.rri.ro\\\/es\\\/actualidad\"},{\"@type\":\"ListItem\",\"position\":3,\"name\":\"Tema del d\u00eda\",\"item\":\"https:\\\/\\\/www.rri.ro\\\/es\\\/actualidad\\\/tema-del-dia\"},{\"@type\":\"ListItem\",\"position\":4,\"name\":\"Ruman\u00eda y el espacio Schengen\"}]},{\"@type\":\"WebSite\",\"@id\":\"https:\\\/\\\/www.rri.ro\\\/#website\",\"url\":\"https:\\\/\\\/www.rri.ro\\\/\",\"name\":\"Radio Ruman\u00eda Internacional\",\"description\":\"Totul despre Rom\u00e2nia \u015fi rom\u00e2ni, \u00een 13 limbi\\\/dialecte!\",\"inLanguage\":\"es\"},{\"@type\":\"Person\",\"@id\":\"https:\\\/\\\/www.rri.ro\\\/#\\\/schema\\\/person\\\/b46b8f80d7d6e4b5ac9f14f0acbad0c4\",\"name\":\"Daniela Budu\",\"url\":\"https:\\\/\\\/www.rri.ro\\\/es\\\/author\\\/daniela-budu\"}]}<\/script>\n<!-- \/ Yoast SEO plugin. -->","yoast_head_json":{"title":"Ruman\u00eda y el espacio Schengen - Radio Ruman\u00eda Internacional","robots":{"index":"index","follow":"follow","max-snippet":"max-snippet:-1","max-image-preview":"max-image-preview:large","max-video-preview":"max-video-preview:-1"},"canonical":"https:\/\/www.rri.ro\/es\/actualidad\/tema-del-dia\/rumania-y-el-espacio-schengen-id209711.html","og_locale":"es_ES","og_type":"article","og_title":"Ruman\u00eda y el espacio Schengen - Radio Ruman\u00eda Internacional","og_description":"Los altos cargos rumanos han vuelto a plantear, en Bruselas, el asunto de la adhesi\u00f3n de Ruman\u00eda al espacio Schengen.","og_url":"https:\/\/www.rri.ro\/es\/actualidad\/tema-del-dia\/rumania-y-el-espacio-schengen-id209711.html","og_site_name":"Radio Ruman\u00eda Internacional","article_published_time":"2023-03-10T11:26:00+00:00","article_modified_time":"2024-02-21T12:48:48+00:00","og_image":[{"width":640,"height":480,"url":"https:\/\/www.rri.ro\/wp-content\/uploads\/2023\/10\/lucian-bode-foto-facebook-lucianbode-ro.png","type":"image\/png"}],"author":"Daniela Budu","twitter_card":"summary_large_image","twitter_misc":{"Escrito por":"Daniela Budu","Tiempo de lectura":"3 minutos","Written by":"Daniela Budu"},"schema":{"@context":"https:\/\/schema.org","@graph":[{"@type":"Article","@id":"https:\/\/www.rri.ro\/es\/actualidad\/tema-del-dia\/rumania-y-el-espacio-schengen-id209711.html#article","isPartOf":{"@id":"https:\/\/www.rri.ro\/es\/actualidad\/tema-del-dia\/rumania-y-el-espacio-schengen-id209711.html"},"author":{"name":"Daniela Budu","@id":"https:\/\/www.rri.ro\/#\/schema\/person\/b46b8f80d7d6e4b5ac9f14f0acbad0c4"},"headline":"Ruman\u00eda y el espacio Schengen","datePublished":"2023-03-10T11:26:00+00:00","dateModified":"2024-02-21T12:48:48+00:00","mainEntityOfPage":{"@id":"https:\/\/www.rri.ro\/es\/actualidad\/tema-del-dia\/rumania-y-el-espacio-schengen-id209711.html"},"wordCount":535,"image":{"@id":"https:\/\/www.rri.ro\/es\/actualidad\/tema-del-dia\/rumania-y-el-espacio-schengen-id209711.html#primaryimage"},"thumbnailUrl":"https:\/\/www.rri.ro\/wp-content\/uploads\/2023\/10\/lucian-bode-foto-facebook-lucianbode-ro.png","articleSection":["Tema del d\u00eda"],"inLanguage":"es"},{"@type":"WebPage","@id":"https:\/\/www.rri.ro\/es\/actualidad\/tema-del-dia\/rumania-y-el-espacio-schengen-id209711.html","url":"https:\/\/www.rri.ro\/es\/actualidad\/tema-del-dia\/rumania-y-el-espacio-schengen-id209711.html","name":"Ruman\u00eda y el espacio Schengen - Radio Ruman\u00eda Internacional","isPartOf":{"@id":"https:\/\/www.rri.ro\/#website"},"primaryImageOfPage":{"@id":"https:\/\/www.rri.ro\/es\/actualidad\/tema-del-dia\/rumania-y-el-espacio-schengen-id209711.html#primaryimage"},"image":{"@id":"https:\/\/www.rri.ro\/es\/actualidad\/tema-del-dia\/rumania-y-el-espacio-schengen-id209711.html#primaryimage"},"thumbnailUrl":"https:\/\/www.rri.ro\/wp-content\/uploads\/2023\/10\/lucian-bode-foto-facebook-lucianbode-ro.png","datePublished":"2023-03-10T11:26:00+00:00","dateModified":"2024-02-21T12:48:48+00:00","author":{"@id":"https:\/\/www.rri.ro\/#\/schema\/person\/b46b8f80d7d6e4b5ac9f14f0acbad0c4"},"breadcrumb":{"@id":"https:\/\/www.rri.ro\/es\/actualidad\/tema-del-dia\/rumania-y-el-espacio-schengen-id209711.html#breadcrumb"},"inLanguage":"es","potentialAction":[{"@type":"ReadAction","target":["https:\/\/www.rri.ro\/es\/actualidad\/tema-del-dia\/rumania-y-el-espacio-schengen-id209711.html"]}]},{"@type":"ImageObject","inLanguage":"es","@id":"https:\/\/www.rri.ro\/es\/actualidad\/tema-del-dia\/rumania-y-el-espacio-schengen-id209711.html#primaryimage","url":"https:\/\/www.rri.ro\/wp-content\/uploads\/2023\/10\/lucian-bode-foto-facebook-lucianbode-ro.png","contentUrl":"https:\/\/www.rri.ro\/wp-content\/uploads\/2023\/10\/lucian-bode-foto-facebook-lucianbode-ro.png","width":640,"height":480},{"@type":"BreadcrumbList","@id":"https:\/\/www.rri.ro\/es\/actualidad\/tema-del-dia\/rumania-y-el-espacio-schengen-id209711.html#breadcrumb","itemListElement":[{"@type":"ListItem","position":1,"name":"P\u00e1gina de inicio","item":"https:\/\/www.rri.ro\/es"},{"@type":"ListItem","position":2,"name":"Actualidad","item":"https:\/\/www.rri.ro\/es\/actualidad"},{"@type":"ListItem","position":3,"name":"Tema del d\u00eda","item":"https:\/\/www.rri.ro\/es\/actualidad\/tema-del-dia"},{"@type":"ListItem","position":4,"name":"Ruman\u00eda y el espacio Schengen"}]},{"@type":"WebSite","@id":"https:\/\/www.rri.ro\/#website","url":"https:\/\/www.rri.ro\/","name":"Radio Ruman\u00eda Internacional","description":"Totul despre Rom\u00e2nia \u015fi rom\u00e2ni, \u00een 13 limbi\/dialecte!","inLanguage":"es"},{"@type":"Person","@id":"https:\/\/www.rri.ro\/#\/schema\/person\/b46b8f80d7d6e4b5ac9f14f0acbad0c4","name":"Daniela Budu","url":"https:\/\/www.rri.ro\/es\/author\/daniela-budu"}]}},"_links":{"self":[{"href":"https:\/\/www.rri.ro\/es\/wp-json\/wp\/v2\/posts\/209711","targetHints":{"allow":["GET"]}}],"collection":[{"href":"https:\/\/www.rri.ro\/es\/wp-json\/wp\/v2\/posts"}],"about":[{"href":"https:\/\/www.rri.ro\/es\/wp-json\/wp\/v2\/types\/post"}],"author":[{"embeddable":true,"href":"https:\/\/www.rri.ro\/es\/wp-json\/wp\/v2\/users\/107"}],"replies":[{"embeddable":true,"href":"https:\/\/www.rri.ro\/es\/wp-json\/wp\/v2\/comments?post=209711"}],"version-history":[{"count":0,"href":"https:\/\/www.rri.ro\/es\/wp-json\/wp\/v2\/posts\/209711\/revisions"}],"wp:featuredmedia":[{"embeddable":true,"href":"https:\/\/www.rri.ro\/es\/wp-json\/wp\/v2\/media\/94978"}],"wp:attachment":[{"href":"https:\/\/www.rri.ro\/es\/wp-json\/wp\/v2\/media?parent=209711"}],"wp:term":[{"taxonomy":"category","embeddable":true,"href":"https:\/\/www.rri.ro\/es\/wp-json\/wp\/v2\/categories?post=209711"},{"taxonomy":"post_tag","embeddable":true,"href":"https:\/\/www.rri.ro\/es\/wp-json\/wp\/v2\/tags?post=209711"},{"taxonomy":"author","embeddable":true,"href":"https:\/\/www.rri.ro\/es\/wp-json\/wp\/v2\/coauthors?post=209711"}],"curies":[{"name":"wp","href":"https:\/\/api.w.org\/{rel}","templated":true}]}}