{"id":209721,"date":"2023-03-24T12:24:00","date_gmt":"2023-03-24T10:24:00","guid":{"rendered":"http:\/\/devrri.freshlemon.ro\/actualidad\/asociacion-estrategica-rumano-britanica-renovada-id209721.html"},"modified":"2024-02-21T14:49:01","modified_gmt":"2024-02-21T12:49:01","slug":"asociacion-estrategica-rumano-britanica-renovada","status":"publish","type":"post","link":"https:\/\/www.rri.ro\/es\/actualidad\/tema-del-dia\/asociacion-estrategica-rumano-britanica-renovada-id209721.html","title":{"rendered":"Asociaci\u00f3n estrat\u00e9gica rumano \u2013 brit\u00e1nica renovada"},"content":{"rendered":"<p>El jefe de la diplomacia rumana, Bogdan Aurescu, y su hom\u00f3logo brit\u00e1nico, James Cleverly, actualizaron el jueves, en Londres, la Asociaci\u00f3n Estrat\u00e9gica entre Ruman\u00eda y Reino Unido. Seg\u00fan un comunicado del Ministerio de Asuntos Exteriores (MAE), con motivo del viaje del ministro rumano a Reino Unido, los dos altos cargos hablaron de los aspectos principales de la relaci\u00f3n bilateral rumano &#8212; brit\u00e1nica, as\u00ed como de las evoluciones regionales e internacionales, haciendo hincapi\u00e9 en la guerra de agresi\u00f3n de Rusia contra Ucrania.<\/p>\n<p>&#13;<br \/>\n&#13;<\/p>\n<p>&#13;<br \/>\n&#13;<\/p>\n<p>En cuanto a la Asociaci\u00f3n Estrat\u00e9gica, el documento ofrece un nuevo marco de cooperaci\u00f3n entre los dos Estados, reflejando el nivel actual de las relaciones entre la Uni\u00f3n Europea y Reino Unido, y las evoluciones en el campo de la seguridad a nivel euroatl\u00e1ntico. El documento se centra, igualmente, en el car\u00e1cter estrat\u00e9gico de las relaciones bilaterales, fijado por primera vez hace 20 a\u00f1os, cuando los dos pa\u00edses acordaron elevar el nivel de cooperaci\u00f3n bilateral al de Asociaci\u00f3n Estrat\u00e9gica.<\/p>\n<p>&#13;<br \/>\n&#13;<\/p>\n<p>&#13;<br \/>\n&#13;<\/p>\n<p>De conformidad con la Declaraci\u00f3n actualizada, esta nueva cooperaci\u00f3n se desarrollar\u00e1 de manera prioritaria en los siguientes campos: asuntos exteriores, defensa y seguridad, aplicaci\u00f3n de la ley, asuntos de interior y cooperaci\u00f3n en el campo de la justicia, relaciones interpersonales, seguridad cibern\u00e9tica, tecnolog\u00eda y amenazas h\u00edbridas, as\u00ed como el fomento del comercio, de las inversiones y del emprendimiento. En concreto, los dos ministerios organizar\u00e1n anualmente reuniones de evaluaci\u00f3n del nivel de implementaci\u00f3n de los objetivos fijados dentro de la Asociaci\u00f3n y explorar\u00e1n nuevas oportunidades de colaboraci\u00f3n.<\/p>\n<p>&#13;<br \/>\n&#13;<\/p>\n<p>&#13;<br \/>\n&#13;<\/p>\n<p>En este contexto, Bogdan Aurescu manifest\u00f3 su satisfacci\u00f3n por la cooperaci\u00f3n bilateral, cuyo pilar principal es la colaboraci\u00f3n en el campo de la seguridad. En lo que respecta a la guerra de Rusia contra Ucrania, seg\u00fan el comunicado, los dos ministros volvieron a condenar tajantemente la agresi\u00f3n ilegal, ileg\u00edtima y no provocada de Mosc\u00fa, que repercute en la seguridad de toda la regi\u00f3n, as\u00ed como en la seguridad euroatl\u00e1ntica. En este contexto, el alto cargo brit\u00e1nico manifest\u00f3 su aprecio por la manera en que Ruman\u00eda hab\u00eda mostrado su solidaridad en la crisis humanitaria del pa\u00eds vecino, brind\u00e1ndole un apoyo consistente y pluridimensional. Seg\u00fan el comunicado del Ministerio de Asuntos Exteriores, James Cleverly agradeci\u00f3, en nombre del Gobierno brit\u00e1nico, los esfuerzos de Ruman\u00eda al respecto, su contribuci\u00f3n sustancial a los esfuerzos de la comunidad internacional por apoyar a Ucrania, para que hiciera frente a la agresi\u00f3n rusa.<\/p>\n<p>&#13;<br \/>\n&#13;<\/p>\n<p>&#13;<br \/>\n&#13;<\/p>\n<p>Con motivo del viaje que el alto cargo rumano realiz\u00f3 a Londres, los dos ministros tambi\u00e9n inauguraron el primer Foro Bilateral Ruman\u00eda &#8212; Reino Unido. El encuentro se celebrar\u00e1 anualmente, en Londres y en Bucarest, de manera alternativa, reuniendo representantes gubernamentales, parlamentarios, representantes del \u00e1mbito acad\u00e9mico, del sector empresarial y de las organizaciones no gubernamentales de los dos pa\u00edses, a fin de identificar oportunidades para consolidar la cooperaci\u00f3n bilateral.<\/p>\n<p>&#13;<br \/>\n&#13;<\/p>\n<p>&#13;<br \/>\n&#13;<\/p>\n<p>Traducci\u00f3n al espa\u00f1ol: Gabriela Ristea<\/p>\n<p>&#13;<\/p>\n","protected":false},"excerpt":{"rendered":"<p>Ruman\u00eda y Reino Unido han actualizado su Asociaci\u00f3n Estrat\u00e9gica bilateral.<\/p>\n","protected":false},"author":107,"featured_media":95179,"comment_status":"closed","ping_status":"closed","sticky":false,"template":"","format":"standard","meta":{"_acf_changed":false,"footnotes":""},"categories":[49231],"tags":[],"coauthors":[],"class_list":["post-209721","post","type-post","status-publish","format-standard","has-post-thumbnail","hentry","category-tema-del-dia"],"acf":[],"yoast_head":"<!-- This site is optimized with the Yoast SEO plugin v27.3 - https:\/\/yoast.com\/product\/yoast-seo-wordpress\/ -->\n<title>Asociaci\u00f3n estrat\u00e9gica rumano \u2013 brit\u00e1nica renovada - Radio Ruman\u00eda Internacional<\/title>\n<meta name=\"robots\" content=\"index, follow, max-snippet:-1, max-image-preview:large, max-video-preview:-1\" \/>\n<link rel=\"canonical\" href=\"https:\/\/www.rri.ro\/es\/actualidad\/tema-del-dia\/asociacion-estrategica-rumano-britanica-renovada-id209721.html\" \/>\n<meta property=\"og:locale\" content=\"es_ES\" \/>\n<meta property=\"og:type\" content=\"article\" \/>\n<meta property=\"og:title\" content=\"Asociaci\u00f3n estrat\u00e9gica rumano \u2013 brit\u00e1nica renovada - Radio Ruman\u00eda Internacional\" \/>\n<meta property=\"og:description\" content=\"Ruman\u00eda y Reino Unido han actualizado su Asociaci\u00f3n Estrat\u00e9gica bilateral.\" \/>\n<meta property=\"og:url\" content=\"https:\/\/www.rri.ro\/es\/actualidad\/tema-del-dia\/asociacion-estrategica-rumano-britanica-renovada-id209721.html\" \/>\n<meta property=\"og:site_name\" content=\"Radio Ruman\u00eda Internacional\" \/>\n<meta property=\"article:published_time\" content=\"2023-03-24T10:24:00+00:00\" \/>\n<meta property=\"article:modified_time\" content=\"2024-02-21T12:49:01+00:00\" \/>\n<meta property=\"og:image\" content=\"https:\/\/www.rri.ro\/wp-content\/uploads\/2023\/10\/James-Cleverly-si-bogdan-aurescu-foto-mae.png\" \/>\n\t<meta property=\"og:image:width\" content=\"640\" \/>\n\t<meta property=\"og:image:height\" content=\"427\" \/>\n\t<meta property=\"og:image:type\" content=\"image\/png\" \/>\n<meta name=\"author\" content=\"Daniela Budu\" \/>\n<meta name=\"twitter:card\" content=\"summary_large_image\" \/>\n<meta name=\"twitter:label1\" content=\"Escrito por\" \/>\n\t<meta name=\"twitter:data1\" content=\"Daniela Budu\" \/>\n\t<meta name=\"twitter:label2\" content=\"Tiempo de lectura\" \/>\n\t<meta name=\"twitter:data2\" content=\"3 minutos\" \/>\n\t<meta name=\"twitter:label3\" content=\"Written by\" \/>\n\t<meta name=\"twitter:data3\" content=\"Daniela Budu\" \/>\n<script type=\"application\/ld+json\" class=\"yoast-schema-graph\">{\"@context\":\"https:\\\/\\\/schema.org\",\"@graph\":[{\"@type\":\"Article\",\"@id\":\"https:\\\/\\\/www.rri.ro\\\/es\\\/actualidad\\\/tema-del-dia\\\/asociacion-estrategica-rumano-britanica-renovada-id209721.html#article\",\"isPartOf\":{\"@id\":\"https:\\\/\\\/www.rri.ro\\\/es\\\/actualidad\\\/tema-del-dia\\\/asociacion-estrategica-rumano-britanica-renovada-id209721.html\"},\"author\":{\"name\":\"Daniela Budu\",\"@id\":\"https:\\\/\\\/www.rri.ro\\\/#\\\/schema\\\/person\\\/b46b8f80d7d6e4b5ac9f14f0acbad0c4\"},\"headline\":\"Asociaci\u00f3n estrat\u00e9gica rumano \u2013 brit\u00e1nica renovada\",\"datePublished\":\"2023-03-24T10:24:00+00:00\",\"dateModified\":\"2024-02-21T12:49:01+00:00\",\"mainEntityOfPage\":{\"@id\":\"https:\\\/\\\/www.rri.ro\\\/es\\\/actualidad\\\/tema-del-dia\\\/asociacion-estrategica-rumano-britanica-renovada-id209721.html\"},\"wordCount\":532,\"image\":{\"@id\":\"https:\\\/\\\/www.rri.ro\\\/es\\\/actualidad\\\/tema-del-dia\\\/asociacion-estrategica-rumano-britanica-renovada-id209721.html#primaryimage\"},\"thumbnailUrl\":\"https:\\\/\\\/www.rri.ro\\\/wp-content\\\/uploads\\\/2023\\\/10\\\/James-Cleverly-si-bogdan-aurescu-foto-mae.png\",\"articleSection\":[\"Tema del d\u00eda\"],\"inLanguage\":\"es\"},{\"@type\":\"WebPage\",\"@id\":\"https:\\\/\\\/www.rri.ro\\\/es\\\/actualidad\\\/tema-del-dia\\\/asociacion-estrategica-rumano-britanica-renovada-id209721.html\",\"url\":\"https:\\\/\\\/www.rri.ro\\\/es\\\/actualidad\\\/tema-del-dia\\\/asociacion-estrategica-rumano-britanica-renovada-id209721.html\",\"name\":\"Asociaci\u00f3n estrat\u00e9gica rumano \u2013 brit\u00e1nica renovada - Radio Ruman\u00eda Internacional\",\"isPartOf\":{\"@id\":\"https:\\\/\\\/www.rri.ro\\\/#website\"},\"primaryImageOfPage\":{\"@id\":\"https:\\\/\\\/www.rri.ro\\\/es\\\/actualidad\\\/tema-del-dia\\\/asociacion-estrategica-rumano-britanica-renovada-id209721.html#primaryimage\"},\"image\":{\"@id\":\"https:\\\/\\\/www.rri.ro\\\/es\\\/actualidad\\\/tema-del-dia\\\/asociacion-estrategica-rumano-britanica-renovada-id209721.html#primaryimage\"},\"thumbnailUrl\":\"https:\\\/\\\/www.rri.ro\\\/wp-content\\\/uploads\\\/2023\\\/10\\\/James-Cleverly-si-bogdan-aurescu-foto-mae.png\",\"datePublished\":\"2023-03-24T10:24:00+00:00\",\"dateModified\":\"2024-02-21T12:49:01+00:00\",\"author\":{\"@id\":\"https:\\\/\\\/www.rri.ro\\\/#\\\/schema\\\/person\\\/b46b8f80d7d6e4b5ac9f14f0acbad0c4\"},\"breadcrumb\":{\"@id\":\"https:\\\/\\\/www.rri.ro\\\/es\\\/actualidad\\\/tema-del-dia\\\/asociacion-estrategica-rumano-britanica-renovada-id209721.html#breadcrumb\"},\"inLanguage\":\"es\",\"potentialAction\":[{\"@type\":\"ReadAction\",\"target\":[\"https:\\\/\\\/www.rri.ro\\\/es\\\/actualidad\\\/tema-del-dia\\\/asociacion-estrategica-rumano-britanica-renovada-id209721.html\"]}]},{\"@type\":\"ImageObject\",\"inLanguage\":\"es\",\"@id\":\"https:\\\/\\\/www.rri.ro\\\/es\\\/actualidad\\\/tema-del-dia\\\/asociacion-estrategica-rumano-britanica-renovada-id209721.html#primaryimage\",\"url\":\"https:\\\/\\\/www.rri.ro\\\/wp-content\\\/uploads\\\/2023\\\/10\\\/James-Cleverly-si-bogdan-aurescu-foto-mae.png\",\"contentUrl\":\"https:\\\/\\\/www.rri.ro\\\/wp-content\\\/uploads\\\/2023\\\/10\\\/James-Cleverly-si-bogdan-aurescu-foto-mae.png\",\"width\":640,\"height\":427},{\"@type\":\"BreadcrumbList\",\"@id\":\"https:\\\/\\\/www.rri.ro\\\/es\\\/actualidad\\\/tema-del-dia\\\/asociacion-estrategica-rumano-britanica-renovada-id209721.html#breadcrumb\",\"itemListElement\":[{\"@type\":\"ListItem\",\"position\":1,\"name\":\"P\u00e1gina de inicio\",\"item\":\"https:\\\/\\\/www.rri.ro\\\/es\"},{\"@type\":\"ListItem\",\"position\":2,\"name\":\"Actualidad\",\"item\":\"https:\\\/\\\/www.rri.ro\\\/es\\\/actualidad\"},{\"@type\":\"ListItem\",\"position\":3,\"name\":\"Tema del d\u00eda\",\"item\":\"https:\\\/\\\/www.rri.ro\\\/es\\\/actualidad\\\/tema-del-dia\"},{\"@type\":\"ListItem\",\"position\":4,\"name\":\"Asociaci\u00f3n estrat\u00e9gica rumano \u2013 brit\u00e1nica renovada\"}]},{\"@type\":\"WebSite\",\"@id\":\"https:\\\/\\\/www.rri.ro\\\/#website\",\"url\":\"https:\\\/\\\/www.rri.ro\\\/\",\"name\":\"Radio Ruman\u00eda Internacional\",\"description\":\"Totul despre Rom\u00e2nia \u015fi rom\u00e2ni, \u00een 13 limbi\\\/dialecte!\",\"inLanguage\":\"es\"},{\"@type\":\"Person\",\"@id\":\"https:\\\/\\\/www.rri.ro\\\/#\\\/schema\\\/person\\\/b46b8f80d7d6e4b5ac9f14f0acbad0c4\",\"name\":\"Daniela Budu\",\"url\":\"https:\\\/\\\/www.rri.ro\\\/es\\\/author\\\/daniela-budu\"}]}<\/script>\n<!-- \/ Yoast SEO plugin. -->","yoast_head_json":{"title":"Asociaci\u00f3n estrat\u00e9gica rumano \u2013 brit\u00e1nica renovada - Radio Ruman\u00eda Internacional","robots":{"index":"index","follow":"follow","max-snippet":"max-snippet:-1","max-image-preview":"max-image-preview:large","max-video-preview":"max-video-preview:-1"},"canonical":"https:\/\/www.rri.ro\/es\/actualidad\/tema-del-dia\/asociacion-estrategica-rumano-britanica-renovada-id209721.html","og_locale":"es_ES","og_type":"article","og_title":"Asociaci\u00f3n estrat\u00e9gica rumano \u2013 brit\u00e1nica renovada - Radio Ruman\u00eda Internacional","og_description":"Ruman\u00eda y Reino Unido han actualizado su Asociaci\u00f3n Estrat\u00e9gica bilateral.","og_url":"https:\/\/www.rri.ro\/es\/actualidad\/tema-del-dia\/asociacion-estrategica-rumano-britanica-renovada-id209721.html","og_site_name":"Radio Ruman\u00eda Internacional","article_published_time":"2023-03-24T10:24:00+00:00","article_modified_time":"2024-02-21T12:49:01+00:00","og_image":[{"width":640,"height":427,"url":"https:\/\/www.rri.ro\/wp-content\/uploads\/2023\/10\/James-Cleverly-si-bogdan-aurescu-foto-mae.png","type":"image\/png"}],"author":"Daniela Budu","twitter_card":"summary_large_image","twitter_misc":{"Escrito por":"Daniela Budu","Tiempo de lectura":"3 minutos","Written by":"Daniela Budu"},"schema":{"@context":"https:\/\/schema.org","@graph":[{"@type":"Article","@id":"https:\/\/www.rri.ro\/es\/actualidad\/tema-del-dia\/asociacion-estrategica-rumano-britanica-renovada-id209721.html#article","isPartOf":{"@id":"https:\/\/www.rri.ro\/es\/actualidad\/tema-del-dia\/asociacion-estrategica-rumano-britanica-renovada-id209721.html"},"author":{"name":"Daniela Budu","@id":"https:\/\/www.rri.ro\/#\/schema\/person\/b46b8f80d7d6e4b5ac9f14f0acbad0c4"},"headline":"Asociaci\u00f3n estrat\u00e9gica rumano \u2013 brit\u00e1nica renovada","datePublished":"2023-03-24T10:24:00+00:00","dateModified":"2024-02-21T12:49:01+00:00","mainEntityOfPage":{"@id":"https:\/\/www.rri.ro\/es\/actualidad\/tema-del-dia\/asociacion-estrategica-rumano-britanica-renovada-id209721.html"},"wordCount":532,"image":{"@id":"https:\/\/www.rri.ro\/es\/actualidad\/tema-del-dia\/asociacion-estrategica-rumano-britanica-renovada-id209721.html#primaryimage"},"thumbnailUrl":"https:\/\/www.rri.ro\/wp-content\/uploads\/2023\/10\/James-Cleverly-si-bogdan-aurescu-foto-mae.png","articleSection":["Tema del d\u00eda"],"inLanguage":"es"},{"@type":"WebPage","@id":"https:\/\/www.rri.ro\/es\/actualidad\/tema-del-dia\/asociacion-estrategica-rumano-britanica-renovada-id209721.html","url":"https:\/\/www.rri.ro\/es\/actualidad\/tema-del-dia\/asociacion-estrategica-rumano-britanica-renovada-id209721.html","name":"Asociaci\u00f3n estrat\u00e9gica rumano \u2013 brit\u00e1nica renovada - Radio Ruman\u00eda Internacional","isPartOf":{"@id":"https:\/\/www.rri.ro\/#website"},"primaryImageOfPage":{"@id":"https:\/\/www.rri.ro\/es\/actualidad\/tema-del-dia\/asociacion-estrategica-rumano-britanica-renovada-id209721.html#primaryimage"},"image":{"@id":"https:\/\/www.rri.ro\/es\/actualidad\/tema-del-dia\/asociacion-estrategica-rumano-britanica-renovada-id209721.html#primaryimage"},"thumbnailUrl":"https:\/\/www.rri.ro\/wp-content\/uploads\/2023\/10\/James-Cleverly-si-bogdan-aurescu-foto-mae.png","datePublished":"2023-03-24T10:24:00+00:00","dateModified":"2024-02-21T12:49:01+00:00","author":{"@id":"https:\/\/www.rri.ro\/#\/schema\/person\/b46b8f80d7d6e4b5ac9f14f0acbad0c4"},"breadcrumb":{"@id":"https:\/\/www.rri.ro\/es\/actualidad\/tema-del-dia\/asociacion-estrategica-rumano-britanica-renovada-id209721.html#breadcrumb"},"inLanguage":"es","potentialAction":[{"@type":"ReadAction","target":["https:\/\/www.rri.ro\/es\/actualidad\/tema-del-dia\/asociacion-estrategica-rumano-britanica-renovada-id209721.html"]}]},{"@type":"ImageObject","inLanguage":"es","@id":"https:\/\/www.rri.ro\/es\/actualidad\/tema-del-dia\/asociacion-estrategica-rumano-britanica-renovada-id209721.html#primaryimage","url":"https:\/\/www.rri.ro\/wp-content\/uploads\/2023\/10\/James-Cleverly-si-bogdan-aurescu-foto-mae.png","contentUrl":"https:\/\/www.rri.ro\/wp-content\/uploads\/2023\/10\/James-Cleverly-si-bogdan-aurescu-foto-mae.png","width":640,"height":427},{"@type":"BreadcrumbList","@id":"https:\/\/www.rri.ro\/es\/actualidad\/tema-del-dia\/asociacion-estrategica-rumano-britanica-renovada-id209721.html#breadcrumb","itemListElement":[{"@type":"ListItem","position":1,"name":"P\u00e1gina de inicio","item":"https:\/\/www.rri.ro\/es"},{"@type":"ListItem","position":2,"name":"Actualidad","item":"https:\/\/www.rri.ro\/es\/actualidad"},{"@type":"ListItem","position":3,"name":"Tema del d\u00eda","item":"https:\/\/www.rri.ro\/es\/actualidad\/tema-del-dia"},{"@type":"ListItem","position":4,"name":"Asociaci\u00f3n estrat\u00e9gica rumano \u2013 brit\u00e1nica renovada"}]},{"@type":"WebSite","@id":"https:\/\/www.rri.ro\/#website","url":"https:\/\/www.rri.ro\/","name":"Radio Ruman\u00eda Internacional","description":"Totul despre Rom\u00e2nia \u015fi rom\u00e2ni, \u00een 13 limbi\/dialecte!","inLanguage":"es"},{"@type":"Person","@id":"https:\/\/www.rri.ro\/#\/schema\/person\/b46b8f80d7d6e4b5ac9f14f0acbad0c4","name":"Daniela Budu","url":"https:\/\/www.rri.ro\/es\/author\/daniela-budu"}]}},"_links":{"self":[{"href":"https:\/\/www.rri.ro\/es\/wp-json\/wp\/v2\/posts\/209721","targetHints":{"allow":["GET"]}}],"collection":[{"href":"https:\/\/www.rri.ro\/es\/wp-json\/wp\/v2\/posts"}],"about":[{"href":"https:\/\/www.rri.ro\/es\/wp-json\/wp\/v2\/types\/post"}],"author":[{"embeddable":true,"href":"https:\/\/www.rri.ro\/es\/wp-json\/wp\/v2\/users\/107"}],"replies":[{"embeddable":true,"href":"https:\/\/www.rri.ro\/es\/wp-json\/wp\/v2\/comments?post=209721"}],"version-history":[{"count":0,"href":"https:\/\/www.rri.ro\/es\/wp-json\/wp\/v2\/posts\/209721\/revisions"}],"wp:featuredmedia":[{"embeddable":true,"href":"https:\/\/www.rri.ro\/es\/wp-json\/wp\/v2\/media\/95179"}],"wp:attachment":[{"href":"https:\/\/www.rri.ro\/es\/wp-json\/wp\/v2\/media?parent=209721"}],"wp:term":[{"taxonomy":"category","embeddable":true,"href":"https:\/\/www.rri.ro\/es\/wp-json\/wp\/v2\/categories?post=209721"},{"taxonomy":"post_tag","embeddable":true,"href":"https:\/\/www.rri.ro\/es\/wp-json\/wp\/v2\/tags?post=209721"},{"taxonomy":"author","embeddable":true,"href":"https:\/\/www.rri.ro\/es\/wp-json\/wp\/v2\/coauthors?post=209721"}],"curies":[{"name":"wp","href":"https:\/\/api.w.org\/{rel}","templated":true}]}}