{"id":555449,"date":"2016-01-16T12:16:00","date_gmt":"2016-01-16T10:16:00","guid":{"rendered":"http:\/\/devrri.freshlemon.ro\/actualidad\/viaje-a-la-tierra-de-brancusi-id555449.html"},"modified":"2024-02-22T08:58:50","modified_gmt":"2024-02-22T06:58:50","slug":"viaje-a-la-tierra-de-brancusi","status":"publish","type":"post","link":"https:\/\/www.rri.ro\/es\/cronica-semanal\/radio-revista-turistica\/viaje-a-la-tierra-de-brancusi-id555449.html","title":{"rendered":"Viaje a la tierra de Brancusi"},"content":{"rendered":"<\/p>\n<p>&#13;<br \/>\n&#13;<\/p>\n<p>&#13;<br \/>\n&#13;<\/p>\n<p>Hoy viajamos al sur y sudoeste de Ruman\u00eda. Nuestro destino es el distrito de Gorj, donde podemos ver muchas casas tradicionales, de cientos de a\u00f1os de antig<strong>\u00fc<\/strong>edad. Para estas casas, los artesanos utilizaron t\u00e9cnicas de construcci\u00f3n heredadas de sus antepasados. La casa campesina tradicional de Gorj incluso figura en la colecci\u00f3n del museo local de etnograf\u00eda: el Museo de la Arquitectura Popular de Gorj, ubicado en Curti\u015foara.<\/p>\n<p>&#13;<br \/>\n&#13;<\/p>\n<p><span style=line-height: 1.6em;>Nuestro viaje empieza en Hobi\u0163a, en el pueblo de Pe\u015fti\u015fani. Seg\u00fan nos cuenta el catedr\u00e1tico dr. Ion Mocioi, en esta localidad podemos visitar la casa memorial de Constantin Br\u00e2ncu\u015fi, construida en 1971 en el lugar donde naci\u00f3 el famoso escultor rumano. <\/span><\/p>\n<p>&#13;<br \/>\n&#13;<\/p>\n<p>&#13;<br \/>\n&#13;<\/p>\n<p style=margin-left: 40px;><em>\u201dEsta casa es conocida como museo porque ah\u00ed hemos acondicionado una exposici\u00f3n para que la gente conozca el pueblo y  la casa de Br\u00e2ncu\u015fi. Se sabe que la aut\u00e9ntica casa original donde naci\u00f3 el escultor hab\u00eda desaparecido en un incendio producido antes de 1900. La hermana de Br\u00e2ncu\u015fi construy\u00f3 otra casa, ubicada a gran distancia del lugar donde estaba la primera casa. La segunda casa tambi\u00e9n fue destruida en un incendio. El museo actual cuenta con 3 habitaciones y un porche. La fundaci\u00f3n fue construida con piedra de r\u00edo. <\/em><em style=line-height: 1.6em;>La casa tiene una escalera, tambi\u00e9n de piedra, pero de mayor tama\u00f1o, y una cubierta de madera.  Se ha conservado la tradici\u00f3n de los techos hechos de madera. El porche no tiene cubierta y est\u00e1 hecho de barro seco y duro, lo que le confiere resistencia. Adem\u00e1s todas las habitaciones no tienen suelo de madera, sino tambi\u00e9n de barro. La habitaci\u00f3n ubicada en el centro de la casa serv\u00eda para cocina y contaba con unos elementos t\u00edpicos para aquella \u00e9poca, de fin del siglo XIX. La tercera habitaci\u00f3n fue utilizada para almacenar varios objetos caseros. El \u00e1tico fue acondicionado para que el humo de la chimenea ubicada en la cocina fuera utilizado para ahumar los embutidos. Esta es una breve descripci\u00f3n de la casa. En todas las habitaciones se pueden ver varios objetos que pertenec\u00edan a los hermanos de Br\u00e2ncu\u015fi, que datan del periodo cuando naci\u00f3 el escultor. Br\u00e2ncu\u015fi tambi\u00e9n ten\u00eda un terreno, heredado de sus padres. Su madre lo vendi\u00f3 para poder mantener al escultor en la Escuela Nacional de Bellas Artes de Bucarest.\u201d<\/em><\/p>\n<p>&#13;<br \/>\n&#13;<\/p>\n<p>&#13;<br \/>\n&#13;<\/p>\n<p>Victor Albinel Firescu, el jefe de la secci\u00f3n de etnograf\u00eda y arte del Museo de Gorj, nos ha dicho que los turistas pueden visitar la antigua aldea de Curti\u015foara, de 200 a\u00f1os de antig<strong>\u00fc<\/strong>edad. Curti\u015foara est\u00e1 situada a unos 90 kil\u00f3metros de distancia de Hobi\u0163a y a solo 13 de T\u00e2rgu Jiu, la principal ciudad del distrito. El norte de Oltenia, en general, y Gorj, en particular, son las zonas que m\u00e1s han contribuido a la creaci\u00f3n y el desarrollo de un sistema arquitect\u00f3nico complejo, basado en la tala de madera . Victor Albinel Firescu.<\/p>\n<p>&#13;<br \/>\n&#13;<\/p>\n<p>&#13;<br \/>\n&#13;<\/p>\n<p style=margin-left: 40px;><em style=line-height: 1.6em;>\u201dAqu\u00ed tenemos casas procedentes de todas las zonas etnogr\u00e1ficas de Gorj. El Museo abarca una superficie de algunas hect\u00e1reas. Tenemos elementos de madera y tambi\u00e9n arquitectura religiosa, en dos iglesias, la de Gheorghe T\u0103t\u0103r\u0103scu, trasladada de Poiana Rovinari entre 2000 y 2002, y la iglesia Sf. Ioan Botez\u0103torul, (San Juan Bautista) construida en 1821 por B\u0103la\u015fa Cornoiu. Esta \u00faltima est\u00e1 hecha de piedra y tiene una pintura na\u00edf campesina muy bonita. Me gustar\u00eda tener aqu\u00ed a m\u00e1s gente para explicarles toda la esencia de esta tierra que ha dado nombres importantes a la cultura, incluso al  folclore. Aqu\u00ed no se puede entender todo en una sola visita. Hay que quedarte por un tiempo para entender las cosas.\u201d<\/em><\/p>\n<p>&#13;<br \/>\n&#13;<\/p>\n<p>El catedr\u00e1tico dr. Ion Mocioi.<\/p>\n<p>&#13;<br \/>\n&#13;<\/p>\n<p>&#13;<br \/>\n&#13;<\/p>\n<p style=margin-left: 40px;><em>\u201dQuiero que vengan m\u00e1s turistas para ver el lugar donde naci\u00f3 Br\u00e2ncu\u015fi, la casa construida por el padre de Br\u00e2ncu\u015fi, una copia perfecta de la casa donde naci\u00f3 el escultor, construida en 1870. En este jard\u00edn se han conservado \u00e1rboles que datan de la \u00e9poca del artista. En este bonito ambiente sentir\u00e1n el alma de Br\u00e2ncu\u015fi. Yo creo que debemos ver la casa de Br\u00e2ncu\u015fi con el museo para conocer m\u00e1s cosas sobre el gran escultor. Tenemos expertos que trabajan como gu\u00edas para los turistas. Este a\u00f1o, hemos abierto en  T\u00e2rgu Jiu un museo nacional Constantin Br\u00e2ncu\u015fi, recientemente aprobado por la ley en el Parlamento de Ruman\u00eda.\u201d<\/em><\/p>\n<p>&#13;<br \/>\n&#13;<\/p>\n<p>&#13;<br \/>\n&#13;<\/p>\n<p>Les invitamos a visitar estos lugares de ensue\u00f1o, con una rica historia y leyendas que cuentan sobre destacadas personalidades de la cultura y la espiritualidad rumana.<\/p>\n<p>&#13;<br \/>\n&#13;<\/p>\n<p>&#13;<br \/>\n&#13;<\/p>\n<p>&#13;<br \/>\n&#13;<\/p>\n<p>(versi\u00f3n espa\u00f1ola simona sarbescu)<\/p>\n<p>&#13;<br \/>\n&#13;<\/p>\n<p>&#13;<br \/>\n&#13;<\/p>\n<p>&#13;<br \/>\n&#13;<\/p>\n<p>&#13;<\/p>\n","protected":false},"excerpt":{"rendered":"<p>Hoy viajamos al sur y sudoeste de Ruman\u00eda. Nuestro destino es el distrito de Gorj, donde podemos ver muchas casas tradicionales, de cientos de a\u00f1os de antig\u00fcedad.<\/p>\n","protected":false},"author":128,"featured_media":148345,"comment_status":"closed","ping_status":"closed","sticky":false,"template":"","format":"standard","meta":{"_acf_changed":false,"footnotes":""},"categories":[112392],"tags":[29963,37386,99188],"coauthors":[],"class_list":["post-555449","post","type-post","status-publish","format-standard","has-post-thumbnail","hentry","category-radio-revista-turistica","tag-constantin-brancusi","tag-gorj","tag-turismo"],"acf":[],"yoast_head":"<!-- This site is optimized with the Yoast SEO plugin v27.3 - https:\/\/yoast.com\/product\/yoast-seo-wordpress\/ -->\n<title>Viaje a la tierra de Brancusi - Radio Ruman\u00eda Internacional<\/title>\n<meta name=\"robots\" content=\"index, follow, max-snippet:-1, max-image-preview:large, max-video-preview:-1\" \/>\n<link rel=\"canonical\" href=\"https:\/\/www.rri.ro\/es\/cronica-semanal\/radio-revista-turistica\/viaje-a-la-tierra-de-brancusi-id555449.html\" \/>\n<meta property=\"og:locale\" content=\"es_ES\" \/>\n<meta property=\"og:type\" content=\"article\" \/>\n<meta property=\"og:title\" content=\"Viaje a la tierra de Brancusi - Radio Ruman\u00eda Internacional\" \/>\n<meta property=\"og:description\" content=\"Hoy viajamos al sur y sudoeste de Ruman\u00eda. Nuestro destino es el distrito de Gorj, donde podemos ver muchas casas tradicionales, de cientos de a\u00f1os de antig\u00fcedad.\" \/>\n<meta property=\"og:url\" content=\"https:\/\/www.rri.ro\/es\/cronica-semanal\/radio-revista-turistica\/viaje-a-la-tierra-de-brancusi-id555449.html\" \/>\n<meta property=\"og:site_name\" content=\"Radio Ruman\u00eda Internacional\" \/>\n<meta property=\"article:published_time\" content=\"2016-01-16T10:16:00+00:00\" \/>\n<meta property=\"article:modified_time\" content=\"2024-02-22T06:58:50+00:00\" \/>\n<meta property=\"og:image\" content=\"https:\/\/www.rri.ro\/wp-content\/uploads\/2023\/10\/casa-muzeu-brancusi-hobita.png\" \/>\n\t<meta property=\"og:image:width\" content=\"640\" \/>\n\t<meta property=\"og:image:height\" content=\"480\" \/>\n\t<meta property=\"og:image:type\" content=\"image\/png\" \/>\n<meta name=\"author\" content=\"Daniel Onea\" \/>\n<meta name=\"twitter:card\" content=\"summary_large_image\" \/>\n<meta name=\"twitter:label1\" content=\"Escrito por\" \/>\n\t<meta name=\"twitter:data1\" content=\"Daniel Onea\" \/>\n\t<meta name=\"twitter:label2\" content=\"Tiempo de lectura\" \/>\n\t<meta name=\"twitter:data2\" content=\"4 minutos\" \/>\n\t<meta name=\"twitter:label3\" content=\"Written by\" \/>\n\t<meta name=\"twitter:data3\" content=\"Daniel Onea\" \/>\n<script type=\"application\/ld+json\" class=\"yoast-schema-graph\">{\"@context\":\"https:\\\/\\\/schema.org\",\"@graph\":[{\"@type\":\"Article\",\"@id\":\"https:\\\/\\\/www.rri.ro\\\/es\\\/cronica-semanal\\\/radio-revista-turistica\\\/viaje-a-la-tierra-de-brancusi-id555449.html#article\",\"isPartOf\":{\"@id\":\"https:\\\/\\\/www.rri.ro\\\/es\\\/cronica-semanal\\\/radio-revista-turistica\\\/viaje-a-la-tierra-de-brancusi-id555449.html\"},\"author\":{\"name\":\"Daniel Onea\",\"@id\":\"https:\\\/\\\/www.rri.ro\\\/#\\\/schema\\\/person\\\/fcce42c208d45f30f5b054b64bc1e0df\"},\"headline\":\"Viaje a la tierra de Brancusi\",\"datePublished\":\"2016-01-16T10:16:00+00:00\",\"dateModified\":\"2024-02-22T06:58:50+00:00\",\"mainEntityOfPage\":{\"@id\":\"https:\\\/\\\/www.rri.ro\\\/es\\\/cronica-semanal\\\/radio-revista-turistica\\\/viaje-a-la-tierra-de-brancusi-id555449.html\"},\"wordCount\":809,\"image\":{\"@id\":\"https:\\\/\\\/www.rri.ro\\\/es\\\/cronica-semanal\\\/radio-revista-turistica\\\/viaje-a-la-tierra-de-brancusi-id555449.html#primaryimage\"},\"thumbnailUrl\":\"https:\\\/\\\/www.rri.ro\\\/wp-content\\\/uploads\\\/2023\\\/10\\\/casa-muzeu-brancusi-hobita.png\",\"keywords\":[\"Constantin Brancusi\",\"Gorj\",\"turismo\"],\"articleSection\":[\"Radio Revista Tur\u00edstica\"],\"inLanguage\":\"es\"},{\"@type\":\"WebPage\",\"@id\":\"https:\\\/\\\/www.rri.ro\\\/es\\\/cronica-semanal\\\/radio-revista-turistica\\\/viaje-a-la-tierra-de-brancusi-id555449.html\",\"url\":\"https:\\\/\\\/www.rri.ro\\\/es\\\/cronica-semanal\\\/radio-revista-turistica\\\/viaje-a-la-tierra-de-brancusi-id555449.html\",\"name\":\"Viaje a la tierra de Brancusi - Radio Ruman\u00eda Internacional\",\"isPartOf\":{\"@id\":\"https:\\\/\\\/www.rri.ro\\\/#website\"},\"primaryImageOfPage\":{\"@id\":\"https:\\\/\\\/www.rri.ro\\\/es\\\/cronica-semanal\\\/radio-revista-turistica\\\/viaje-a-la-tierra-de-brancusi-id555449.html#primaryimage\"},\"image\":{\"@id\":\"https:\\\/\\\/www.rri.ro\\\/es\\\/cronica-semanal\\\/radio-revista-turistica\\\/viaje-a-la-tierra-de-brancusi-id555449.html#primaryimage\"},\"thumbnailUrl\":\"https:\\\/\\\/www.rri.ro\\\/wp-content\\\/uploads\\\/2023\\\/10\\\/casa-muzeu-brancusi-hobita.png\",\"datePublished\":\"2016-01-16T10:16:00+00:00\",\"dateModified\":\"2024-02-22T06:58:50+00:00\",\"author\":{\"@id\":\"https:\\\/\\\/www.rri.ro\\\/#\\\/schema\\\/person\\\/fcce42c208d45f30f5b054b64bc1e0df\"},\"breadcrumb\":{\"@id\":\"https:\\\/\\\/www.rri.ro\\\/es\\\/cronica-semanal\\\/radio-revista-turistica\\\/viaje-a-la-tierra-de-brancusi-id555449.html#breadcrumb\"},\"inLanguage\":\"es\",\"potentialAction\":[{\"@type\":\"ReadAction\",\"target\":[\"https:\\\/\\\/www.rri.ro\\\/es\\\/cronica-semanal\\\/radio-revista-turistica\\\/viaje-a-la-tierra-de-brancusi-id555449.html\"]}]},{\"@type\":\"ImageObject\",\"inLanguage\":\"es\",\"@id\":\"https:\\\/\\\/www.rri.ro\\\/es\\\/cronica-semanal\\\/radio-revista-turistica\\\/viaje-a-la-tierra-de-brancusi-id555449.html#primaryimage\",\"url\":\"https:\\\/\\\/www.rri.ro\\\/wp-content\\\/uploads\\\/2023\\\/10\\\/casa-muzeu-brancusi-hobita.png\",\"contentUrl\":\"https:\\\/\\\/www.rri.ro\\\/wp-content\\\/uploads\\\/2023\\\/10\\\/casa-muzeu-brancusi-hobita.png\",\"width\":640,\"height\":480},{\"@type\":\"BreadcrumbList\",\"@id\":\"https:\\\/\\\/www.rri.ro\\\/es\\\/cronica-semanal\\\/radio-revista-turistica\\\/viaje-a-la-tierra-de-brancusi-id555449.html#breadcrumb\",\"itemListElement\":[{\"@type\":\"ListItem\",\"position\":1,\"name\":\"P\u00e1gina de inicio\",\"item\":\"https:\\\/\\\/www.rri.ro\\\/es\"},{\"@type\":\"ListItem\",\"position\":2,\"name\":\"Cr\u00f3nica semanal\",\"item\":\"https:\\\/\\\/www.rri.ro\\\/es\\\/cronica-semanal\"},{\"@type\":\"ListItem\",\"position\":3,\"name\":\"Radio Revista Tur\u00edstica\",\"item\":\"https:\\\/\\\/www.rri.ro\\\/es\\\/cronica-semanal\\\/radio-revista-turistica\"},{\"@type\":\"ListItem\",\"position\":4,\"name\":\"Viaje a la tierra de Brancusi\"}]},{\"@type\":\"WebSite\",\"@id\":\"https:\\\/\\\/www.rri.ro\\\/#website\",\"url\":\"https:\\\/\\\/www.rri.ro\\\/\",\"name\":\"Radio Ruman\u00eda Internacional\",\"description\":\"Totul despre Rom\u00e2nia \u015fi rom\u00e2ni, \u00een 13 limbi\\\/dialecte!\",\"inLanguage\":\"es\"},{\"@type\":\"Person\",\"@id\":\"https:\\\/\\\/www.rri.ro\\\/#\\\/schema\\\/person\\\/fcce42c208d45f30f5b054b64bc1e0df\",\"name\":\"Daniel Onea\",\"url\":\"https:\\\/\\\/www.rri.ro\\\/es\\\/author\\\/daniel-onea\"}]}<\/script>\n<!-- \/ Yoast SEO plugin. -->","yoast_head_json":{"title":"Viaje a la tierra de Brancusi - Radio Ruman\u00eda Internacional","robots":{"index":"index","follow":"follow","max-snippet":"max-snippet:-1","max-image-preview":"max-image-preview:large","max-video-preview":"max-video-preview:-1"},"canonical":"https:\/\/www.rri.ro\/es\/cronica-semanal\/radio-revista-turistica\/viaje-a-la-tierra-de-brancusi-id555449.html","og_locale":"es_ES","og_type":"article","og_title":"Viaje a la tierra de Brancusi - Radio Ruman\u00eda Internacional","og_description":"Hoy viajamos al sur y sudoeste de Ruman\u00eda. Nuestro destino es el distrito de Gorj, donde podemos ver muchas casas tradicionales, de cientos de a\u00f1os de antig\u00fcedad.","og_url":"https:\/\/www.rri.ro\/es\/cronica-semanal\/radio-revista-turistica\/viaje-a-la-tierra-de-brancusi-id555449.html","og_site_name":"Radio Ruman\u00eda Internacional","article_published_time":"2016-01-16T10:16:00+00:00","article_modified_time":"2024-02-22T06:58:50+00:00","og_image":[{"width":640,"height":480,"url":"https:\/\/www.rri.ro\/wp-content\/uploads\/2023\/10\/casa-muzeu-brancusi-hobita.png","type":"image\/png"}],"author":"Daniel Onea","twitter_card":"summary_large_image","twitter_misc":{"Escrito por":"Daniel Onea","Tiempo de lectura":"4 minutos","Written by":"Daniel Onea"},"schema":{"@context":"https:\/\/schema.org","@graph":[{"@type":"Article","@id":"https:\/\/www.rri.ro\/es\/cronica-semanal\/radio-revista-turistica\/viaje-a-la-tierra-de-brancusi-id555449.html#article","isPartOf":{"@id":"https:\/\/www.rri.ro\/es\/cronica-semanal\/radio-revista-turistica\/viaje-a-la-tierra-de-brancusi-id555449.html"},"author":{"name":"Daniel Onea","@id":"https:\/\/www.rri.ro\/#\/schema\/person\/fcce42c208d45f30f5b054b64bc1e0df"},"headline":"Viaje a la tierra de Brancusi","datePublished":"2016-01-16T10:16:00+00:00","dateModified":"2024-02-22T06:58:50+00:00","mainEntityOfPage":{"@id":"https:\/\/www.rri.ro\/es\/cronica-semanal\/radio-revista-turistica\/viaje-a-la-tierra-de-brancusi-id555449.html"},"wordCount":809,"image":{"@id":"https:\/\/www.rri.ro\/es\/cronica-semanal\/radio-revista-turistica\/viaje-a-la-tierra-de-brancusi-id555449.html#primaryimage"},"thumbnailUrl":"https:\/\/www.rri.ro\/wp-content\/uploads\/2023\/10\/casa-muzeu-brancusi-hobita.png","keywords":["Constantin Brancusi","Gorj","turismo"],"articleSection":["Radio Revista Tur\u00edstica"],"inLanguage":"es"},{"@type":"WebPage","@id":"https:\/\/www.rri.ro\/es\/cronica-semanal\/radio-revista-turistica\/viaje-a-la-tierra-de-brancusi-id555449.html","url":"https:\/\/www.rri.ro\/es\/cronica-semanal\/radio-revista-turistica\/viaje-a-la-tierra-de-brancusi-id555449.html","name":"Viaje a la tierra de Brancusi - Radio Ruman\u00eda Internacional","isPartOf":{"@id":"https:\/\/www.rri.ro\/#website"},"primaryImageOfPage":{"@id":"https:\/\/www.rri.ro\/es\/cronica-semanal\/radio-revista-turistica\/viaje-a-la-tierra-de-brancusi-id555449.html#primaryimage"},"image":{"@id":"https:\/\/www.rri.ro\/es\/cronica-semanal\/radio-revista-turistica\/viaje-a-la-tierra-de-brancusi-id555449.html#primaryimage"},"thumbnailUrl":"https:\/\/www.rri.ro\/wp-content\/uploads\/2023\/10\/casa-muzeu-brancusi-hobita.png","datePublished":"2016-01-16T10:16:00+00:00","dateModified":"2024-02-22T06:58:50+00:00","author":{"@id":"https:\/\/www.rri.ro\/#\/schema\/person\/fcce42c208d45f30f5b054b64bc1e0df"},"breadcrumb":{"@id":"https:\/\/www.rri.ro\/es\/cronica-semanal\/radio-revista-turistica\/viaje-a-la-tierra-de-brancusi-id555449.html#breadcrumb"},"inLanguage":"es","potentialAction":[{"@type":"ReadAction","target":["https:\/\/www.rri.ro\/es\/cronica-semanal\/radio-revista-turistica\/viaje-a-la-tierra-de-brancusi-id555449.html"]}]},{"@type":"ImageObject","inLanguage":"es","@id":"https:\/\/www.rri.ro\/es\/cronica-semanal\/radio-revista-turistica\/viaje-a-la-tierra-de-brancusi-id555449.html#primaryimage","url":"https:\/\/www.rri.ro\/wp-content\/uploads\/2023\/10\/casa-muzeu-brancusi-hobita.png","contentUrl":"https:\/\/www.rri.ro\/wp-content\/uploads\/2023\/10\/casa-muzeu-brancusi-hobita.png","width":640,"height":480},{"@type":"BreadcrumbList","@id":"https:\/\/www.rri.ro\/es\/cronica-semanal\/radio-revista-turistica\/viaje-a-la-tierra-de-brancusi-id555449.html#breadcrumb","itemListElement":[{"@type":"ListItem","position":1,"name":"P\u00e1gina de inicio","item":"https:\/\/www.rri.ro\/es"},{"@type":"ListItem","position":2,"name":"Cr\u00f3nica semanal","item":"https:\/\/www.rri.ro\/es\/cronica-semanal"},{"@type":"ListItem","position":3,"name":"Radio Revista Tur\u00edstica","item":"https:\/\/www.rri.ro\/es\/cronica-semanal\/radio-revista-turistica"},{"@type":"ListItem","position":4,"name":"Viaje a la tierra de Brancusi"}]},{"@type":"WebSite","@id":"https:\/\/www.rri.ro\/#website","url":"https:\/\/www.rri.ro\/","name":"Radio Ruman\u00eda Internacional","description":"Totul despre Rom\u00e2nia \u015fi rom\u00e2ni, \u00een 13 limbi\/dialecte!","inLanguage":"es"},{"@type":"Person","@id":"https:\/\/www.rri.ro\/#\/schema\/person\/fcce42c208d45f30f5b054b64bc1e0df","name":"Daniel Onea","url":"https:\/\/www.rri.ro\/es\/author\/daniel-onea"}]}},"_links":{"self":[{"href":"https:\/\/www.rri.ro\/es\/wp-json\/wp\/v2\/posts\/555449","targetHints":{"allow":["GET"]}}],"collection":[{"href":"https:\/\/www.rri.ro\/es\/wp-json\/wp\/v2\/posts"}],"about":[{"href":"https:\/\/www.rri.ro\/es\/wp-json\/wp\/v2\/types\/post"}],"author":[{"embeddable":true,"href":"https:\/\/www.rri.ro\/es\/wp-json\/wp\/v2\/users\/128"}],"replies":[{"embeddable":true,"href":"https:\/\/www.rri.ro\/es\/wp-json\/wp\/v2\/comments?post=555449"}],"version-history":[{"count":0,"href":"https:\/\/www.rri.ro\/es\/wp-json\/wp\/v2\/posts\/555449\/revisions"}],"wp:featuredmedia":[{"embeddable":true,"href":"https:\/\/www.rri.ro\/es\/wp-json\/wp\/v2\/media\/148345"}],"wp:attachment":[{"href":"https:\/\/www.rri.ro\/es\/wp-json\/wp\/v2\/media?parent=555449"}],"wp:term":[{"taxonomy":"category","embeddable":true,"href":"https:\/\/www.rri.ro\/es\/wp-json\/wp\/v2\/categories?post=555449"},{"taxonomy":"post_tag","embeddable":true,"href":"https:\/\/www.rri.ro\/es\/wp-json\/wp\/v2\/tags?post=555449"},{"taxonomy":"author","embeddable":true,"href":"https:\/\/www.rri.ro\/es\/wp-json\/wp\/v2\/coauthors?post=555449"}],"curies":[{"name":"wp","href":"https:\/\/api.w.org\/{rel}","templated":true}]}}