{"id":556834,"date":"2014-01-29T20:13:00","date_gmt":"2014-01-29T18:13:00","guid":{"rendered":"http:\/\/devrri.freshlemon.ro\/actualidad\/semana-deportiva-29-de-enero-de-2014-id556834.html"},"modified":"2014-01-29T20:13:00","modified_gmt":"2014-01-29T18:13:00","slug":"semana-deportiva-29-de-enero-de-2014","status":"publish","type":"post","link":"https:\/\/www.rri.ro\/es\/cronica-semanal\/deporte\/semana-deportiva-29-de-enero-de-2014-id556834.html","title":{"rendered":"Semana deportiva 29 de enero de 2014"},"content":{"rendered":"<p>Muy buenas noches. Soy ss y esta edici\u00f3n de deportes arranca con<\/p>\n<p>&#13;<br \/>\n&#13;<\/p>\n<p> <strong>Tenis<\/strong><\/p>\n<p>&#13;<br \/>\n&#13;<\/p>\n<p>&#13;<br \/>\n&#13;<\/p>\n<p>En el Abierto de Melbourne, Australia, el mejor resultado de los tenistas rumanos fue la final de dobles mixto, disputada por el rumano Horia Tecau, junto con la india Sania Mirza . Desafortunadamente, los dos perdieron, siendo derrotados en el \u00faltimo acto del Abierto por la pareja Daniel Nestor, Canad\u00e1, y Kristina Mladenovic de Francia, por 6-3, 6-2.<br \/>&#13;<br \/>\n<br \/>&#13;<br \/>\nHoria Tecau ha jugado en Melbourne la quinta final de un torneo importante y ha sufrido la cuarta derrota. Ahora su objetivo es recuperar el t\u00edtulo ganado en 2012 con la estadounidense Bethanie Mattek- Sands. Por otra parte, el sueco Robert Lindstedt , del cual Tecau se separ\u00f3 en diciembre de 2012, despu\u00e9s de haber perdido tres finales en Wimbledon ( 2010 , 2011 , 2012 ) , gan\u00f3, a los 36 a\u00f1os, el primer t\u00edtulo importante de su carrera ! Junto con el polaco Lukasz Kubot , el escandinavo se impuso en la final de dobles masculino: 6-3, 6-3 ante Eric Butorac \/ Raven Klaasen ( EE.UU. \/ Sud\u00e1frica).<br \/>&#13;\n <\/p>\n<p>&#13;<br \/>\n&#13;<\/p>\n<p>&#13;<br \/>\n&#13;<\/p>\n<p><strong>Juegos ol\u00edmpicos de invierno<\/strong><\/p>\n<p>&#13;<br \/>\n&#13;<\/p>\n<p>&#13;<br \/>\n&#13;<\/p>\n<p>Iulian Pitea es el primer saltador de esqu\u00ed rumano que participar\u00e1 en los Juegos Ol\u00edmpicos de Invierno:<br \/>&#13;<br \/>\nsu clasificaci\u00f3n para la Ol\u00edmpada en Sochi, Rusia, no es una casualidad. Los resultados que ha registrado en los a\u00f1os anteriores lo impulsaron a la vanguardia del equipo de saltos de esqu\u00ed de Ruman\u00eda.<br \/>&#13;<br \/>\nEl a\u00f1o pasado, Iulian Pitea obtuvo el octavo puesto en el Festival Ol\u00edmpico de la Juventud Europea celebrado en Brasov, Ruman\u00eda.<br \/>&#13;<br \/>\n<br \/>&#13;<br \/>\n Pitea es el cuarto saltador de esqu\u00ed de Ruman\u00eda que participa en los Juegos Ol\u00edmpicos de Invierno .<br \/>&#13;<br \/>\nAnteriormente, lo hicieron Hubert Sandor Ciompe ( 1936 ) , Nicolae Munteanu ( 1956 ) y Virgil Neagoe. ( lugares ocupados 57 m K70 trampol\u00edn , K120 , respectivamente 58 m).<br \/>&#13;\n <\/p>\n<p>&#13;<br \/>\n&#13;<\/p>\n<p>&#13;<br \/>\n&#13;<\/p>\n<p>y ahora <strong>f\u00fatbol<\/strong><\/p>\n<p>&#13;<br \/>\n&#13;<\/p>\n<p>&#13;\n <\/p>\n<p>&#13;<br \/>\n&#13;<\/p>\n<p>&#8211; Adrian Mutu ha jugado el segundo partido amistoso para el Petrolul, y esta vez fue capit\u00e1n. El ex delantero del Ajaccio impresion\u00f3 a sus colegas en solo 2 semanas, y ha sido elogiado por Geraldo Alv\u00e9s : \u201c Mutu es realmente un brillante. Lo ha mostrado en el campo y realmente merece ser el capit\u00e1n , es un l\u00edder en el campo , tiene el duende ! \u00bb dijo el brasile\u00f1o en Digi.sport. El Petrolul empat\u00f3 con el Sturm Graz a 1 y perdi\u00f3 el partido contra el Anzhi Makhachkala , 1-2.<br \/>&#13;<br \/>\n<br \/>&#13;\n <\/p>\n<p>&#13;<br \/>\n&#13;<\/p>\n<p>&#8211;  Vlad Chiriches es el futbolista rumano que ha hecho el mayor retorno financiero de un club rumano. El Steaua lo compr\u00f3 del Pandurii Tg. Jiu en enero de 2012 , por una cantidad enorme para una transferencia hecha en la I Liga: 1.300.000 euros.<br \/>&#13;<br \/>\n8,2 millones de euros gano el Steaua debido a Chiriches. <br \/>&#13;<br \/>\nSus actuaciones en la liga y especialmente en la Liga Europa, que culminaron con un tanto espectacular en la porter\u00eda del Ajax de Amsterdam, convencieron a los brit\u00e1nicos del Tottenham a pagar a los roji-azules en el verano del a\u00f1o pasado, 9,5 millones de euros para el actual capit\u00e1n de la selecci\u00f3n rumana.<br \/>&#13;<br \/>\nRonaldo tiene el r\u00e9cord mundial.<br \/>&#13;<br \/>\nEl jugador m\u00e1s rentable de la historia del f\u00fatbol es el portugu\u00e9s Cristiano Ronaldo (28 a\u00f1os) , reciente ganador del Bal\u00f3n de Oro .<br \/>&#13;<br \/>\nEn 2009 , el Manchester United , que lo hab\u00eda adquirido seis a\u00f1os antes del Sporting de Lisboa, a cambio de 17,5 millones de euros , lo vendi\u00f3 al Real Madrid por 94 millones de euros. El provecho de los ingleses fue de 76,5 millones de euros!<br \/>&#13;<br \/>\n<br \/>&#13;\n <\/p>\n<p>&#13;<br \/>\n&#13;<\/p>\n<p>-La selecci\u00f3n rumana de f\u00fatbol formar\u00e1 parte de la tercera urna en el sorteo de los preliminares de la clasificaci\u00f3n para la Eurocopa 2016, que se celebrar\u00e1 en Francia. Las 53 selecciones que participar\u00e1n en los preliminares fueron divididas en seis urnas (cinco de nueve equipos cada una y una de ocho) , seg\u00fan los resultados preliminares de la Eurocopa 2012 y la Copa Mundial de 2014 y los torneos finales de 2010 y 2012 .<br \/>&#13;<br \/>\nAs\u00ed , Ruman\u00eda est\u00e1 en la tercera urna, junto con Serbia , Turqu\u00eda , Eslovenia , Israel, Noruega, Eslovaquia , Austria y Polonia , las selecciones con las cuales no podr\u00e1 jugar .<br \/>&#13;<br \/>\nEn la urna de las cabezas de serie figuran Espa\u00f1a (el t\u00edtulo continental), Alemania , Holanda, Italia , Inglaterra , Portugal , Grecia , Rusia y Bosnia .<br \/>&#13;<br \/>\nLa novedad de estos preliminares est\u00e1 representada por la presencia de la selecci\u00f3n de Gibraltar y el hecho de que el pa\u00eds anfitri\u00f3n del torneo, Francia, figura en uno de los grupos, completar\u00e1 los cinco equipos y jugar\u00e1 con ellos, pero los resultados no ser\u00e1n considerados para clasificaciones. B\u00e1sicamente , los partidos ser\u00e1n juegos amistosos. En el torneo  final, el primero con 24 selecciones,  se clasificar\u00e1n las primeras dos de cada uno de los 9 grupos, as\u00ed como el mejor tercer lugar.<br \/>&#13;<br \/>\nLos ocho equipos restantes en terceros lugares jugar\u00e1n la repesca  de ida y vuelta .<\/p>\n<p>&#13;<br \/>\n&#13;<\/p>\n<p>Los preliminares del Campeonato Europeo de 2016 se iniciar\u00e1n el 7 de septiembre de 2014 y finalizar\u00e1n el 17 de noviembre de 2015. Las Urnas para el sorteo del Euro 2016 son las siguientes Urna 1 : Espa\u00f1a , Alemania, Holanda, Italia, Inglaterra, Portugal, Grecia, Rusia , Bosnia<br \/>&#13;<br \/>\nUrna 2 : Ucrania , Croacia , Suecia , Dinamarca , Suiza , B\u00e9lgica, Rep\u00fablica Checa, Hungr\u00eda, Irlanda<br \/>&#13;<br \/>\nUrna 3 : Serbia , Turqu\u00eda , Eslovenia , Israel, Noruega, Eslovaquia , Rumania , Austria , Polonia<br \/>&#13;<br \/>\nUrna 4 : Montenegro , Armenia , Escocia , Finlandia , Letonia , Pa\u00eds de Gales , Bulgaria , Estonia , Bielorrusia<br \/>&#13;<br \/>\nUrna 5 : Islandia , Irlanda del Norte , Albania , Lituania , Moldavia , Macedonia , Azerbaiy\u00e1n , Georgia , Chipre<br \/>&#13;<br \/>\nUrna 6 : Luxemburgo, Kazajist\u00e1n , Liechtenstein, Islas Feroe , Malta, Andorra , San Marino , Gibraltar.<\/p>\n<p>&#13;<br \/>\n&#13;<\/p>\n<p>Les recuerdo que estamos en <a href=http:\/\/www.rri,ro\/>www.rri,ro<\/a> y tambi\u00e9n en FB, RRI. Soy Simona y aqu\u00ed terminan los deportes. \u00a1Buenas noches a todos!.<\/p>\n<p>&#13;<\/p>\n","protected":false},"excerpt":{"rendered":"<p>Muy buenas noches. Soy ss y esta edici\u00f3n de deportes arranca con &#13; &#13; Tenis &#13; &#13; &#13; &#13; En el Abierto de Melbourne, Australia, el mejor resultado de los tenistas rumanos fue la final de dobles mixto, disputada por el rumano Horia Tecau, junto con la india Sania Mirza . Desafortunadamente, los dos perdieron, [&hellip;]<\/p>\n","protected":false},"author":38,"featured_media":108689,"comment_status":"closed","ping_status":"closed","sticky":false,"template":"","format":"standard","meta":{"_acf_changed":false,"footnotes":""},"categories":[112393],"tags":[41139,112755,49024,29507,112807,112809,112808,41016],"coauthors":[],"class_list":["post-556834","post","type-post","status-publish","format-standard","has-post-thumbnail","hentry","category-deporte","tag-adrian-mutu","tag-cristiano-ronaldo","tag-eurocopa-2016","tag-horia-tecau","tag-olimpada-en-sochi","tag-preliminares","tag-sorteo","tag-vlad-chiriches"],"acf":[],"yoast_head":"<!-- This site is optimized with the Yoast SEO plugin v27.3 - https:\/\/yoast.com\/product\/yoast-seo-wordpress\/ -->\n<title>Semana deportiva 29 de enero de 2014 - Radio Ruman\u00eda Internacional<\/title>\n<meta name=\"robots\" content=\"index, follow, max-snippet:-1, max-image-preview:large, max-video-preview:-1\" \/>\n<link rel=\"canonical\" href=\"https:\/\/www.rri.ro\/es\/cronica-semanal\/deporte\/semana-deportiva-29-de-enero-de-2014-id556834.html\" \/>\n<meta property=\"og:locale\" content=\"es_ES\" \/>\n<meta property=\"og:type\" content=\"article\" \/>\n<meta property=\"og:title\" content=\"Semana deportiva 29 de enero de 2014 - Radio Ruman\u00eda Internacional\" \/>\n<meta property=\"og:description\" content=\"Muy buenas noches. Soy ss y esta edici\u00f3n de deportes arranca con &#013; &#013; Tenis &#013; &#013; &#013; &#013; En el Abierto de Melbourne, Australia, el mejor resultado de los tenistas rumanos fue la final de dobles mixto, disputada por el rumano Horia Tecau, junto con la india Sania Mirza . Desafortunadamente, los dos perdieron, [&hellip;]\" \/>\n<meta property=\"og:url\" content=\"https:\/\/www.rri.ro\/es\/cronica-semanal\/deporte\/semana-deportiva-29-de-enero-de-2014-id556834.html\" \/>\n<meta property=\"og:site_name\" content=\"Radio Ruman\u00eda Internacional\" \/>\n<meta property=\"article:published_time\" content=\"2014-01-29T18:13:00+00:00\" \/>\n<meta property=\"og:image\" content=\"https:\/\/www.rri.ro\/wp-content\/uploads\/2023\/10\/horia-tecau_medium.png\" \/>\n\t<meta property=\"og:image:width\" content=\"640\" \/>\n\t<meta property=\"og:image:height\" content=\"426\" \/>\n\t<meta property=\"og:image:type\" content=\"image\/png\" \/>\n<meta name=\"author\" content=\"Simona Sarbescu\" \/>\n<meta name=\"twitter:card\" content=\"summary_large_image\" \/>\n<meta name=\"twitter:label1\" content=\"Escrito por\" \/>\n\t<meta name=\"twitter:data1\" content=\"Simona Sarbescu\" \/>\n\t<meta name=\"twitter:label2\" content=\"Tiempo de lectura\" \/>\n\t<meta name=\"twitter:data2\" content=\"5 minutos\" \/>\n\t<meta name=\"twitter:label3\" content=\"Written by\" \/>\n\t<meta name=\"twitter:data3\" content=\"Simona Sarbescu\" \/>\n<script type=\"application\/ld+json\" class=\"yoast-schema-graph\">{\"@context\":\"https:\\\/\\\/schema.org\",\"@graph\":[{\"@type\":\"Article\",\"@id\":\"https:\\\/\\\/www.rri.ro\\\/es\\\/cronica-semanal\\\/deporte\\\/semana-deportiva-29-de-enero-de-2014-id556834.html#article\",\"isPartOf\":{\"@id\":\"https:\\\/\\\/www.rri.ro\\\/es\\\/cronica-semanal\\\/deporte\\\/semana-deportiva-29-de-enero-de-2014-id556834.html\"},\"author\":{\"name\":\"Simona Sarbescu\",\"@id\":\"https:\\\/\\\/www.rri.ro\\\/#\\\/schema\\\/person\\\/1e5b68c542aa18216bc645b5072f1273\"},\"headline\":\"Semana deportiva 29 de enero de 2014\",\"datePublished\":\"2014-01-29T18:13:00+00:00\",\"mainEntityOfPage\":{\"@id\":\"https:\\\/\\\/www.rri.ro\\\/es\\\/cronica-semanal\\\/deporte\\\/semana-deportiva-29-de-enero-de-2014-id556834.html\"},\"wordCount\":930,\"image\":{\"@id\":\"https:\\\/\\\/www.rri.ro\\\/es\\\/cronica-semanal\\\/deporte\\\/semana-deportiva-29-de-enero-de-2014-id556834.html#primaryimage\"},\"thumbnailUrl\":\"https:\\\/\\\/www.rri.ro\\\/wp-content\\\/uploads\\\/2023\\\/10\\\/horia-tecau_medium.png\",\"keywords\":[\"Adrian Mutu\",\"Cristiano Ronaldo\",\"Eurocopa 2016\",\"Horia Tecau\",\"Ol\u00edmpada en Sochi\",\"preliminares\",\"sorteo\",\"Vlad Chiriches\"],\"articleSection\":[\"Deporte\"],\"inLanguage\":\"es\"},{\"@type\":\"WebPage\",\"@id\":\"https:\\\/\\\/www.rri.ro\\\/es\\\/cronica-semanal\\\/deporte\\\/semana-deportiva-29-de-enero-de-2014-id556834.html\",\"url\":\"https:\\\/\\\/www.rri.ro\\\/es\\\/cronica-semanal\\\/deporte\\\/semana-deportiva-29-de-enero-de-2014-id556834.html\",\"name\":\"Semana deportiva 29 de enero de 2014 - Radio Ruman\u00eda Internacional\",\"isPartOf\":{\"@id\":\"https:\\\/\\\/www.rri.ro\\\/#website\"},\"primaryImageOfPage\":{\"@id\":\"https:\\\/\\\/www.rri.ro\\\/es\\\/cronica-semanal\\\/deporte\\\/semana-deportiva-29-de-enero-de-2014-id556834.html#primaryimage\"},\"image\":{\"@id\":\"https:\\\/\\\/www.rri.ro\\\/es\\\/cronica-semanal\\\/deporte\\\/semana-deportiva-29-de-enero-de-2014-id556834.html#primaryimage\"},\"thumbnailUrl\":\"https:\\\/\\\/www.rri.ro\\\/wp-content\\\/uploads\\\/2023\\\/10\\\/horia-tecau_medium.png\",\"datePublished\":\"2014-01-29T18:13:00+00:00\",\"author\":{\"@id\":\"https:\\\/\\\/www.rri.ro\\\/#\\\/schema\\\/person\\\/1e5b68c542aa18216bc645b5072f1273\"},\"breadcrumb\":{\"@id\":\"https:\\\/\\\/www.rri.ro\\\/es\\\/cronica-semanal\\\/deporte\\\/semana-deportiva-29-de-enero-de-2014-id556834.html#breadcrumb\"},\"inLanguage\":\"es\",\"potentialAction\":[{\"@type\":\"ReadAction\",\"target\":[\"https:\\\/\\\/www.rri.ro\\\/es\\\/cronica-semanal\\\/deporte\\\/semana-deportiva-29-de-enero-de-2014-id556834.html\"]}]},{\"@type\":\"ImageObject\",\"inLanguage\":\"es\",\"@id\":\"https:\\\/\\\/www.rri.ro\\\/es\\\/cronica-semanal\\\/deporte\\\/semana-deportiva-29-de-enero-de-2014-id556834.html#primaryimage\",\"url\":\"https:\\\/\\\/www.rri.ro\\\/wp-content\\\/uploads\\\/2023\\\/10\\\/horia-tecau_medium.png\",\"contentUrl\":\"https:\\\/\\\/www.rri.ro\\\/wp-content\\\/uploads\\\/2023\\\/10\\\/horia-tecau_medium.png\",\"width\":640,\"height\":426},{\"@type\":\"BreadcrumbList\",\"@id\":\"https:\\\/\\\/www.rri.ro\\\/es\\\/cronica-semanal\\\/deporte\\\/semana-deportiva-29-de-enero-de-2014-id556834.html#breadcrumb\",\"itemListElement\":[{\"@type\":\"ListItem\",\"position\":1,\"name\":\"P\u00e1gina de inicio\",\"item\":\"https:\\\/\\\/www.rri.ro\\\/es\"},{\"@type\":\"ListItem\",\"position\":2,\"name\":\"Cr\u00f3nica semanal\",\"item\":\"https:\\\/\\\/www.rri.ro\\\/es\\\/cronica-semanal\"},{\"@type\":\"ListItem\",\"position\":3,\"name\":\"Deporte\",\"item\":\"https:\\\/\\\/www.rri.ro\\\/es\\\/cronica-semanal\\\/deporte\"},{\"@type\":\"ListItem\",\"position\":4,\"name\":\"Semana deportiva 29 de enero de 2014\"}]},{\"@type\":\"WebSite\",\"@id\":\"https:\\\/\\\/www.rri.ro\\\/#website\",\"url\":\"https:\\\/\\\/www.rri.ro\\\/\",\"name\":\"Radio Ruman\u00eda Internacional\",\"description\":\"Totul despre Rom\u00e2nia \u015fi rom\u00e2ni, \u00een 13 limbi\\\/dialecte!\",\"inLanguage\":\"es\"},{\"@type\":\"Person\",\"@id\":\"https:\\\/\\\/www.rri.ro\\\/#\\\/schema\\\/person\\\/1e5b68c542aa18216bc645b5072f1273\",\"name\":\"Simona Sarbescu\",\"url\":\"https:\\\/\\\/www.rri.ro\\\/es\\\/author\\\/simona-sarbescu\"}]}<\/script>\n<!-- \/ Yoast SEO plugin. -->","yoast_head_json":{"title":"Semana deportiva 29 de enero de 2014 - Radio Ruman\u00eda Internacional","robots":{"index":"index","follow":"follow","max-snippet":"max-snippet:-1","max-image-preview":"max-image-preview:large","max-video-preview":"max-video-preview:-1"},"canonical":"https:\/\/www.rri.ro\/es\/cronica-semanal\/deporte\/semana-deportiva-29-de-enero-de-2014-id556834.html","og_locale":"es_ES","og_type":"article","og_title":"Semana deportiva 29 de enero de 2014 - Radio Ruman\u00eda Internacional","og_description":"Muy buenas noches. Soy ss y esta edici\u00f3n de deportes arranca con &#13; &#13; Tenis &#13; &#13; &#13; &#13; En el Abierto de Melbourne, Australia, el mejor resultado de los tenistas rumanos fue la final de dobles mixto, disputada por el rumano Horia Tecau, junto con la india Sania Mirza . Desafortunadamente, los dos perdieron, [&hellip;]","og_url":"https:\/\/www.rri.ro\/es\/cronica-semanal\/deporte\/semana-deportiva-29-de-enero-de-2014-id556834.html","og_site_name":"Radio Ruman\u00eda Internacional","article_published_time":"2014-01-29T18:13:00+00:00","og_image":[{"width":640,"height":426,"url":"https:\/\/www.rri.ro\/wp-content\/uploads\/2023\/10\/horia-tecau_medium.png","type":"image\/png"}],"author":"Simona Sarbescu","twitter_card":"summary_large_image","twitter_misc":{"Escrito por":"Simona Sarbescu","Tiempo de lectura":"5 minutos","Written by":"Simona Sarbescu"},"schema":{"@context":"https:\/\/schema.org","@graph":[{"@type":"Article","@id":"https:\/\/www.rri.ro\/es\/cronica-semanal\/deporte\/semana-deportiva-29-de-enero-de-2014-id556834.html#article","isPartOf":{"@id":"https:\/\/www.rri.ro\/es\/cronica-semanal\/deporte\/semana-deportiva-29-de-enero-de-2014-id556834.html"},"author":{"name":"Simona Sarbescu","@id":"https:\/\/www.rri.ro\/#\/schema\/person\/1e5b68c542aa18216bc645b5072f1273"},"headline":"Semana deportiva 29 de enero de 2014","datePublished":"2014-01-29T18:13:00+00:00","mainEntityOfPage":{"@id":"https:\/\/www.rri.ro\/es\/cronica-semanal\/deporte\/semana-deportiva-29-de-enero-de-2014-id556834.html"},"wordCount":930,"image":{"@id":"https:\/\/www.rri.ro\/es\/cronica-semanal\/deporte\/semana-deportiva-29-de-enero-de-2014-id556834.html#primaryimage"},"thumbnailUrl":"https:\/\/www.rri.ro\/wp-content\/uploads\/2023\/10\/horia-tecau_medium.png","keywords":["Adrian Mutu","Cristiano Ronaldo","Eurocopa 2016","Horia Tecau","Ol\u00edmpada en Sochi","preliminares","sorteo","Vlad Chiriches"],"articleSection":["Deporte"],"inLanguage":"es"},{"@type":"WebPage","@id":"https:\/\/www.rri.ro\/es\/cronica-semanal\/deporte\/semana-deportiva-29-de-enero-de-2014-id556834.html","url":"https:\/\/www.rri.ro\/es\/cronica-semanal\/deporte\/semana-deportiva-29-de-enero-de-2014-id556834.html","name":"Semana deportiva 29 de enero de 2014 - Radio Ruman\u00eda Internacional","isPartOf":{"@id":"https:\/\/www.rri.ro\/#website"},"primaryImageOfPage":{"@id":"https:\/\/www.rri.ro\/es\/cronica-semanal\/deporte\/semana-deportiva-29-de-enero-de-2014-id556834.html#primaryimage"},"image":{"@id":"https:\/\/www.rri.ro\/es\/cronica-semanal\/deporte\/semana-deportiva-29-de-enero-de-2014-id556834.html#primaryimage"},"thumbnailUrl":"https:\/\/www.rri.ro\/wp-content\/uploads\/2023\/10\/horia-tecau_medium.png","datePublished":"2014-01-29T18:13:00+00:00","author":{"@id":"https:\/\/www.rri.ro\/#\/schema\/person\/1e5b68c542aa18216bc645b5072f1273"},"breadcrumb":{"@id":"https:\/\/www.rri.ro\/es\/cronica-semanal\/deporte\/semana-deportiva-29-de-enero-de-2014-id556834.html#breadcrumb"},"inLanguage":"es","potentialAction":[{"@type":"ReadAction","target":["https:\/\/www.rri.ro\/es\/cronica-semanal\/deporte\/semana-deportiva-29-de-enero-de-2014-id556834.html"]}]},{"@type":"ImageObject","inLanguage":"es","@id":"https:\/\/www.rri.ro\/es\/cronica-semanal\/deporte\/semana-deportiva-29-de-enero-de-2014-id556834.html#primaryimage","url":"https:\/\/www.rri.ro\/wp-content\/uploads\/2023\/10\/horia-tecau_medium.png","contentUrl":"https:\/\/www.rri.ro\/wp-content\/uploads\/2023\/10\/horia-tecau_medium.png","width":640,"height":426},{"@type":"BreadcrumbList","@id":"https:\/\/www.rri.ro\/es\/cronica-semanal\/deporte\/semana-deportiva-29-de-enero-de-2014-id556834.html#breadcrumb","itemListElement":[{"@type":"ListItem","position":1,"name":"P\u00e1gina de inicio","item":"https:\/\/www.rri.ro\/es"},{"@type":"ListItem","position":2,"name":"Cr\u00f3nica semanal","item":"https:\/\/www.rri.ro\/es\/cronica-semanal"},{"@type":"ListItem","position":3,"name":"Deporte","item":"https:\/\/www.rri.ro\/es\/cronica-semanal\/deporte"},{"@type":"ListItem","position":4,"name":"Semana deportiva 29 de enero de 2014"}]},{"@type":"WebSite","@id":"https:\/\/www.rri.ro\/#website","url":"https:\/\/www.rri.ro\/","name":"Radio Ruman\u00eda Internacional","description":"Totul despre Rom\u00e2nia \u015fi rom\u00e2ni, \u00een 13 limbi\/dialecte!","inLanguage":"es"},{"@type":"Person","@id":"https:\/\/www.rri.ro\/#\/schema\/person\/1e5b68c542aa18216bc645b5072f1273","name":"Simona Sarbescu","url":"https:\/\/www.rri.ro\/es\/author\/simona-sarbescu"}]}},"_links":{"self":[{"href":"https:\/\/www.rri.ro\/es\/wp-json\/wp\/v2\/posts\/556834","targetHints":{"allow":["GET"]}}],"collection":[{"href":"https:\/\/www.rri.ro\/es\/wp-json\/wp\/v2\/posts"}],"about":[{"href":"https:\/\/www.rri.ro\/es\/wp-json\/wp\/v2\/types\/post"}],"author":[{"embeddable":true,"href":"https:\/\/www.rri.ro\/es\/wp-json\/wp\/v2\/users\/38"}],"replies":[{"embeddable":true,"href":"https:\/\/www.rri.ro\/es\/wp-json\/wp\/v2\/comments?post=556834"}],"version-history":[{"count":0,"href":"https:\/\/www.rri.ro\/es\/wp-json\/wp\/v2\/posts\/556834\/revisions"}],"wp:featuredmedia":[{"embeddable":true,"href":"https:\/\/www.rri.ro\/es\/wp-json\/wp\/v2\/media\/108689"}],"wp:attachment":[{"href":"https:\/\/www.rri.ro\/es\/wp-json\/wp\/v2\/media?parent=556834"}],"wp:term":[{"taxonomy":"category","embeddable":true,"href":"https:\/\/www.rri.ro\/es\/wp-json\/wp\/v2\/categories?post=556834"},{"taxonomy":"post_tag","embeddable":true,"href":"https:\/\/www.rri.ro\/es\/wp-json\/wp\/v2\/tags?post=556834"},{"taxonomy":"author","embeddable":true,"href":"https:\/\/www.rri.ro\/es\/wp-json\/wp\/v2\/coauthors?post=556834"}],"curies":[{"name":"wp","href":"https:\/\/api.w.org\/{rel}","templated":true}]}}