{"id":671813,"date":"2024-02-26T12:16:48","date_gmt":"2024-02-26T10:16:48","guid":{"rendered":"http:\/\/devrri.freshlemon.ro\/?p=671813"},"modified":"2024-02-26T12:16:48","modified_gmt":"2024-02-26T10:16:48","slug":"asociacion-ampliada-entre-rumania-e-india","status":"publish","type":"post","link":"https:\/\/www.rri.ro\/es\/actualidad\/en-portada\/asociacion-ampliada-entre-rumania-e-india-id671813.html","title":{"rendered":"Asociaci\u00f3n ampliada entre Ruman\u00eda e India"},"content":{"rendered":"<p>La ministra rumana de Asuntos Exteriores, Lumini\u021ba Odobescu, y su hom\u00f3logo indio, Subrahmanyam Jaishankar, han adoptado en Nueva Delhi la Declaraci\u00f3n Conjunta sobre el 10\u00ba Aniversario de la Asociaci\u00f3n Ampliada Ruman\u00eda-India. Este momento representa un hito en la historia de la cooperaci\u00f3n entre ambos pa\u00edses y permite que las relaciones avancen hacia un nivel superior de colaboraci\u00f3n.<\/p>\n<p>&nbsp;<\/p>\n<p>Seg\u00fan el Ministerio de Asuntos Exteriores (MAE), el encuentro entre ambos funcionarios tuvo lugar al margen de una conferencia internacional y brind\u00f3 la oportunidad de un importante intercambio de puntos de vista sobre cuestiones regionales y globales de inter\u00e9s com\u00fan, con el trasfondo de la evoluci\u00f3n de la seguridad.<\/p>\n<p>&nbsp;<\/p>\n<p>La declaraci\u00f3n conjunta de aniversario tiene por objeto reforzar las relaciones bilaterales rumano-indias y la cooperaci\u00f3n en el contexto multilateral. Tambi\u00e9n subraya el enfoque sectorial prioritario en tres \u00e1mbitos, a saber, la energ\u00eda, las TIC y la industria manufacturera. Ambos ministros se han felicitado por los progresos realizados en el desarrollo de las relaciones bilaterales y han confirmado su compromiso com\u00fan de reforzar la colaboraci\u00f3n en los \u00e1mbitos prioritarios, haciendo hincapi\u00e9 en las relaciones econ\u00f3micas y la cooperaci\u00f3n sectorial.<\/p>\n<p>&nbsp;<\/p>\n<p>La reuni\u00f3n tambi\u00e9n brind\u00f3 la oportunidad de intercambiar puntos de vista sustanciales sobre cuestiones regionales y globales de inter\u00e9s com\u00fan en el contexto de la evoluci\u00f3n de la seguridad. Los dos dignatarios destacaron la importancia de la cooperaci\u00f3n para hacer frente a los desaf\u00edos y promover la estabilidad regional e internacional, a\u00f1adi\u00f3 el MAE.<\/p>\n<p>&nbsp;<\/p>\n<p>La Declaraci\u00f3n Conjunta sobre el Establecimiento de una Asociaci\u00f3n Ampliada entre Ruman\u00eda y la India, firmada el 8 de marzo de 2013, prev\u00e9 una cooperaci\u00f3n reforzada en los siguientes sectores: econom\u00eda y comercio, defensa, espacio, agricultura, industria alimentaria, infraestructuras, pymes, industria farmac\u00e9utica, energ\u00eda, energ\u00eda nuclear civil, explotaci\u00f3n de petr\u00f3leo y gas, industria petroqu\u00edmica, industria automovil\u00edstica, TIC, cultura, ciencia y tecnolog\u00eda, educaci\u00f3n superior e investigaci\u00f3n y turismo. En 2022, se espera que el comercio total entre ambos pa\u00edses supere los mil millones de d\u00f3lares.<\/p>\n<p>&nbsp;<\/p>\n<p>India ocupa actualmente el cuarto lugar en el comercio de Ruman\u00eda con Asia. Ruman\u00eda e India establecieron relaciones diplom\u00e1ticas en 1948 a nivel de legaci\u00f3n. Siete a\u00f1os m\u00e1s tarde, las relaciones se elevaron al nivel de embajada. La oficina diplom\u00e1tica de Ruman\u00eda en India se abri\u00f3 en 1955 y la de India en Bucarest en 1959. Seg\u00fan el MAE, en 2023, hab\u00eda alrededor de 700 personas con ciudadan\u00eda rumana en Nueva Delhi y en las principales ciudades de la India. Los rumanos que viven en la India profesionales de diversos sectores: negocios, educaci\u00f3n, arte, ciencia, etc.<\/p>\n<p>&nbsp;<\/p>\n<p>India ha superado oficialmente a China y se ha convertido en el pa\u00eds m\u00e1s poblado del mundo, con m\u00e1s de 1400 millones de habitantes. Seg\u00fan los expertos, la explosi\u00f3n demogr\u00e1fica no debe verse como una carga, sino como un valioso activo que puede impulsar el crecimiento econ\u00f3mico.<\/p>\n<p>Versi\u00f3n en espa\u00f1ol: Antonio Madrid<\/p>\n","protected":false},"excerpt":{"rendered":"<p>La ministra rumana de Asuntos Exteriores, Lumini\u021ba Odobescu, y su hom\u00f3logo indio, Subrahmanyam Jaishankar, han adoptado en Nueva Delhi la Declaraci\u00f3n Conjunta sobre el 10\u00ba Aniversario de la Asociaci\u00f3n Ampliada Ruman\u00eda-India. Este momento representa un hito en la historia de la cooperaci\u00f3n entre ambos pa\u00edses y permite que las relaciones avancen hacia un nivel superior [&hellip;]<\/p>\n","protected":false},"author":106,"featured_media":671796,"comment_status":"closed","ping_status":"closed","sticky":false,"template":"","format":"standard","meta":{"_acf_changed":false,"footnotes":""},"categories":[23],"tags":[136919,135164,136921,136920,136918,48949,136917],"coauthors":[113311],"class_list":["post-671813","post","type-post","status-publish","format-standard","has-post-thumbnail","hentry","category-en-portada","tag-cooperacion","tag-india-es","tag-luminita-odobescu-es","tag-ministerio-de-asuntos-exteriores","tag-nueva-delhi","tag-rumania","tag-subrahmanyam-jaishankar"],"acf":[],"yoast_head":"<!-- This site is optimized with the Yoast SEO plugin v27.3 - https:\/\/yoast.com\/product\/yoast-seo-wordpress\/ -->\n<title>Asociaci\u00f3n ampliada entre Ruman\u00eda e India - Radio Ruman\u00eda Internacional<\/title>\n<meta name=\"robots\" content=\"index, follow, max-snippet:-1, max-image-preview:large, max-video-preview:-1\" \/>\n<link rel=\"canonical\" href=\"https:\/\/www.rri.ro\/es\/actualidad\/en-portada\/asociacion-ampliada-entre-rumania-e-india-id671813.html\" \/>\n<meta property=\"og:locale\" content=\"es_ES\" \/>\n<meta property=\"og:type\" content=\"article\" \/>\n<meta property=\"og:title\" content=\"Asociaci\u00f3n ampliada entre Ruman\u00eda e India - Radio Ruman\u00eda Internacional\" \/>\n<meta property=\"og:description\" content=\"La ministra rumana de Asuntos Exteriores, Lumini\u021ba Odobescu, y su hom\u00f3logo indio, Subrahmanyam Jaishankar, han adoptado en Nueva Delhi la Declaraci\u00f3n Conjunta sobre el 10\u00ba Aniversario de la Asociaci\u00f3n Ampliada Ruman\u00eda-India. Este momento representa un hito en la historia de la cooperaci\u00f3n entre ambos pa\u00edses y permite que las relaciones avancen hacia un nivel superior [&hellip;]\" \/>\n<meta property=\"og:url\" content=\"https:\/\/www.rri.ro\/es\/actualidad\/en-portada\/asociacion-ampliada-entre-rumania-e-india-id671813.html\" \/>\n<meta property=\"og:site_name\" content=\"Radio Ruman\u00eda Internacional\" \/>\n<meta property=\"article:published_time\" content=\"2024-02-26T10:16:48+00:00\" \/>\n<meta property=\"og:image\" content=\"https:\/\/www.rri.ro\/wp-content\/uploads\/2024\/02\/luminita-odobescu-omologul-indian-foto-mae.jpg\" \/>\n\t<meta property=\"og:image:width\" content=\"1200\" \/>\n\t<meta property=\"og:image:height\" content=\"806\" \/>\n\t<meta property=\"og:image:type\" content=\"image\/jpeg\" \/>\n<meta name=\"author\" content=\"Mihai Pelin\" \/>\n<meta name=\"twitter:card\" content=\"summary_large_image\" \/>\n<meta name=\"twitter:label1\" content=\"Escrito por\" \/>\n\t<meta name=\"twitter:data1\" content=\"Mihai Pelin\" \/>\n\t<meta name=\"twitter:label2\" content=\"Tiempo de lectura\" \/>\n\t<meta name=\"twitter:data2\" content=\"3 minutos\" \/>\n\t<meta name=\"twitter:label3\" content=\"Written by\" \/>\n\t<meta name=\"twitter:data3\" content=\"Mihai Pelin\" \/>\n<script type=\"application\/ld+json\" class=\"yoast-schema-graph\">{\"@context\":\"https:\\\/\\\/schema.org\",\"@graph\":[{\"@type\":\"Article\",\"@id\":\"https:\\\/\\\/www.rri.ro\\\/es\\\/actualidad\\\/en-portada\\\/asociacion-ampliada-entre-rumania-e-india-id671813.html#article\",\"isPartOf\":{\"@id\":\"https:\\\/\\\/www.rri.ro\\\/es\\\/actualidad\\\/en-portada\\\/asociacion-ampliada-entre-rumania-e-india-id671813.html\"},\"author\":{\"name\":\"Mihai Pelin\",\"@id\":\"https:\\\/\\\/www.rri.ro\\\/#\\\/schema\\\/person\\\/c6036c822534c855dc3aad41a484f05d\"},\"headline\":\"Asociaci\u00f3n ampliada entre Ruman\u00eda e India\",\"datePublished\":\"2024-02-26T10:16:48+00:00\",\"mainEntityOfPage\":{\"@id\":\"https:\\\/\\\/www.rri.ro\\\/es\\\/actualidad\\\/en-portada\\\/asociacion-ampliada-entre-rumania-e-india-id671813.html\"},\"wordCount\":540,\"image\":{\"@id\":\"https:\\\/\\\/www.rri.ro\\\/es\\\/actualidad\\\/en-portada\\\/asociacion-ampliada-entre-rumania-e-india-id671813.html#primaryimage\"},\"thumbnailUrl\":\"https:\\\/\\\/www.rri.ro\\\/wp-content\\\/uploads\\\/2024\\\/02\\\/luminita-odobescu-omologul-indian-foto-mae.jpg\",\"keywords\":[\"cooperaci\u00f3n\",\"India\",\"Luminita Odobescu\",\"Ministerio de Asuntos Exteriores\",\"Nueva Delhi\",\"Rumania\",\"Subrahmanyam Jaishankar\"],\"articleSection\":[\"En portada\"],\"inLanguage\":\"es\"},{\"@type\":\"WebPage\",\"@id\":\"https:\\\/\\\/www.rri.ro\\\/es\\\/actualidad\\\/en-portada\\\/asociacion-ampliada-entre-rumania-e-india-id671813.html\",\"url\":\"https:\\\/\\\/www.rri.ro\\\/es\\\/actualidad\\\/en-portada\\\/asociacion-ampliada-entre-rumania-e-india-id671813.html\",\"name\":\"Asociaci\u00f3n ampliada entre Ruman\u00eda e India - Radio Ruman\u00eda Internacional\",\"isPartOf\":{\"@id\":\"https:\\\/\\\/www.rri.ro\\\/#website\"},\"primaryImageOfPage\":{\"@id\":\"https:\\\/\\\/www.rri.ro\\\/es\\\/actualidad\\\/en-portada\\\/asociacion-ampliada-entre-rumania-e-india-id671813.html#primaryimage\"},\"image\":{\"@id\":\"https:\\\/\\\/www.rri.ro\\\/es\\\/actualidad\\\/en-portada\\\/asociacion-ampliada-entre-rumania-e-india-id671813.html#primaryimage\"},\"thumbnailUrl\":\"https:\\\/\\\/www.rri.ro\\\/wp-content\\\/uploads\\\/2024\\\/02\\\/luminita-odobescu-omologul-indian-foto-mae.jpg\",\"datePublished\":\"2024-02-26T10:16:48+00:00\",\"author\":{\"@id\":\"https:\\\/\\\/www.rri.ro\\\/#\\\/schema\\\/person\\\/c6036c822534c855dc3aad41a484f05d\"},\"breadcrumb\":{\"@id\":\"https:\\\/\\\/www.rri.ro\\\/es\\\/actualidad\\\/en-portada\\\/asociacion-ampliada-entre-rumania-e-india-id671813.html#breadcrumb\"},\"inLanguage\":\"es\",\"potentialAction\":[{\"@type\":\"ReadAction\",\"target\":[\"https:\\\/\\\/www.rri.ro\\\/es\\\/actualidad\\\/en-portada\\\/asociacion-ampliada-entre-rumania-e-india-id671813.html\"]}]},{\"@type\":\"ImageObject\",\"inLanguage\":\"es\",\"@id\":\"https:\\\/\\\/www.rri.ro\\\/es\\\/actualidad\\\/en-portada\\\/asociacion-ampliada-entre-rumania-e-india-id671813.html#primaryimage\",\"url\":\"https:\\\/\\\/www.rri.ro\\\/wp-content\\\/uploads\\\/2024\\\/02\\\/luminita-odobescu-omologul-indian-foto-mae.jpg\",\"contentUrl\":\"https:\\\/\\\/www.rri.ro\\\/wp-content\\\/uploads\\\/2024\\\/02\\\/luminita-odobescu-omologul-indian-foto-mae.jpg\",\"width\":1200,\"height\":806,\"caption\":\"La ministre roumaine des Affaires \u00e9trang\u00e8re, Lumini\u0163a Odobescu, et le ministre des Affaires \u00e9trang\u00e8res de l\u2019Inde, Dr. Subrahmanyam Jaishankar\"},{\"@type\":\"BreadcrumbList\",\"@id\":\"https:\\\/\\\/www.rri.ro\\\/es\\\/actualidad\\\/en-portada\\\/asociacion-ampliada-entre-rumania-e-india-id671813.html#breadcrumb\",\"itemListElement\":[{\"@type\":\"ListItem\",\"position\":1,\"name\":\"P\u00e1gina de inicio\",\"item\":\"https:\\\/\\\/www.rri.ro\\\/es\"},{\"@type\":\"ListItem\",\"position\":2,\"name\":\"Actualidad\",\"item\":\"https:\\\/\\\/www.rri.ro\\\/es\\\/actualidad\"},{\"@type\":\"ListItem\",\"position\":3,\"name\":\"En portada\",\"item\":\"https:\\\/\\\/www.rri.ro\\\/es\\\/actualidad\\\/en-portada\"},{\"@type\":\"ListItem\",\"position\":4,\"name\":\"Asociaci\u00f3n ampliada entre Ruman\u00eda e India\"}]},{\"@type\":\"WebSite\",\"@id\":\"https:\\\/\\\/www.rri.ro\\\/#website\",\"url\":\"https:\\\/\\\/www.rri.ro\\\/\",\"name\":\"Radio Ruman\u00eda Internacional\",\"description\":\"Totul despre Rom\u00e2nia \u015fi rom\u00e2ni, \u00een 13 limbi\\\/dialecte!\",\"inLanguage\":\"es\"},{\"@type\":\"Person\",\"@id\":\"https:\\\/\\\/www.rri.ro\\\/#\\\/schema\\\/person\\\/c6036c822534c855dc3aad41a484f05d\",\"name\":\"Mihai Pelin\",\"url\":\"https:\\\/\\\/www.rri.ro\\\/es\\\/author\\\/mihai-pelin\"}]}<\/script>\n<!-- \/ Yoast SEO plugin. -->","yoast_head_json":{"title":"Asociaci\u00f3n ampliada entre Ruman\u00eda e India - Radio Ruman\u00eda Internacional","robots":{"index":"index","follow":"follow","max-snippet":"max-snippet:-1","max-image-preview":"max-image-preview:large","max-video-preview":"max-video-preview:-1"},"canonical":"https:\/\/www.rri.ro\/es\/actualidad\/en-portada\/asociacion-ampliada-entre-rumania-e-india-id671813.html","og_locale":"es_ES","og_type":"article","og_title":"Asociaci\u00f3n ampliada entre Ruman\u00eda e India - Radio Ruman\u00eda Internacional","og_description":"La ministra rumana de Asuntos Exteriores, Lumini\u021ba Odobescu, y su hom\u00f3logo indio, Subrahmanyam Jaishankar, han adoptado en Nueva Delhi la Declaraci\u00f3n Conjunta sobre el 10\u00ba Aniversario de la Asociaci\u00f3n Ampliada Ruman\u00eda-India. Este momento representa un hito en la historia de la cooperaci\u00f3n entre ambos pa\u00edses y permite que las relaciones avancen hacia un nivel superior [&hellip;]","og_url":"https:\/\/www.rri.ro\/es\/actualidad\/en-portada\/asociacion-ampliada-entre-rumania-e-india-id671813.html","og_site_name":"Radio Ruman\u00eda Internacional","article_published_time":"2024-02-26T10:16:48+00:00","og_image":[{"width":1200,"height":806,"url":"https:\/\/www.rri.ro\/wp-content\/uploads\/2024\/02\/luminita-odobescu-omologul-indian-foto-mae.jpg","type":"image\/jpeg"}],"author":"Mihai Pelin","twitter_card":"summary_large_image","twitter_misc":{"Escrito por":"Mihai Pelin","Tiempo de lectura":"3 minutos","Written by":"Mihai Pelin"},"schema":{"@context":"https:\/\/schema.org","@graph":[{"@type":"Article","@id":"https:\/\/www.rri.ro\/es\/actualidad\/en-portada\/asociacion-ampliada-entre-rumania-e-india-id671813.html#article","isPartOf":{"@id":"https:\/\/www.rri.ro\/es\/actualidad\/en-portada\/asociacion-ampliada-entre-rumania-e-india-id671813.html"},"author":{"name":"Mihai Pelin","@id":"https:\/\/www.rri.ro\/#\/schema\/person\/c6036c822534c855dc3aad41a484f05d"},"headline":"Asociaci\u00f3n ampliada entre Ruman\u00eda e India","datePublished":"2024-02-26T10:16:48+00:00","mainEntityOfPage":{"@id":"https:\/\/www.rri.ro\/es\/actualidad\/en-portada\/asociacion-ampliada-entre-rumania-e-india-id671813.html"},"wordCount":540,"image":{"@id":"https:\/\/www.rri.ro\/es\/actualidad\/en-portada\/asociacion-ampliada-entre-rumania-e-india-id671813.html#primaryimage"},"thumbnailUrl":"https:\/\/www.rri.ro\/wp-content\/uploads\/2024\/02\/luminita-odobescu-omologul-indian-foto-mae.jpg","keywords":["cooperaci\u00f3n","India","Luminita Odobescu","Ministerio de Asuntos Exteriores","Nueva Delhi","Rumania","Subrahmanyam Jaishankar"],"articleSection":["En portada"],"inLanguage":"es"},{"@type":"WebPage","@id":"https:\/\/www.rri.ro\/es\/actualidad\/en-portada\/asociacion-ampliada-entre-rumania-e-india-id671813.html","url":"https:\/\/www.rri.ro\/es\/actualidad\/en-portada\/asociacion-ampliada-entre-rumania-e-india-id671813.html","name":"Asociaci\u00f3n ampliada entre Ruman\u00eda e India - Radio Ruman\u00eda Internacional","isPartOf":{"@id":"https:\/\/www.rri.ro\/#website"},"primaryImageOfPage":{"@id":"https:\/\/www.rri.ro\/es\/actualidad\/en-portada\/asociacion-ampliada-entre-rumania-e-india-id671813.html#primaryimage"},"image":{"@id":"https:\/\/www.rri.ro\/es\/actualidad\/en-portada\/asociacion-ampliada-entre-rumania-e-india-id671813.html#primaryimage"},"thumbnailUrl":"https:\/\/www.rri.ro\/wp-content\/uploads\/2024\/02\/luminita-odobescu-omologul-indian-foto-mae.jpg","datePublished":"2024-02-26T10:16:48+00:00","author":{"@id":"https:\/\/www.rri.ro\/#\/schema\/person\/c6036c822534c855dc3aad41a484f05d"},"breadcrumb":{"@id":"https:\/\/www.rri.ro\/es\/actualidad\/en-portada\/asociacion-ampliada-entre-rumania-e-india-id671813.html#breadcrumb"},"inLanguage":"es","potentialAction":[{"@type":"ReadAction","target":["https:\/\/www.rri.ro\/es\/actualidad\/en-portada\/asociacion-ampliada-entre-rumania-e-india-id671813.html"]}]},{"@type":"ImageObject","inLanguage":"es","@id":"https:\/\/www.rri.ro\/es\/actualidad\/en-portada\/asociacion-ampliada-entre-rumania-e-india-id671813.html#primaryimage","url":"https:\/\/www.rri.ro\/wp-content\/uploads\/2024\/02\/luminita-odobescu-omologul-indian-foto-mae.jpg","contentUrl":"https:\/\/www.rri.ro\/wp-content\/uploads\/2024\/02\/luminita-odobescu-omologul-indian-foto-mae.jpg","width":1200,"height":806,"caption":"La ministre roumaine des Affaires \u00e9trang\u00e8re, Lumini\u0163a Odobescu, et le ministre des Affaires \u00e9trang\u00e8res de l\u2019Inde, Dr. Subrahmanyam Jaishankar"},{"@type":"BreadcrumbList","@id":"https:\/\/www.rri.ro\/es\/actualidad\/en-portada\/asociacion-ampliada-entre-rumania-e-india-id671813.html#breadcrumb","itemListElement":[{"@type":"ListItem","position":1,"name":"P\u00e1gina de inicio","item":"https:\/\/www.rri.ro\/es"},{"@type":"ListItem","position":2,"name":"Actualidad","item":"https:\/\/www.rri.ro\/es\/actualidad"},{"@type":"ListItem","position":3,"name":"En portada","item":"https:\/\/www.rri.ro\/es\/actualidad\/en-portada"},{"@type":"ListItem","position":4,"name":"Asociaci\u00f3n ampliada entre Ruman\u00eda e India"}]},{"@type":"WebSite","@id":"https:\/\/www.rri.ro\/#website","url":"https:\/\/www.rri.ro\/","name":"Radio Ruman\u00eda Internacional","description":"Totul despre Rom\u00e2nia \u015fi rom\u00e2ni, \u00een 13 limbi\/dialecte!","inLanguage":"es"},{"@type":"Person","@id":"https:\/\/www.rri.ro\/#\/schema\/person\/c6036c822534c855dc3aad41a484f05d","name":"Mihai Pelin","url":"https:\/\/www.rri.ro\/es\/author\/mihai-pelin"}]}},"_links":{"self":[{"href":"https:\/\/www.rri.ro\/es\/wp-json\/wp\/v2\/posts\/671813","targetHints":{"allow":["GET"]}}],"collection":[{"href":"https:\/\/www.rri.ro\/es\/wp-json\/wp\/v2\/posts"}],"about":[{"href":"https:\/\/www.rri.ro\/es\/wp-json\/wp\/v2\/types\/post"}],"author":[{"embeddable":true,"href":"https:\/\/www.rri.ro\/es\/wp-json\/wp\/v2\/users\/106"}],"replies":[{"embeddable":true,"href":"https:\/\/www.rri.ro\/es\/wp-json\/wp\/v2\/comments?post=671813"}],"version-history":[{"count":0,"href":"https:\/\/www.rri.ro\/es\/wp-json\/wp\/v2\/posts\/671813\/revisions"}],"wp:featuredmedia":[{"embeddable":true,"href":"https:\/\/www.rri.ro\/es\/wp-json\/wp\/v2\/media\/671796"}],"wp:attachment":[{"href":"https:\/\/www.rri.ro\/es\/wp-json\/wp\/v2\/media?parent=671813"}],"wp:term":[{"taxonomy":"category","embeddable":true,"href":"https:\/\/www.rri.ro\/es\/wp-json\/wp\/v2\/categories?post=671813"},{"taxonomy":"post_tag","embeddable":true,"href":"https:\/\/www.rri.ro\/es\/wp-json\/wp\/v2\/tags?post=671813"},{"taxonomy":"author","embeddable":true,"href":"https:\/\/www.rri.ro\/es\/wp-json\/wp\/v2\/coauthors?post=671813"}],"curies":[{"name":"wp","href":"https:\/\/api.w.org\/{rel}","templated":true}]}}